{"id":32066,"date":"2007-08-28T16:51:50","date_gmt":"2007-08-28T16:51:50","guid":{"rendered":"http:\/\/www.aceguarulhos.com.br\/blog\/?p=32066"},"modified":"-0001-11-30T00:00:00","modified_gmt":"-0001-11-30T03:00:00","slug":"campanha-contra-a-cpmf-nas-ruas","status":"publish","type":"post","link":"https:\/\/www.aceguarulhos.com.br\/blog\/campanha-contra-a-cpmf-nas-ruas\/","title":{"rendered":"Campanha contra a CPMF nas ruas"},"content":{"rendered":"<p><i>O presidente do Instituto Brasileiro de Planejamento Tribut\u00e1rio (IBPT), Gilberto Luiz do Amaral, conclamou os empres\u00e1rios e l\u00edderes de entidades de classe que assistiram \u00e0 reuni\u00e3o plen\u00e1ria da Associa\u00e7\u00e3o Comercial de S\u00e3o Paulo (ACSP) a levar \u00e0s ruas a campanha contra a prorroga\u00e7\u00e3o da Contribui\u00e7\u00e3o Provis\u00f3ria sobre Movimenta\u00e7\u00e3o Financeira (CPMF)<\/i><\/p>\n<p>&#8220;Esse tributo \u00e9 como uma c\u00e9lula cancer\u00edgena que invade o movimento banc\u00e1rio, est\u00e1 embutida no pre\u00e7o das mercadorias e servi\u00e7os e consome, em m\u00e9dia, sete dias de trabalho&#8221;, calculou. Amaral disse que at\u00e9 ontem a Uni\u00e3o havia arrecadado R$ 22 bilh\u00f5es s\u00f3 com essa contribui\u00e7\u00e3o, em 2007. At\u00e9 o final do ano, ser\u00e3o R$ 35 bilh\u00f5es, n\u00e3o divididos com estados nem munic\u00edpios. <\/p>\n<p>Depois de assistir \u00e0s simula\u00e7\u00f5es com o Impost\u00f4metro remodelado, mostrando quanto cada brasileiro dever\u00e1 recolher nos pr\u00f3ximos anos, caso a prorroga\u00e7\u00e3o da cobran\u00e7a seja aprovada no Congresso, o presidente da Associa\u00e7\u00e3o Comercial de S\u00e3o Paulo (ACSP), Alencar Burti, refor\u00e7ou o compromisso da entidade de levar \u00e0 sociedade informa\u00e7\u00f5es sobre quanto e o qu\u00ea se paga de impostos no Brasil. &#8220;A \u00fanica virtude da CPMF \u00e9 que \u00e9 um tributo sem preconceitos, pois atinge a todos&#8221;, brincou. <\/p>\n<p>Pelas proje\u00e7\u00f5es do novo painel que mede a arrecada\u00e7\u00e3o de tributos, apresentado ontem, a contribui\u00e7\u00e3o dever\u00e1 render R$ 35 bilh\u00f5es aos cofres da Uni\u00e3o at\u00e9 o final deste ano. Caso seja aprovada a prorroga\u00e7\u00e3o pelo Congresso, o governo arrecadar\u00e1 R$ 43 bilh\u00f5es em 2009, e R$ 47 bilh\u00f5es em 2010. <\/p>\n<p>Para o presidente do IBPT, tamb\u00e9m \u00e9 preciso derrubar o mito de que a CPMF pesa mais no bolso de pessoas com maior poder aquisitivo. &#8220;Taxistas e caminhoneiros ent\u00e3o entre as categorias profissionais mais taxadas&#8221;, lembrou. Para Amaral, n\u00e3o h\u00e1 justificativa para se manter a cobran\u00e7a desse tributo, at\u00e9 porque &#8220;nunca se cumpriu o que foi prometido quando foi criado, ou seja, salvar a \u00e1rea da sa\u00fade&#8221;. <\/p>\n<p>Amaral disse que, do in\u00edcio do ano at\u00e9 ontem, a arrecada\u00e7\u00e3o de tributos totalizava R$ 581 bilh\u00f5es no Impost\u00f4metro. At\u00e9 o final de 2007, ser\u00e3o R$ 905 bilh\u00f5es. &#8220;Ou seja, na compara\u00e7\u00e3o com o ano passado, a arrecada\u00e7\u00e3o ter\u00e1 um crescimento de 12%&#8221;, calculou. <\/p>\n<p>Presente \u00e0 plen\u00e1ria, o secret\u00e1rio estadual do Emprego e Rela\u00e7\u00f5es do Trabalho, Guilherme Afif Domingos, disse que a campanha deve atingir em especial os trabalhadores. &#8220;A ACSP e v\u00e1rias entidades de classe t\u00eam uma hist\u00f3ria de luta, com a derrubada da MP 232, e \u00e9 poss\u00edvel popularizar uma campanha nos mesmos moldes&#8221;, afirmou. Essa MP propunha o aumento da tributa\u00e7\u00e3o sobre o setor de servi\u00e7os.<\/p>\n","protected":false},"excerpt":{"rendered":"O presidente do Instituto Brasileiro de Planejamento Tribut\u00e1rio (IBPT), Gilberto Luiz do Amaral, conclamou os empres\u00e1rios e l\u00edderes de entidades de classe que \n<a class=\"moretag\" href=\"https:\/\/www.aceguarulhos.com.br\/blog\/campanha-contra-a-cpmf-nas-ruas\/\"> [...]<\/a>","protected":false},"author":8,"featured_media":0,"comment_status":"open","ping_status":"open","sticky":false,"template":"","format":"standard","meta":{"footnotes":""},"categories":[2],"tags":[],"class_list":["post-32066","post","type-post","status-publish","format-standard","hentry","category-noticias"],"yoast_head":"<!-- This site is optimized with the Yoast SEO plugin v28.1 - https:\/\/yoast.com\/product\/yoast-seo-wordpress\/ -->\n<title>Campanha contra a CPMF nas ruas  - ACE-Guarulhos<\/title>\n<meta name=\"robots\" content=\"index, follow, max-snippet:-1, max-image-preview:large, max-video-preview:-1\" \/>\n<link rel=\"canonical\" href=\"https:\/\/www.aceguarulhos.com.br\/blog\/campanha-contra-a-cpmf-nas-ruas\/\" \/>\n<meta property=\"og:locale\" content=\"pt_BR\" \/>\n<meta property=\"og:type\" content=\"article\" \/>\n<meta property=\"og:title\" content=\"Campanha contra a CPMF nas ruas  - ACE-Guarulhos\" \/>\n<meta property=\"og:description\" content=\"O presidente do Instituto Brasileiro de Planejamento Tribut\u00e1rio (IBPT), Gilberto Luiz do Amaral, conclamou os empres\u00e1rios e l\u00edderes de entidades de classe que\" \/>\n<meta property=\"og:url\" content=\"https:\/\/www.aceguarulhos.com.br\/blog\/campanha-contra-a-cpmf-nas-ruas\/\" \/>\n<meta property=\"og:site_name\" content=\"ACE-Guarulhos\" \/>\n<meta property=\"article:publisher\" content=\"https:\/\/www.facebook.com\/aceguarulhos\/\" \/>\n<meta property=\"article:published_time\" content=\"2007-08-28T16:51:50+00:00\" \/>\n<meta name=\"author\" content=\"Assessoria de Imprensa ACE-Guarulhos\" \/>\n<meta name=\"twitter:card\" content=\"summary_large_image\" \/>\n<meta name=\"twitter:label1\" content=\"Escrito por\" \/>\n\t<meta name=\"twitter:data1\" content=\"Assessoria de Imprensa ACE-Guarulhos\" \/>\n\t<meta name=\"twitter:label2\" content=\"Est. tempo de leitura\" \/>\n\t<meta name=\"twitter:data2\" content=\"2 minutos\" \/>\n<script type=\"application\/ld+json\" class=\"yoast-schema-graph\">{\"@context\":\"https:\\\/\\\/schema.org\",\"@graph\":[{\"@type\":\"Article\",\"@id\":\"https:\\\/\\\/www.aceguarulhos.com.br\\\/blog\\\/campanha-contra-a-cpmf-nas-ruas\\\/#article\",\"isPartOf\":{\"@id\":\"https:\\\/\\\/www.aceguarulhos.com.br\\\/blog\\\/campanha-contra-a-cpmf-nas-ruas\\\/\"},\"author\":{\"name\":\"Assessoria de Imprensa ACE-Guarulhos\",\"@id\":\"https:\\\/\\\/www.aceguarulhos.com.br\\\/blog\\\/#\\\/schema\\\/person\\\/6983b51bad37489989e4f09698c26237\"},\"headline\":\"Campanha contra a CPMF nas ruas\",\"datePublished\":\"2007-08-28T16:51:50+00:00\",\"mainEntityOfPage\":{\"@id\":\"https:\\\/\\\/www.aceguarulhos.com.br\\\/blog\\\/campanha-contra-a-cpmf-nas-ruas\\\/\"},\"wordCount\":462,\"commentCount\":0,\"publisher\":{\"@id\":\"https:\\\/\\\/www.aceguarulhos.com.br\\\/blog\\\/#organization\"},\"articleSection\":[\"Not\u00edcias\"],\"inLanguage\":\"pt-BR\"},{\"@type\":\"WebPage\",\"@id\":\"https:\\\/\\\/www.aceguarulhos.com.br\\\/blog\\\/campanha-contra-a-cpmf-nas-ruas\\\/\",\"url\":\"https:\\\/\\\/www.aceguarulhos.com.br\\\/blog\\\/campanha-contra-a-cpmf-nas-ruas\\\/\",\"name\":\"Campanha contra a CPMF nas ruas - ACE-Guarulhos\",\"isPartOf\":{\"@id\":\"https:\\\/\\\/www.aceguarulhos.com.br\\\/blog\\\/#website\"},\"datePublished\":\"2007-08-28T16:51:50+00:00\",\"breadcrumb\":{\"@id\":\"https:\\\/\\\/www.aceguarulhos.com.br\\\/blog\\\/campanha-contra-a-cpmf-nas-ruas\\\/#breadcrumb\"},\"inLanguage\":\"pt-BR\",\"potentialAction\":[{\"@type\":\"ReadAction\",\"target\":[\"https:\\\/\\\/www.aceguarulhos.com.br\\\/blog\\\/campanha-contra-a-cpmf-nas-ruas\\\/\"]}]},{\"@type\":\"BreadcrumbList\",\"@id\":\"https:\\\/\\\/www.aceguarulhos.com.br\\\/blog\\\/campanha-contra-a-cpmf-nas-ruas\\\/#breadcrumb\",\"itemListElement\":[{\"@type\":\"ListItem\",\"position\":1,\"name\":\"In\u00edcio\",\"item\":\"https:\\\/\\\/www.aceguarulhos.com.br\\\/blog\\\/\"},{\"@type\":\"ListItem\",\"position\":2,\"name\":\"Campanha contra a CPMF nas ruas\"}]},{\"@type\":\"WebSite\",\"@id\":\"https:\\\/\\\/www.aceguarulhos.com.br\\\/blog\\\/#website\",\"url\":\"https:\\\/\\\/www.aceguarulhos.com.br\\\/blog\\\/\",\"name\":\"ACE-Guarulhos\",\"description\":\"A ACE-Guarulhos \u00e9 uma associa\u00e7\u00e3o que ap\u00f3ia os empres\u00e1rios guarulhenses atrav\u00e9s da representa\u00e7\u00e3o, da gera\u00e7\u00e3o de neg\u00f3cios e presta\u00e7\u00e3o de servi\u00e7os.\",\"publisher\":{\"@id\":\"https:\\\/\\\/www.aceguarulhos.com.br\\\/blog\\\/#organization\"},\"potentialAction\":[{\"@type\":\"SearchAction\",\"target\":{\"@type\":\"EntryPoint\",\"urlTemplate\":\"https:\\\/\\\/www.aceguarulhos.com.br\\\/blog\\\/?s={search_term_string}\"},\"query-input\":{\"@type\":\"PropertyValueSpecification\",\"valueRequired\":true,\"valueName\":\"search_term_string\"}}],\"inLanguage\":\"pt-BR\"},{\"@type\":\"Organization\",\"@id\":\"https:\\\/\\\/www.aceguarulhos.com.br\\\/blog\\\/#organization\",\"name\":\"ACE-Guarulhos\",\"url\":\"https:\\\/\\\/www.aceguarulhos.com.br\\\/blog\\\/\",\"logo\":{\"@type\":\"ImageObject\",\"inLanguage\":\"pt-BR\",\"@id\":\"https:\\\/\\\/www.aceguarulhos.com.br\\\/blog\\\/#\\\/schema\\\/logo\\\/image\\\/\",\"url\":\"https:\\\/\\\/www.aceguarulhos.com.br\\\/blog\\\/wp-content\\\/uploads\\\/2017\\\/12\\\/logo-aceguarulhos-2018.png\",\"contentUrl\":\"https:\\\/\\\/www.aceguarulhos.com.br\\\/blog\\\/wp-content\\\/uploads\\\/2017\\\/12\\\/logo-aceguarulhos-2018.png\",\"width\":419,\"height\":76,\"caption\":\"ACE-Guarulhos\"},\"image\":{\"@id\":\"https:\\\/\\\/www.aceguarulhos.com.br\\\/blog\\\/#\\\/schema\\\/logo\\\/image\\\/\"},\"sameAs\":[\"https:\\\/\\\/www.facebook.com\\\/aceguarulhos\\\/\",\"https:\\\/\\\/br.linkedin.com\\\/in\\\/ace-guarulhos-b9a97093\",\"https:\\\/\\\/www.youtube.com\\\/user\\\/aceguarulhos\"]},{\"@type\":\"Person\",\"@id\":\"https:\\\/\\\/www.aceguarulhos.com.br\\\/blog\\\/#\\\/schema\\\/person\\\/6983b51bad37489989e4f09698c26237\",\"name\":\"Assessoria de Imprensa ACE-Guarulhos\",\"image\":{\"@type\":\"ImageObject\",\"inLanguage\":\"pt-BR\",\"@id\":\"https:\\\/\\\/secure.gravatar.com\\\/avatar\\\/707f3fadd6918afeb64173ab22d8a8cb0676953098a4f31ff36dc2b4c699ef6a?s=96&d=mm&r=g\",\"url\":\"https:\\\/\\\/secure.gravatar.com\\\/avatar\\\/707f3fadd6918afeb64173ab22d8a8cb0676953098a4f31ff36dc2b4c699ef6a?s=96&d=mm&r=g\",\"contentUrl\":\"https:\\\/\\\/secure.gravatar.com\\\/avatar\\\/707f3fadd6918afeb64173ab22d8a8cb0676953098a4f31ff36dc2b4c699ef6a?s=96&d=mm&r=g\",\"caption\":\"Assessoria de Imprensa ACE-Guarulhos\"},\"url\":\"https:\\\/\\\/www.aceguarulhos.com.br\\\/blog\\\/author\\\/assessoria-de-imprensa-ace-guarulhos\\\/\"}]}<\/script>\n<!-- \/ Yoast SEO plugin. -->","yoast_head_json":{"title":"Campanha contra a CPMF nas ruas  - ACE-Guarulhos","robots":{"index":"index","follow":"follow","max-snippet":"max-snippet:-1","max-image-preview":"max-image-preview:large","max-video-preview":"max-video-preview:-1"},"canonical":"https:\/\/www.aceguarulhos.com.br\/blog\/campanha-contra-a-cpmf-nas-ruas\/","og_locale":"pt_BR","og_type":"article","og_title":"Campanha contra a CPMF nas ruas  - ACE-Guarulhos","og_description":"O presidente do Instituto Brasileiro de Planejamento Tribut\u00e1rio (IBPT), Gilberto Luiz do Amaral, conclamou os empres\u00e1rios e l\u00edderes de entidades de classe que","og_url":"https:\/\/www.aceguarulhos.com.br\/blog\/campanha-contra-a-cpmf-nas-ruas\/","og_site_name":"ACE-Guarulhos","article_publisher":"https:\/\/www.facebook.com\/aceguarulhos\/","article_published_time":"2007-08-28T16:51:50+00:00","author":"Assessoria de Imprensa ACE-Guarulhos","twitter_card":"summary_large_image","twitter_misc":{"Escrito por":"Assessoria de Imprensa ACE-Guarulhos","Est. tempo de leitura":"2 minutos"},"schema":{"@context":"https:\/\/schema.org","@graph":[{"@type":"Article","@id":"https:\/\/www.aceguarulhos.com.br\/blog\/campanha-contra-a-cpmf-nas-ruas\/#article","isPartOf":{"@id":"https:\/\/www.aceguarulhos.com.br\/blog\/campanha-contra-a-cpmf-nas-ruas\/"},"author":{"name":"Assessoria de Imprensa ACE-Guarulhos","@id":"https:\/\/www.aceguarulhos.com.br\/blog\/#\/schema\/person\/6983b51bad37489989e4f09698c26237"},"headline":"Campanha contra a CPMF nas ruas","datePublished":"2007-08-28T16:51:50+00:00","mainEntityOfPage":{"@id":"https:\/\/www.aceguarulhos.com.br\/blog\/campanha-contra-a-cpmf-nas-ruas\/"},"wordCount":462,"commentCount":0,"publisher":{"@id":"https:\/\/www.aceguarulhos.com.br\/blog\/#organization"},"articleSection":["Not\u00edcias"],"inLanguage":"pt-BR"},{"@type":"WebPage","@id":"https:\/\/www.aceguarulhos.com.br\/blog\/campanha-contra-a-cpmf-nas-ruas\/","url":"https:\/\/www.aceguarulhos.com.br\/blog\/campanha-contra-a-cpmf-nas-ruas\/","name":"Campanha contra a CPMF nas ruas - ACE-Guarulhos","isPartOf":{"@id":"https:\/\/www.aceguarulhos.com.br\/blog\/#website"},"datePublished":"2007-08-28T16:51:50+00:00","breadcrumb":{"@id":"https:\/\/www.aceguarulhos.com.br\/blog\/campanha-contra-a-cpmf-nas-ruas\/#breadcrumb"},"inLanguage":"pt-BR","potentialAction":[{"@type":"ReadAction","target":["https:\/\/www.aceguarulhos.com.br\/blog\/campanha-contra-a-cpmf-nas-ruas\/"]}]},{"@type":"BreadcrumbList","@id":"https:\/\/www.aceguarulhos.com.br\/blog\/campanha-contra-a-cpmf-nas-ruas\/#breadcrumb","itemListElement":[{"@type":"ListItem","position":1,"name":"In\u00edcio","item":"https:\/\/www.aceguarulhos.com.br\/blog\/"},{"@type":"ListItem","position":2,"name":"Campanha contra a CPMF nas ruas"}]},{"@type":"WebSite","@id":"https:\/\/www.aceguarulhos.com.br\/blog\/#website","url":"https:\/\/www.aceguarulhos.com.br\/blog\/","name":"ACE-Guarulhos","description":"A ACE-Guarulhos \u00e9 uma associa\u00e7\u00e3o que ap\u00f3ia os empres\u00e1rios guarulhenses atrav\u00e9s da representa\u00e7\u00e3o, da gera\u00e7\u00e3o de neg\u00f3cios e presta\u00e7\u00e3o de servi\u00e7os.","publisher":{"@id":"https:\/\/www.aceguarulhos.com.br\/blog\/#organization"},"potentialAction":[{"@type":"SearchAction","target":{"@type":"EntryPoint","urlTemplate":"https:\/\/www.aceguarulhos.com.br\/blog\/?s={search_term_string}"},"query-input":{"@type":"PropertyValueSpecification","valueRequired":true,"valueName":"search_term_string"}}],"inLanguage":"pt-BR"},{"@type":"Organization","@id":"https:\/\/www.aceguarulhos.com.br\/blog\/#organization","name":"ACE-Guarulhos","url":"https:\/\/www.aceguarulhos.com.br\/blog\/","logo":{"@type":"ImageObject","inLanguage":"pt-BR","@id":"https:\/\/www.aceguarulhos.com.br\/blog\/#\/schema\/logo\/image\/","url":"https:\/\/www.aceguarulhos.com.br\/blog\/wp-content\/uploads\/2017\/12\/logo-aceguarulhos-2018.png","contentUrl":"https:\/\/www.aceguarulhos.com.br\/blog\/wp-content\/uploads\/2017\/12\/logo-aceguarulhos-2018.png","width":419,"height":76,"caption":"ACE-Guarulhos"},"image":{"@id":"https:\/\/www.aceguarulhos.com.br\/blog\/#\/schema\/logo\/image\/"},"sameAs":["https:\/\/www.facebook.com\/aceguarulhos\/","https:\/\/br.linkedin.com\/in\/ace-guarulhos-b9a97093","https:\/\/www.youtube.com\/user\/aceguarulhos"]},{"@type":"Person","@id":"https:\/\/www.aceguarulhos.com.br\/blog\/#\/schema\/person\/6983b51bad37489989e4f09698c26237","name":"Assessoria de Imprensa ACE-Guarulhos","image":{"@type":"ImageObject","inLanguage":"pt-BR","@id":"https:\/\/secure.gravatar.com\/avatar\/707f3fadd6918afeb64173ab22d8a8cb0676953098a4f31ff36dc2b4c699ef6a?s=96&d=mm&r=g","url":"https:\/\/secure.gravatar.com\/avatar\/707f3fadd6918afeb64173ab22d8a8cb0676953098a4f31ff36dc2b4c699ef6a?s=96&d=mm&r=g","contentUrl":"https:\/\/secure.gravatar.com\/avatar\/707f3fadd6918afeb64173ab22d8a8cb0676953098a4f31ff36dc2b4c699ef6a?s=96&d=mm&r=g","caption":"Assessoria de Imprensa ACE-Guarulhos"},"url":"https:\/\/www.aceguarulhos.com.br\/blog\/author\/assessoria-de-imprensa-ace-guarulhos\/"}]}},"wps_subtitle":"","amp_enabled":true,"_links":{"self":[{"href":"https:\/\/www.aceguarulhos.com.br\/blog\/wp-json\/wp\/v2\/posts\/32066","targetHints":{"allow":["GET"]}}],"collection":[{"href":"https:\/\/www.aceguarulhos.com.br\/blog\/wp-json\/wp\/v2\/posts"}],"about":[{"href":"https:\/\/www.aceguarulhos.com.br\/blog\/wp-json\/wp\/v2\/types\/post"}],"author":[{"embeddable":true,"href":"https:\/\/www.aceguarulhos.com.br\/blog\/wp-json\/wp\/v2\/users\/8"}],"replies":[{"embeddable":true,"href":"https:\/\/www.aceguarulhos.com.br\/blog\/wp-json\/wp\/v2\/comments?post=32066"}],"version-history":[{"count":0,"href":"https:\/\/www.aceguarulhos.com.br\/blog\/wp-json\/wp\/v2\/posts\/32066\/revisions"}],"wp:attachment":[{"href":"https:\/\/www.aceguarulhos.com.br\/blog\/wp-json\/wp\/v2\/media?parent=32066"}],"wp:term":[{"taxonomy":"category","embeddable":true,"href":"https:\/\/www.aceguarulhos.com.br\/blog\/wp-json\/wp\/v2\/categories?post=32066"},{"taxonomy":"post_tag","embeddable":true,"href":"https:\/\/www.aceguarulhos.com.br\/blog\/wp-json\/wp\/v2\/tags?post=32066"}],"curies":[{"name":"wp","href":"https:\/\/api.w.org\/{rel}","templated":true}]}}