{"id":32065,"date":"2007-08-28T16:50:38","date_gmt":"2007-08-28T16:50:38","guid":{"rendered":"http:\/\/www.aceguarulhos.com.br\/blog\/?p=32065"},"modified":"-0001-11-30T00:00:00","modified_gmt":"-0001-11-30T03:00:00","slug":"fernando-henrique-cardoso-e-carlos-velloso-discutem-%e2%80%9cvoto-distrital%e2%80%9d-em-encontro-da-cacb-em-s%c3%a3o-paul","status":"publish","type":"post","link":"https:\/\/www.aceguarulhos.com.br\/blog\/fernando-henrique-cardoso-e-carlos-velloso-discutem-%e2%80%9cvoto-distrital%e2%80%9d-em-encontro-da-cacb-em-s%c3%a3o-paul\/","title":{"rendered":"Fernando Henrique Cardoso e Carlos Velloso discutem \u201cvoto distrital\u201d em encontro da CACB em S\u00e3o Paul"},"content":{"rendered":"<p><i>O presidente da Confedera\u00e7\u00e3o das Associa\u00e7\u00f5es Comerciais e Empresariais do Brasil (CACB), Alencar Burti, recebe na pr\u00f3xima quarta-feira, 29 de agosto, \u00e0s 9 horas, no Crowne Plaza Hotel, em S\u00e3o Paulo, o ex-presidente da Rep\u00fablica, Fernando Henrique Cardoso, e o ex-ministro do Supremo Tribunal Federal (STF) e ex-presidente do Tribunal Superior Eleitoral (TSE), Carlos M\u00e1rio Velloso, para o encontro \u201cMeu Voto \u00e9 Distrital \u2013 A Reforma Pol\u00edtica que Interessa\u201d<\/i><\/p>\n<p>\u00c0s 11 horas ser\u00e1 realizado um debate sobre o tema, que incluir\u00e1 a participa\u00e7\u00e3o dos deputados federais Arnaldo Madeira (PSDB-SP), Mendes Ribeiro (PMDB-RS), Virg\u00edlio Guimar\u00e3es (PT-MG), Jos\u00e9 Carlos Aleluia (DEM-BA) e Fernando Coruja (PPS-SC). Em seguida todos os participantes estar\u00e3o \u00e0 disposi\u00e7\u00e3o da imprensa.<br \/>&nbsp;<br \/>Programa:<br \/>8h30 \u2013 Recep\u00e7\u00e3o dos participantes<br \/>9h00 \u2013 Palestra do ex-presidente Fernando Henrique Cardoso<br \/>9h45 \u2013 Palestra do ex-ministro do Supremo Tribunal Federal e ex-presidente do Tribunal Superior Eleitoral (TSE), Carlos M\u00e1rio Velloso<br \/>10h30 \u2013 Intervalo para caf\u00e9<br \/>11h00 \u2013 Debate com a participa\u00e7\u00e3o de deputados e jornalistas<br \/>11h30 \u2013 Respostas dos palestrantes<br \/>12h00 \u2013 Atendimento \u00e0 imprensa<br \/>&nbsp;<br \/>Agenda:<br \/>\u201cMeu Voto \u00e9 Distrital: A Reforma Pol\u00edtica que Interessa\u201d<br \/>Crowne Plaza Hotel &#8211; rua Frei Caneca, 1.360, S\u00e3o Paulo &#8211; SP<br \/>Quarta-feira, 29 de agosto, a partir das 8h30<\/p>\n","protected":false},"excerpt":{"rendered":"O presidente da Confedera\u00e7\u00e3o das Associa\u00e7\u00f5es Comerciais e Empresariais do Brasil (CACB), Alencar Burti, recebe na pr\u00f3xima quarta-feira, 29 de agosto, \u00e0s 9 \n<a class=\"moretag\" href=\"https:\/\/www.aceguarulhos.com.br\/blog\/fernando-henrique-cardoso-e-carlos-velloso-discutem-%e2%80%9cvoto-distrital%e2%80%9d-em-encontro-da-cacb-em-s%c3%a3o-paul\/\"> [...]<\/a>","protected":false},"author":8,"featured_media":0,"comment_status":"open","ping_status":"open","sticky":false,"template":"","format":"standard","meta":{"footnotes":""},"categories":[2],"tags":[],"class_list":["post-32065","post","type-post","status-publish","format-standard","hentry","category-noticias"],"yoast_head":"<!-- This site is optimized with the Yoast SEO plugin v28.1 - https:\/\/yoast.com\/product\/yoast-seo-wordpress\/ -->\n<title>Fernando Henrique Cardoso e Carlos Velloso discutem \u201cvoto distrital\u201d em encontro da CACB em S\u00e3o Paul - ACE-Guarulhos<\/title>\n<meta name=\"robots\" content=\"index, follow, max-snippet:-1, max-image-preview:large, max-video-preview:-1\" \/>\n<link rel=\"canonical\" href=\"https:\/\/www.aceguarulhos.com.br\/blog\/fernando-henrique-cardoso-e-carlos-velloso-discutem-\u201cvoto-distrital\u201d-em-encontro-da-cacb-em-s\u00e3o-paul\/\" \/>\n<meta property=\"og:locale\" content=\"pt_BR\" \/>\n<meta property=\"og:type\" content=\"article\" \/>\n<meta property=\"og:title\" content=\"Fernando Henrique Cardoso e Carlos Velloso discutem \u201cvoto distrital\u201d em encontro da CACB em S\u00e3o Paul - ACE-Guarulhos\" \/>\n<meta property=\"og:description\" content=\"O presidente da Confedera\u00e7\u00e3o das Associa\u00e7\u00f5es Comerciais e Empresariais do Brasil (CACB), Alencar Burti, recebe na pr\u00f3xima quarta-feira, 29 de agosto, \u00e0s 9\" \/>\n<meta property=\"og:url\" content=\"https:\/\/www.aceguarulhos.com.br\/blog\/fernando-henrique-cardoso-e-carlos-velloso-discutem-\u201cvoto-distrital\u201d-em-encontro-da-cacb-em-s\u00e3o-paul\/\" \/>\n<meta property=\"og:site_name\" content=\"ACE-Guarulhos\" \/>\n<meta property=\"article:publisher\" content=\"https:\/\/www.facebook.com\/aceguarulhos\/\" \/>\n<meta property=\"article:published_time\" content=\"2007-08-28T16:50:38+00:00\" \/>\n<meta name=\"author\" content=\"Assessoria de Imprensa ACE-Guarulhos\" \/>\n<meta name=\"twitter:card\" content=\"summary_large_image\" \/>\n<meta name=\"twitter:label1\" content=\"Escrito por\" \/>\n\t<meta name=\"twitter:data1\" content=\"Assessoria de Imprensa ACE-Guarulhos\" \/>\n\t<meta name=\"twitter:label2\" content=\"Est. tempo de leitura\" \/>\n\t<meta name=\"twitter:data2\" content=\"1 minuto\" \/>\n<script type=\"application\/ld+json\" class=\"yoast-schema-graph\">{\"@context\":\"https:\\\/\\\/schema.org\",\"@graph\":[{\"@type\":\"Article\",\"@id\":\"https:\\\/\\\/www.aceguarulhos.com.br\\\/blog\\\/fernando-henrique-cardoso-e-carlos-velloso-discutem-%e2%80%9cvoto-distrital%e2%80%9d-em-encontro-da-cacb-em-s%c3%a3o-paul\\\/#article\",\"isPartOf\":{\"@id\":\"https:\\\/\\\/www.aceguarulhos.com.br\\\/blog\\\/fernando-henrique-cardoso-e-carlos-velloso-discutem-%e2%80%9cvoto-distrital%e2%80%9d-em-encontro-da-cacb-em-s%c3%a3o-paul\\\/\"},\"author\":{\"name\":\"Assessoria de Imprensa ACE-Guarulhos\",\"@id\":\"https:\\\/\\\/www.aceguarulhos.com.br\\\/blog\\\/#\\\/schema\\\/person\\\/6983b51bad37489989e4f09698c26237\"},\"headline\":\"Fernando Henrique Cardoso e Carlos Velloso discutem \u201cvoto distrital\u201d em encontro da CACB em S\u00e3o Paul\",\"datePublished\":\"2007-08-28T16:50:38+00:00\",\"mainEntityOfPage\":{\"@id\":\"https:\\\/\\\/www.aceguarulhos.com.br\\\/blog\\\/fernando-henrique-cardoso-e-carlos-velloso-discutem-%e2%80%9cvoto-distrital%e2%80%9d-em-encontro-da-cacb-em-s%c3%a3o-paul\\\/\"},\"wordCount\":219,\"commentCount\":0,\"publisher\":{\"@id\":\"https:\\\/\\\/www.aceguarulhos.com.br\\\/blog\\\/#organization\"},\"articleSection\":[\"Not\u00edcias\"],\"inLanguage\":\"pt-BR\"},{\"@type\":\"WebPage\",\"@id\":\"https:\\\/\\\/www.aceguarulhos.com.br\\\/blog\\\/fernando-henrique-cardoso-e-carlos-velloso-discutem-%e2%80%9cvoto-distrital%e2%80%9d-em-encontro-da-cacb-em-s%c3%a3o-paul\\\/\",\"url\":\"https:\\\/\\\/www.aceguarulhos.com.br\\\/blog\\\/fernando-henrique-cardoso-e-carlos-velloso-discutem-%e2%80%9cvoto-distrital%e2%80%9d-em-encontro-da-cacb-em-s%c3%a3o-paul\\\/\",\"name\":\"Fernando Henrique Cardoso e Carlos Velloso discutem \u201cvoto distrital\u201d em encontro da CACB em S\u00e3o Paul - ACE-Guarulhos\",\"isPartOf\":{\"@id\":\"https:\\\/\\\/www.aceguarulhos.com.br\\\/blog\\\/#website\"},\"datePublished\":\"2007-08-28T16:50:38+00:00\",\"breadcrumb\":{\"@id\":\"https:\\\/\\\/www.aceguarulhos.com.br\\\/blog\\\/fernando-henrique-cardoso-e-carlos-velloso-discutem-%e2%80%9cvoto-distrital%e2%80%9d-em-encontro-da-cacb-em-s%c3%a3o-paul\\\/#breadcrumb\"},\"inLanguage\":\"pt-BR\",\"potentialAction\":[{\"@type\":\"ReadAction\",\"target\":[\"https:\\\/\\\/www.aceguarulhos.com.br\\\/blog\\\/fernando-henrique-cardoso-e-carlos-velloso-discutem-%e2%80%9cvoto-distrital%e2%80%9d-em-encontro-da-cacb-em-s%c3%a3o-paul\\\/\"]}]},{\"@type\":\"BreadcrumbList\",\"@id\":\"https:\\\/\\\/www.aceguarulhos.com.br\\\/blog\\\/fernando-henrique-cardoso-e-carlos-velloso-discutem-%e2%80%9cvoto-distrital%e2%80%9d-em-encontro-da-cacb-em-s%c3%a3o-paul\\\/#breadcrumb\",\"itemListElement\":[{\"@type\":\"ListItem\",\"position\":1,\"name\":\"In\u00edcio\",\"item\":\"https:\\\/\\\/www.aceguarulhos.com.br\\\/blog\\\/\"},{\"@type\":\"ListItem\",\"position\":2,\"name\":\"Fernando Henrique Cardoso e Carlos Velloso discutem \u201cvoto distrital\u201d em encontro da CACB em S\u00e3o Paul\"}]},{\"@type\":\"WebSite\",\"@id\":\"https:\\\/\\\/www.aceguarulhos.com.br\\\/blog\\\/#website\",\"url\":\"https:\\\/\\\/www.aceguarulhos.com.br\\\/blog\\\/\",\"name\":\"ACE-Guarulhos\",\"description\":\"A ACE-Guarulhos \u00e9 uma associa\u00e7\u00e3o que ap\u00f3ia os empres\u00e1rios guarulhenses atrav\u00e9s da representa\u00e7\u00e3o, da gera\u00e7\u00e3o de neg\u00f3cios e presta\u00e7\u00e3o de servi\u00e7os.\",\"publisher\":{\"@id\":\"https:\\\/\\\/www.aceguarulhos.com.br\\\/blog\\\/#organization\"},\"potentialAction\":[{\"@type\":\"SearchAction\",\"target\":{\"@type\":\"EntryPoint\",\"urlTemplate\":\"https:\\\/\\\/www.aceguarulhos.com.br\\\/blog\\\/?s={search_term_string}\"},\"query-input\":{\"@type\":\"PropertyValueSpecification\",\"valueRequired\":true,\"valueName\":\"search_term_string\"}}],\"inLanguage\":\"pt-BR\"},{\"@type\":\"Organization\",\"@id\":\"https:\\\/\\\/www.aceguarulhos.com.br\\\/blog\\\/#organization\",\"name\":\"ACE-Guarulhos\",\"url\":\"https:\\\/\\\/www.aceguarulhos.com.br\\\/blog\\\/\",\"logo\":{\"@type\":\"ImageObject\",\"inLanguage\":\"pt-BR\",\"@id\":\"https:\\\/\\\/www.aceguarulhos.com.br\\\/blog\\\/#\\\/schema\\\/logo\\\/image\\\/\",\"url\":\"https:\\\/\\\/www.aceguarulhos.com.br\\\/blog\\\/wp-content\\\/uploads\\\/2017\\\/12\\\/logo-aceguarulhos-2018.png\",\"contentUrl\":\"https:\\\/\\\/www.aceguarulhos.com.br\\\/blog\\\/wp-content\\\/uploads\\\/2017\\\/12\\\/logo-aceguarulhos-2018.png\",\"width\":419,\"height\":76,\"caption\":\"ACE-Guarulhos\"},\"image\":{\"@id\":\"https:\\\/\\\/www.aceguarulhos.com.br\\\/blog\\\/#\\\/schema\\\/logo\\\/image\\\/\"},\"sameAs\":[\"https:\\\/\\\/www.facebook.com\\\/aceguarulhos\\\/\",\"https:\\\/\\\/br.linkedin.com\\\/in\\\/ace-guarulhos-b9a97093\",\"https:\\\/\\\/www.youtube.com\\\/user\\\/aceguarulhos\"]},{\"@type\":\"Person\",\"@id\":\"https:\\\/\\\/www.aceguarulhos.com.br\\\/blog\\\/#\\\/schema\\\/person\\\/6983b51bad37489989e4f09698c26237\",\"name\":\"Assessoria de Imprensa ACE-Guarulhos\",\"image\":{\"@type\":\"ImageObject\",\"inLanguage\":\"pt-BR\",\"@id\":\"https:\\\/\\\/secure.gravatar.com\\\/avatar\\\/707f3fadd6918afeb64173ab22d8a8cb0676953098a4f31ff36dc2b4c699ef6a?s=96&d=mm&r=g\",\"url\":\"https:\\\/\\\/secure.gravatar.com\\\/avatar\\\/707f3fadd6918afeb64173ab22d8a8cb0676953098a4f31ff36dc2b4c699ef6a?s=96&d=mm&r=g\",\"contentUrl\":\"https:\\\/\\\/secure.gravatar.com\\\/avatar\\\/707f3fadd6918afeb64173ab22d8a8cb0676953098a4f31ff36dc2b4c699ef6a?s=96&d=mm&r=g\",\"caption\":\"Assessoria de Imprensa ACE-Guarulhos\"},\"url\":\"https:\\\/\\\/www.aceguarulhos.com.br\\\/blog\\\/author\\\/assessoria-de-imprensa-ace-guarulhos\\\/\"}]}<\/script>\n<!-- \/ Yoast SEO plugin. -->","yoast_head_json":{"title":"Fernando Henrique Cardoso e Carlos Velloso discutem \u201cvoto distrital\u201d em encontro da CACB em S\u00e3o Paul - ACE-Guarulhos","robots":{"index":"index","follow":"follow","max-snippet":"max-snippet:-1","max-image-preview":"max-image-preview:large","max-video-preview":"max-video-preview:-1"},"canonical":"https:\/\/www.aceguarulhos.com.br\/blog\/fernando-henrique-cardoso-e-carlos-velloso-discutem-\u201cvoto-distrital\u201d-em-encontro-da-cacb-em-s\u00e3o-paul\/","og_locale":"pt_BR","og_type":"article","og_title":"Fernando Henrique Cardoso e Carlos Velloso discutem \u201cvoto distrital\u201d em encontro da CACB em S\u00e3o Paul - ACE-Guarulhos","og_description":"O presidente da Confedera\u00e7\u00e3o das Associa\u00e7\u00f5es Comerciais e Empresariais do Brasil (CACB), Alencar Burti, recebe na pr\u00f3xima quarta-feira, 29 de agosto, \u00e0s 9","og_url":"https:\/\/www.aceguarulhos.com.br\/blog\/fernando-henrique-cardoso-e-carlos-velloso-discutem-\u201cvoto-distrital\u201d-em-encontro-da-cacb-em-s\u00e3o-paul\/","og_site_name":"ACE-Guarulhos","article_publisher":"https:\/\/www.facebook.com\/aceguarulhos\/","article_published_time":"2007-08-28T16:50:38+00:00","author":"Assessoria de Imprensa ACE-Guarulhos","twitter_card":"summary_large_image","twitter_misc":{"Escrito por":"Assessoria de Imprensa ACE-Guarulhos","Est. tempo de leitura":"1 minuto"},"schema":{"@context":"https:\/\/schema.org","@graph":[{"@type":"Article","@id":"https:\/\/www.aceguarulhos.com.br\/blog\/fernando-henrique-cardoso-e-carlos-velloso-discutem-%e2%80%9cvoto-distrital%e2%80%9d-em-encontro-da-cacb-em-s%c3%a3o-paul\/#article","isPartOf":{"@id":"https:\/\/www.aceguarulhos.com.br\/blog\/fernando-henrique-cardoso-e-carlos-velloso-discutem-%e2%80%9cvoto-distrital%e2%80%9d-em-encontro-da-cacb-em-s%c3%a3o-paul\/"},"author":{"name":"Assessoria de Imprensa ACE-Guarulhos","@id":"https:\/\/www.aceguarulhos.com.br\/blog\/#\/schema\/person\/6983b51bad37489989e4f09698c26237"},"headline":"Fernando Henrique Cardoso e Carlos Velloso discutem \u201cvoto distrital\u201d em encontro da CACB em S\u00e3o Paul","datePublished":"2007-08-28T16:50:38+00:00","mainEntityOfPage":{"@id":"https:\/\/www.aceguarulhos.com.br\/blog\/fernando-henrique-cardoso-e-carlos-velloso-discutem-%e2%80%9cvoto-distrital%e2%80%9d-em-encontro-da-cacb-em-s%c3%a3o-paul\/"},"wordCount":219,"commentCount":0,"publisher":{"@id":"https:\/\/www.aceguarulhos.com.br\/blog\/#organization"},"articleSection":["Not\u00edcias"],"inLanguage":"pt-BR"},{"@type":"WebPage","@id":"https:\/\/www.aceguarulhos.com.br\/blog\/fernando-henrique-cardoso-e-carlos-velloso-discutem-%e2%80%9cvoto-distrital%e2%80%9d-em-encontro-da-cacb-em-s%c3%a3o-paul\/","url":"https:\/\/www.aceguarulhos.com.br\/blog\/fernando-henrique-cardoso-e-carlos-velloso-discutem-%e2%80%9cvoto-distrital%e2%80%9d-em-encontro-da-cacb-em-s%c3%a3o-paul\/","name":"Fernando Henrique Cardoso e Carlos Velloso discutem \u201cvoto distrital\u201d em encontro da CACB em S\u00e3o Paul - ACE-Guarulhos","isPartOf":{"@id":"https:\/\/www.aceguarulhos.com.br\/blog\/#website"},"datePublished":"2007-08-28T16:50:38+00:00","breadcrumb":{"@id":"https:\/\/www.aceguarulhos.com.br\/blog\/fernando-henrique-cardoso-e-carlos-velloso-discutem-%e2%80%9cvoto-distrital%e2%80%9d-em-encontro-da-cacb-em-s%c3%a3o-paul\/#breadcrumb"},"inLanguage":"pt-BR","potentialAction":[{"@type":"ReadAction","target":["https:\/\/www.aceguarulhos.com.br\/blog\/fernando-henrique-cardoso-e-carlos-velloso-discutem-%e2%80%9cvoto-distrital%e2%80%9d-em-encontro-da-cacb-em-s%c3%a3o-paul\/"]}]},{"@type":"BreadcrumbList","@id":"https:\/\/www.aceguarulhos.com.br\/blog\/fernando-henrique-cardoso-e-carlos-velloso-discutem-%e2%80%9cvoto-distrital%e2%80%9d-em-encontro-da-cacb-em-s%c3%a3o-paul\/#breadcrumb","itemListElement":[{"@type":"ListItem","position":1,"name":"In\u00edcio","item":"https:\/\/www.aceguarulhos.com.br\/blog\/"},{"@type":"ListItem","position":2,"name":"Fernando Henrique Cardoso e Carlos Velloso discutem \u201cvoto distrital\u201d em encontro da CACB em S\u00e3o Paul"}]},{"@type":"WebSite","@id":"https:\/\/www.aceguarulhos.com.br\/blog\/#website","url":"https:\/\/www.aceguarulhos.com.br\/blog\/","name":"ACE-Guarulhos","description":"A ACE-Guarulhos \u00e9 uma associa\u00e7\u00e3o que ap\u00f3ia os empres\u00e1rios guarulhenses atrav\u00e9s da representa\u00e7\u00e3o, da gera\u00e7\u00e3o de neg\u00f3cios e presta\u00e7\u00e3o de servi\u00e7os.","publisher":{"@id":"https:\/\/www.aceguarulhos.com.br\/blog\/#organization"},"potentialAction":[{"@type":"SearchAction","target":{"@type":"EntryPoint","urlTemplate":"https:\/\/www.aceguarulhos.com.br\/blog\/?s={search_term_string}"},"query-input":{"@type":"PropertyValueSpecification","valueRequired":true,"valueName":"search_term_string"}}],"inLanguage":"pt-BR"},{"@type":"Organization","@id":"https:\/\/www.aceguarulhos.com.br\/blog\/#organization","name":"ACE-Guarulhos","url":"https:\/\/www.aceguarulhos.com.br\/blog\/","logo":{"@type":"ImageObject","inLanguage":"pt-BR","@id":"https:\/\/www.aceguarulhos.com.br\/blog\/#\/schema\/logo\/image\/","url":"https:\/\/www.aceguarulhos.com.br\/blog\/wp-content\/uploads\/2017\/12\/logo-aceguarulhos-2018.png","contentUrl":"https:\/\/www.aceguarulhos.com.br\/blog\/wp-content\/uploads\/2017\/12\/logo-aceguarulhos-2018.png","width":419,"height":76,"caption":"ACE-Guarulhos"},"image":{"@id":"https:\/\/www.aceguarulhos.com.br\/blog\/#\/schema\/logo\/image\/"},"sameAs":["https:\/\/www.facebook.com\/aceguarulhos\/","https:\/\/br.linkedin.com\/in\/ace-guarulhos-b9a97093","https:\/\/www.youtube.com\/user\/aceguarulhos"]},{"@type":"Person","@id":"https:\/\/www.aceguarulhos.com.br\/blog\/#\/schema\/person\/6983b51bad37489989e4f09698c26237","name":"Assessoria de Imprensa ACE-Guarulhos","image":{"@type":"ImageObject","inLanguage":"pt-BR","@id":"https:\/\/secure.gravatar.com\/avatar\/707f3fadd6918afeb64173ab22d8a8cb0676953098a4f31ff36dc2b4c699ef6a?s=96&d=mm&r=g","url":"https:\/\/secure.gravatar.com\/avatar\/707f3fadd6918afeb64173ab22d8a8cb0676953098a4f31ff36dc2b4c699ef6a?s=96&d=mm&r=g","contentUrl":"https:\/\/secure.gravatar.com\/avatar\/707f3fadd6918afeb64173ab22d8a8cb0676953098a4f31ff36dc2b4c699ef6a?s=96&d=mm&r=g","caption":"Assessoria de Imprensa ACE-Guarulhos"},"url":"https:\/\/www.aceguarulhos.com.br\/blog\/author\/assessoria-de-imprensa-ace-guarulhos\/"}]}},"wps_subtitle":"","amp_enabled":true,"_links":{"self":[{"href":"https:\/\/www.aceguarulhos.com.br\/blog\/wp-json\/wp\/v2\/posts\/32065","targetHints":{"allow":["GET"]}}],"collection":[{"href":"https:\/\/www.aceguarulhos.com.br\/blog\/wp-json\/wp\/v2\/posts"}],"about":[{"href":"https:\/\/www.aceguarulhos.com.br\/blog\/wp-json\/wp\/v2\/types\/post"}],"author":[{"embeddable":true,"href":"https:\/\/www.aceguarulhos.com.br\/blog\/wp-json\/wp\/v2\/users\/8"}],"replies":[{"embeddable":true,"href":"https:\/\/www.aceguarulhos.com.br\/blog\/wp-json\/wp\/v2\/comments?post=32065"}],"version-history":[{"count":0,"href":"https:\/\/www.aceguarulhos.com.br\/blog\/wp-json\/wp\/v2\/posts\/32065\/revisions"}],"wp:attachment":[{"href":"https:\/\/www.aceguarulhos.com.br\/blog\/wp-json\/wp\/v2\/media?parent=32065"}],"wp:term":[{"taxonomy":"category","embeddable":true,"href":"https:\/\/www.aceguarulhos.com.br\/blog\/wp-json\/wp\/v2\/categories?post=32065"},{"taxonomy":"post_tag","embeddable":true,"href":"https:\/\/www.aceguarulhos.com.br\/blog\/wp-json\/wp\/v2\/tags?post=32065"}],"curies":[{"name":"wp","href":"https:\/\/api.w.org\/{rel}","templated":true}]}}