{"id":32037,"date":"2007-08-24T01:01:01","date_gmt":"2007-08-24T01:01:01","guid":{"rendered":"http:\/\/www.aceguarulhos.com.br\/blog\/?p=32037"},"modified":"-0001-11-30T00:00:00","modified_gmt":"-0001-11-30T03:00:00","slug":"f%c3%a1cil-completa-5-anos-com-23-milh%c3%b5es-de-atendimentos","status":"publish","type":"post","link":"https:\/\/www.aceguarulhos.com.br\/blog\/f%c3%a1cil-completa-5-anos-com-23-milh%c3%b5es-de-atendimentos\/","title":{"rendered":"F\u00e1cil completa 5 anos com 2,3 milh\u00f5es de atendimentos"},"content":{"rendered":"<p><i>Neste m\u00eas de agosto, o F\u00e1cil-Central de Atendimento ao Cidad\u00e3o comemora seu quinto anivers\u00e1rio totalizando mais de 2,3 milh\u00f5es de atendimentos em suas oito ag\u00eancias<\/i><\/p>\n<p>Para marcar a data, neste s\u00e1bado (25), a partir das 13h30, ser\u00e1 aberta a exposi\u00e7\u00e3o fotogr\u00e1fica com uma retrospectiva hist\u00f3rica da implanta\u00e7\u00e3o do servi\u00e7o, na unidade do Bom Clima (Pa\u00e7o Municipal). Tamb\u00e9m ser\u00e1 premiado o servidor vencedor do concurso para a escolha da logomarca do \u201cSistema de Gest\u00e3o da Qualidade da rede F\u00e1cil\u201d, lan\u00e7ado em junho.<br \/>&nbsp;<br \/>Desde sua implanta\u00e7\u00e3o, as ag\u00eancias do F\u00e1cil estabeleceram um novo conceito no atendimento p\u00fablico com qualidade, respeito e dignidade, servindo como modelo para v\u00e1rias cidades do interior do Estado de S\u00e3o Paulo, como Mau\u00e1, Osasco, Amparo, Jaboticabal e tamb\u00e9m de outros estados, como Cariacica (ES).<br \/>&nbsp;<br \/>Para ter uma dimens\u00e3o da mudan\u00e7a que o F\u00e1cil representa para a cidade, basta lembrar que, anteriormente, a popula\u00e7\u00e3o aguardava em p\u00e9 na fila do guich\u00ea para ser atendida, exposta ao sol ou \u00e0 chuva, e solicitar algum servi\u00e7o da Prefeitura, do Saae ou da Proguaru. Al\u00e9m disso, para a obten\u00e7\u00e3o de um documento era necess\u00e1rio percorrer diversos setores da Prefeitura, espalhados em diferentes bairros.<br \/>&nbsp;<br \/>A primeira ag\u00eancia do F\u00e1cil foi implantada em 2002 e, nos anos seguintes, a rede de atendimento foi descentralizada para v\u00e1rias regi\u00f5es do munic\u00edpio, com a instala\u00e7\u00e3o de novos postos no Tabo\u00e3o, Jardim Presidente Dutra, Jardim S\u00e3o Jo\u00e3o, Cumbica, Centro (s\u00f3 para atendimento do Saae), Parque Jurema e Vila Galv\u00e3o.<br \/>&nbsp;<br \/>Ao longo desses cinco anos, a Secretaria de Administra\u00e7\u00e3o e Moderniza\u00e7\u00e3o tem investido no aprimoramento do servi\u00e7o prestado no F\u00e1cil, capacitando e treinando os atendentes. Tamb\u00e9m realizou uma pesquisa de satisfa\u00e7\u00e3o dos usu\u00e1rios, no final do ano passado, que revelou que o atendimento da unidade Bom Clima \u00e9 considerado bom e \u00f3timo por 91% dos entrevistados. J\u00e1 as instala\u00e7\u00f5es, limpeza e manuten\u00e7\u00e3o foram consideradas boas e \u00f3timas para 94,3% dos 480 usu\u00e1rios. <br \/>&nbsp;<br \/>Com uma m\u00e9dia de atendimento de 46 mil pessoas, a rede F\u00e1cil-Central de Atendimento ao Cidad\u00e3o disponibiliza cerca de 900 servi\u00e7os, sendo que os mais solicitados s\u00e3o: protocolo, segunda via de tributos, parcelamento de d\u00e9bitos, alvar\u00e1s e licen\u00e7as, certid\u00e3o negativas, solicita\u00e7\u00e3o de servi\u00e7os de conserva\u00e7\u00e3o e manuten\u00e7\u00e3o da cidade, entre outros.<br \/>&nbsp;<br \/>Padr\u00e3o de qualidade internacional &#8211; Um outro importante passo para garantir a continuidade da satisfa\u00e7\u00e3o do cidad\u00e3o foi dado com a implanta\u00e7\u00e3o do \u201cSistema de Gest\u00e3o da Qualidade na Rede F\u00e1cil\u201d, em junho, que permitir\u00e1 a obten\u00e7\u00e3o da certifica\u00e7\u00e3o com base na norma internacional ISO 9001:9002, garantindo ao atendimento a comprova\u00e7\u00e3o do padr\u00e3o de qualidade nacional e internacional.<br \/>&nbsp;<br \/>Outra vantagem dessa iniciativa \u00e9 que ir\u00e1 possibilitar desenvolver mecanismos para aferir o gerenciamento integral da qualidade da rede F\u00e1cil, de forma que o servi\u00e7o prestado seja eficiente, eficaz e transparente. Outros benef\u00edcios esperados s\u00e3o a capacita\u00e7\u00e3o dos servidores para o comprometimento com a qualidade, a documenta\u00e7\u00e3o e padroniza\u00e7\u00e3o dos procedimentos, entre outros. <br \/>Confira os endere\u00e7os e hor\u00e1rios de funcionamento das unidades do F\u00e1cil:<\/p>\n<p>&#8211; Vila Galv\u00e3o \u2013 rua Caixa D\u00c1gua, 14 \u2013 2a a 6a feira, das 8h \u00e0s 17h<br \/>&#8211; Jardim Presidente Dutra \u2013 Av: Papa Paulo I, 3897 \u2013 2a a 6a feira, das 8h \u00e0s 17h<br \/>&#8211; Jardim S\u00e3o Jo\u00e3o \u2013 Estrada de Nazar\u00e9, 2650 \u2013 2a a 6a feira, das 8h \u00e0s 17h<br \/>&#8211; Cumbica \u2013 Av: Santos Dumont, 471\u2013 2a a 6a feira, das 8h \u00e0s 17h<br \/>&#8211; Parque Jurema \u2013 Av: Jurema, 708 \u2013 2\u00aa a 6a feira, das 8h \u00e0s 17h<br \/>&#8211; Tabo\u00e3o \u2013 Av: Silvestre Pires de Freitas, 273 \u2013 2a a 6a feira, das 8h \u00e0s 17h<br \/>&#8211; Bom Clima \u2013 Av: Bom Clima, 49 (Pa\u00e7o Municipal) \u2013 2a a 6\u00aa feira, das 8h \u00e0s 20h, e aos s\u00e1bados, das 8h \u00e0s 13h.<br \/>&#8211; Centro* &#8211; rua Luis Faccini, 597 \u2013 2\u00aa a 6\u00aa feira, das 8 \u00e0s 17 horas (*s\u00f3 realiza atendimento para servi\u00e7os do Saae)<\/p>\n","protected":false},"excerpt":{"rendered":"Neste m\u00eas de agosto, o F\u00e1cil-Central de Atendimento ao Cidad\u00e3o comemora seu quinto anivers\u00e1rio totalizando mais de 2,3 milh\u00f5es de atendimentos em suas \n<a class=\"moretag\" href=\"https:\/\/www.aceguarulhos.com.br\/blog\/f%c3%a1cil-completa-5-anos-com-23-milh%c3%b5es-de-atendimentos\/\"> [...]<\/a>","protected":false},"author":8,"featured_media":0,"comment_status":"open","ping_status":"open","sticky":false,"template":"","format":"standard","meta":{"footnotes":""},"categories":[2],"tags":[],"class_list":["post-32037","post","type-post","status-publish","format-standard","hentry","category-noticias"],"yoast_head":"<!-- This site is optimized with the Yoast SEO plugin v28.1 - https:\/\/yoast.com\/product\/yoast-seo-wordpress\/ -->\n<title>F\u00e1cil completa 5 anos com 2,3 milh\u00f5es de atendimentos  - ACE-Guarulhos<\/title>\n<meta name=\"robots\" content=\"index, follow, max-snippet:-1, max-image-preview:large, max-video-preview:-1\" \/>\n<link rel=\"canonical\" href=\"https:\/\/www.aceguarulhos.com.br\/blog\/f\u00e1cil-completa-5-anos-com-23-milh\u00f5es-de-atendimentos\/\" \/>\n<meta property=\"og:locale\" content=\"pt_BR\" \/>\n<meta property=\"og:type\" content=\"article\" \/>\n<meta property=\"og:title\" content=\"F\u00e1cil completa 5 anos com 2,3 milh\u00f5es de atendimentos  - ACE-Guarulhos\" \/>\n<meta property=\"og:description\" content=\"Neste m\u00eas de agosto, o F\u00e1cil-Central de Atendimento ao Cidad\u00e3o comemora seu quinto anivers\u00e1rio totalizando mais de 2,3 milh\u00f5es de atendimentos em suas\" \/>\n<meta property=\"og:url\" content=\"https:\/\/www.aceguarulhos.com.br\/blog\/f\u00e1cil-completa-5-anos-com-23-milh\u00f5es-de-atendimentos\/\" \/>\n<meta property=\"og:site_name\" content=\"ACE-Guarulhos\" \/>\n<meta property=\"article:publisher\" content=\"https:\/\/www.facebook.com\/aceguarulhos\/\" \/>\n<meta property=\"article:published_time\" content=\"2007-08-24T01:01:01+00:00\" \/>\n<meta name=\"author\" content=\"Assessoria de Imprensa ACE-Guarulhos\" \/>\n<meta name=\"twitter:card\" content=\"summary_large_image\" \/>\n<meta name=\"twitter:label1\" content=\"Escrito por\" \/>\n\t<meta name=\"twitter:data1\" content=\"Assessoria de Imprensa ACE-Guarulhos\" \/>\n\t<meta name=\"twitter:label2\" content=\"Est. tempo de leitura\" \/>\n\t<meta name=\"twitter:data2\" content=\"3 minutos\" \/>\n<script type=\"application\/ld+json\" class=\"yoast-schema-graph\">{\"@context\":\"https:\\\/\\\/schema.org\",\"@graph\":[{\"@type\":\"Article\",\"@id\":\"https:\\\/\\\/www.aceguarulhos.com.br\\\/blog\\\/f%c3%a1cil-completa-5-anos-com-23-milh%c3%b5es-de-atendimentos\\\/#article\",\"isPartOf\":{\"@id\":\"https:\\\/\\\/www.aceguarulhos.com.br\\\/blog\\\/f%c3%a1cil-completa-5-anos-com-23-milh%c3%b5es-de-atendimentos\\\/\"},\"author\":{\"name\":\"Assessoria de Imprensa ACE-Guarulhos\",\"@id\":\"https:\\\/\\\/www.aceguarulhos.com.br\\\/blog\\\/#\\\/schema\\\/person\\\/6983b51bad37489989e4f09698c26237\"},\"headline\":\"F\u00e1cil completa 5 anos com 2,3 milh\u00f5es de atendimentos\",\"datePublished\":\"2007-08-24T01:01:01+00:00\",\"mainEntityOfPage\":{\"@id\":\"https:\\\/\\\/www.aceguarulhos.com.br\\\/blog\\\/f%c3%a1cil-completa-5-anos-com-23-milh%c3%b5es-de-atendimentos\\\/\"},\"wordCount\":702,\"commentCount\":0,\"publisher\":{\"@id\":\"https:\\\/\\\/www.aceguarulhos.com.br\\\/blog\\\/#organization\"},\"articleSection\":[\"Not\u00edcias\"],\"inLanguage\":\"pt-BR\"},{\"@type\":\"WebPage\",\"@id\":\"https:\\\/\\\/www.aceguarulhos.com.br\\\/blog\\\/f%c3%a1cil-completa-5-anos-com-23-milh%c3%b5es-de-atendimentos\\\/\",\"url\":\"https:\\\/\\\/www.aceguarulhos.com.br\\\/blog\\\/f%c3%a1cil-completa-5-anos-com-23-milh%c3%b5es-de-atendimentos\\\/\",\"name\":\"F\u00e1cil completa 5 anos com 2,3 milh\u00f5es de atendimentos - ACE-Guarulhos\",\"isPartOf\":{\"@id\":\"https:\\\/\\\/www.aceguarulhos.com.br\\\/blog\\\/#website\"},\"datePublished\":\"2007-08-24T01:01:01+00:00\",\"breadcrumb\":{\"@id\":\"https:\\\/\\\/www.aceguarulhos.com.br\\\/blog\\\/f%c3%a1cil-completa-5-anos-com-23-milh%c3%b5es-de-atendimentos\\\/#breadcrumb\"},\"inLanguage\":\"pt-BR\",\"potentialAction\":[{\"@type\":\"ReadAction\",\"target\":[\"https:\\\/\\\/www.aceguarulhos.com.br\\\/blog\\\/f%c3%a1cil-completa-5-anos-com-23-milh%c3%b5es-de-atendimentos\\\/\"]}]},{\"@type\":\"BreadcrumbList\",\"@id\":\"https:\\\/\\\/www.aceguarulhos.com.br\\\/blog\\\/f%c3%a1cil-completa-5-anos-com-23-milh%c3%b5es-de-atendimentos\\\/#breadcrumb\",\"itemListElement\":[{\"@type\":\"ListItem\",\"position\":1,\"name\":\"In\u00edcio\",\"item\":\"https:\\\/\\\/www.aceguarulhos.com.br\\\/blog\\\/\"},{\"@type\":\"ListItem\",\"position\":2,\"name\":\"F\u00e1cil completa 5 anos com 2,3 milh\u00f5es de atendimentos\"}]},{\"@type\":\"WebSite\",\"@id\":\"https:\\\/\\\/www.aceguarulhos.com.br\\\/blog\\\/#website\",\"url\":\"https:\\\/\\\/www.aceguarulhos.com.br\\\/blog\\\/\",\"name\":\"ACE-Guarulhos\",\"description\":\"A ACE-Guarulhos \u00e9 uma associa\u00e7\u00e3o que ap\u00f3ia os empres\u00e1rios guarulhenses atrav\u00e9s da representa\u00e7\u00e3o, da gera\u00e7\u00e3o de neg\u00f3cios e presta\u00e7\u00e3o de servi\u00e7os.\",\"publisher\":{\"@id\":\"https:\\\/\\\/www.aceguarulhos.com.br\\\/blog\\\/#organization\"},\"potentialAction\":[{\"@type\":\"SearchAction\",\"target\":{\"@type\":\"EntryPoint\",\"urlTemplate\":\"https:\\\/\\\/www.aceguarulhos.com.br\\\/blog\\\/?s={search_term_string}\"},\"query-input\":{\"@type\":\"PropertyValueSpecification\",\"valueRequired\":true,\"valueName\":\"search_term_string\"}}],\"inLanguage\":\"pt-BR\"},{\"@type\":\"Organization\",\"@id\":\"https:\\\/\\\/www.aceguarulhos.com.br\\\/blog\\\/#organization\",\"name\":\"ACE-Guarulhos\",\"url\":\"https:\\\/\\\/www.aceguarulhos.com.br\\\/blog\\\/\",\"logo\":{\"@type\":\"ImageObject\",\"inLanguage\":\"pt-BR\",\"@id\":\"https:\\\/\\\/www.aceguarulhos.com.br\\\/blog\\\/#\\\/schema\\\/logo\\\/image\\\/\",\"url\":\"https:\\\/\\\/www.aceguarulhos.com.br\\\/blog\\\/wp-content\\\/uploads\\\/2017\\\/12\\\/logo-aceguarulhos-2018.png\",\"contentUrl\":\"https:\\\/\\\/www.aceguarulhos.com.br\\\/blog\\\/wp-content\\\/uploads\\\/2017\\\/12\\\/logo-aceguarulhos-2018.png\",\"width\":419,\"height\":76,\"caption\":\"ACE-Guarulhos\"},\"image\":{\"@id\":\"https:\\\/\\\/www.aceguarulhos.com.br\\\/blog\\\/#\\\/schema\\\/logo\\\/image\\\/\"},\"sameAs\":[\"https:\\\/\\\/www.facebook.com\\\/aceguarulhos\\\/\",\"https:\\\/\\\/br.linkedin.com\\\/in\\\/ace-guarulhos-b9a97093\",\"https:\\\/\\\/www.youtube.com\\\/user\\\/aceguarulhos\"]},{\"@type\":\"Person\",\"@id\":\"https:\\\/\\\/www.aceguarulhos.com.br\\\/blog\\\/#\\\/schema\\\/person\\\/6983b51bad37489989e4f09698c26237\",\"name\":\"Assessoria de Imprensa ACE-Guarulhos\",\"image\":{\"@type\":\"ImageObject\",\"inLanguage\":\"pt-BR\",\"@id\":\"https:\\\/\\\/secure.gravatar.com\\\/avatar\\\/707f3fadd6918afeb64173ab22d8a8cb0676953098a4f31ff36dc2b4c699ef6a?s=96&d=mm&r=g\",\"url\":\"https:\\\/\\\/secure.gravatar.com\\\/avatar\\\/707f3fadd6918afeb64173ab22d8a8cb0676953098a4f31ff36dc2b4c699ef6a?s=96&d=mm&r=g\",\"contentUrl\":\"https:\\\/\\\/secure.gravatar.com\\\/avatar\\\/707f3fadd6918afeb64173ab22d8a8cb0676953098a4f31ff36dc2b4c699ef6a?s=96&d=mm&r=g\",\"caption\":\"Assessoria de Imprensa ACE-Guarulhos\"},\"url\":\"https:\\\/\\\/www.aceguarulhos.com.br\\\/blog\\\/author\\\/assessoria-de-imprensa-ace-guarulhos\\\/\"}]}<\/script>\n<!-- \/ Yoast SEO plugin. -->","yoast_head_json":{"title":"F\u00e1cil completa 5 anos com 2,3 milh\u00f5es de atendimentos  - ACE-Guarulhos","robots":{"index":"index","follow":"follow","max-snippet":"max-snippet:-1","max-image-preview":"max-image-preview:large","max-video-preview":"max-video-preview:-1"},"canonical":"https:\/\/www.aceguarulhos.com.br\/blog\/f\u00e1cil-completa-5-anos-com-23-milh\u00f5es-de-atendimentos\/","og_locale":"pt_BR","og_type":"article","og_title":"F\u00e1cil completa 5 anos com 2,3 milh\u00f5es de atendimentos  - ACE-Guarulhos","og_description":"Neste m\u00eas de agosto, o F\u00e1cil-Central de Atendimento ao Cidad\u00e3o comemora seu quinto anivers\u00e1rio totalizando mais de 2,3 milh\u00f5es de atendimentos em suas","og_url":"https:\/\/www.aceguarulhos.com.br\/blog\/f\u00e1cil-completa-5-anos-com-23-milh\u00f5es-de-atendimentos\/","og_site_name":"ACE-Guarulhos","article_publisher":"https:\/\/www.facebook.com\/aceguarulhos\/","article_published_time":"2007-08-24T01:01:01+00:00","author":"Assessoria de Imprensa ACE-Guarulhos","twitter_card":"summary_large_image","twitter_misc":{"Escrito por":"Assessoria de Imprensa ACE-Guarulhos","Est. tempo de leitura":"3 minutos"},"schema":{"@context":"https:\/\/schema.org","@graph":[{"@type":"Article","@id":"https:\/\/www.aceguarulhos.com.br\/blog\/f%c3%a1cil-completa-5-anos-com-23-milh%c3%b5es-de-atendimentos\/#article","isPartOf":{"@id":"https:\/\/www.aceguarulhos.com.br\/blog\/f%c3%a1cil-completa-5-anos-com-23-milh%c3%b5es-de-atendimentos\/"},"author":{"name":"Assessoria de Imprensa ACE-Guarulhos","@id":"https:\/\/www.aceguarulhos.com.br\/blog\/#\/schema\/person\/6983b51bad37489989e4f09698c26237"},"headline":"F\u00e1cil completa 5 anos com 2,3 milh\u00f5es de atendimentos","datePublished":"2007-08-24T01:01:01+00:00","mainEntityOfPage":{"@id":"https:\/\/www.aceguarulhos.com.br\/blog\/f%c3%a1cil-completa-5-anos-com-23-milh%c3%b5es-de-atendimentos\/"},"wordCount":702,"commentCount":0,"publisher":{"@id":"https:\/\/www.aceguarulhos.com.br\/blog\/#organization"},"articleSection":["Not\u00edcias"],"inLanguage":"pt-BR"},{"@type":"WebPage","@id":"https:\/\/www.aceguarulhos.com.br\/blog\/f%c3%a1cil-completa-5-anos-com-23-milh%c3%b5es-de-atendimentos\/","url":"https:\/\/www.aceguarulhos.com.br\/blog\/f%c3%a1cil-completa-5-anos-com-23-milh%c3%b5es-de-atendimentos\/","name":"F\u00e1cil completa 5 anos com 2,3 milh\u00f5es de atendimentos - ACE-Guarulhos","isPartOf":{"@id":"https:\/\/www.aceguarulhos.com.br\/blog\/#website"},"datePublished":"2007-08-24T01:01:01+00:00","breadcrumb":{"@id":"https:\/\/www.aceguarulhos.com.br\/blog\/f%c3%a1cil-completa-5-anos-com-23-milh%c3%b5es-de-atendimentos\/#breadcrumb"},"inLanguage":"pt-BR","potentialAction":[{"@type":"ReadAction","target":["https:\/\/www.aceguarulhos.com.br\/blog\/f%c3%a1cil-completa-5-anos-com-23-milh%c3%b5es-de-atendimentos\/"]}]},{"@type":"BreadcrumbList","@id":"https:\/\/www.aceguarulhos.com.br\/blog\/f%c3%a1cil-completa-5-anos-com-23-milh%c3%b5es-de-atendimentos\/#breadcrumb","itemListElement":[{"@type":"ListItem","position":1,"name":"In\u00edcio","item":"https:\/\/www.aceguarulhos.com.br\/blog\/"},{"@type":"ListItem","position":2,"name":"F\u00e1cil completa 5 anos com 2,3 milh\u00f5es de atendimentos"}]},{"@type":"WebSite","@id":"https:\/\/www.aceguarulhos.com.br\/blog\/#website","url":"https:\/\/www.aceguarulhos.com.br\/blog\/","name":"ACE-Guarulhos","description":"A ACE-Guarulhos \u00e9 uma associa\u00e7\u00e3o que ap\u00f3ia os empres\u00e1rios guarulhenses atrav\u00e9s da representa\u00e7\u00e3o, da gera\u00e7\u00e3o de neg\u00f3cios e presta\u00e7\u00e3o de servi\u00e7os.","publisher":{"@id":"https:\/\/www.aceguarulhos.com.br\/blog\/#organization"},"potentialAction":[{"@type":"SearchAction","target":{"@type":"EntryPoint","urlTemplate":"https:\/\/www.aceguarulhos.com.br\/blog\/?s={search_term_string}"},"query-input":{"@type":"PropertyValueSpecification","valueRequired":true,"valueName":"search_term_string"}}],"inLanguage":"pt-BR"},{"@type":"Organization","@id":"https:\/\/www.aceguarulhos.com.br\/blog\/#organization","name":"ACE-Guarulhos","url":"https:\/\/www.aceguarulhos.com.br\/blog\/","logo":{"@type":"ImageObject","inLanguage":"pt-BR","@id":"https:\/\/www.aceguarulhos.com.br\/blog\/#\/schema\/logo\/image\/","url":"https:\/\/www.aceguarulhos.com.br\/blog\/wp-content\/uploads\/2017\/12\/logo-aceguarulhos-2018.png","contentUrl":"https:\/\/www.aceguarulhos.com.br\/blog\/wp-content\/uploads\/2017\/12\/logo-aceguarulhos-2018.png","width":419,"height":76,"caption":"ACE-Guarulhos"},"image":{"@id":"https:\/\/www.aceguarulhos.com.br\/blog\/#\/schema\/logo\/image\/"},"sameAs":["https:\/\/www.facebook.com\/aceguarulhos\/","https:\/\/br.linkedin.com\/in\/ace-guarulhos-b9a97093","https:\/\/www.youtube.com\/user\/aceguarulhos"]},{"@type":"Person","@id":"https:\/\/www.aceguarulhos.com.br\/blog\/#\/schema\/person\/6983b51bad37489989e4f09698c26237","name":"Assessoria de Imprensa ACE-Guarulhos","image":{"@type":"ImageObject","inLanguage":"pt-BR","@id":"https:\/\/secure.gravatar.com\/avatar\/707f3fadd6918afeb64173ab22d8a8cb0676953098a4f31ff36dc2b4c699ef6a?s=96&d=mm&r=g","url":"https:\/\/secure.gravatar.com\/avatar\/707f3fadd6918afeb64173ab22d8a8cb0676953098a4f31ff36dc2b4c699ef6a?s=96&d=mm&r=g","contentUrl":"https:\/\/secure.gravatar.com\/avatar\/707f3fadd6918afeb64173ab22d8a8cb0676953098a4f31ff36dc2b4c699ef6a?s=96&d=mm&r=g","caption":"Assessoria de Imprensa ACE-Guarulhos"},"url":"https:\/\/www.aceguarulhos.com.br\/blog\/author\/assessoria-de-imprensa-ace-guarulhos\/"}]}},"wps_subtitle":"","amp_enabled":true,"_links":{"self":[{"href":"https:\/\/www.aceguarulhos.com.br\/blog\/wp-json\/wp\/v2\/posts\/32037","targetHints":{"allow":["GET"]}}],"collection":[{"href":"https:\/\/www.aceguarulhos.com.br\/blog\/wp-json\/wp\/v2\/posts"}],"about":[{"href":"https:\/\/www.aceguarulhos.com.br\/blog\/wp-json\/wp\/v2\/types\/post"}],"author":[{"embeddable":true,"href":"https:\/\/www.aceguarulhos.com.br\/blog\/wp-json\/wp\/v2\/users\/8"}],"replies":[{"embeddable":true,"href":"https:\/\/www.aceguarulhos.com.br\/blog\/wp-json\/wp\/v2\/comments?post=32037"}],"version-history":[{"count":0,"href":"https:\/\/www.aceguarulhos.com.br\/blog\/wp-json\/wp\/v2\/posts\/32037\/revisions"}],"wp:attachment":[{"href":"https:\/\/www.aceguarulhos.com.br\/blog\/wp-json\/wp\/v2\/media?parent=32037"}],"wp:term":[{"taxonomy":"category","embeddable":true,"href":"https:\/\/www.aceguarulhos.com.br\/blog\/wp-json\/wp\/v2\/categories?post=32037"},{"taxonomy":"post_tag","embeddable":true,"href":"https:\/\/www.aceguarulhos.com.br\/blog\/wp-json\/wp\/v2\/tags?post=32037"}],"curies":[{"name":"wp","href":"https:\/\/api.w.org\/{rel}","templated":true}]}}