{"id":32011,"date":"2007-08-20T14:01:04","date_gmt":"2007-08-20T14:01:04","guid":{"rendered":"http:\/\/www.aceguarulhos.com.br\/blog\/?p=32011"},"modified":"-0001-11-30T00:00:00","modified_gmt":"-0001-11-30T03:00:00","slug":"cansei-de-esperar-p%c3%a1ra-aeroporto-de-guarulhos","status":"publish","type":"post","link":"https:\/\/www.aceguarulhos.com.br\/blog\/cansei-de-esperar-p%c3%a1ra-aeroporto-de-guarulhos\/","title":{"rendered":"Cansei de Esperar p\u00e1ra Aeroporto de Guarulhos"},"content":{"rendered":"<p>O movimento \u201cCansei de Esperar \u2013 3\u00aa Pista J\u00e1\u201d realizou um minuto de sil\u00eancio no sagu\u00e3o do Aeroporto Internacional de S\u00e3o Paulo\/Guarulhos, na sexta-feira, 17, \u00e0s 13h. Organizado por sete entidades empresariais e sindicais da cidade, o ato engrossou o Cansei \u2013 Movimento C\u00edvico pelo Direito dos Brasileiros \u2013, liderado pela OAB-SP<\/p>\n<p>O movimento teve in\u00edcio \u00e0s 10h com uma concentra\u00e7\u00e3o em frente ao Bosque Maia, na regi\u00e3o central de Guarulhos. De l\u00e1, mais de 50 carros e tr\u00eas \u00f4nibus seguiram em carreata at\u00e9 o Aeroporto Internacional Andr\u00e9 Franco Montoro, em Cumbica.<\/p>\n<p><center><\/p>\n<p class=\"midia\" style=\"width: 420px;\"><img loading=\"lazy\" decoding=\"async\" src=\"\/blog\/wp-content\/uploads\/image.php?x=i&amp;i1=100&amp;i2=20070820141416\" title=\"Imprensa ACE\" height=\"315\" width=\"420\"><br \/>Manifesta\u00e7\u00e3o reuniu 200 pessoas no Aeroporto de Guarulhos<\/p>\n<p><\/center><\/p>\n<p>No sagu\u00e3o de desembarque do Terminal 1 do Aeroporto, as principais lideran\u00e7as do \u201cCansei de esperar \u2013 3\u00aa Pista J\u00e1\u201d discursaram em defesa da constru\u00e7\u00e3o da terceira pista no Aeroporto de Guarulhos, como forma de solucionar os problemas enfrentados pelo setor a\u00e9reo na Grande S\u00e3o Paulo. <\/p>\n<p>Precisamente \u00e0s 13h, cerca de 200 pessoas que aderiram ao movimento, de m\u00e3o dadas, realizaram o minuto de sil\u00eancio. Em seguida, cantaram o hino nacional e rezaram um Pai Nosso em homenagem \u00e0s 199 v\u00edtimas com o avi\u00e3o da TAM, ocorrido no Aeroporto de Congonhas, um m\u00eas atr\u00e1s.<\/p>\n<p>\u201cParece que o governo espera a porta arrombar para colocar o cadeado\u201d, disse o presidente da OAB-Guarulhos, Airton Trevisan. \u201cQueremos que a popula\u00e7\u00e3o se movimente e cobre solu\u00e7\u00f5es\u201d, acrescentou. <\/p>\n<p><center><\/p>\n<p class=\"midia\" style=\"width: 420px;\"><img loading=\"lazy\" decoding=\"async\" src=\"\/blog\/wp-content\/uploads\/image.php?x=i&amp;i1=100&amp;i2=20070820141513\" title=\"Imprensa ACE\" height=\"315\" width=\"420\"><br \/>O presidente da ACE-Guarulhos, Wilson Louren\u00e7o fala aos presentes<\/p>\n<p><\/center><\/p>\n<p>O presidente da ACE (Associa\u00e7\u00e3o Comercial e Empresarial de Guarulhos), Wilson Louren\u00e7o, disse que a cidade n\u00e3o pode ficar parada em meio a esta indecis\u00e3o. \u201cA popula\u00e7\u00e3o dos bairros vizinhos ao aeroporto n\u00e3o sabe o que fazer. Ningu\u00e9m na regi\u00e3o quer mais investir em im\u00f3veis e no com\u00e9rcio por causa da incerteza. O poder p\u00fablico tem de fazer a sua parte\u201d afirmou.<\/p>\n<p>J\u00e1 Decio Pomp\u00eao Junior, Diretor de Rela\u00e7\u00f5es Institucionais da ACE-Guarulhos acredita que as entidades guarulhenses cumpriram com o seu papel. \u201cMostramos a for\u00e7a que as entidades t\u00eam, ainda mais quando unidas desta forma. Nossa manifesta\u00e7\u00e3o foi organizada, pac\u00edfica e s\u00e9ria. Todos entenderam a necessidade da constru\u00e7\u00e3o da 3\u00aa pista\u201d, declarou.<\/p>\n<p>O movimento \u201cCansei de esperar \u2013 3\u00aa Pista J\u00e1\u201d teve a organiza\u00e7\u00e3o da OAB Guarulhos, ACE (Associa\u00e7\u00e3o Comercial e Empresarial) de Guarulhos, ASEC (Associa\u00e7\u00e3o dos Empres\u00e1rios de Cumbica), For\u00e7a Sindical Alto Tiet\u00ea, Guarulhos Convention Bureau, Viva Guarulhos e Asseag (Associa\u00e7\u00e3o dos Engenheiros e Arquitetos de Guarulhos).<\/p>\n<p><center><\/p>\n<p class=\"midia\" style=\"width: 420px;\"><img loading=\"lazy\" decoding=\"async\" src=\"\/blog\/wp-content\/uploads\/image.php?x=i&amp;i1=100&amp;i2=20070820141604\" title=\"Imprensa ACE\" height=\"315\" width=\"420\"><br \/>Decio Pomp\u00eao pediu uma r\u00e1pida solu\u00e7\u00e3o<\/p>\n<p><\/center><\/p>\n<p>Cansei de Esperar \u2013 Terceira Pista J\u00e1<\/p>\n<p>&#8211; Defini\u00e7\u00e3o imediata sobre a constru\u00e7\u00e3o da Terceira Pista do Aeroporto Internacional de S\u00e3o Paulo\/Guarulhos Andr\u00e9 Franco Montoro;<\/p>\n<p>&#8211; Defini\u00e7\u00e3o de solu\u00e7\u00f5es para a realoca\u00e7\u00e3o das aproximadamente cinco mil fam\u00edlias que vivem em \u00e1reas a serem desapropriadas;<\/p>\n<p>&#8211; Participa\u00e7\u00e3o dos processos de libera\u00e7\u00e3o da \u00e1rea para a constru\u00e7\u00e3o, em um esfor\u00e7o conjunto para superar as quest\u00f5es legais que atrasam a efetiva\u00e7\u00e3o da obra;<\/p>\n<p>&#8211; Defini\u00e7\u00e3o de um Plano Diretor para toda a regi\u00e3o no entorno do Aeroporto Internacional, para evitar a ocupa\u00e7\u00e3o desordenada das \u00e1reas pr\u00f3ximas.<\/p>\n","protected":false},"excerpt":{"rendered":"O movimento \u201cCansei de Esperar \u2013 3\u00aa Pista J\u00e1\u201d realizou um minuto de sil\u00eancio no sagu\u00e3o do Aeroporto Internacional de S\u00e3o Paulo\/Guarulhos, na \n<a class=\"moretag\" href=\"https:\/\/www.aceguarulhos.com.br\/blog\/cansei-de-esperar-p%c3%a1ra-aeroporto-de-guarulhos\/\"> [...]<\/a>","protected":false},"author":8,"featured_media":0,"comment_status":"open","ping_status":"open","sticky":false,"template":"","format":"standard","meta":{"footnotes":""},"categories":[2],"tags":[],"class_list":["post-32011","post","type-post","status-publish","format-standard","hentry","category-noticias"],"yoast_head":"<!-- This site is optimized with the Yoast SEO plugin v28.1 - https:\/\/yoast.com\/product\/yoast-seo-wordpress\/ -->\n<title>Cansei de Esperar p\u00e1ra Aeroporto de Guarulhos - ACE-Guarulhos<\/title>\n<meta name=\"robots\" content=\"index, follow, max-snippet:-1, max-image-preview:large, max-video-preview:-1\" \/>\n<link rel=\"canonical\" href=\"https:\/\/www.aceguarulhos.com.br\/blog\/cansei-de-esperar-p\u00e1ra-aeroporto-de-guarulhos\/\" \/>\n<meta property=\"og:locale\" content=\"pt_BR\" \/>\n<meta property=\"og:type\" content=\"article\" \/>\n<meta property=\"og:title\" content=\"Cansei de Esperar p\u00e1ra Aeroporto de Guarulhos - ACE-Guarulhos\" \/>\n<meta property=\"og:description\" content=\"O movimento \u201cCansei de Esperar \u2013 3\u00aa Pista J\u00e1\u201d realizou um minuto de sil\u00eancio no sagu\u00e3o do Aeroporto Internacional de S\u00e3o Paulo\/Guarulhos, na\" \/>\n<meta property=\"og:url\" content=\"https:\/\/www.aceguarulhos.com.br\/blog\/cansei-de-esperar-p\u00e1ra-aeroporto-de-guarulhos\/\" \/>\n<meta property=\"og:site_name\" content=\"ACE-Guarulhos\" \/>\n<meta property=\"article:publisher\" content=\"https:\/\/www.facebook.com\/aceguarulhos\/\" \/>\n<meta property=\"article:published_time\" content=\"2007-08-20T14:01:04+00:00\" \/>\n<meta property=\"og:image\" content=\"https:\/\/www.aceguarulhos.com.br\/blog\/wp-content\/uploads\/image.php\" \/>\n<meta name=\"author\" content=\"Assessoria de Imprensa ACE-Guarulhos\" \/>\n<meta name=\"twitter:card\" content=\"summary_large_image\" \/>\n<meta name=\"twitter:label1\" content=\"Escrito por\" \/>\n\t<meta name=\"twitter:data1\" content=\"Assessoria de Imprensa ACE-Guarulhos\" \/>\n\t<meta name=\"twitter:label2\" content=\"Est. tempo de leitura\" \/>\n\t<meta name=\"twitter:data2\" content=\"3 minutos\" \/>\n<script type=\"application\/ld+json\" class=\"yoast-schema-graph\">{\"@context\":\"https:\\\/\\\/schema.org\",\"@graph\":[{\"@type\":\"Article\",\"@id\":\"https:\\\/\\\/www.aceguarulhos.com.br\\\/blog\\\/cansei-de-esperar-p%c3%a1ra-aeroporto-de-guarulhos\\\/#article\",\"isPartOf\":{\"@id\":\"https:\\\/\\\/www.aceguarulhos.com.br\\\/blog\\\/cansei-de-esperar-p%c3%a1ra-aeroporto-de-guarulhos\\\/\"},\"author\":{\"name\":\"Assessoria de Imprensa ACE-Guarulhos\",\"@id\":\"https:\\\/\\\/www.aceguarulhos.com.br\\\/blog\\\/#\\\/schema\\\/person\\\/6983b51bad37489989e4f09698c26237\"},\"headline\":\"Cansei de Esperar p\u00e1ra Aeroporto de Guarulhos\",\"datePublished\":\"2007-08-20T14:01:04+00:00\",\"mainEntityOfPage\":{\"@id\":\"https:\\\/\\\/www.aceguarulhos.com.br\\\/blog\\\/cansei-de-esperar-p%c3%a1ra-aeroporto-de-guarulhos\\\/\"},\"wordCount\":551,\"commentCount\":0,\"publisher\":{\"@id\":\"https:\\\/\\\/www.aceguarulhos.com.br\\\/blog\\\/#organization\"},\"articleSection\":[\"Not\u00edcias\"],\"inLanguage\":\"pt-BR\"},{\"@type\":\"WebPage\",\"@id\":\"https:\\\/\\\/www.aceguarulhos.com.br\\\/blog\\\/cansei-de-esperar-p%c3%a1ra-aeroporto-de-guarulhos\\\/\",\"url\":\"https:\\\/\\\/www.aceguarulhos.com.br\\\/blog\\\/cansei-de-esperar-p%c3%a1ra-aeroporto-de-guarulhos\\\/\",\"name\":\"Cansei de Esperar p\u00e1ra Aeroporto de Guarulhos - ACE-Guarulhos\",\"isPartOf\":{\"@id\":\"https:\\\/\\\/www.aceguarulhos.com.br\\\/blog\\\/#website\"},\"datePublished\":\"2007-08-20T14:01:04+00:00\",\"breadcrumb\":{\"@id\":\"https:\\\/\\\/www.aceguarulhos.com.br\\\/blog\\\/cansei-de-esperar-p%c3%a1ra-aeroporto-de-guarulhos\\\/#breadcrumb\"},\"inLanguage\":\"pt-BR\",\"potentialAction\":[{\"@type\":\"ReadAction\",\"target\":[\"https:\\\/\\\/www.aceguarulhos.com.br\\\/blog\\\/cansei-de-esperar-p%c3%a1ra-aeroporto-de-guarulhos\\\/\"]}]},{\"@type\":\"BreadcrumbList\",\"@id\":\"https:\\\/\\\/www.aceguarulhos.com.br\\\/blog\\\/cansei-de-esperar-p%c3%a1ra-aeroporto-de-guarulhos\\\/#breadcrumb\",\"itemListElement\":[{\"@type\":\"ListItem\",\"position\":1,\"name\":\"In\u00edcio\",\"item\":\"https:\\\/\\\/www.aceguarulhos.com.br\\\/blog\\\/\"},{\"@type\":\"ListItem\",\"position\":2,\"name\":\"Cansei de Esperar p\u00e1ra Aeroporto de Guarulhos\"}]},{\"@type\":\"WebSite\",\"@id\":\"https:\\\/\\\/www.aceguarulhos.com.br\\\/blog\\\/#website\",\"url\":\"https:\\\/\\\/www.aceguarulhos.com.br\\\/blog\\\/\",\"name\":\"ACE-Guarulhos\",\"description\":\"A ACE-Guarulhos \u00e9 uma associa\u00e7\u00e3o que ap\u00f3ia os empres\u00e1rios guarulhenses atrav\u00e9s da representa\u00e7\u00e3o, da gera\u00e7\u00e3o de neg\u00f3cios e presta\u00e7\u00e3o de servi\u00e7os.\",\"publisher\":{\"@id\":\"https:\\\/\\\/www.aceguarulhos.com.br\\\/blog\\\/#organization\"},\"potentialAction\":[{\"@type\":\"SearchAction\",\"target\":{\"@type\":\"EntryPoint\",\"urlTemplate\":\"https:\\\/\\\/www.aceguarulhos.com.br\\\/blog\\\/?s={search_term_string}\"},\"query-input\":{\"@type\":\"PropertyValueSpecification\",\"valueRequired\":true,\"valueName\":\"search_term_string\"}}],\"inLanguage\":\"pt-BR\"},{\"@type\":\"Organization\",\"@id\":\"https:\\\/\\\/www.aceguarulhos.com.br\\\/blog\\\/#organization\",\"name\":\"ACE-Guarulhos\",\"url\":\"https:\\\/\\\/www.aceguarulhos.com.br\\\/blog\\\/\",\"logo\":{\"@type\":\"ImageObject\",\"inLanguage\":\"pt-BR\",\"@id\":\"https:\\\/\\\/www.aceguarulhos.com.br\\\/blog\\\/#\\\/schema\\\/logo\\\/image\\\/\",\"url\":\"https:\\\/\\\/www.aceguarulhos.com.br\\\/blog\\\/wp-content\\\/uploads\\\/2017\\\/12\\\/logo-aceguarulhos-2018.png\",\"contentUrl\":\"https:\\\/\\\/www.aceguarulhos.com.br\\\/blog\\\/wp-content\\\/uploads\\\/2017\\\/12\\\/logo-aceguarulhos-2018.png\",\"width\":419,\"height\":76,\"caption\":\"ACE-Guarulhos\"},\"image\":{\"@id\":\"https:\\\/\\\/www.aceguarulhos.com.br\\\/blog\\\/#\\\/schema\\\/logo\\\/image\\\/\"},\"sameAs\":[\"https:\\\/\\\/www.facebook.com\\\/aceguarulhos\\\/\",\"https:\\\/\\\/br.linkedin.com\\\/in\\\/ace-guarulhos-b9a97093\",\"https:\\\/\\\/www.youtube.com\\\/user\\\/aceguarulhos\"]},{\"@type\":\"Person\",\"@id\":\"https:\\\/\\\/www.aceguarulhos.com.br\\\/blog\\\/#\\\/schema\\\/person\\\/6983b51bad37489989e4f09698c26237\",\"name\":\"Assessoria de Imprensa ACE-Guarulhos\",\"image\":{\"@type\":\"ImageObject\",\"inLanguage\":\"pt-BR\",\"@id\":\"https:\\\/\\\/secure.gravatar.com\\\/avatar\\\/707f3fadd6918afeb64173ab22d8a8cb0676953098a4f31ff36dc2b4c699ef6a?s=96&d=mm&r=g\",\"url\":\"https:\\\/\\\/secure.gravatar.com\\\/avatar\\\/707f3fadd6918afeb64173ab22d8a8cb0676953098a4f31ff36dc2b4c699ef6a?s=96&d=mm&r=g\",\"contentUrl\":\"https:\\\/\\\/secure.gravatar.com\\\/avatar\\\/707f3fadd6918afeb64173ab22d8a8cb0676953098a4f31ff36dc2b4c699ef6a?s=96&d=mm&r=g\",\"caption\":\"Assessoria de Imprensa ACE-Guarulhos\"},\"url\":\"https:\\\/\\\/www.aceguarulhos.com.br\\\/blog\\\/author\\\/assessoria-de-imprensa-ace-guarulhos\\\/\"}]}<\/script>\n<!-- \/ Yoast SEO plugin. -->","yoast_head_json":{"title":"Cansei de Esperar p\u00e1ra Aeroporto de Guarulhos - ACE-Guarulhos","robots":{"index":"index","follow":"follow","max-snippet":"max-snippet:-1","max-image-preview":"max-image-preview:large","max-video-preview":"max-video-preview:-1"},"canonical":"https:\/\/www.aceguarulhos.com.br\/blog\/cansei-de-esperar-p\u00e1ra-aeroporto-de-guarulhos\/","og_locale":"pt_BR","og_type":"article","og_title":"Cansei de Esperar p\u00e1ra Aeroporto de Guarulhos - ACE-Guarulhos","og_description":"O movimento \u201cCansei de Esperar \u2013 3\u00aa Pista J\u00e1\u201d realizou um minuto de sil\u00eancio no sagu\u00e3o do Aeroporto Internacional de S\u00e3o Paulo\/Guarulhos, na","og_url":"https:\/\/www.aceguarulhos.com.br\/blog\/cansei-de-esperar-p\u00e1ra-aeroporto-de-guarulhos\/","og_site_name":"ACE-Guarulhos","article_publisher":"https:\/\/www.facebook.com\/aceguarulhos\/","article_published_time":"2007-08-20T14:01:04+00:00","og_image":[{"url":"https:\/\/www.aceguarulhos.com.br\/blog\/wp-content\/uploads\/image.php","type":"","width":"","height":""}],"author":"Assessoria de Imprensa ACE-Guarulhos","twitter_card":"summary_large_image","twitter_misc":{"Escrito por":"Assessoria de Imprensa ACE-Guarulhos","Est. tempo de leitura":"3 minutos"},"schema":{"@context":"https:\/\/schema.org","@graph":[{"@type":"Article","@id":"https:\/\/www.aceguarulhos.com.br\/blog\/cansei-de-esperar-p%c3%a1ra-aeroporto-de-guarulhos\/#article","isPartOf":{"@id":"https:\/\/www.aceguarulhos.com.br\/blog\/cansei-de-esperar-p%c3%a1ra-aeroporto-de-guarulhos\/"},"author":{"name":"Assessoria de Imprensa ACE-Guarulhos","@id":"https:\/\/www.aceguarulhos.com.br\/blog\/#\/schema\/person\/6983b51bad37489989e4f09698c26237"},"headline":"Cansei de Esperar p\u00e1ra Aeroporto de Guarulhos","datePublished":"2007-08-20T14:01:04+00:00","mainEntityOfPage":{"@id":"https:\/\/www.aceguarulhos.com.br\/blog\/cansei-de-esperar-p%c3%a1ra-aeroporto-de-guarulhos\/"},"wordCount":551,"commentCount":0,"publisher":{"@id":"https:\/\/www.aceguarulhos.com.br\/blog\/#organization"},"articleSection":["Not\u00edcias"],"inLanguage":"pt-BR"},{"@type":"WebPage","@id":"https:\/\/www.aceguarulhos.com.br\/blog\/cansei-de-esperar-p%c3%a1ra-aeroporto-de-guarulhos\/","url":"https:\/\/www.aceguarulhos.com.br\/blog\/cansei-de-esperar-p%c3%a1ra-aeroporto-de-guarulhos\/","name":"Cansei de Esperar p\u00e1ra Aeroporto de Guarulhos - ACE-Guarulhos","isPartOf":{"@id":"https:\/\/www.aceguarulhos.com.br\/blog\/#website"},"datePublished":"2007-08-20T14:01:04+00:00","breadcrumb":{"@id":"https:\/\/www.aceguarulhos.com.br\/blog\/cansei-de-esperar-p%c3%a1ra-aeroporto-de-guarulhos\/#breadcrumb"},"inLanguage":"pt-BR","potentialAction":[{"@type":"ReadAction","target":["https:\/\/www.aceguarulhos.com.br\/blog\/cansei-de-esperar-p%c3%a1ra-aeroporto-de-guarulhos\/"]}]},{"@type":"BreadcrumbList","@id":"https:\/\/www.aceguarulhos.com.br\/blog\/cansei-de-esperar-p%c3%a1ra-aeroporto-de-guarulhos\/#breadcrumb","itemListElement":[{"@type":"ListItem","position":1,"name":"In\u00edcio","item":"https:\/\/www.aceguarulhos.com.br\/blog\/"},{"@type":"ListItem","position":2,"name":"Cansei de Esperar p\u00e1ra Aeroporto de Guarulhos"}]},{"@type":"WebSite","@id":"https:\/\/www.aceguarulhos.com.br\/blog\/#website","url":"https:\/\/www.aceguarulhos.com.br\/blog\/","name":"ACE-Guarulhos","description":"A ACE-Guarulhos \u00e9 uma associa\u00e7\u00e3o que ap\u00f3ia os empres\u00e1rios guarulhenses atrav\u00e9s da representa\u00e7\u00e3o, da gera\u00e7\u00e3o de neg\u00f3cios e presta\u00e7\u00e3o de servi\u00e7os.","publisher":{"@id":"https:\/\/www.aceguarulhos.com.br\/blog\/#organization"},"potentialAction":[{"@type":"SearchAction","target":{"@type":"EntryPoint","urlTemplate":"https:\/\/www.aceguarulhos.com.br\/blog\/?s={search_term_string}"},"query-input":{"@type":"PropertyValueSpecification","valueRequired":true,"valueName":"search_term_string"}}],"inLanguage":"pt-BR"},{"@type":"Organization","@id":"https:\/\/www.aceguarulhos.com.br\/blog\/#organization","name":"ACE-Guarulhos","url":"https:\/\/www.aceguarulhos.com.br\/blog\/","logo":{"@type":"ImageObject","inLanguage":"pt-BR","@id":"https:\/\/www.aceguarulhos.com.br\/blog\/#\/schema\/logo\/image\/","url":"https:\/\/www.aceguarulhos.com.br\/blog\/wp-content\/uploads\/2017\/12\/logo-aceguarulhos-2018.png","contentUrl":"https:\/\/www.aceguarulhos.com.br\/blog\/wp-content\/uploads\/2017\/12\/logo-aceguarulhos-2018.png","width":419,"height":76,"caption":"ACE-Guarulhos"},"image":{"@id":"https:\/\/www.aceguarulhos.com.br\/blog\/#\/schema\/logo\/image\/"},"sameAs":["https:\/\/www.facebook.com\/aceguarulhos\/","https:\/\/br.linkedin.com\/in\/ace-guarulhos-b9a97093","https:\/\/www.youtube.com\/user\/aceguarulhos"]},{"@type":"Person","@id":"https:\/\/www.aceguarulhos.com.br\/blog\/#\/schema\/person\/6983b51bad37489989e4f09698c26237","name":"Assessoria de Imprensa ACE-Guarulhos","image":{"@type":"ImageObject","inLanguage":"pt-BR","@id":"https:\/\/secure.gravatar.com\/avatar\/707f3fadd6918afeb64173ab22d8a8cb0676953098a4f31ff36dc2b4c699ef6a?s=96&d=mm&r=g","url":"https:\/\/secure.gravatar.com\/avatar\/707f3fadd6918afeb64173ab22d8a8cb0676953098a4f31ff36dc2b4c699ef6a?s=96&d=mm&r=g","contentUrl":"https:\/\/secure.gravatar.com\/avatar\/707f3fadd6918afeb64173ab22d8a8cb0676953098a4f31ff36dc2b4c699ef6a?s=96&d=mm&r=g","caption":"Assessoria de Imprensa ACE-Guarulhos"},"url":"https:\/\/www.aceguarulhos.com.br\/blog\/author\/assessoria-de-imprensa-ace-guarulhos\/"}]}},"wps_subtitle":"","amp_enabled":true,"_links":{"self":[{"href":"https:\/\/www.aceguarulhos.com.br\/blog\/wp-json\/wp\/v2\/posts\/32011","targetHints":{"allow":["GET"]}}],"collection":[{"href":"https:\/\/www.aceguarulhos.com.br\/blog\/wp-json\/wp\/v2\/posts"}],"about":[{"href":"https:\/\/www.aceguarulhos.com.br\/blog\/wp-json\/wp\/v2\/types\/post"}],"author":[{"embeddable":true,"href":"https:\/\/www.aceguarulhos.com.br\/blog\/wp-json\/wp\/v2\/users\/8"}],"replies":[{"embeddable":true,"href":"https:\/\/www.aceguarulhos.com.br\/blog\/wp-json\/wp\/v2\/comments?post=32011"}],"version-history":[{"count":0,"href":"https:\/\/www.aceguarulhos.com.br\/blog\/wp-json\/wp\/v2\/posts\/32011\/revisions"}],"wp:attachment":[{"href":"https:\/\/www.aceguarulhos.com.br\/blog\/wp-json\/wp\/v2\/media?parent=32011"}],"wp:term":[{"taxonomy":"category","embeddable":true,"href":"https:\/\/www.aceguarulhos.com.br\/blog\/wp-json\/wp\/v2\/categories?post=32011"},{"taxonomy":"post_tag","embeddable":true,"href":"https:\/\/www.aceguarulhos.com.br\/blog\/wp-json\/wp\/v2\/tags?post=32011"}],"curies":[{"name":"wp","href":"https:\/\/api.w.org\/{rel}","templated":true}]}}