{"id":31982,"date":"2007-08-14T16:34:32","date_gmt":"2007-08-14T16:34:32","guid":{"rendered":"http:\/\/www.aceguarulhos.com.br\/blog\/?p=31982"},"modified":"-0001-11-30T00:00:00","modified_gmt":"-0001-11-30T03:00:00","slug":"sp-poder%c3%a1-ter-lei-geral-pr%c3%b3pria","status":"publish","type":"post","link":"https:\/\/www.aceguarulhos.com.br\/blog\/sp-poder%c3%a1-ter-lei-geral-pr%c3%b3pria\/","title":{"rendered":"SP poder\u00e1 ter Lei Geral pr\u00f3pria"},"content":{"rendered":"<p>O secret\u00e1rio estadual de Emprego e Rela\u00e7\u00f5es do Trabalho, Guilherme Afif Domingos, informou que a Lei Geral da Micro e Pequena Empresa do Estado de S\u00e3o Paulo dever\u00e1 ser enviada at\u00e9 o final deste m\u00eas para vota\u00e7\u00e3o na Assembl\u00e9ia Legislativa paulista. &#8220;Ser\u00e1 um grande passo para compatibilizar a lei na mesma dire\u00e7\u00e3o, nas tr\u00eas esferas \u2013 Uni\u00e3o, estados e munic\u00edpios&#8221;, disse. <\/p>\n<p>Afif salientou que o projeto de transpar\u00eancia tribut\u00e1ria &#8220;De Olho no Imposto&#8221; j\u00e1 foi aprovado no Senado Federal e enviado \u00e0 C\u00e2mara dos Deputados, sob a relatoria do deputado federal Guilherme Campos (DEM). &#8220;Temos que promover uma mobiliza\u00e7\u00e3o para sua aprova\u00e7\u00e3o, porque a reforma tribut\u00e1ria s\u00f3 vai acontecer quando o povo souber o quanto paga de impostos, coisa que hoje n\u00e3o sabe&#8221;, explicou. <\/p>\n<p>Durante palestra no Sindicato da Habita\u00e7\u00e3o (Secovi), o secret\u00e1rio Afif observou que a aprova\u00e7\u00e3o da Lei Geral paulista abrir\u00e1 caminho para &#8220;instruir&#8221; os 645 munic\u00edpios a votar leis semelhantes em suas c\u00e2maras municipais. Com isso, salientou Afif, ser\u00e1 mais f\u00e1cil p\u00f4r em pr\u00e1tica as a\u00e7\u00f5es previstas pela secretaria nas \u00e1reas de qualifica\u00e7\u00e3o, incentivo ao empreendedorismo, e, sobretudo, desburocratiza\u00e7\u00e3o. <\/p>\n<p>Afif lembrou que a Funda\u00e7\u00e3o Seade est\u00e1 fazendo um grande diagn\u00f3stico para conhecer as reais necessidades de requalifica\u00e7\u00e3o para o trabalho em cada regi\u00e3o do estado. Na \u00e1rea de incentivo ao empreendedorismo, est\u00e1 mantida a meta de reduzir de 150 dias para 15 dias o prazo para abertura de empresas no estado, com foco nas micros e pequenas empresas, &#8220;que representam 80% do universo paulista&#8221;. <\/p>\n<p>A luta pela desburocratiza\u00e7\u00e3o buscar\u00e1 a simplifica\u00e7\u00e3o tribut\u00e1ria e a aprova\u00e7\u00e3o, dentro da Lei Geral, dos MEI (Microempreendedor Individual), para quem fatura at\u00e9 R$ 36 mil por ano, como meio de regularizar a vida de cerca de 3,6 milh\u00f5es de pessoas que hoje atuam na informalidade. &#8220;A formaliza\u00e7\u00e3o ser\u00e1 um programa social maior do que qualquer bolsa j\u00e1 conhecida&#8221;, disse. <\/p>\n<p>Alencar Burti, presidente da Associa\u00e7\u00e3o Comercial de S\u00e3o Paulo (ACSP), alertou que a desburocratiza\u00e7\u00e3o poder\u00e1 reduzir pela metade os custos das micros e pequenas empresas. &#8220;Isso vai garantir sua sobreviv\u00eancia e promover a inclus\u00e3o social pelo trabalho&#8221;, observou. O presidente do Secovi, Romeu Chap Chap, vai apoiar tamb\u00e9m a luta da secretaria para promover a legaliza\u00e7\u00e3o dos im\u00f3veis populares, impedida hoje por causa do elevado custo das escrituras. <\/p>\n","protected":false},"excerpt":{"rendered":"O secret\u00e1rio estadual de Emprego e Rela\u00e7\u00f5es do Trabalho, Guilherme Afif Domingos, informou que a Lei Geral da Micro e Pequena Empresa do \n<a class=\"moretag\" href=\"https:\/\/www.aceguarulhos.com.br\/blog\/sp-poder%c3%a1-ter-lei-geral-pr%c3%b3pria\/\"> [...]<\/a>","protected":false},"author":8,"featured_media":0,"comment_status":"open","ping_status":"open","sticky":false,"template":"","format":"standard","meta":{"footnotes":""},"categories":[2],"tags":[],"class_list":["post-31982","post","type-post","status-publish","format-standard","hentry","category-noticias"],"yoast_head":"<!-- This site is optimized with the Yoast SEO plugin v28.1 - https:\/\/yoast.com\/product\/yoast-seo-wordpress\/ -->\n<title>SP poder\u00e1 ter Lei Geral pr\u00f3pria  - ACE-Guarulhos<\/title>\n<meta name=\"robots\" content=\"index, follow, max-snippet:-1, max-image-preview:large, max-video-preview:-1\" \/>\n<link rel=\"canonical\" href=\"https:\/\/www.aceguarulhos.com.br\/blog\/sp-poder\u00e1-ter-lei-geral-pr\u00f3pria\/\" \/>\n<meta property=\"og:locale\" content=\"pt_BR\" \/>\n<meta property=\"og:type\" content=\"article\" \/>\n<meta property=\"og:title\" content=\"SP poder\u00e1 ter Lei Geral pr\u00f3pria  - ACE-Guarulhos\" \/>\n<meta property=\"og:description\" content=\"O secret\u00e1rio estadual de Emprego e Rela\u00e7\u00f5es do Trabalho, Guilherme Afif Domingos, informou que a Lei Geral da Micro e Pequena Empresa do\" \/>\n<meta property=\"og:url\" content=\"https:\/\/www.aceguarulhos.com.br\/blog\/sp-poder\u00e1-ter-lei-geral-pr\u00f3pria\/\" \/>\n<meta property=\"og:site_name\" content=\"ACE-Guarulhos\" \/>\n<meta property=\"article:publisher\" content=\"https:\/\/www.facebook.com\/aceguarulhos\/\" \/>\n<meta property=\"article:published_time\" content=\"2007-08-14T16:34:32+00:00\" \/>\n<meta name=\"author\" content=\"Assessoria de Imprensa ACE-Guarulhos\" \/>\n<meta name=\"twitter:card\" content=\"summary_large_image\" \/>\n<meta name=\"twitter:label1\" content=\"Escrito por\" \/>\n\t<meta name=\"twitter:data1\" content=\"Assessoria de Imprensa ACE-Guarulhos\" \/>\n\t<meta name=\"twitter:label2\" content=\"Est. tempo de leitura\" \/>\n\t<meta name=\"twitter:data2\" content=\"2 minutos\" \/>\n<script type=\"application\/ld+json\" class=\"yoast-schema-graph\">{\"@context\":\"https:\\\/\\\/schema.org\",\"@graph\":[{\"@type\":\"Article\",\"@id\":\"https:\\\/\\\/www.aceguarulhos.com.br\\\/blog\\\/sp-poder%c3%a1-ter-lei-geral-pr%c3%b3pria\\\/#article\",\"isPartOf\":{\"@id\":\"https:\\\/\\\/www.aceguarulhos.com.br\\\/blog\\\/sp-poder%c3%a1-ter-lei-geral-pr%c3%b3pria\\\/\"},\"author\":{\"name\":\"Assessoria de Imprensa ACE-Guarulhos\",\"@id\":\"https:\\\/\\\/www.aceguarulhos.com.br\\\/blog\\\/#\\\/schema\\\/person\\\/6983b51bad37489989e4f09698c26237\"},\"headline\":\"SP poder\u00e1 ter Lei Geral pr\u00f3pria\",\"datePublished\":\"2007-08-14T16:34:32+00:00\",\"mainEntityOfPage\":{\"@id\":\"https:\\\/\\\/www.aceguarulhos.com.br\\\/blog\\\/sp-poder%c3%a1-ter-lei-geral-pr%c3%b3pria\\\/\"},\"wordCount\":420,\"commentCount\":0,\"publisher\":{\"@id\":\"https:\\\/\\\/www.aceguarulhos.com.br\\\/blog\\\/#organization\"},\"articleSection\":[\"Not\u00edcias\"],\"inLanguage\":\"pt-BR\"},{\"@type\":\"WebPage\",\"@id\":\"https:\\\/\\\/www.aceguarulhos.com.br\\\/blog\\\/sp-poder%c3%a1-ter-lei-geral-pr%c3%b3pria\\\/\",\"url\":\"https:\\\/\\\/www.aceguarulhos.com.br\\\/blog\\\/sp-poder%c3%a1-ter-lei-geral-pr%c3%b3pria\\\/\",\"name\":\"SP poder\u00e1 ter Lei Geral pr\u00f3pria - ACE-Guarulhos\",\"isPartOf\":{\"@id\":\"https:\\\/\\\/www.aceguarulhos.com.br\\\/blog\\\/#website\"},\"datePublished\":\"2007-08-14T16:34:32+00:00\",\"breadcrumb\":{\"@id\":\"https:\\\/\\\/www.aceguarulhos.com.br\\\/blog\\\/sp-poder%c3%a1-ter-lei-geral-pr%c3%b3pria\\\/#breadcrumb\"},\"inLanguage\":\"pt-BR\",\"potentialAction\":[{\"@type\":\"ReadAction\",\"target\":[\"https:\\\/\\\/www.aceguarulhos.com.br\\\/blog\\\/sp-poder%c3%a1-ter-lei-geral-pr%c3%b3pria\\\/\"]}]},{\"@type\":\"BreadcrumbList\",\"@id\":\"https:\\\/\\\/www.aceguarulhos.com.br\\\/blog\\\/sp-poder%c3%a1-ter-lei-geral-pr%c3%b3pria\\\/#breadcrumb\",\"itemListElement\":[{\"@type\":\"ListItem\",\"position\":1,\"name\":\"In\u00edcio\",\"item\":\"https:\\\/\\\/www.aceguarulhos.com.br\\\/blog\\\/\"},{\"@type\":\"ListItem\",\"position\":2,\"name\":\"SP poder\u00e1 ter Lei Geral pr\u00f3pria\"}]},{\"@type\":\"WebSite\",\"@id\":\"https:\\\/\\\/www.aceguarulhos.com.br\\\/blog\\\/#website\",\"url\":\"https:\\\/\\\/www.aceguarulhos.com.br\\\/blog\\\/\",\"name\":\"ACE-Guarulhos\",\"description\":\"A ACE-Guarulhos \u00e9 uma associa\u00e7\u00e3o que ap\u00f3ia os empres\u00e1rios guarulhenses atrav\u00e9s da representa\u00e7\u00e3o, da gera\u00e7\u00e3o de neg\u00f3cios e presta\u00e7\u00e3o de servi\u00e7os.\",\"publisher\":{\"@id\":\"https:\\\/\\\/www.aceguarulhos.com.br\\\/blog\\\/#organization\"},\"potentialAction\":[{\"@type\":\"SearchAction\",\"target\":{\"@type\":\"EntryPoint\",\"urlTemplate\":\"https:\\\/\\\/www.aceguarulhos.com.br\\\/blog\\\/?s={search_term_string}\"},\"query-input\":{\"@type\":\"PropertyValueSpecification\",\"valueRequired\":true,\"valueName\":\"search_term_string\"}}],\"inLanguage\":\"pt-BR\"},{\"@type\":\"Organization\",\"@id\":\"https:\\\/\\\/www.aceguarulhos.com.br\\\/blog\\\/#organization\",\"name\":\"ACE-Guarulhos\",\"url\":\"https:\\\/\\\/www.aceguarulhos.com.br\\\/blog\\\/\",\"logo\":{\"@type\":\"ImageObject\",\"inLanguage\":\"pt-BR\",\"@id\":\"https:\\\/\\\/www.aceguarulhos.com.br\\\/blog\\\/#\\\/schema\\\/logo\\\/image\\\/\",\"url\":\"https:\\\/\\\/www.aceguarulhos.com.br\\\/blog\\\/wp-content\\\/uploads\\\/2017\\\/12\\\/logo-aceguarulhos-2018.png\",\"contentUrl\":\"https:\\\/\\\/www.aceguarulhos.com.br\\\/blog\\\/wp-content\\\/uploads\\\/2017\\\/12\\\/logo-aceguarulhos-2018.png\",\"width\":419,\"height\":76,\"caption\":\"ACE-Guarulhos\"},\"image\":{\"@id\":\"https:\\\/\\\/www.aceguarulhos.com.br\\\/blog\\\/#\\\/schema\\\/logo\\\/image\\\/\"},\"sameAs\":[\"https:\\\/\\\/www.facebook.com\\\/aceguarulhos\\\/\",\"https:\\\/\\\/br.linkedin.com\\\/in\\\/ace-guarulhos-b9a97093\",\"https:\\\/\\\/www.youtube.com\\\/user\\\/aceguarulhos\"]},{\"@type\":\"Person\",\"@id\":\"https:\\\/\\\/www.aceguarulhos.com.br\\\/blog\\\/#\\\/schema\\\/person\\\/6983b51bad37489989e4f09698c26237\",\"name\":\"Assessoria de Imprensa ACE-Guarulhos\",\"image\":{\"@type\":\"ImageObject\",\"inLanguage\":\"pt-BR\",\"@id\":\"https:\\\/\\\/secure.gravatar.com\\\/avatar\\\/707f3fadd6918afeb64173ab22d8a8cb0676953098a4f31ff36dc2b4c699ef6a?s=96&d=mm&r=g\",\"url\":\"https:\\\/\\\/secure.gravatar.com\\\/avatar\\\/707f3fadd6918afeb64173ab22d8a8cb0676953098a4f31ff36dc2b4c699ef6a?s=96&d=mm&r=g\",\"contentUrl\":\"https:\\\/\\\/secure.gravatar.com\\\/avatar\\\/707f3fadd6918afeb64173ab22d8a8cb0676953098a4f31ff36dc2b4c699ef6a?s=96&d=mm&r=g\",\"caption\":\"Assessoria de Imprensa ACE-Guarulhos\"},\"url\":\"https:\\\/\\\/www.aceguarulhos.com.br\\\/blog\\\/author\\\/assessoria-de-imprensa-ace-guarulhos\\\/\"}]}<\/script>\n<!-- \/ Yoast SEO plugin. -->","yoast_head_json":{"title":"SP poder\u00e1 ter Lei Geral pr\u00f3pria  - ACE-Guarulhos","robots":{"index":"index","follow":"follow","max-snippet":"max-snippet:-1","max-image-preview":"max-image-preview:large","max-video-preview":"max-video-preview:-1"},"canonical":"https:\/\/www.aceguarulhos.com.br\/blog\/sp-poder\u00e1-ter-lei-geral-pr\u00f3pria\/","og_locale":"pt_BR","og_type":"article","og_title":"SP poder\u00e1 ter Lei Geral pr\u00f3pria  - ACE-Guarulhos","og_description":"O secret\u00e1rio estadual de Emprego e Rela\u00e7\u00f5es do Trabalho, Guilherme Afif Domingos, informou que a Lei Geral da Micro e Pequena Empresa do","og_url":"https:\/\/www.aceguarulhos.com.br\/blog\/sp-poder\u00e1-ter-lei-geral-pr\u00f3pria\/","og_site_name":"ACE-Guarulhos","article_publisher":"https:\/\/www.facebook.com\/aceguarulhos\/","article_published_time":"2007-08-14T16:34:32+00:00","author":"Assessoria de Imprensa ACE-Guarulhos","twitter_card":"summary_large_image","twitter_misc":{"Escrito por":"Assessoria de Imprensa ACE-Guarulhos","Est. tempo de leitura":"2 minutos"},"schema":{"@context":"https:\/\/schema.org","@graph":[{"@type":"Article","@id":"https:\/\/www.aceguarulhos.com.br\/blog\/sp-poder%c3%a1-ter-lei-geral-pr%c3%b3pria\/#article","isPartOf":{"@id":"https:\/\/www.aceguarulhos.com.br\/blog\/sp-poder%c3%a1-ter-lei-geral-pr%c3%b3pria\/"},"author":{"name":"Assessoria de Imprensa ACE-Guarulhos","@id":"https:\/\/www.aceguarulhos.com.br\/blog\/#\/schema\/person\/6983b51bad37489989e4f09698c26237"},"headline":"SP poder\u00e1 ter Lei Geral pr\u00f3pria","datePublished":"2007-08-14T16:34:32+00:00","mainEntityOfPage":{"@id":"https:\/\/www.aceguarulhos.com.br\/blog\/sp-poder%c3%a1-ter-lei-geral-pr%c3%b3pria\/"},"wordCount":420,"commentCount":0,"publisher":{"@id":"https:\/\/www.aceguarulhos.com.br\/blog\/#organization"},"articleSection":["Not\u00edcias"],"inLanguage":"pt-BR"},{"@type":"WebPage","@id":"https:\/\/www.aceguarulhos.com.br\/blog\/sp-poder%c3%a1-ter-lei-geral-pr%c3%b3pria\/","url":"https:\/\/www.aceguarulhos.com.br\/blog\/sp-poder%c3%a1-ter-lei-geral-pr%c3%b3pria\/","name":"SP poder\u00e1 ter Lei Geral pr\u00f3pria - ACE-Guarulhos","isPartOf":{"@id":"https:\/\/www.aceguarulhos.com.br\/blog\/#website"},"datePublished":"2007-08-14T16:34:32+00:00","breadcrumb":{"@id":"https:\/\/www.aceguarulhos.com.br\/blog\/sp-poder%c3%a1-ter-lei-geral-pr%c3%b3pria\/#breadcrumb"},"inLanguage":"pt-BR","potentialAction":[{"@type":"ReadAction","target":["https:\/\/www.aceguarulhos.com.br\/blog\/sp-poder%c3%a1-ter-lei-geral-pr%c3%b3pria\/"]}]},{"@type":"BreadcrumbList","@id":"https:\/\/www.aceguarulhos.com.br\/blog\/sp-poder%c3%a1-ter-lei-geral-pr%c3%b3pria\/#breadcrumb","itemListElement":[{"@type":"ListItem","position":1,"name":"In\u00edcio","item":"https:\/\/www.aceguarulhos.com.br\/blog\/"},{"@type":"ListItem","position":2,"name":"SP poder\u00e1 ter Lei Geral pr\u00f3pria"}]},{"@type":"WebSite","@id":"https:\/\/www.aceguarulhos.com.br\/blog\/#website","url":"https:\/\/www.aceguarulhos.com.br\/blog\/","name":"ACE-Guarulhos","description":"A ACE-Guarulhos \u00e9 uma associa\u00e7\u00e3o que ap\u00f3ia os empres\u00e1rios guarulhenses atrav\u00e9s da representa\u00e7\u00e3o, da gera\u00e7\u00e3o de neg\u00f3cios e presta\u00e7\u00e3o de servi\u00e7os.","publisher":{"@id":"https:\/\/www.aceguarulhos.com.br\/blog\/#organization"},"potentialAction":[{"@type":"SearchAction","target":{"@type":"EntryPoint","urlTemplate":"https:\/\/www.aceguarulhos.com.br\/blog\/?s={search_term_string}"},"query-input":{"@type":"PropertyValueSpecification","valueRequired":true,"valueName":"search_term_string"}}],"inLanguage":"pt-BR"},{"@type":"Organization","@id":"https:\/\/www.aceguarulhos.com.br\/blog\/#organization","name":"ACE-Guarulhos","url":"https:\/\/www.aceguarulhos.com.br\/blog\/","logo":{"@type":"ImageObject","inLanguage":"pt-BR","@id":"https:\/\/www.aceguarulhos.com.br\/blog\/#\/schema\/logo\/image\/","url":"https:\/\/www.aceguarulhos.com.br\/blog\/wp-content\/uploads\/2017\/12\/logo-aceguarulhos-2018.png","contentUrl":"https:\/\/www.aceguarulhos.com.br\/blog\/wp-content\/uploads\/2017\/12\/logo-aceguarulhos-2018.png","width":419,"height":76,"caption":"ACE-Guarulhos"},"image":{"@id":"https:\/\/www.aceguarulhos.com.br\/blog\/#\/schema\/logo\/image\/"},"sameAs":["https:\/\/www.facebook.com\/aceguarulhos\/","https:\/\/br.linkedin.com\/in\/ace-guarulhos-b9a97093","https:\/\/www.youtube.com\/user\/aceguarulhos"]},{"@type":"Person","@id":"https:\/\/www.aceguarulhos.com.br\/blog\/#\/schema\/person\/6983b51bad37489989e4f09698c26237","name":"Assessoria de Imprensa ACE-Guarulhos","image":{"@type":"ImageObject","inLanguage":"pt-BR","@id":"https:\/\/secure.gravatar.com\/avatar\/707f3fadd6918afeb64173ab22d8a8cb0676953098a4f31ff36dc2b4c699ef6a?s=96&d=mm&r=g","url":"https:\/\/secure.gravatar.com\/avatar\/707f3fadd6918afeb64173ab22d8a8cb0676953098a4f31ff36dc2b4c699ef6a?s=96&d=mm&r=g","contentUrl":"https:\/\/secure.gravatar.com\/avatar\/707f3fadd6918afeb64173ab22d8a8cb0676953098a4f31ff36dc2b4c699ef6a?s=96&d=mm&r=g","caption":"Assessoria de Imprensa ACE-Guarulhos"},"url":"https:\/\/www.aceguarulhos.com.br\/blog\/author\/assessoria-de-imprensa-ace-guarulhos\/"}]}},"wps_subtitle":"","amp_enabled":true,"_links":{"self":[{"href":"https:\/\/www.aceguarulhos.com.br\/blog\/wp-json\/wp\/v2\/posts\/31982","targetHints":{"allow":["GET"]}}],"collection":[{"href":"https:\/\/www.aceguarulhos.com.br\/blog\/wp-json\/wp\/v2\/posts"}],"about":[{"href":"https:\/\/www.aceguarulhos.com.br\/blog\/wp-json\/wp\/v2\/types\/post"}],"author":[{"embeddable":true,"href":"https:\/\/www.aceguarulhos.com.br\/blog\/wp-json\/wp\/v2\/users\/8"}],"replies":[{"embeddable":true,"href":"https:\/\/www.aceguarulhos.com.br\/blog\/wp-json\/wp\/v2\/comments?post=31982"}],"version-history":[{"count":0,"href":"https:\/\/www.aceguarulhos.com.br\/blog\/wp-json\/wp\/v2\/posts\/31982\/revisions"}],"wp:attachment":[{"href":"https:\/\/www.aceguarulhos.com.br\/blog\/wp-json\/wp\/v2\/media?parent=31982"}],"wp:term":[{"taxonomy":"category","embeddable":true,"href":"https:\/\/www.aceguarulhos.com.br\/blog\/wp-json\/wp\/v2\/categories?post=31982"},{"taxonomy":"post_tag","embeddable":true,"href":"https:\/\/www.aceguarulhos.com.br\/blog\/wp-json\/wp\/v2\/tags?post=31982"}],"curies":[{"name":"wp","href":"https:\/\/api.w.org\/{rel}","templated":true}]}}