{"id":31979,"date":"2007-08-13T15:21:46","date_gmt":"2007-08-13T15:21:46","guid":{"rendered":"http:\/\/www.aceguarulhos.com.br\/blog\/?p=31979"},"modified":"-0001-11-30T00:00:00","modified_gmt":"-0001-11-30T03:00:00","slug":"ace-guarulhos-participa-da-campanha-%e2%80%9cx%c3%b4-cpmf%e2%80%9d","status":"publish","type":"post","link":"https:\/\/www.aceguarulhos.com.br\/blog\/ace-guarulhos-participa-da-campanha-%e2%80%9cx%c3%b4-cpmf%e2%80%9d\/","title":{"rendered":"ACE-Guarulhos participa da Campanha \u201cX\u00f4 CPMF\u201d"},"content":{"rendered":"<p><i>Diante da possibilidade de a Contribui\u00e7\u00e3o Provis\u00f3ria sobre Movimenta\u00e7\u00e3o Financeira ser novamente prorrogada este ano, fato que tem se repetido sistematicamente desde 1999, a Associa\u00e7\u00e3o Comercial e Empresarial de Guarulhos est\u00e1 dando sua contribui\u00e7\u00e3o \u00e0 Campanha recolhendo assinaturas e ainda promovendo a\u00e7\u00f5es que mobilize a opini\u00e3o p\u00fablica contra o chamado imposto do cheque<\/i><\/p>\n<p>Diversas entidades est\u00e3o unidas em mais esta luta contra a cria\u00e7\u00e3o de um novo imposto para o brasileiro: \u201cAgora estamos entrando na luta contra a CPMF por entender que essa contribui\u00e7\u00e3o, nada provis\u00f3ria, tornou-se mais um fator prejudicial \u00e0 competitividade das nossas empresas\u201d, disse Wilson Louren\u00e7o, presidente da ACE-Guarulhos, para quem o tributo tem seus malef\u00edcios agravados pelo fato de incidir em cascata e n\u00e3o respeitar a diferente capacidade contributiva das diversas camadas da sociedade brasileira.<\/p>\n<p>Louren\u00e7o explica que as pessoas que quiserem aderir \u00e0 Campanha devem procurar a entidade na rua 15 de novembro, 85 \u2013 10\u00ba andar, durante o hor\u00e1rio comercial e assinar a lista de ades\u00e3o no balc\u00e3o de consultas. A participa\u00e7\u00e3o dos guarulhenses pode se dar tamb\u00e9m por meio do site da ACE \u2013 www.aceguarulhos.com.br .<\/p>\n<p>Desde a sua cria\u00e7\u00e3o, a CPMF tem sido garantida por sucessivas emendas constitucionais que v\u00eam prorrogando sua validade, algo que pode acontecer novamente em dezembro pr\u00f3ximo, conforme o pr\u00f3prio governo tem sinalizado.<\/p>\n<p>X\u00f4 CPMF &#8211; Desde o dia 05 de fevereiro o deputado Paulo Bornhausen (PFL\/SC) levanta uma bandeira que, a cada dia, come\u00e7a a tomar dimens\u00f5es maiores: a luta pelo fim da CPMF. Com ades\u00f5es de populares e de entidades, o movimento promete n\u00e3o ceder \u00e0 vontade do governo federal de prorrogar o tributo. <\/p>\n<p>A Frente Nacional em defesa da Constitui\u00e7\u00e3o e pela extin\u00e7\u00e3o da CPMF tem como objetivo \u201cexigir o cumprimento da lei\u201d, a come\u00e7ar pela Contribui\u00e7\u00e3o Provis\u00f3ria sobre Movimenta\u00e7\u00e3o Financeira que deve acabar em 31 de dezembro deste ano. O deputado Paulo Bornhausen come\u00e7ou com o lan\u00e7amento de um site \u2013 www.xocpmf.com.br, onde est\u00e3o disponibilizadas informa\u00e7\u00f5es sobre o tributo, espa\u00e7o para o envio de e-mail aos deputados e senadores exigindo o voto \u201cn\u00e3o\u201d para a manuten\u00e7\u00e3o da contribui\u00e7\u00e3o.<\/p>\n<p>O governo federal, no entanto, trabalha para que o tributo seja mais uma vez prorrogado e, como foi confirmado na reuni\u00e3o entre os governadores e o presidente Lula, n\u00e3o acontecer\u00e1 repasse da arrecada\u00e7\u00e3o da CPMF para estados e munic\u00edpios. O parlamentar catarinense lembra que, em 1996, quando foi criada a CPMF ele votou contra o a contribui\u00e7\u00e3o assim como fez o PT, partido do presidente. <\/p>\n<p>A CPMF garfa 0,38% das nossas transa\u00e7\u00f5es banc\u00e1rias. Desde 1996, a arrecada\u00e7\u00e3o da contribui\u00e7\u00e3o j\u00e1 soma cerca de R$ 250 bilh\u00f5es \u2013 foram R$ 32 bi s\u00f3 no ano passado. Dinheiro que deveria ir para a sa\u00fade, inicialmente, mas que, hoje, serve para equilibrar as contas do governo.<\/p>\n<p>Hist\u00f3ria do tributo &#8211; Nos dias 11 e 25 de julho de 1996, a C\u00e2mara dos Deputados votou, e aprovou, a Emenda Constitucional que possibilitou a cria\u00e7\u00e3o da Contribui\u00e7\u00e3o Provis\u00f3ria sobre Movimenta\u00e7\u00e3o Financeira, a CPMF. Foi um intervalo r\u00e1pido entre o primeiro e o segundo turnos.<\/p>\n<p>A CPMF foi apresentada para substituir o IPMF &#8211; Imposto Provis\u00f3rio sobre Movimenta\u00e7\u00e3o Financeira, nascido com defeitos constitucionais, mas que foi cobrado sob a justificativa de que a ent\u00e3o crise fiscal que atingia o pa\u00eds assim o exigia. O tributo se apresentou n\u00e3o mais sob a roupagem de imposto, para financiar o ajuste p\u00fablico e a constru\u00e7\u00e3o de habita\u00e7\u00f5es populares, mas sob forma de uma contribui\u00e7\u00e3o social para o financiamento de a\u00e7\u00f5es e servi\u00e7os de sa\u00fade, esp\u00e9cie tribut\u00e1ria controversa (ou \u201csui generis\u201d, no dizer da boa doutrina jur\u00eddica), que tem aumentado, ano ap\u00f3s ano, sua participa\u00e7\u00e3o na arrecada\u00e7\u00e3o tribut\u00e1ria federal, seja pela conveni\u00eancia de suas regras constitucionais ou pela desnecessidade, na maioria dos casos, de sua reparti\u00e7\u00e3o com Estados e Munic\u00edpios.<\/p>\n<p>A CPMF come\u00e7ou a ser cobrada j\u00e1 em janeiro de 1997. A previs\u00e3o constitucional para sua vig\u00eancia era por dois anos e a al\u00edquota fixada na lei regulamentadora foi de 0,20%, (poderia ser majorada at\u00e9 0,25%). Desta forma, foi cobrada at\u00e9 janeiro de 1999.<\/p>\n<p>Em 99, chegamos a crer que o pa\u00eds ficaria livre do tributo, j\u00e1 que a Emenda Constitucional n. 21\/99 foi promulgada ap\u00f3s a expira\u00e7\u00e3o do prazo de vig\u00eancia da CPMF de 1996, determinando sua prorroga\u00e7\u00e3o por trinta e seis meses e elevando a al\u00edquota para 0,38% nos primeiros doze meses e 0,30%, no per\u00edodo restante. O resultado do aumento de arrecada\u00e7\u00e3o, decorrente da eleva\u00e7\u00e3o da al\u00edquota, deveria ser aplicado, ainda, no custeio da previd\u00eancia social. <\/p>\n<p>O caso foi parar no Supremo Tribunal Federal. Como a emenda mandava observar o princ\u00edpio da anterioridade, objeto da decis\u00e3o do STF em 1993, a Corte entendeu que o voc\u00e1bulo \u201cprorroga\u00e7\u00e3o\u201d era mero lapso gramatical, autorizando sua cobran\u00e7a, que passou a ser efetuada a partir de junho de 1999, para garantir o atendimento ao per\u00edodo de noventa dias entre a publica\u00e7\u00e3o da lei instituidora do tributo e o in\u00edcio da cobran\u00e7a. <\/p>\n<p>Com a institui\u00e7\u00e3o do Fundo de Combate e Erradica\u00e7\u00e3o da Pobreza, em 2000, \u00e9 criado um adicional \u00e0 al\u00edquota da CPMF que a recoloca no patamar de 0,38%, a partir de mar\u00e7o de 2001.<\/p>\n<p>Nova prorroga\u00e7\u00e3o, pela Emenda Constitucional n. 37\/2002, catapulta o tributo at\u00e9 31 de dezembro de 2004, repartindo o produto de sua arrecada\u00e7\u00e3o entre o Fundo Nacional de Sa\u00fade (0,20%), o custeio da previd\u00eancia social (0,10%) e o Fundo de Combate e Erradica\u00e7\u00e3o da Pobreza (0,08%). Ocorreu, ent\u00e3o, nova disputa judicial e, desta vez, o Supremo n\u00e3o reclamou nem mesmo do prazo de vig\u00eancia, j\u00e1 que a emenda foi promulgada antes que a anterior perdesse a validade, constituindo-se mera prorroga\u00e7\u00e3o de algo j\u00e1 existente, sem necessidade de obedi\u00eancia \u00e0 anterioridade.<\/p>\n<p>No entanto, a al\u00edquota de 0,38% estava prevista para vigorar somente nos exerc\u00edcios financeiros de 2002 e 2003. No exerc\u00edcio de 2004, a reda\u00e7\u00e3o original da emenda previa a al\u00edquota de 0,08%, destinada exclusivamente ao Fundo de Combate e Erradica\u00e7\u00e3o da Pobreza. <\/p>\n<p>Doce ilus\u00e3o do contribuinte, j\u00e1 que a Emenda Constitucional n. 42\/2003 simplesmente revogou o dispositivo que fixava a al\u00edquota de 0,08% para 2004, reinstituiu a al\u00edquota de 0,38% e prorrogou, mais de um ano antes do final estabelecido para vig\u00eancia de sua nova provisoriedade, a CPMF at\u00e9 31 de dezembro de 2007. <\/p>\n<p>Opini\u00e3o dos deputados da regi\u00e3o \u2013 Segundo o deputado federal Jorge Tadeu (DEM) os democratas votar\u00e3o contra a continua\u00e7\u00e3o da CPMF: \u201cDefendemos uma reforma tribut\u00e1ria e n\u00e3o a cria\u00e7\u00e3o de novos impostos como solu\u00e7\u00f5es paliativas. Al\u00e9m disso a CPMF teve um total desvio de finalidade e isso \u00e9 inaceit\u00e1vel\u201d, declarou.<\/p>\n<p>Por outro lado, a deputada federal petista, Janete Piet\u00e1 informou que defender\u00e1 na Bancada do Partido dos Trabalhadores a da prorroga\u00e7\u00e3o da CPMF, por prazo determinado, com redu\u00e7\u00e3o gradual da al\u00edquota, em raz\u00e3o de seu importante papel social, pois destina recursos para programas sociais, como a Bolsa Fam\u00edlia, para o PAC e a Sa\u00fade.<\/p>\n<p><a href=\"\/contents\/download\/xocpmf_abaixoassinado.pdf\">Clique aqui<\/a>, fa\u00e7a o download do abaixo assinado e colabore na coleta de assinaturas.<\/p>\n","protected":false},"excerpt":{"rendered":"Diante da possibilidade de a Contribui\u00e7\u00e3o Provis\u00f3ria sobre Movimenta\u00e7\u00e3o Financeira ser novamente prorrogada este ano, fato que tem se repetido sistematicamente desde 1999, \n<a class=\"moretag\" href=\"https:\/\/www.aceguarulhos.com.br\/blog\/ace-guarulhos-participa-da-campanha-%e2%80%9cx%c3%b4-cpmf%e2%80%9d\/\"> [...]<\/a>","protected":false},"author":8,"featured_media":0,"comment_status":"open","ping_status":"open","sticky":false,"template":"","format":"standard","meta":{"footnotes":""},"categories":[2],"tags":[],"class_list":["post-31979","post","type-post","status-publish","format-standard","hentry","category-noticias"],"yoast_head":"<!-- This site is optimized with the Yoast SEO plugin v28.1 - https:\/\/yoast.com\/product\/yoast-seo-wordpress\/ -->\n<title>ACE-Guarulhos participa da Campanha \u201cX\u00f4 CPMF\u201d - ACE-Guarulhos<\/title>\n<meta name=\"robots\" content=\"index, follow, max-snippet:-1, max-image-preview:large, max-video-preview:-1\" \/>\n<link rel=\"canonical\" href=\"https:\/\/www.aceguarulhos.com.br\/blog\/ace-guarulhos-participa-da-campanha-\u201cx\u00f4-cpmf\u201d\/\" \/>\n<meta property=\"og:locale\" content=\"pt_BR\" \/>\n<meta property=\"og:type\" content=\"article\" \/>\n<meta property=\"og:title\" content=\"ACE-Guarulhos participa da Campanha \u201cX\u00f4 CPMF\u201d - ACE-Guarulhos\" \/>\n<meta property=\"og:description\" content=\"Diante da possibilidade de a Contribui\u00e7\u00e3o Provis\u00f3ria sobre Movimenta\u00e7\u00e3o Financeira ser novamente prorrogada este ano, fato que tem se repetido sistematicamente desde 1999,\" \/>\n<meta property=\"og:url\" content=\"https:\/\/www.aceguarulhos.com.br\/blog\/ace-guarulhos-participa-da-campanha-\u201cx\u00f4-cpmf\u201d\/\" \/>\n<meta property=\"og:site_name\" content=\"ACE-Guarulhos\" \/>\n<meta property=\"article:publisher\" content=\"https:\/\/www.facebook.com\/aceguarulhos\/\" \/>\n<meta property=\"article:published_time\" content=\"2007-08-13T15:21:46+00:00\" \/>\n<meta name=\"author\" content=\"Assessoria de Imprensa ACE-Guarulhos\" \/>\n<meta name=\"twitter:card\" content=\"summary_large_image\" \/>\n<meta name=\"twitter:label1\" content=\"Escrito por\" \/>\n\t<meta name=\"twitter:data1\" content=\"Assessoria de Imprensa ACE-Guarulhos\" \/>\n\t<meta name=\"twitter:label2\" content=\"Est. tempo de leitura\" \/>\n\t<meta name=\"twitter:data2\" content=\"6 minutos\" \/>\n<script type=\"application\/ld+json\" class=\"yoast-schema-graph\">{\"@context\":\"https:\\\/\\\/schema.org\",\"@graph\":[{\"@type\":\"Article\",\"@id\":\"https:\\\/\\\/www.aceguarulhos.com.br\\\/blog\\\/ace-guarulhos-participa-da-campanha-%e2%80%9cx%c3%b4-cpmf%e2%80%9d\\\/#article\",\"isPartOf\":{\"@id\":\"https:\\\/\\\/www.aceguarulhos.com.br\\\/blog\\\/ace-guarulhos-participa-da-campanha-%e2%80%9cx%c3%b4-cpmf%e2%80%9d\\\/\"},\"author\":{\"name\":\"Assessoria de Imprensa ACE-Guarulhos\",\"@id\":\"https:\\\/\\\/www.aceguarulhos.com.br\\\/blog\\\/#\\\/schema\\\/person\\\/6983b51bad37489989e4f09698c26237\"},\"headline\":\"ACE-Guarulhos participa da Campanha \u201cX\u00f4 CPMF\u201d\",\"datePublished\":\"2007-08-13T15:21:46+00:00\",\"mainEntityOfPage\":{\"@id\":\"https:\\\/\\\/www.aceguarulhos.com.br\\\/blog\\\/ace-guarulhos-participa-da-campanha-%e2%80%9cx%c3%b4-cpmf%e2%80%9d\\\/\"},\"wordCount\":1251,\"commentCount\":0,\"publisher\":{\"@id\":\"https:\\\/\\\/www.aceguarulhos.com.br\\\/blog\\\/#organization\"},\"articleSection\":[\"Not\u00edcias\"],\"inLanguage\":\"pt-BR\"},{\"@type\":\"WebPage\",\"@id\":\"https:\\\/\\\/www.aceguarulhos.com.br\\\/blog\\\/ace-guarulhos-participa-da-campanha-%e2%80%9cx%c3%b4-cpmf%e2%80%9d\\\/\",\"url\":\"https:\\\/\\\/www.aceguarulhos.com.br\\\/blog\\\/ace-guarulhos-participa-da-campanha-%e2%80%9cx%c3%b4-cpmf%e2%80%9d\\\/\",\"name\":\"ACE-Guarulhos participa da Campanha \u201cX\u00f4 CPMF\u201d - ACE-Guarulhos\",\"isPartOf\":{\"@id\":\"https:\\\/\\\/www.aceguarulhos.com.br\\\/blog\\\/#website\"},\"datePublished\":\"2007-08-13T15:21:46+00:00\",\"breadcrumb\":{\"@id\":\"https:\\\/\\\/www.aceguarulhos.com.br\\\/blog\\\/ace-guarulhos-participa-da-campanha-%e2%80%9cx%c3%b4-cpmf%e2%80%9d\\\/#breadcrumb\"},\"inLanguage\":\"pt-BR\",\"potentialAction\":[{\"@type\":\"ReadAction\",\"target\":[\"https:\\\/\\\/www.aceguarulhos.com.br\\\/blog\\\/ace-guarulhos-participa-da-campanha-%e2%80%9cx%c3%b4-cpmf%e2%80%9d\\\/\"]}]},{\"@type\":\"BreadcrumbList\",\"@id\":\"https:\\\/\\\/www.aceguarulhos.com.br\\\/blog\\\/ace-guarulhos-participa-da-campanha-%e2%80%9cx%c3%b4-cpmf%e2%80%9d\\\/#breadcrumb\",\"itemListElement\":[{\"@type\":\"ListItem\",\"position\":1,\"name\":\"In\u00edcio\",\"item\":\"https:\\\/\\\/www.aceguarulhos.com.br\\\/blog\\\/\"},{\"@type\":\"ListItem\",\"position\":2,\"name\":\"ACE-Guarulhos participa da Campanha \u201cX\u00f4 CPMF\u201d\"}]},{\"@type\":\"WebSite\",\"@id\":\"https:\\\/\\\/www.aceguarulhos.com.br\\\/blog\\\/#website\",\"url\":\"https:\\\/\\\/www.aceguarulhos.com.br\\\/blog\\\/\",\"name\":\"ACE-Guarulhos\",\"description\":\"A ACE-Guarulhos \u00e9 uma associa\u00e7\u00e3o que ap\u00f3ia os empres\u00e1rios guarulhenses atrav\u00e9s da representa\u00e7\u00e3o, da gera\u00e7\u00e3o de neg\u00f3cios e presta\u00e7\u00e3o de servi\u00e7os.\",\"publisher\":{\"@id\":\"https:\\\/\\\/www.aceguarulhos.com.br\\\/blog\\\/#organization\"},\"potentialAction\":[{\"@type\":\"SearchAction\",\"target\":{\"@type\":\"EntryPoint\",\"urlTemplate\":\"https:\\\/\\\/www.aceguarulhos.com.br\\\/blog\\\/?s={search_term_string}\"},\"query-input\":{\"@type\":\"PropertyValueSpecification\",\"valueRequired\":true,\"valueName\":\"search_term_string\"}}],\"inLanguage\":\"pt-BR\"},{\"@type\":\"Organization\",\"@id\":\"https:\\\/\\\/www.aceguarulhos.com.br\\\/blog\\\/#organization\",\"name\":\"ACE-Guarulhos\",\"url\":\"https:\\\/\\\/www.aceguarulhos.com.br\\\/blog\\\/\",\"logo\":{\"@type\":\"ImageObject\",\"inLanguage\":\"pt-BR\",\"@id\":\"https:\\\/\\\/www.aceguarulhos.com.br\\\/blog\\\/#\\\/schema\\\/logo\\\/image\\\/\",\"url\":\"https:\\\/\\\/www.aceguarulhos.com.br\\\/blog\\\/wp-content\\\/uploads\\\/2017\\\/12\\\/logo-aceguarulhos-2018.png\",\"contentUrl\":\"https:\\\/\\\/www.aceguarulhos.com.br\\\/blog\\\/wp-content\\\/uploads\\\/2017\\\/12\\\/logo-aceguarulhos-2018.png\",\"width\":419,\"height\":76,\"caption\":\"ACE-Guarulhos\"},\"image\":{\"@id\":\"https:\\\/\\\/www.aceguarulhos.com.br\\\/blog\\\/#\\\/schema\\\/logo\\\/image\\\/\"},\"sameAs\":[\"https:\\\/\\\/www.facebook.com\\\/aceguarulhos\\\/\",\"https:\\\/\\\/br.linkedin.com\\\/in\\\/ace-guarulhos-b9a97093\",\"https:\\\/\\\/www.youtube.com\\\/user\\\/aceguarulhos\"]},{\"@type\":\"Person\",\"@id\":\"https:\\\/\\\/www.aceguarulhos.com.br\\\/blog\\\/#\\\/schema\\\/person\\\/6983b51bad37489989e4f09698c26237\",\"name\":\"Assessoria de Imprensa ACE-Guarulhos\",\"image\":{\"@type\":\"ImageObject\",\"inLanguage\":\"pt-BR\",\"@id\":\"https:\\\/\\\/secure.gravatar.com\\\/avatar\\\/707f3fadd6918afeb64173ab22d8a8cb0676953098a4f31ff36dc2b4c699ef6a?s=96&d=mm&r=g\",\"url\":\"https:\\\/\\\/secure.gravatar.com\\\/avatar\\\/707f3fadd6918afeb64173ab22d8a8cb0676953098a4f31ff36dc2b4c699ef6a?s=96&d=mm&r=g\",\"contentUrl\":\"https:\\\/\\\/secure.gravatar.com\\\/avatar\\\/707f3fadd6918afeb64173ab22d8a8cb0676953098a4f31ff36dc2b4c699ef6a?s=96&d=mm&r=g\",\"caption\":\"Assessoria de Imprensa ACE-Guarulhos\"},\"url\":\"https:\\\/\\\/www.aceguarulhos.com.br\\\/blog\\\/author\\\/assessoria-de-imprensa-ace-guarulhos\\\/\"}]}<\/script>\n<!-- \/ Yoast SEO plugin. -->","yoast_head_json":{"title":"ACE-Guarulhos participa da Campanha \u201cX\u00f4 CPMF\u201d - ACE-Guarulhos","robots":{"index":"index","follow":"follow","max-snippet":"max-snippet:-1","max-image-preview":"max-image-preview:large","max-video-preview":"max-video-preview:-1"},"canonical":"https:\/\/www.aceguarulhos.com.br\/blog\/ace-guarulhos-participa-da-campanha-\u201cx\u00f4-cpmf\u201d\/","og_locale":"pt_BR","og_type":"article","og_title":"ACE-Guarulhos participa da Campanha \u201cX\u00f4 CPMF\u201d - ACE-Guarulhos","og_description":"Diante da possibilidade de a Contribui\u00e7\u00e3o Provis\u00f3ria sobre Movimenta\u00e7\u00e3o Financeira ser novamente prorrogada este ano, fato que tem se repetido sistematicamente desde 1999,","og_url":"https:\/\/www.aceguarulhos.com.br\/blog\/ace-guarulhos-participa-da-campanha-\u201cx\u00f4-cpmf\u201d\/","og_site_name":"ACE-Guarulhos","article_publisher":"https:\/\/www.facebook.com\/aceguarulhos\/","article_published_time":"2007-08-13T15:21:46+00:00","author":"Assessoria de Imprensa ACE-Guarulhos","twitter_card":"summary_large_image","twitter_misc":{"Escrito por":"Assessoria de Imprensa ACE-Guarulhos","Est. tempo de leitura":"6 minutos"},"schema":{"@context":"https:\/\/schema.org","@graph":[{"@type":"Article","@id":"https:\/\/www.aceguarulhos.com.br\/blog\/ace-guarulhos-participa-da-campanha-%e2%80%9cx%c3%b4-cpmf%e2%80%9d\/#article","isPartOf":{"@id":"https:\/\/www.aceguarulhos.com.br\/blog\/ace-guarulhos-participa-da-campanha-%e2%80%9cx%c3%b4-cpmf%e2%80%9d\/"},"author":{"name":"Assessoria de Imprensa ACE-Guarulhos","@id":"https:\/\/www.aceguarulhos.com.br\/blog\/#\/schema\/person\/6983b51bad37489989e4f09698c26237"},"headline":"ACE-Guarulhos participa da Campanha \u201cX\u00f4 CPMF\u201d","datePublished":"2007-08-13T15:21:46+00:00","mainEntityOfPage":{"@id":"https:\/\/www.aceguarulhos.com.br\/blog\/ace-guarulhos-participa-da-campanha-%e2%80%9cx%c3%b4-cpmf%e2%80%9d\/"},"wordCount":1251,"commentCount":0,"publisher":{"@id":"https:\/\/www.aceguarulhos.com.br\/blog\/#organization"},"articleSection":["Not\u00edcias"],"inLanguage":"pt-BR"},{"@type":"WebPage","@id":"https:\/\/www.aceguarulhos.com.br\/blog\/ace-guarulhos-participa-da-campanha-%e2%80%9cx%c3%b4-cpmf%e2%80%9d\/","url":"https:\/\/www.aceguarulhos.com.br\/blog\/ace-guarulhos-participa-da-campanha-%e2%80%9cx%c3%b4-cpmf%e2%80%9d\/","name":"ACE-Guarulhos participa da Campanha \u201cX\u00f4 CPMF\u201d - ACE-Guarulhos","isPartOf":{"@id":"https:\/\/www.aceguarulhos.com.br\/blog\/#website"},"datePublished":"2007-08-13T15:21:46+00:00","breadcrumb":{"@id":"https:\/\/www.aceguarulhos.com.br\/blog\/ace-guarulhos-participa-da-campanha-%e2%80%9cx%c3%b4-cpmf%e2%80%9d\/#breadcrumb"},"inLanguage":"pt-BR","potentialAction":[{"@type":"ReadAction","target":["https:\/\/www.aceguarulhos.com.br\/blog\/ace-guarulhos-participa-da-campanha-%e2%80%9cx%c3%b4-cpmf%e2%80%9d\/"]}]},{"@type":"BreadcrumbList","@id":"https:\/\/www.aceguarulhos.com.br\/blog\/ace-guarulhos-participa-da-campanha-%e2%80%9cx%c3%b4-cpmf%e2%80%9d\/#breadcrumb","itemListElement":[{"@type":"ListItem","position":1,"name":"In\u00edcio","item":"https:\/\/www.aceguarulhos.com.br\/blog\/"},{"@type":"ListItem","position":2,"name":"ACE-Guarulhos participa da Campanha \u201cX\u00f4 CPMF\u201d"}]},{"@type":"WebSite","@id":"https:\/\/www.aceguarulhos.com.br\/blog\/#website","url":"https:\/\/www.aceguarulhos.com.br\/blog\/","name":"ACE-Guarulhos","description":"A ACE-Guarulhos \u00e9 uma associa\u00e7\u00e3o que ap\u00f3ia os empres\u00e1rios guarulhenses atrav\u00e9s da representa\u00e7\u00e3o, da gera\u00e7\u00e3o de neg\u00f3cios e presta\u00e7\u00e3o de servi\u00e7os.","publisher":{"@id":"https:\/\/www.aceguarulhos.com.br\/blog\/#organization"},"potentialAction":[{"@type":"SearchAction","target":{"@type":"EntryPoint","urlTemplate":"https:\/\/www.aceguarulhos.com.br\/blog\/?s={search_term_string}"},"query-input":{"@type":"PropertyValueSpecification","valueRequired":true,"valueName":"search_term_string"}}],"inLanguage":"pt-BR"},{"@type":"Organization","@id":"https:\/\/www.aceguarulhos.com.br\/blog\/#organization","name":"ACE-Guarulhos","url":"https:\/\/www.aceguarulhos.com.br\/blog\/","logo":{"@type":"ImageObject","inLanguage":"pt-BR","@id":"https:\/\/www.aceguarulhos.com.br\/blog\/#\/schema\/logo\/image\/","url":"https:\/\/www.aceguarulhos.com.br\/blog\/wp-content\/uploads\/2017\/12\/logo-aceguarulhos-2018.png","contentUrl":"https:\/\/www.aceguarulhos.com.br\/blog\/wp-content\/uploads\/2017\/12\/logo-aceguarulhos-2018.png","width":419,"height":76,"caption":"ACE-Guarulhos"},"image":{"@id":"https:\/\/www.aceguarulhos.com.br\/blog\/#\/schema\/logo\/image\/"},"sameAs":["https:\/\/www.facebook.com\/aceguarulhos\/","https:\/\/br.linkedin.com\/in\/ace-guarulhos-b9a97093","https:\/\/www.youtube.com\/user\/aceguarulhos"]},{"@type":"Person","@id":"https:\/\/www.aceguarulhos.com.br\/blog\/#\/schema\/person\/6983b51bad37489989e4f09698c26237","name":"Assessoria de Imprensa ACE-Guarulhos","image":{"@type":"ImageObject","inLanguage":"pt-BR","@id":"https:\/\/secure.gravatar.com\/avatar\/707f3fadd6918afeb64173ab22d8a8cb0676953098a4f31ff36dc2b4c699ef6a?s=96&d=mm&r=g","url":"https:\/\/secure.gravatar.com\/avatar\/707f3fadd6918afeb64173ab22d8a8cb0676953098a4f31ff36dc2b4c699ef6a?s=96&d=mm&r=g","contentUrl":"https:\/\/secure.gravatar.com\/avatar\/707f3fadd6918afeb64173ab22d8a8cb0676953098a4f31ff36dc2b4c699ef6a?s=96&d=mm&r=g","caption":"Assessoria de Imprensa ACE-Guarulhos"},"url":"https:\/\/www.aceguarulhos.com.br\/blog\/author\/assessoria-de-imprensa-ace-guarulhos\/"}]}},"wps_subtitle":"","amp_enabled":true,"_links":{"self":[{"href":"https:\/\/www.aceguarulhos.com.br\/blog\/wp-json\/wp\/v2\/posts\/31979","targetHints":{"allow":["GET"]}}],"collection":[{"href":"https:\/\/www.aceguarulhos.com.br\/blog\/wp-json\/wp\/v2\/posts"}],"about":[{"href":"https:\/\/www.aceguarulhos.com.br\/blog\/wp-json\/wp\/v2\/types\/post"}],"author":[{"embeddable":true,"href":"https:\/\/www.aceguarulhos.com.br\/blog\/wp-json\/wp\/v2\/users\/8"}],"replies":[{"embeddable":true,"href":"https:\/\/www.aceguarulhos.com.br\/blog\/wp-json\/wp\/v2\/comments?post=31979"}],"version-history":[{"count":0,"href":"https:\/\/www.aceguarulhos.com.br\/blog\/wp-json\/wp\/v2\/posts\/31979\/revisions"}],"wp:attachment":[{"href":"https:\/\/www.aceguarulhos.com.br\/blog\/wp-json\/wp\/v2\/media?parent=31979"}],"wp:term":[{"taxonomy":"category","embeddable":true,"href":"https:\/\/www.aceguarulhos.com.br\/blog\/wp-json\/wp\/v2\/categories?post=31979"},{"taxonomy":"post_tag","embeddable":true,"href":"https:\/\/www.aceguarulhos.com.br\/blog\/wp-json\/wp\/v2\/tags?post=31979"}],"curies":[{"name":"wp","href":"https:\/\/api.w.org\/{rel}","templated":true}]}}