{"id":31959,"date":"2007-08-08T13:42:28","date_gmt":"2007-08-08T13:42:28","guid":{"rendered":"http:\/\/www.aceguarulhos.com.br\/blog\/?p=31959"},"modified":"-0001-11-30T00:00:00","modified_gmt":"-0001-11-30T03:00:00","slug":"ace-quer-integrar-comerciantes-e-conseg%e2%80%99s","status":"publish","type":"post","link":"https:\/\/www.aceguarulhos.com.br\/blog\/ace-quer-integrar-comerciantes-e-conseg%e2%80%99s\/","title":{"rendered":"ACE quer integrar comerciantes e Conseg\u2019s"},"content":{"rendered":"<p><i>Wilson Louren\u00e7o recebeu os representantes dos Conselhos Comunit\u00e1rios de Seguran\u00e7a com o intuito de sugerir uma aproxima\u00e7\u00e3o com os empres\u00e1rios da cidade<br \/><\/i><\/p>\n<p><center><\/p>\n<p class=\"midia\" style=\"width: 420px;\"><img loading=\"lazy\" decoding=\"async\" src=\"\/blog\/wp-content\/uploads\/image.php?x=i&amp;i1=100&amp;i2=20070808134458\" title=\"Imprensa ACE\" height=\"315\" width=\"420\"><\/p>\n<p><\/center><\/p>\n<p>O presidente da ACE, Wilson Louren\u00e7o se reuniu com representantes dos Conseg\u2019s &#8211; Conselhos Comunit\u00e1rios de Seguran\u00e7a de Guarulhos na sede da Associa\u00e7\u00e3o Comercial. Estiveram presentes o diretor de seguran\u00e7a da ACE, Adriano Costa; Orlando Paulino da Silva, do Conseg Tabo\u00e3o; Jandira Aparecida da Silva, do Conseg Guarulhos\/Nordeste; Expedito de Lima, Vila Galv\u00e3o; Amon Francisco Rodrigues, do Pimentas e Alberto Valadares e Rui Galhardo, do Conselho de Seguran\u00e7a do Bom Clima.<\/p>\n<p>O presidente Wilson Louren\u00e7o afirmou que hoje existe uma grande uni\u00e3o entre os Conseg\u2019s. Diante disso, decidiu que ir\u00e1 colocar os representantes dos Conselhos de Seguran\u00e7a em contato com os diretores regionais da ACE, que promover\u00e3o a integra\u00e7\u00e3o entre os comerciantes e as lideran\u00e7as da cidade: \u201cColoco a Associa\u00e7\u00e3o Comercial totalmente \u00e0 disposi\u00e7\u00e3o. Essa integra\u00e7\u00e3o \u00e9 muito importante, j\u00e1 que muitos desconhecem os trabalhos realizados pelos Conselhos de Seguran\u00e7a\u201d, disse.<\/p>\n<p>Para o diretor de Seguran\u00e7a da entidade, Adriano Costa, a ACE \u00e9 uma ferramenta que deve ser utilizada por todos: \u201cTemos de tomar uma atitude e fazer a nossa parte. Promoveremos com mais freq\u00fc\u00eancia reuni\u00f5es como esta e debatermos problemas comuns\u201d, declarou.<\/p>\n<p>De acordo com o presidente Orlando Paulino da Silva, do Conseg Tabo\u00e3o, sua regi\u00e3o necessita de mais seguran\u00e7a: \u201cEm nossa \u00e1rea contamos hoje apenas com 98 policiais, isso sem contar os que est\u00e3o de f\u00e9rias ou afastados. N\u00f3s precisamos que esta companhia esteja completa, contando com 150 policiais e pelo menos quatro viaturas, j\u00e1 que estamos em uma regi\u00e3o com 190 mil habitantes\u201d, destacou.<\/p>\n<p>Para Alberto Valadares, o Argentino, o interc\u00e2mbio e a troca de informa\u00e7\u00f5es \u00e9 muito importante. Segundo ele, o F\u00f3rum de Seguran\u00e7a de Guarulhos vem cumprindo com o seu papel: \u201cTodos aqui somos iguais. Defendo a id\u00e9ia de que um Conselho Gestor comande as a\u00e7\u00f5es do F\u00f3rum e n\u00e3o exclusivamente um presidente\u201d, disse.<\/p>\n<p>Durante a reuni\u00e3o foi discutida a necessidade de uma ajuda financeira mensal aos Conseg\u2019s com o intuito de se manter a infra-estrutura necess\u00e1ria para a realiza\u00e7\u00e3o dos trabalhos. <\/p>\n<p>Essa ajuda viria do Fundo Nacional de Seguran\u00e7a: \u201cTemos de pleitear esta verba, pois hoje os Conselhos de Seguran\u00e7a se mant\u00eam com o dinheiro do nosso pr\u00f3prio bolso. Deixo claro aqui que a reivindica\u00e7\u00e3o n\u00e3o se trata de um sal\u00e1rio, mas sim de uma ajuda de custo para investirmos em equipamentos de inform\u00e1tica, bem como em uma p\u00e1gina na internet, por exemplo\u201d, disse Argentino.<\/p>\n<p>Os representantes de Guarulhos querem tamb\u00e9m que o coordenador geral dos Conseg\u2019s seja eleito pelos Conselhos: \u201cHoje a coordena\u00e7\u00e3o dos Conseg\u2019s no estado est\u00e1 nas m\u00e3os de pessoas indicadas politicamente. Queremos escolher nossos representantes\u201d, disse Amon Francisco Rodrigues, da regi\u00e3o dos Pimentas.<\/p>\n<p>F\u00f3rum de Seguran\u00e7a \u2013 realizado toda 1\u00aa quarta-feira de cada m\u00eas, na sede da OAB-Guarulhos, os \u00faltimos debates contaram com a presen\u00e7a de diversas lideran\u00e7as do munic\u00edpio, dentre elas Tadeu Corr\u00eaa, da Comiss\u00e3o de Seguran\u00e7a P\u00fablica da OAB; Wilson Louren\u00e7o, presidente da ACE-Guarulhos; Carlos Alberto de Oliveira, representante da Delegacia Seccional de Guarulhos e titular do 9\u00b0 DP; Alberto Valadares, presidente do Conseg Bom Clima; Expedito de Lima, presidente do Conseg Vila Galv\u00e3o; Maria da Anuncia\u00e7\u00e3o D\u00b4 Ara\u00fajo, professora que atua no departamento jur\u00eddico da Diretoria de Ensino de Guarulhos e o colaborador do Jardim Triunfo, Henrique Aparecido Bascchera. <\/p>\n<p>Dentre os assuntos discutidos tivemos a proposta de nomea\u00e7\u00e3o dos conselheiros que ir\u00e3o comandar o F\u00f3rum de Seguran\u00e7a, bem como a exposi\u00e7\u00e3o peri\u00f3dica dos dados da criminalidade por parte da pol\u00edcia civil e militar. Foi sugerida tamb\u00e9m a forma\u00e7\u00e3o de uma comiss\u00e3o para an\u00e1lise e acompanhamento da cria\u00e7\u00e3o de um novo IML na cidade. <\/p>\n<p>Foram destacadas ainda a falta de participa\u00e7\u00e3o de pol\u00edticos guarulhenses nas reuni\u00f5es dos Conseg\u2019s; a necessidade de haver o monitoramento por c\u00e2meras de vias p\u00fablicas e a necessidade de mais comunica\u00e7\u00e3o entre os diferentes \u00f3rg\u00e3os da pol\u00edcia.<\/p>\n<p>Outro ponto discutido e elogiado foi a quest\u00e3o da apreens\u00e3o das m\u00e1quinas ca\u00e7a-n\u00edqueis, que foram retiradas dos com\u00e9rcios; a viabiliza\u00e7\u00e3o dos Conseg\u2019s nas escolas; o apoio a continuidade das rondas escolares, bem como mapeamento de escolas e a\u00e7\u00f5es comunit\u00e1rias para interagirem em prol da seguran\u00e7a p\u00fablica.<\/p>\n<p>De acordo com Wilson Louren\u00e7o, Guarulhos hoje conta com um efetivo policial bem abaixo do desej\u00e1vel: \u201cReivindicamos um n\u00famero maior de policiais, al\u00e9m de mais viaturas\u201d, disse.<\/p>\n<p>O F\u00f3rum de Seguran\u00e7a \u00e9 aberto a todos os interessados.<\/p>\n","protected":false},"excerpt":{"rendered":"Wilson Louren\u00e7o recebeu os representantes dos Conselhos Comunit\u00e1rios de Seguran\u00e7a com o intuito de sugerir uma aproxima\u00e7\u00e3o com os empres\u00e1rios da cidade O \n<a class=\"moretag\" href=\"https:\/\/www.aceguarulhos.com.br\/blog\/ace-quer-integrar-comerciantes-e-conseg%e2%80%99s\/\"> [...]<\/a>","protected":false},"author":8,"featured_media":0,"comment_status":"open","ping_status":"open","sticky":false,"template":"","format":"standard","meta":{"footnotes":""},"categories":[2],"tags":[],"class_list":["post-31959","post","type-post","status-publish","format-standard","hentry","category-noticias"],"yoast_head":"<!-- This site is optimized with the Yoast SEO plugin v28.1 - https:\/\/yoast.com\/product\/yoast-seo-wordpress\/ -->\n<title>ACE quer integrar comerciantes e Conseg\u2019s - ACE-Guarulhos<\/title>\n<meta name=\"robots\" content=\"index, follow, max-snippet:-1, max-image-preview:large, max-video-preview:-1\" \/>\n<link rel=\"canonical\" href=\"https:\/\/www.aceguarulhos.com.br\/blog\/ace-quer-integrar-comerciantes-e-conseg\u2019s\/\" \/>\n<meta property=\"og:locale\" content=\"pt_BR\" \/>\n<meta property=\"og:type\" content=\"article\" \/>\n<meta property=\"og:title\" content=\"ACE quer integrar comerciantes e Conseg\u2019s - ACE-Guarulhos\" \/>\n<meta property=\"og:description\" content=\"Wilson Louren\u00e7o recebeu os representantes dos Conselhos Comunit\u00e1rios de Seguran\u00e7a com o intuito de sugerir uma aproxima\u00e7\u00e3o com os empres\u00e1rios da cidade O\" \/>\n<meta property=\"og:url\" content=\"https:\/\/www.aceguarulhos.com.br\/blog\/ace-quer-integrar-comerciantes-e-conseg\u2019s\/\" \/>\n<meta property=\"og:site_name\" content=\"ACE-Guarulhos\" \/>\n<meta property=\"article:publisher\" content=\"https:\/\/www.facebook.com\/aceguarulhos\/\" \/>\n<meta property=\"article:published_time\" content=\"2007-08-08T13:42:28+00:00\" \/>\n<meta property=\"og:image\" content=\"https:\/\/www.aceguarulhos.com.br\/blog\/wp-content\/uploads\/image.php\" \/>\n<meta name=\"author\" content=\"Assessoria de Imprensa ACE-Guarulhos\" \/>\n<meta name=\"twitter:card\" content=\"summary_large_image\" \/>\n<meta name=\"twitter:label1\" content=\"Escrito por\" \/>\n\t<meta name=\"twitter:data1\" content=\"Assessoria de Imprensa ACE-Guarulhos\" \/>\n\t<meta name=\"twitter:label2\" content=\"Est. tempo de leitura\" \/>\n\t<meta name=\"twitter:data2\" content=\"4 minutos\" \/>\n<script type=\"application\/ld+json\" class=\"yoast-schema-graph\">{\"@context\":\"https:\\\/\\\/schema.org\",\"@graph\":[{\"@type\":\"Article\",\"@id\":\"https:\\\/\\\/www.aceguarulhos.com.br\\\/blog\\\/ace-quer-integrar-comerciantes-e-conseg%e2%80%99s\\\/#article\",\"isPartOf\":{\"@id\":\"https:\\\/\\\/www.aceguarulhos.com.br\\\/blog\\\/ace-quer-integrar-comerciantes-e-conseg%e2%80%99s\\\/\"},\"author\":{\"name\":\"Assessoria de Imprensa ACE-Guarulhos\",\"@id\":\"https:\\\/\\\/www.aceguarulhos.com.br\\\/blog\\\/#\\\/schema\\\/person\\\/6983b51bad37489989e4f09698c26237\"},\"headline\":\"ACE quer integrar comerciantes e Conseg\u2019s\",\"datePublished\":\"2007-08-08T13:42:28+00:00\",\"mainEntityOfPage\":{\"@id\":\"https:\\\/\\\/www.aceguarulhos.com.br\\\/blog\\\/ace-quer-integrar-comerciantes-e-conseg%e2%80%99s\\\/\"},\"wordCount\":841,\"commentCount\":0,\"publisher\":{\"@id\":\"https:\\\/\\\/www.aceguarulhos.com.br\\\/blog\\\/#organization\"},\"articleSection\":[\"Not\u00edcias\"],\"inLanguage\":\"pt-BR\"},{\"@type\":\"WebPage\",\"@id\":\"https:\\\/\\\/www.aceguarulhos.com.br\\\/blog\\\/ace-quer-integrar-comerciantes-e-conseg%e2%80%99s\\\/\",\"url\":\"https:\\\/\\\/www.aceguarulhos.com.br\\\/blog\\\/ace-quer-integrar-comerciantes-e-conseg%e2%80%99s\\\/\",\"name\":\"ACE quer integrar comerciantes e Conseg\u2019s - ACE-Guarulhos\",\"isPartOf\":{\"@id\":\"https:\\\/\\\/www.aceguarulhos.com.br\\\/blog\\\/#website\"},\"datePublished\":\"2007-08-08T13:42:28+00:00\",\"breadcrumb\":{\"@id\":\"https:\\\/\\\/www.aceguarulhos.com.br\\\/blog\\\/ace-quer-integrar-comerciantes-e-conseg%e2%80%99s\\\/#breadcrumb\"},\"inLanguage\":\"pt-BR\",\"potentialAction\":[{\"@type\":\"ReadAction\",\"target\":[\"https:\\\/\\\/www.aceguarulhos.com.br\\\/blog\\\/ace-quer-integrar-comerciantes-e-conseg%e2%80%99s\\\/\"]}]},{\"@type\":\"BreadcrumbList\",\"@id\":\"https:\\\/\\\/www.aceguarulhos.com.br\\\/blog\\\/ace-quer-integrar-comerciantes-e-conseg%e2%80%99s\\\/#breadcrumb\",\"itemListElement\":[{\"@type\":\"ListItem\",\"position\":1,\"name\":\"In\u00edcio\",\"item\":\"https:\\\/\\\/www.aceguarulhos.com.br\\\/blog\\\/\"},{\"@type\":\"ListItem\",\"position\":2,\"name\":\"ACE quer integrar comerciantes e Conseg\u2019s\"}]},{\"@type\":\"WebSite\",\"@id\":\"https:\\\/\\\/www.aceguarulhos.com.br\\\/blog\\\/#website\",\"url\":\"https:\\\/\\\/www.aceguarulhos.com.br\\\/blog\\\/\",\"name\":\"ACE-Guarulhos\",\"description\":\"A ACE-Guarulhos \u00e9 uma associa\u00e7\u00e3o que ap\u00f3ia os empres\u00e1rios guarulhenses atrav\u00e9s da representa\u00e7\u00e3o, da gera\u00e7\u00e3o de neg\u00f3cios e presta\u00e7\u00e3o de servi\u00e7os.\",\"publisher\":{\"@id\":\"https:\\\/\\\/www.aceguarulhos.com.br\\\/blog\\\/#organization\"},\"potentialAction\":[{\"@type\":\"SearchAction\",\"target\":{\"@type\":\"EntryPoint\",\"urlTemplate\":\"https:\\\/\\\/www.aceguarulhos.com.br\\\/blog\\\/?s={search_term_string}\"},\"query-input\":{\"@type\":\"PropertyValueSpecification\",\"valueRequired\":true,\"valueName\":\"search_term_string\"}}],\"inLanguage\":\"pt-BR\"},{\"@type\":\"Organization\",\"@id\":\"https:\\\/\\\/www.aceguarulhos.com.br\\\/blog\\\/#organization\",\"name\":\"ACE-Guarulhos\",\"url\":\"https:\\\/\\\/www.aceguarulhos.com.br\\\/blog\\\/\",\"logo\":{\"@type\":\"ImageObject\",\"inLanguage\":\"pt-BR\",\"@id\":\"https:\\\/\\\/www.aceguarulhos.com.br\\\/blog\\\/#\\\/schema\\\/logo\\\/image\\\/\",\"url\":\"https:\\\/\\\/www.aceguarulhos.com.br\\\/blog\\\/wp-content\\\/uploads\\\/2017\\\/12\\\/logo-aceguarulhos-2018.png\",\"contentUrl\":\"https:\\\/\\\/www.aceguarulhos.com.br\\\/blog\\\/wp-content\\\/uploads\\\/2017\\\/12\\\/logo-aceguarulhos-2018.png\",\"width\":419,\"height\":76,\"caption\":\"ACE-Guarulhos\"},\"image\":{\"@id\":\"https:\\\/\\\/www.aceguarulhos.com.br\\\/blog\\\/#\\\/schema\\\/logo\\\/image\\\/\"},\"sameAs\":[\"https:\\\/\\\/www.facebook.com\\\/aceguarulhos\\\/\",\"https:\\\/\\\/br.linkedin.com\\\/in\\\/ace-guarulhos-b9a97093\",\"https:\\\/\\\/www.youtube.com\\\/user\\\/aceguarulhos\"]},{\"@type\":\"Person\",\"@id\":\"https:\\\/\\\/www.aceguarulhos.com.br\\\/blog\\\/#\\\/schema\\\/person\\\/6983b51bad37489989e4f09698c26237\",\"name\":\"Assessoria de Imprensa ACE-Guarulhos\",\"image\":{\"@type\":\"ImageObject\",\"inLanguage\":\"pt-BR\",\"@id\":\"https:\\\/\\\/secure.gravatar.com\\\/avatar\\\/707f3fadd6918afeb64173ab22d8a8cb0676953098a4f31ff36dc2b4c699ef6a?s=96&d=mm&r=g\",\"url\":\"https:\\\/\\\/secure.gravatar.com\\\/avatar\\\/707f3fadd6918afeb64173ab22d8a8cb0676953098a4f31ff36dc2b4c699ef6a?s=96&d=mm&r=g\",\"contentUrl\":\"https:\\\/\\\/secure.gravatar.com\\\/avatar\\\/707f3fadd6918afeb64173ab22d8a8cb0676953098a4f31ff36dc2b4c699ef6a?s=96&d=mm&r=g\",\"caption\":\"Assessoria de Imprensa ACE-Guarulhos\"},\"url\":\"https:\\\/\\\/www.aceguarulhos.com.br\\\/blog\\\/author\\\/assessoria-de-imprensa-ace-guarulhos\\\/\"}]}<\/script>\n<!-- \/ Yoast SEO plugin. -->","yoast_head_json":{"title":"ACE quer integrar comerciantes e Conseg\u2019s - ACE-Guarulhos","robots":{"index":"index","follow":"follow","max-snippet":"max-snippet:-1","max-image-preview":"max-image-preview:large","max-video-preview":"max-video-preview:-1"},"canonical":"https:\/\/www.aceguarulhos.com.br\/blog\/ace-quer-integrar-comerciantes-e-conseg\u2019s\/","og_locale":"pt_BR","og_type":"article","og_title":"ACE quer integrar comerciantes e Conseg\u2019s - ACE-Guarulhos","og_description":"Wilson Louren\u00e7o recebeu os representantes dos Conselhos Comunit\u00e1rios de Seguran\u00e7a com o intuito de sugerir uma aproxima\u00e7\u00e3o com os empres\u00e1rios da cidade O","og_url":"https:\/\/www.aceguarulhos.com.br\/blog\/ace-quer-integrar-comerciantes-e-conseg\u2019s\/","og_site_name":"ACE-Guarulhos","article_publisher":"https:\/\/www.facebook.com\/aceguarulhos\/","article_published_time":"2007-08-08T13:42:28+00:00","og_image":[{"url":"https:\/\/www.aceguarulhos.com.br\/blog\/wp-content\/uploads\/image.php","type":"","width":"","height":""}],"author":"Assessoria de Imprensa ACE-Guarulhos","twitter_card":"summary_large_image","twitter_misc":{"Escrito por":"Assessoria de Imprensa ACE-Guarulhos","Est. tempo de leitura":"4 minutos"},"schema":{"@context":"https:\/\/schema.org","@graph":[{"@type":"Article","@id":"https:\/\/www.aceguarulhos.com.br\/blog\/ace-quer-integrar-comerciantes-e-conseg%e2%80%99s\/#article","isPartOf":{"@id":"https:\/\/www.aceguarulhos.com.br\/blog\/ace-quer-integrar-comerciantes-e-conseg%e2%80%99s\/"},"author":{"name":"Assessoria de Imprensa ACE-Guarulhos","@id":"https:\/\/www.aceguarulhos.com.br\/blog\/#\/schema\/person\/6983b51bad37489989e4f09698c26237"},"headline":"ACE quer integrar comerciantes e Conseg\u2019s","datePublished":"2007-08-08T13:42:28+00:00","mainEntityOfPage":{"@id":"https:\/\/www.aceguarulhos.com.br\/blog\/ace-quer-integrar-comerciantes-e-conseg%e2%80%99s\/"},"wordCount":841,"commentCount":0,"publisher":{"@id":"https:\/\/www.aceguarulhos.com.br\/blog\/#organization"},"articleSection":["Not\u00edcias"],"inLanguage":"pt-BR"},{"@type":"WebPage","@id":"https:\/\/www.aceguarulhos.com.br\/blog\/ace-quer-integrar-comerciantes-e-conseg%e2%80%99s\/","url":"https:\/\/www.aceguarulhos.com.br\/blog\/ace-quer-integrar-comerciantes-e-conseg%e2%80%99s\/","name":"ACE quer integrar comerciantes e Conseg\u2019s - ACE-Guarulhos","isPartOf":{"@id":"https:\/\/www.aceguarulhos.com.br\/blog\/#website"},"datePublished":"2007-08-08T13:42:28+00:00","breadcrumb":{"@id":"https:\/\/www.aceguarulhos.com.br\/blog\/ace-quer-integrar-comerciantes-e-conseg%e2%80%99s\/#breadcrumb"},"inLanguage":"pt-BR","potentialAction":[{"@type":"ReadAction","target":["https:\/\/www.aceguarulhos.com.br\/blog\/ace-quer-integrar-comerciantes-e-conseg%e2%80%99s\/"]}]},{"@type":"BreadcrumbList","@id":"https:\/\/www.aceguarulhos.com.br\/blog\/ace-quer-integrar-comerciantes-e-conseg%e2%80%99s\/#breadcrumb","itemListElement":[{"@type":"ListItem","position":1,"name":"In\u00edcio","item":"https:\/\/www.aceguarulhos.com.br\/blog\/"},{"@type":"ListItem","position":2,"name":"ACE quer integrar comerciantes e Conseg\u2019s"}]},{"@type":"WebSite","@id":"https:\/\/www.aceguarulhos.com.br\/blog\/#website","url":"https:\/\/www.aceguarulhos.com.br\/blog\/","name":"ACE-Guarulhos","description":"A ACE-Guarulhos \u00e9 uma associa\u00e7\u00e3o que ap\u00f3ia os empres\u00e1rios guarulhenses atrav\u00e9s da representa\u00e7\u00e3o, da gera\u00e7\u00e3o de neg\u00f3cios e presta\u00e7\u00e3o de servi\u00e7os.","publisher":{"@id":"https:\/\/www.aceguarulhos.com.br\/blog\/#organization"},"potentialAction":[{"@type":"SearchAction","target":{"@type":"EntryPoint","urlTemplate":"https:\/\/www.aceguarulhos.com.br\/blog\/?s={search_term_string}"},"query-input":{"@type":"PropertyValueSpecification","valueRequired":true,"valueName":"search_term_string"}}],"inLanguage":"pt-BR"},{"@type":"Organization","@id":"https:\/\/www.aceguarulhos.com.br\/blog\/#organization","name":"ACE-Guarulhos","url":"https:\/\/www.aceguarulhos.com.br\/blog\/","logo":{"@type":"ImageObject","inLanguage":"pt-BR","@id":"https:\/\/www.aceguarulhos.com.br\/blog\/#\/schema\/logo\/image\/","url":"https:\/\/www.aceguarulhos.com.br\/blog\/wp-content\/uploads\/2017\/12\/logo-aceguarulhos-2018.png","contentUrl":"https:\/\/www.aceguarulhos.com.br\/blog\/wp-content\/uploads\/2017\/12\/logo-aceguarulhos-2018.png","width":419,"height":76,"caption":"ACE-Guarulhos"},"image":{"@id":"https:\/\/www.aceguarulhos.com.br\/blog\/#\/schema\/logo\/image\/"},"sameAs":["https:\/\/www.facebook.com\/aceguarulhos\/","https:\/\/br.linkedin.com\/in\/ace-guarulhos-b9a97093","https:\/\/www.youtube.com\/user\/aceguarulhos"]},{"@type":"Person","@id":"https:\/\/www.aceguarulhos.com.br\/blog\/#\/schema\/person\/6983b51bad37489989e4f09698c26237","name":"Assessoria de Imprensa ACE-Guarulhos","image":{"@type":"ImageObject","inLanguage":"pt-BR","@id":"https:\/\/secure.gravatar.com\/avatar\/707f3fadd6918afeb64173ab22d8a8cb0676953098a4f31ff36dc2b4c699ef6a?s=96&d=mm&r=g","url":"https:\/\/secure.gravatar.com\/avatar\/707f3fadd6918afeb64173ab22d8a8cb0676953098a4f31ff36dc2b4c699ef6a?s=96&d=mm&r=g","contentUrl":"https:\/\/secure.gravatar.com\/avatar\/707f3fadd6918afeb64173ab22d8a8cb0676953098a4f31ff36dc2b4c699ef6a?s=96&d=mm&r=g","caption":"Assessoria de Imprensa ACE-Guarulhos"},"url":"https:\/\/www.aceguarulhos.com.br\/blog\/author\/assessoria-de-imprensa-ace-guarulhos\/"}]}},"wps_subtitle":"","amp_enabled":true,"_links":{"self":[{"href":"https:\/\/www.aceguarulhos.com.br\/blog\/wp-json\/wp\/v2\/posts\/31959","targetHints":{"allow":["GET"]}}],"collection":[{"href":"https:\/\/www.aceguarulhos.com.br\/blog\/wp-json\/wp\/v2\/posts"}],"about":[{"href":"https:\/\/www.aceguarulhos.com.br\/blog\/wp-json\/wp\/v2\/types\/post"}],"author":[{"embeddable":true,"href":"https:\/\/www.aceguarulhos.com.br\/blog\/wp-json\/wp\/v2\/users\/8"}],"replies":[{"embeddable":true,"href":"https:\/\/www.aceguarulhos.com.br\/blog\/wp-json\/wp\/v2\/comments?post=31959"}],"version-history":[{"count":0,"href":"https:\/\/www.aceguarulhos.com.br\/blog\/wp-json\/wp\/v2\/posts\/31959\/revisions"}],"wp:attachment":[{"href":"https:\/\/www.aceguarulhos.com.br\/blog\/wp-json\/wp\/v2\/media?parent=31959"}],"wp:term":[{"taxonomy":"category","embeddable":true,"href":"https:\/\/www.aceguarulhos.com.br\/blog\/wp-json\/wp\/v2\/categories?post=31959"},{"taxonomy":"post_tag","embeddable":true,"href":"https:\/\/www.aceguarulhos.com.br\/blog\/wp-json\/wp\/v2\/tags?post=31959"}],"curies":[{"name":"wp","href":"https:\/\/api.w.org\/{rel}","templated":true}]}}