{"id":31947,"date":"2007-08-07T13:23:59","date_gmt":"2007-08-07T13:23:59","guid":{"rendered":"http:\/\/www.aceguarulhos.com.br\/blog\/?p=31947"},"modified":"-0001-11-30T00:00:00","modified_gmt":"-0001-11-30T03:00:00","slug":"aumenta-press%c3%a3o-pelo-fim-da-cpmf","status":"publish","type":"post","link":"https:\/\/www.aceguarulhos.com.br\/blog\/aumenta-press%c3%a3o-pelo-fim-da-cpmf\/","title":{"rendered":"Aumenta press\u00e3o pelo fim da CPMF"},"content":{"rendered":"<p><i>Parlamentares, empres\u00e1rios e outras lideran\u00e7as lan\u00e7aram dia 6 de agosto em S\u00e3o Paulo a Frente Estadual de Vereadores Contra a Contribui\u00e7\u00e3o Provis\u00f3ria sobre Movimenta\u00e7\u00e3o Financeira (CPMF). A frente, que faz parte do movimento &#8220;Sou Contra a CPMF&#8221;, \u00e9 uma rea\u00e7\u00e3o \u00e0 inten\u00e7\u00e3o do governo de prorrogar at\u00e9 2011 o prazo de cobran\u00e7a do tributo<\/i><\/p>\n<p>Desde julho, quando foi lan\u00e7ado, o movimento j\u00e1 recolheu cerca de 500 mil assinaturas pedindo o fim da cobran\u00e7a da CPMF. Ontem, durante o lan\u00e7amento da Frente, quatro computadores foram colocados na entrada da Federa\u00e7\u00e3o das Ind\u00fastrias do Estado de S\u00e3o Paulo (Fiesp) para facilitar a ades\u00e3o da popula\u00e7\u00e3o. <\/p>\n<p>Segundo o presidente da Fiesp, Paulo Skaf, 1 milh\u00e3o de assinaturas devem ser colhidas at\u00e9 o final desta semana, quando o abaixo-assinado ser\u00e1 levado para o Congresso Nacional com o objetivo de convencer deputados e senadores a votar contra a prorroga\u00e7\u00e3o da cobran\u00e7a. <\/p>\n<p>O governo federal deve arrecadar cerca de R$ 35 bilh\u00f5es com a CPMF em 2007, e prev\u00ea no or\u00e7amento do pr\u00f3ximo ano que o montante chegue pr\u00f3ximo a R$ 39 bilh\u00f5es. Quando entrou em vigor, a contribui\u00e7\u00e3o tinha al\u00edquota de 0,22%. Hoje, a cada transa\u00e7\u00e3o banc\u00e1ria realizada \u2013 seja para sacar ou pagar contas \u2013, a CPMF abocanha 0,38% do valor da movimenta\u00e7\u00e3o. Em 2000, o fisco passou a usar a contribui\u00e7\u00e3o para cruzar informa\u00e7\u00f5es banc\u00e1rias com as declara\u00e7\u00f5es de Imposto de Renda (IR) \u00e0 procura de ind\u00edcios de sonega\u00e7\u00e3o. <\/p>\n<p>De acordo com o movimento, o fim da CPMF n\u00e3o resultaria em preju\u00edzo para os setores subsidiados pela contribui\u00e7\u00e3o. As lideran\u00e7as da frente argumentam que o montante desperdi\u00e7ado com o mau gerenciamento dos recursos p\u00fablicos supera o arrecadado com a contribui\u00e7\u00e3o. &#8220;N\u00e3o \u00e9 verdade que o governo, abrindo m\u00e3o do tributo, teria de abandonar programas patrocinados por ele. Mesmo sem a CPMF, o governo deve ter um aumento de R$ 50 bilh\u00f5es na arrecada\u00e7\u00e3o neste ano. Basta usar corretamente o que arrecada&#8221;, disse Skaf. <\/p>\n<p>O movimento tamb\u00e9m diz que o uso estrat\u00e9gico da contribui\u00e7\u00e3o para controlar o pagamento de impostos n\u00e3o justifica a prorroga\u00e7\u00e3o, j\u00e1 que existem outros instrumentos legais. Segundo o deputado federal Paulo Bornhausen (DEM-SC), &#8220;a Lei Complementar n\u00b0 105 prev\u00ea os mesmos mecanismos para fiscalizar os sonegadores&#8221;. <\/p>\n<p>O presidente da Associa\u00e7\u00e3o Comercial de S\u00e3o Paulo (ACSP), Alencar Burti, lembrou que, ao prorrogar a CPMF, o governo quebrou o pacto que havia feito com a sociedade. &#8220;Ela foi institu\u00edda para ser provis\u00f3ria, mas o governo vem tornando-a permanente com as prorroga\u00e7\u00f5es. Se o compromisso com a sociedade n\u00e3o \u00e9 cumprido, o Pa\u00eds est\u00e1 no caminho errado&#8221;, disse Burti. A contribui\u00e7\u00e3o est\u00e1 &#8220;provis\u00f3ria&#8221; desde 24 de agosto de 1996. <\/p>\n<p>Os l\u00edderes do movimento tamb\u00e9m criticam o fato de o governo n\u00e3o dividir a arrecada\u00e7\u00e3o com estados e munic\u00edpios. Segundo o vereador Celso Jatene, &#8220;em 2006, s\u00f3 a cidade de S\u00e3o Paulo contribuiu com quase R$ 15 bilh\u00f5es para a CPMF, mas o governo federal repassou apenas R$ 900 milh\u00f5es para a pasta de sa\u00fade do munic\u00edpio&#8221;. <\/p>\n<p>Apesar do impacto do tributo cotidiano da popula\u00e7\u00e3o, pesquisa realizada pelo Centro das Ind\u00fastrias do Estado de S\u00e3o Paulo (Ciesp) mostrou que a maioria dos brasileiros n\u00e3o sabe que o governo cobra 0,38% sobre toda transa\u00e7\u00e3o banc\u00e1ria. A pesquisa mostrou que a cobran\u00e7a \u00e9 desconhecida para 58% dos brasileiros. O mesmo levantamento revelou que 69% dos entrevistados querem o fim da CPMF.<\/p>\n","protected":false},"excerpt":{"rendered":"Parlamentares, empres\u00e1rios e outras lideran\u00e7as lan\u00e7aram dia 6 de agosto em S\u00e3o Paulo a Frente Estadual de Vereadores Contra a Contribui\u00e7\u00e3o Provis\u00f3ria sobre \n<a class=\"moretag\" href=\"https:\/\/www.aceguarulhos.com.br\/blog\/aumenta-press%c3%a3o-pelo-fim-da-cpmf\/\"> [...]<\/a>","protected":false},"author":8,"featured_media":0,"comment_status":"open","ping_status":"open","sticky":false,"template":"","format":"standard","meta":{"footnotes":""},"categories":[2],"tags":[],"class_list":["post-31947","post","type-post","status-publish","format-standard","hentry","category-noticias"],"yoast_head":"<!-- This site is optimized with the Yoast SEO plugin v28.1 - https:\/\/yoast.com\/product\/yoast-seo-wordpress\/ -->\n<title>Aumenta press\u00e3o pelo fim da CPMF - ACE-Guarulhos<\/title>\n<meta name=\"robots\" content=\"index, follow, max-snippet:-1, max-image-preview:large, max-video-preview:-1\" \/>\n<link rel=\"canonical\" href=\"https:\/\/www.aceguarulhos.com.br\/blog\/aumenta-press\u00e3o-pelo-fim-da-cpmf\/\" \/>\n<meta property=\"og:locale\" content=\"pt_BR\" \/>\n<meta property=\"og:type\" content=\"article\" \/>\n<meta property=\"og:title\" content=\"Aumenta press\u00e3o pelo fim da CPMF - ACE-Guarulhos\" \/>\n<meta property=\"og:description\" content=\"Parlamentares, empres\u00e1rios e outras lideran\u00e7as lan\u00e7aram dia 6 de agosto em S\u00e3o Paulo a Frente Estadual de Vereadores Contra a Contribui\u00e7\u00e3o Provis\u00f3ria sobre\" \/>\n<meta property=\"og:url\" content=\"https:\/\/www.aceguarulhos.com.br\/blog\/aumenta-press\u00e3o-pelo-fim-da-cpmf\/\" \/>\n<meta property=\"og:site_name\" content=\"ACE-Guarulhos\" \/>\n<meta property=\"article:publisher\" content=\"https:\/\/www.facebook.com\/aceguarulhos\/\" \/>\n<meta property=\"article:published_time\" content=\"2007-08-07T13:23:59+00:00\" \/>\n<meta name=\"author\" content=\"Assessoria de Imprensa ACE-Guarulhos\" \/>\n<meta name=\"twitter:card\" content=\"summary_large_image\" \/>\n<meta name=\"twitter:label1\" content=\"Escrito por\" \/>\n\t<meta name=\"twitter:data1\" content=\"Assessoria de Imprensa ACE-Guarulhos\" \/>\n\t<meta name=\"twitter:label2\" content=\"Est. tempo de leitura\" \/>\n\t<meta name=\"twitter:data2\" content=\"3 minutos\" \/>\n<script type=\"application\/ld+json\" class=\"yoast-schema-graph\">{\"@context\":\"https:\\\/\\\/schema.org\",\"@graph\":[{\"@type\":\"Article\",\"@id\":\"https:\\\/\\\/www.aceguarulhos.com.br\\\/blog\\\/aumenta-press%c3%a3o-pelo-fim-da-cpmf\\\/#article\",\"isPartOf\":{\"@id\":\"https:\\\/\\\/www.aceguarulhos.com.br\\\/blog\\\/aumenta-press%c3%a3o-pelo-fim-da-cpmf\\\/\"},\"author\":{\"name\":\"Assessoria de Imprensa ACE-Guarulhos\",\"@id\":\"https:\\\/\\\/www.aceguarulhos.com.br\\\/blog\\\/#\\\/schema\\\/person\\\/6983b51bad37489989e4f09698c26237\"},\"headline\":\"Aumenta press\u00e3o pelo fim da CPMF\",\"datePublished\":\"2007-08-07T13:23:59+00:00\",\"mainEntityOfPage\":{\"@id\":\"https:\\\/\\\/www.aceguarulhos.com.br\\\/blog\\\/aumenta-press%c3%a3o-pelo-fim-da-cpmf\\\/\"},\"wordCount\":613,\"commentCount\":0,\"publisher\":{\"@id\":\"https:\\\/\\\/www.aceguarulhos.com.br\\\/blog\\\/#organization\"},\"articleSection\":[\"Not\u00edcias\"],\"inLanguage\":\"pt-BR\"},{\"@type\":\"WebPage\",\"@id\":\"https:\\\/\\\/www.aceguarulhos.com.br\\\/blog\\\/aumenta-press%c3%a3o-pelo-fim-da-cpmf\\\/\",\"url\":\"https:\\\/\\\/www.aceguarulhos.com.br\\\/blog\\\/aumenta-press%c3%a3o-pelo-fim-da-cpmf\\\/\",\"name\":\"Aumenta press\u00e3o pelo fim da CPMF - ACE-Guarulhos\",\"isPartOf\":{\"@id\":\"https:\\\/\\\/www.aceguarulhos.com.br\\\/blog\\\/#website\"},\"datePublished\":\"2007-08-07T13:23:59+00:00\",\"breadcrumb\":{\"@id\":\"https:\\\/\\\/www.aceguarulhos.com.br\\\/blog\\\/aumenta-press%c3%a3o-pelo-fim-da-cpmf\\\/#breadcrumb\"},\"inLanguage\":\"pt-BR\",\"potentialAction\":[{\"@type\":\"ReadAction\",\"target\":[\"https:\\\/\\\/www.aceguarulhos.com.br\\\/blog\\\/aumenta-press%c3%a3o-pelo-fim-da-cpmf\\\/\"]}]},{\"@type\":\"BreadcrumbList\",\"@id\":\"https:\\\/\\\/www.aceguarulhos.com.br\\\/blog\\\/aumenta-press%c3%a3o-pelo-fim-da-cpmf\\\/#breadcrumb\",\"itemListElement\":[{\"@type\":\"ListItem\",\"position\":1,\"name\":\"In\u00edcio\",\"item\":\"https:\\\/\\\/www.aceguarulhos.com.br\\\/blog\\\/\"},{\"@type\":\"ListItem\",\"position\":2,\"name\":\"Aumenta press\u00e3o pelo fim da CPMF\"}]},{\"@type\":\"WebSite\",\"@id\":\"https:\\\/\\\/www.aceguarulhos.com.br\\\/blog\\\/#website\",\"url\":\"https:\\\/\\\/www.aceguarulhos.com.br\\\/blog\\\/\",\"name\":\"ACE-Guarulhos\",\"description\":\"A ACE-Guarulhos \u00e9 uma associa\u00e7\u00e3o que ap\u00f3ia os empres\u00e1rios guarulhenses atrav\u00e9s da representa\u00e7\u00e3o, da gera\u00e7\u00e3o de neg\u00f3cios e presta\u00e7\u00e3o de servi\u00e7os.\",\"publisher\":{\"@id\":\"https:\\\/\\\/www.aceguarulhos.com.br\\\/blog\\\/#organization\"},\"potentialAction\":[{\"@type\":\"SearchAction\",\"target\":{\"@type\":\"EntryPoint\",\"urlTemplate\":\"https:\\\/\\\/www.aceguarulhos.com.br\\\/blog\\\/?s={search_term_string}\"},\"query-input\":{\"@type\":\"PropertyValueSpecification\",\"valueRequired\":true,\"valueName\":\"search_term_string\"}}],\"inLanguage\":\"pt-BR\"},{\"@type\":\"Organization\",\"@id\":\"https:\\\/\\\/www.aceguarulhos.com.br\\\/blog\\\/#organization\",\"name\":\"ACE-Guarulhos\",\"url\":\"https:\\\/\\\/www.aceguarulhos.com.br\\\/blog\\\/\",\"logo\":{\"@type\":\"ImageObject\",\"inLanguage\":\"pt-BR\",\"@id\":\"https:\\\/\\\/www.aceguarulhos.com.br\\\/blog\\\/#\\\/schema\\\/logo\\\/image\\\/\",\"url\":\"https:\\\/\\\/www.aceguarulhos.com.br\\\/blog\\\/wp-content\\\/uploads\\\/2017\\\/12\\\/logo-aceguarulhos-2018.png\",\"contentUrl\":\"https:\\\/\\\/www.aceguarulhos.com.br\\\/blog\\\/wp-content\\\/uploads\\\/2017\\\/12\\\/logo-aceguarulhos-2018.png\",\"width\":419,\"height\":76,\"caption\":\"ACE-Guarulhos\"},\"image\":{\"@id\":\"https:\\\/\\\/www.aceguarulhos.com.br\\\/blog\\\/#\\\/schema\\\/logo\\\/image\\\/\"},\"sameAs\":[\"https:\\\/\\\/www.facebook.com\\\/aceguarulhos\\\/\",\"https:\\\/\\\/br.linkedin.com\\\/in\\\/ace-guarulhos-b9a97093\",\"https:\\\/\\\/www.youtube.com\\\/user\\\/aceguarulhos\"]},{\"@type\":\"Person\",\"@id\":\"https:\\\/\\\/www.aceguarulhos.com.br\\\/blog\\\/#\\\/schema\\\/person\\\/6983b51bad37489989e4f09698c26237\",\"name\":\"Assessoria de Imprensa ACE-Guarulhos\",\"image\":{\"@type\":\"ImageObject\",\"inLanguage\":\"pt-BR\",\"@id\":\"https:\\\/\\\/secure.gravatar.com\\\/avatar\\\/707f3fadd6918afeb64173ab22d8a8cb0676953098a4f31ff36dc2b4c699ef6a?s=96&d=mm&r=g\",\"url\":\"https:\\\/\\\/secure.gravatar.com\\\/avatar\\\/707f3fadd6918afeb64173ab22d8a8cb0676953098a4f31ff36dc2b4c699ef6a?s=96&d=mm&r=g\",\"contentUrl\":\"https:\\\/\\\/secure.gravatar.com\\\/avatar\\\/707f3fadd6918afeb64173ab22d8a8cb0676953098a4f31ff36dc2b4c699ef6a?s=96&d=mm&r=g\",\"caption\":\"Assessoria de Imprensa ACE-Guarulhos\"},\"url\":\"https:\\\/\\\/www.aceguarulhos.com.br\\\/blog\\\/author\\\/assessoria-de-imprensa-ace-guarulhos\\\/\"}]}<\/script>\n<!-- \/ Yoast SEO plugin. -->","yoast_head_json":{"title":"Aumenta press\u00e3o pelo fim da CPMF - ACE-Guarulhos","robots":{"index":"index","follow":"follow","max-snippet":"max-snippet:-1","max-image-preview":"max-image-preview:large","max-video-preview":"max-video-preview:-1"},"canonical":"https:\/\/www.aceguarulhos.com.br\/blog\/aumenta-press\u00e3o-pelo-fim-da-cpmf\/","og_locale":"pt_BR","og_type":"article","og_title":"Aumenta press\u00e3o pelo fim da CPMF - ACE-Guarulhos","og_description":"Parlamentares, empres\u00e1rios e outras lideran\u00e7as lan\u00e7aram dia 6 de agosto em S\u00e3o Paulo a Frente Estadual de Vereadores Contra a Contribui\u00e7\u00e3o Provis\u00f3ria sobre","og_url":"https:\/\/www.aceguarulhos.com.br\/blog\/aumenta-press\u00e3o-pelo-fim-da-cpmf\/","og_site_name":"ACE-Guarulhos","article_publisher":"https:\/\/www.facebook.com\/aceguarulhos\/","article_published_time":"2007-08-07T13:23:59+00:00","author":"Assessoria de Imprensa ACE-Guarulhos","twitter_card":"summary_large_image","twitter_misc":{"Escrito por":"Assessoria de Imprensa ACE-Guarulhos","Est. tempo de leitura":"3 minutos"},"schema":{"@context":"https:\/\/schema.org","@graph":[{"@type":"Article","@id":"https:\/\/www.aceguarulhos.com.br\/blog\/aumenta-press%c3%a3o-pelo-fim-da-cpmf\/#article","isPartOf":{"@id":"https:\/\/www.aceguarulhos.com.br\/blog\/aumenta-press%c3%a3o-pelo-fim-da-cpmf\/"},"author":{"name":"Assessoria de Imprensa ACE-Guarulhos","@id":"https:\/\/www.aceguarulhos.com.br\/blog\/#\/schema\/person\/6983b51bad37489989e4f09698c26237"},"headline":"Aumenta press\u00e3o pelo fim da CPMF","datePublished":"2007-08-07T13:23:59+00:00","mainEntityOfPage":{"@id":"https:\/\/www.aceguarulhos.com.br\/blog\/aumenta-press%c3%a3o-pelo-fim-da-cpmf\/"},"wordCount":613,"commentCount":0,"publisher":{"@id":"https:\/\/www.aceguarulhos.com.br\/blog\/#organization"},"articleSection":["Not\u00edcias"],"inLanguage":"pt-BR"},{"@type":"WebPage","@id":"https:\/\/www.aceguarulhos.com.br\/blog\/aumenta-press%c3%a3o-pelo-fim-da-cpmf\/","url":"https:\/\/www.aceguarulhos.com.br\/blog\/aumenta-press%c3%a3o-pelo-fim-da-cpmf\/","name":"Aumenta press\u00e3o pelo fim da CPMF - ACE-Guarulhos","isPartOf":{"@id":"https:\/\/www.aceguarulhos.com.br\/blog\/#website"},"datePublished":"2007-08-07T13:23:59+00:00","breadcrumb":{"@id":"https:\/\/www.aceguarulhos.com.br\/blog\/aumenta-press%c3%a3o-pelo-fim-da-cpmf\/#breadcrumb"},"inLanguage":"pt-BR","potentialAction":[{"@type":"ReadAction","target":["https:\/\/www.aceguarulhos.com.br\/blog\/aumenta-press%c3%a3o-pelo-fim-da-cpmf\/"]}]},{"@type":"BreadcrumbList","@id":"https:\/\/www.aceguarulhos.com.br\/blog\/aumenta-press%c3%a3o-pelo-fim-da-cpmf\/#breadcrumb","itemListElement":[{"@type":"ListItem","position":1,"name":"In\u00edcio","item":"https:\/\/www.aceguarulhos.com.br\/blog\/"},{"@type":"ListItem","position":2,"name":"Aumenta press\u00e3o pelo fim da CPMF"}]},{"@type":"WebSite","@id":"https:\/\/www.aceguarulhos.com.br\/blog\/#website","url":"https:\/\/www.aceguarulhos.com.br\/blog\/","name":"ACE-Guarulhos","description":"A ACE-Guarulhos \u00e9 uma associa\u00e7\u00e3o que ap\u00f3ia os empres\u00e1rios guarulhenses atrav\u00e9s da representa\u00e7\u00e3o, da gera\u00e7\u00e3o de neg\u00f3cios e presta\u00e7\u00e3o de servi\u00e7os.","publisher":{"@id":"https:\/\/www.aceguarulhos.com.br\/blog\/#organization"},"potentialAction":[{"@type":"SearchAction","target":{"@type":"EntryPoint","urlTemplate":"https:\/\/www.aceguarulhos.com.br\/blog\/?s={search_term_string}"},"query-input":{"@type":"PropertyValueSpecification","valueRequired":true,"valueName":"search_term_string"}}],"inLanguage":"pt-BR"},{"@type":"Organization","@id":"https:\/\/www.aceguarulhos.com.br\/blog\/#organization","name":"ACE-Guarulhos","url":"https:\/\/www.aceguarulhos.com.br\/blog\/","logo":{"@type":"ImageObject","inLanguage":"pt-BR","@id":"https:\/\/www.aceguarulhos.com.br\/blog\/#\/schema\/logo\/image\/","url":"https:\/\/www.aceguarulhos.com.br\/blog\/wp-content\/uploads\/2017\/12\/logo-aceguarulhos-2018.png","contentUrl":"https:\/\/www.aceguarulhos.com.br\/blog\/wp-content\/uploads\/2017\/12\/logo-aceguarulhos-2018.png","width":419,"height":76,"caption":"ACE-Guarulhos"},"image":{"@id":"https:\/\/www.aceguarulhos.com.br\/blog\/#\/schema\/logo\/image\/"},"sameAs":["https:\/\/www.facebook.com\/aceguarulhos\/","https:\/\/br.linkedin.com\/in\/ace-guarulhos-b9a97093","https:\/\/www.youtube.com\/user\/aceguarulhos"]},{"@type":"Person","@id":"https:\/\/www.aceguarulhos.com.br\/blog\/#\/schema\/person\/6983b51bad37489989e4f09698c26237","name":"Assessoria de Imprensa ACE-Guarulhos","image":{"@type":"ImageObject","inLanguage":"pt-BR","@id":"https:\/\/secure.gravatar.com\/avatar\/707f3fadd6918afeb64173ab22d8a8cb0676953098a4f31ff36dc2b4c699ef6a?s=96&d=mm&r=g","url":"https:\/\/secure.gravatar.com\/avatar\/707f3fadd6918afeb64173ab22d8a8cb0676953098a4f31ff36dc2b4c699ef6a?s=96&d=mm&r=g","contentUrl":"https:\/\/secure.gravatar.com\/avatar\/707f3fadd6918afeb64173ab22d8a8cb0676953098a4f31ff36dc2b4c699ef6a?s=96&d=mm&r=g","caption":"Assessoria de Imprensa ACE-Guarulhos"},"url":"https:\/\/www.aceguarulhos.com.br\/blog\/author\/assessoria-de-imprensa-ace-guarulhos\/"}]}},"wps_subtitle":"","amp_enabled":true,"_links":{"self":[{"href":"https:\/\/www.aceguarulhos.com.br\/blog\/wp-json\/wp\/v2\/posts\/31947","targetHints":{"allow":["GET"]}}],"collection":[{"href":"https:\/\/www.aceguarulhos.com.br\/blog\/wp-json\/wp\/v2\/posts"}],"about":[{"href":"https:\/\/www.aceguarulhos.com.br\/blog\/wp-json\/wp\/v2\/types\/post"}],"author":[{"embeddable":true,"href":"https:\/\/www.aceguarulhos.com.br\/blog\/wp-json\/wp\/v2\/users\/8"}],"replies":[{"embeddable":true,"href":"https:\/\/www.aceguarulhos.com.br\/blog\/wp-json\/wp\/v2\/comments?post=31947"}],"version-history":[{"count":0,"href":"https:\/\/www.aceguarulhos.com.br\/blog\/wp-json\/wp\/v2\/posts\/31947\/revisions"}],"wp:attachment":[{"href":"https:\/\/www.aceguarulhos.com.br\/blog\/wp-json\/wp\/v2\/media?parent=31947"}],"wp:term":[{"taxonomy":"category","embeddable":true,"href":"https:\/\/www.aceguarulhos.com.br\/blog\/wp-json\/wp\/v2\/categories?post=31947"},{"taxonomy":"post_tag","embeddable":true,"href":"https:\/\/www.aceguarulhos.com.br\/blog\/wp-json\/wp\/v2\/tags?post=31947"}],"curies":[{"name":"wp","href":"https:\/\/api.w.org\/{rel}","templated":true}]}}