{"id":31925,"date":"2007-08-02T14:49:22","date_gmt":"2007-08-02T14:49:22","guid":{"rendered":"http:\/\/www.aceguarulhos.com.br\/blog\/?p=31925"},"modified":"-0001-11-30T00:00:00","modified_gmt":"-0001-11-30T03:00:00","slug":"manuten%c3%a7%c3%a3o-no-sistema-cantareira-afetar%c3%a1-abastecimento-de-%c3%a1gua-em-guarulhos-neste-s%c3%a1bado","status":"publish","type":"post","link":"https:\/\/www.aceguarulhos.com.br\/blog\/manuten%c3%a7%c3%a3o-no-sistema-cantareira-afetar%c3%a1-abastecimento-de-%c3%a1gua-em-guarulhos-neste-s%c3%a1bado\/","title":{"rendered":"Manuten\u00e7\u00e3o no Sistema Cantareira afetar\u00e1 abastecimento de \u00e1gua em Guarulhos neste s\u00e1bado"},"content":{"rendered":"<p>Devido \u00e0 paralisa\u00e7\u00e3o da Esta\u00e7\u00e3o de Tratamento de \u00c1gua (ETA) Guarau do Sistema Cantareira, provocada por uma obra de manuten\u00e7\u00e3o que ser\u00e1 realizada na Esta\u00e7\u00e3o Elevat\u00f3ria de \u00c1gua (EEA) Santa In\u00eas pela Sabesp \u2013 Companhia de Saneamento B\u00e1sico do Estado de S\u00e3o Paulo \u2013, cerca de 63% da \u00e1gua distribu\u00edda pelo Servi\u00e7o Aut\u00f4nomo de \u00c1gua e Esgoto (Saae) de Guarulhos ter\u00e1 o seu fornecimento interrompido. <\/p>\n<p>O servi\u00e7o ser\u00e1 realizado no pr\u00f3ximo s\u00e1bado, 04\/08, das 4h \u00e0s 23h, quando o sistema come\u00e7ar\u00e1 a ser normalizado, recuperando o abastecimento completo em Guarulhos at\u00e9 22h do dia 05\/08.<\/p>\n<p>O Saae Guarulhos solicita \u00e0 popula\u00e7\u00e3o que utilize racionalmente a \u00e1gua armazenada, evitando desperd\u00edcio. Os casos de emerg\u00eancia ser\u00e3o atendidos pelo telefone 0800-101042, que funciona durante 24 horas. A liga\u00e7\u00e3o \u00e9 gratuita.<\/p>\n<p>S\u00f3 em Guarulhos, cerca de 700 mil pessoas ser\u00e3o afetadas nos seguintes bairros:<br \/>&nbsp;<br \/>Bom Clima<br \/>Centro<br \/>Cidade Jardim Cumbica<br \/>Cidade Soinco<br \/>Continental I<br \/>Cumbica<br \/>Gopo\u00fava<br \/>Jardim Ac\u00e1cio<br \/>Jardim Adriana<br \/>Jardim Airosa<br \/>Jardim Bananal<br \/>Jardim Beirute<br \/>Jardim Bela Vista<br \/>Jardim Belvedere <br \/>Jardim Castanho<br \/>Jardim C\u00e9lia<br \/>Jardim das Na\u00e7\u00f5es<br \/>Jardim do Papai<br \/>Jardim Dorali<br \/>Jardim Dourado<br \/>Jardim Flor da Montanha<br \/>Jardim Ipanema<br \/>Jardim Iporanga<br \/>Jardim Itapegica<br \/>Jardim Jovaia<br \/>Jardim Leda<br \/>Jardim Macedo<br \/>Jardim Maria Dirce<br \/>Jardim Maria Helena<br \/>Jardim Moreira<br \/>Jardim Munhoz<br \/>Jardim Otawa (pequena parte)<br \/>Jardim Palmira<br \/>Jardim Para\u00edso<br \/>Jardim Paraventi<br \/>Jardim Paulista<br \/>Jardim Pinhal<br \/>Jardim Renzo<br \/>Jardim Rosa de Fran\u00e7a<br \/>Jardim Rossi<br \/>Jardim Santa Clara<br \/>Jardim Santa Emilia<br \/>Jardim Santa Francisca<br \/>Jardim Santa In\u00eas<br \/>Jardim Santa Mena<br \/>Jardim S\u00e3o Domingos<br \/>Jardim S\u00e3o Franscisco<br \/>Jardim S\u00e3o Geraldo<br \/>Jardim S\u00e3o Jo\u00e3o Batista<br \/>Jardim S\u00e3o Paulo<br \/>Jardim S\u00e3o Roberto<br \/>Jardim Silvia<br \/>Jardim Teres\u00f3polis<br \/>Jardim Testai<br \/>Jardim Toscano<br \/>Jardim Tranq\u00fcilidade<br \/>Jardim Vila Galv\u00e3o<br \/>Jardim Zimbardi<br \/>Paes de Barros<br \/>Parque Mikail I e II<br \/>Parque Primavera<br \/>Parque Renato Maia<br \/>Parque Santo Ant\u00f4nio<br \/>Parque Santos Dumont<br \/>Pican\u00e7o<br \/>Ponte Grande<br \/>Presidente Dutra (parte alta)<br \/>Residencial Mazzei<br \/>S\u00e3o Manoel<br \/>Torres Tibagi<br \/>Vale dos Machados<br \/>V\u00e1rzea do Pal\u00e1cio<br \/>Vila Aeroporto<br \/>Vila Augusta<br \/>Vila Endres<br \/>Vila F\u00e1tima<br \/>Vila Fl\u00f3rida<br \/>Vila Galv\u00e3o<br \/>Vila Milton<br \/>Vila Queiroz<br \/>Vila Rio de Janeiro<br \/>Vila Ros\u00e1lia<br \/>Vila Sabatina<br \/>Vila S\u00e3o Jorge<br \/>Vila Sorocabana<br \/>Vila Uni\u00e3o<\/p>\n","protected":false},"excerpt":{"rendered":"Devido \u00e0 paralisa\u00e7\u00e3o da Esta\u00e7\u00e3o de Tratamento de \u00c1gua (ETA) Guarau do Sistema Cantareira, provocada por uma obra de manuten\u00e7\u00e3o que ser\u00e1 realizada \n<a class=\"moretag\" href=\"https:\/\/www.aceguarulhos.com.br\/blog\/manuten%c3%a7%c3%a3o-no-sistema-cantareira-afetar%c3%a1-abastecimento-de-%c3%a1gua-em-guarulhos-neste-s%c3%a1bado\/\"> [...]<\/a>","protected":false},"author":8,"featured_media":0,"comment_status":"open","ping_status":"open","sticky":false,"template":"","format":"standard","meta":{"footnotes":""},"categories":[2],"tags":[],"class_list":["post-31925","post","type-post","status-publish","format-standard","hentry","category-noticias"],"yoast_head":"<!-- This site is optimized with the Yoast SEO plugin v28.1 - https:\/\/yoast.com\/product\/yoast-seo-wordpress\/ -->\n<title>Manuten\u00e7\u00e3o no Sistema Cantareira afetar\u00e1 abastecimento de \u00e1gua em Guarulhos neste s\u00e1bado - ACE-Guarulhos<\/title>\n<meta name=\"robots\" content=\"index, follow, max-snippet:-1, max-image-preview:large, max-video-preview:-1\" \/>\n<link rel=\"canonical\" href=\"https:\/\/www.aceguarulhos.com.br\/blog\/manuten\u00e7\u00e3o-no-sistema-cantareira-afetar\u00e1-abastecimento-de-\u00e1gua-em-guarulhos-neste-s\u00e1bado\/\" \/>\n<meta property=\"og:locale\" content=\"pt_BR\" \/>\n<meta property=\"og:type\" content=\"article\" \/>\n<meta property=\"og:title\" content=\"Manuten\u00e7\u00e3o no Sistema Cantareira afetar\u00e1 abastecimento de \u00e1gua em Guarulhos neste s\u00e1bado - ACE-Guarulhos\" \/>\n<meta property=\"og:description\" content=\"Devido \u00e0 paralisa\u00e7\u00e3o da Esta\u00e7\u00e3o de Tratamento de \u00c1gua (ETA) Guarau do Sistema Cantareira, provocada por uma obra de manuten\u00e7\u00e3o que ser\u00e1 realizada\" \/>\n<meta property=\"og:url\" content=\"https:\/\/www.aceguarulhos.com.br\/blog\/manuten\u00e7\u00e3o-no-sistema-cantareira-afetar\u00e1-abastecimento-de-\u00e1gua-em-guarulhos-neste-s\u00e1bado\/\" \/>\n<meta property=\"og:site_name\" content=\"ACE-Guarulhos\" \/>\n<meta property=\"article:publisher\" content=\"https:\/\/www.facebook.com\/aceguarulhos\/\" \/>\n<meta property=\"article:published_time\" content=\"2007-08-02T14:49:22+00:00\" \/>\n<meta name=\"author\" content=\"Assessoria de Imprensa ACE-Guarulhos\" \/>\n<meta name=\"twitter:card\" content=\"summary_large_image\" \/>\n<meta name=\"twitter:label1\" content=\"Escrito por\" \/>\n\t<meta name=\"twitter:data1\" content=\"Assessoria de Imprensa ACE-Guarulhos\" \/>\n\t<meta name=\"twitter:label2\" content=\"Est. tempo de leitura\" \/>\n\t<meta name=\"twitter:data2\" content=\"2 minutos\" \/>\n<script type=\"application\/ld+json\" class=\"yoast-schema-graph\">{\"@context\":\"https:\\\/\\\/schema.org\",\"@graph\":[{\"@type\":\"Article\",\"@id\":\"https:\\\/\\\/www.aceguarulhos.com.br\\\/blog\\\/manuten%c3%a7%c3%a3o-no-sistema-cantareira-afetar%c3%a1-abastecimento-de-%c3%a1gua-em-guarulhos-neste-s%c3%a1bado\\\/#article\",\"isPartOf\":{\"@id\":\"https:\\\/\\\/www.aceguarulhos.com.br\\\/blog\\\/manuten%c3%a7%c3%a3o-no-sistema-cantareira-afetar%c3%a1-abastecimento-de-%c3%a1gua-em-guarulhos-neste-s%c3%a1bado\\\/\"},\"author\":{\"name\":\"Assessoria de Imprensa ACE-Guarulhos\",\"@id\":\"https:\\\/\\\/www.aceguarulhos.com.br\\\/blog\\\/#\\\/schema\\\/person\\\/6983b51bad37489989e4f09698c26237\"},\"headline\":\"Manuten\u00e7\u00e3o no Sistema Cantareira afetar\u00e1 abastecimento de \u00e1gua em Guarulhos neste s\u00e1bado\",\"datePublished\":\"2007-08-02T14:49:22+00:00\",\"mainEntityOfPage\":{\"@id\":\"https:\\\/\\\/www.aceguarulhos.com.br\\\/blog\\\/manuten%c3%a7%c3%a3o-no-sistema-cantareira-afetar%c3%a1-abastecimento-de-%c3%a1gua-em-guarulhos-neste-s%c3%a1bado\\\/\"},\"wordCount\":319,\"commentCount\":0,\"publisher\":{\"@id\":\"https:\\\/\\\/www.aceguarulhos.com.br\\\/blog\\\/#organization\"},\"articleSection\":[\"Not\u00edcias\"],\"inLanguage\":\"pt-BR\"},{\"@type\":\"WebPage\",\"@id\":\"https:\\\/\\\/www.aceguarulhos.com.br\\\/blog\\\/manuten%c3%a7%c3%a3o-no-sistema-cantareira-afetar%c3%a1-abastecimento-de-%c3%a1gua-em-guarulhos-neste-s%c3%a1bado\\\/\",\"url\":\"https:\\\/\\\/www.aceguarulhos.com.br\\\/blog\\\/manuten%c3%a7%c3%a3o-no-sistema-cantareira-afetar%c3%a1-abastecimento-de-%c3%a1gua-em-guarulhos-neste-s%c3%a1bado\\\/\",\"name\":\"Manuten\u00e7\u00e3o no Sistema Cantareira afetar\u00e1 abastecimento de \u00e1gua em Guarulhos neste s\u00e1bado - ACE-Guarulhos\",\"isPartOf\":{\"@id\":\"https:\\\/\\\/www.aceguarulhos.com.br\\\/blog\\\/#website\"},\"datePublished\":\"2007-08-02T14:49:22+00:00\",\"breadcrumb\":{\"@id\":\"https:\\\/\\\/www.aceguarulhos.com.br\\\/blog\\\/manuten%c3%a7%c3%a3o-no-sistema-cantareira-afetar%c3%a1-abastecimento-de-%c3%a1gua-em-guarulhos-neste-s%c3%a1bado\\\/#breadcrumb\"},\"inLanguage\":\"pt-BR\",\"potentialAction\":[{\"@type\":\"ReadAction\",\"target\":[\"https:\\\/\\\/www.aceguarulhos.com.br\\\/blog\\\/manuten%c3%a7%c3%a3o-no-sistema-cantareira-afetar%c3%a1-abastecimento-de-%c3%a1gua-em-guarulhos-neste-s%c3%a1bado\\\/\"]}]},{\"@type\":\"BreadcrumbList\",\"@id\":\"https:\\\/\\\/www.aceguarulhos.com.br\\\/blog\\\/manuten%c3%a7%c3%a3o-no-sistema-cantareira-afetar%c3%a1-abastecimento-de-%c3%a1gua-em-guarulhos-neste-s%c3%a1bado\\\/#breadcrumb\",\"itemListElement\":[{\"@type\":\"ListItem\",\"position\":1,\"name\":\"In\u00edcio\",\"item\":\"https:\\\/\\\/www.aceguarulhos.com.br\\\/blog\\\/\"},{\"@type\":\"ListItem\",\"position\":2,\"name\":\"Manuten\u00e7\u00e3o no Sistema Cantareira afetar\u00e1 abastecimento de \u00e1gua em Guarulhos neste s\u00e1bado\"}]},{\"@type\":\"WebSite\",\"@id\":\"https:\\\/\\\/www.aceguarulhos.com.br\\\/blog\\\/#website\",\"url\":\"https:\\\/\\\/www.aceguarulhos.com.br\\\/blog\\\/\",\"name\":\"ACE-Guarulhos\",\"description\":\"A ACE-Guarulhos \u00e9 uma associa\u00e7\u00e3o que ap\u00f3ia os empres\u00e1rios guarulhenses atrav\u00e9s da representa\u00e7\u00e3o, da gera\u00e7\u00e3o de neg\u00f3cios e presta\u00e7\u00e3o de servi\u00e7os.\",\"publisher\":{\"@id\":\"https:\\\/\\\/www.aceguarulhos.com.br\\\/blog\\\/#organization\"},\"potentialAction\":[{\"@type\":\"SearchAction\",\"target\":{\"@type\":\"EntryPoint\",\"urlTemplate\":\"https:\\\/\\\/www.aceguarulhos.com.br\\\/blog\\\/?s={search_term_string}\"},\"query-input\":{\"@type\":\"PropertyValueSpecification\",\"valueRequired\":true,\"valueName\":\"search_term_string\"}}],\"inLanguage\":\"pt-BR\"},{\"@type\":\"Organization\",\"@id\":\"https:\\\/\\\/www.aceguarulhos.com.br\\\/blog\\\/#organization\",\"name\":\"ACE-Guarulhos\",\"url\":\"https:\\\/\\\/www.aceguarulhos.com.br\\\/blog\\\/\",\"logo\":{\"@type\":\"ImageObject\",\"inLanguage\":\"pt-BR\",\"@id\":\"https:\\\/\\\/www.aceguarulhos.com.br\\\/blog\\\/#\\\/schema\\\/logo\\\/image\\\/\",\"url\":\"https:\\\/\\\/www.aceguarulhos.com.br\\\/blog\\\/wp-content\\\/uploads\\\/2017\\\/12\\\/logo-aceguarulhos-2018.png\",\"contentUrl\":\"https:\\\/\\\/www.aceguarulhos.com.br\\\/blog\\\/wp-content\\\/uploads\\\/2017\\\/12\\\/logo-aceguarulhos-2018.png\",\"width\":419,\"height\":76,\"caption\":\"ACE-Guarulhos\"},\"image\":{\"@id\":\"https:\\\/\\\/www.aceguarulhos.com.br\\\/blog\\\/#\\\/schema\\\/logo\\\/image\\\/\"},\"sameAs\":[\"https:\\\/\\\/www.facebook.com\\\/aceguarulhos\\\/\",\"https:\\\/\\\/br.linkedin.com\\\/in\\\/ace-guarulhos-b9a97093\",\"https:\\\/\\\/www.youtube.com\\\/user\\\/aceguarulhos\"]},{\"@type\":\"Person\",\"@id\":\"https:\\\/\\\/www.aceguarulhos.com.br\\\/blog\\\/#\\\/schema\\\/person\\\/6983b51bad37489989e4f09698c26237\",\"name\":\"Assessoria de Imprensa ACE-Guarulhos\",\"image\":{\"@type\":\"ImageObject\",\"inLanguage\":\"pt-BR\",\"@id\":\"https:\\\/\\\/secure.gravatar.com\\\/avatar\\\/707f3fadd6918afeb64173ab22d8a8cb0676953098a4f31ff36dc2b4c699ef6a?s=96&d=mm&r=g\",\"url\":\"https:\\\/\\\/secure.gravatar.com\\\/avatar\\\/707f3fadd6918afeb64173ab22d8a8cb0676953098a4f31ff36dc2b4c699ef6a?s=96&d=mm&r=g\",\"contentUrl\":\"https:\\\/\\\/secure.gravatar.com\\\/avatar\\\/707f3fadd6918afeb64173ab22d8a8cb0676953098a4f31ff36dc2b4c699ef6a?s=96&d=mm&r=g\",\"caption\":\"Assessoria de Imprensa ACE-Guarulhos\"},\"url\":\"https:\\\/\\\/www.aceguarulhos.com.br\\\/blog\\\/author\\\/assessoria-de-imprensa-ace-guarulhos\\\/\"}]}<\/script>\n<!-- \/ Yoast SEO plugin. -->","yoast_head_json":{"title":"Manuten\u00e7\u00e3o no Sistema Cantareira afetar\u00e1 abastecimento de \u00e1gua em Guarulhos neste s\u00e1bado - ACE-Guarulhos","robots":{"index":"index","follow":"follow","max-snippet":"max-snippet:-1","max-image-preview":"max-image-preview:large","max-video-preview":"max-video-preview:-1"},"canonical":"https:\/\/www.aceguarulhos.com.br\/blog\/manuten\u00e7\u00e3o-no-sistema-cantareira-afetar\u00e1-abastecimento-de-\u00e1gua-em-guarulhos-neste-s\u00e1bado\/","og_locale":"pt_BR","og_type":"article","og_title":"Manuten\u00e7\u00e3o no Sistema Cantareira afetar\u00e1 abastecimento de \u00e1gua em Guarulhos neste s\u00e1bado - ACE-Guarulhos","og_description":"Devido \u00e0 paralisa\u00e7\u00e3o da Esta\u00e7\u00e3o de Tratamento de \u00c1gua (ETA) Guarau do Sistema Cantareira, provocada por uma obra de manuten\u00e7\u00e3o que ser\u00e1 realizada","og_url":"https:\/\/www.aceguarulhos.com.br\/blog\/manuten\u00e7\u00e3o-no-sistema-cantareira-afetar\u00e1-abastecimento-de-\u00e1gua-em-guarulhos-neste-s\u00e1bado\/","og_site_name":"ACE-Guarulhos","article_publisher":"https:\/\/www.facebook.com\/aceguarulhos\/","article_published_time":"2007-08-02T14:49:22+00:00","author":"Assessoria de Imprensa ACE-Guarulhos","twitter_card":"summary_large_image","twitter_misc":{"Escrito por":"Assessoria de Imprensa ACE-Guarulhos","Est. tempo de leitura":"2 minutos"},"schema":{"@context":"https:\/\/schema.org","@graph":[{"@type":"Article","@id":"https:\/\/www.aceguarulhos.com.br\/blog\/manuten%c3%a7%c3%a3o-no-sistema-cantareira-afetar%c3%a1-abastecimento-de-%c3%a1gua-em-guarulhos-neste-s%c3%a1bado\/#article","isPartOf":{"@id":"https:\/\/www.aceguarulhos.com.br\/blog\/manuten%c3%a7%c3%a3o-no-sistema-cantareira-afetar%c3%a1-abastecimento-de-%c3%a1gua-em-guarulhos-neste-s%c3%a1bado\/"},"author":{"name":"Assessoria de Imprensa ACE-Guarulhos","@id":"https:\/\/www.aceguarulhos.com.br\/blog\/#\/schema\/person\/6983b51bad37489989e4f09698c26237"},"headline":"Manuten\u00e7\u00e3o no Sistema Cantareira afetar\u00e1 abastecimento de \u00e1gua em Guarulhos neste s\u00e1bado","datePublished":"2007-08-02T14:49:22+00:00","mainEntityOfPage":{"@id":"https:\/\/www.aceguarulhos.com.br\/blog\/manuten%c3%a7%c3%a3o-no-sistema-cantareira-afetar%c3%a1-abastecimento-de-%c3%a1gua-em-guarulhos-neste-s%c3%a1bado\/"},"wordCount":319,"commentCount":0,"publisher":{"@id":"https:\/\/www.aceguarulhos.com.br\/blog\/#organization"},"articleSection":["Not\u00edcias"],"inLanguage":"pt-BR"},{"@type":"WebPage","@id":"https:\/\/www.aceguarulhos.com.br\/blog\/manuten%c3%a7%c3%a3o-no-sistema-cantareira-afetar%c3%a1-abastecimento-de-%c3%a1gua-em-guarulhos-neste-s%c3%a1bado\/","url":"https:\/\/www.aceguarulhos.com.br\/blog\/manuten%c3%a7%c3%a3o-no-sistema-cantareira-afetar%c3%a1-abastecimento-de-%c3%a1gua-em-guarulhos-neste-s%c3%a1bado\/","name":"Manuten\u00e7\u00e3o no Sistema Cantareira afetar\u00e1 abastecimento de \u00e1gua em Guarulhos neste s\u00e1bado - ACE-Guarulhos","isPartOf":{"@id":"https:\/\/www.aceguarulhos.com.br\/blog\/#website"},"datePublished":"2007-08-02T14:49:22+00:00","breadcrumb":{"@id":"https:\/\/www.aceguarulhos.com.br\/blog\/manuten%c3%a7%c3%a3o-no-sistema-cantareira-afetar%c3%a1-abastecimento-de-%c3%a1gua-em-guarulhos-neste-s%c3%a1bado\/#breadcrumb"},"inLanguage":"pt-BR","potentialAction":[{"@type":"ReadAction","target":["https:\/\/www.aceguarulhos.com.br\/blog\/manuten%c3%a7%c3%a3o-no-sistema-cantareira-afetar%c3%a1-abastecimento-de-%c3%a1gua-em-guarulhos-neste-s%c3%a1bado\/"]}]},{"@type":"BreadcrumbList","@id":"https:\/\/www.aceguarulhos.com.br\/blog\/manuten%c3%a7%c3%a3o-no-sistema-cantareira-afetar%c3%a1-abastecimento-de-%c3%a1gua-em-guarulhos-neste-s%c3%a1bado\/#breadcrumb","itemListElement":[{"@type":"ListItem","position":1,"name":"In\u00edcio","item":"https:\/\/www.aceguarulhos.com.br\/blog\/"},{"@type":"ListItem","position":2,"name":"Manuten\u00e7\u00e3o no Sistema Cantareira afetar\u00e1 abastecimento de \u00e1gua em Guarulhos neste s\u00e1bado"}]},{"@type":"WebSite","@id":"https:\/\/www.aceguarulhos.com.br\/blog\/#website","url":"https:\/\/www.aceguarulhos.com.br\/blog\/","name":"ACE-Guarulhos","description":"A ACE-Guarulhos \u00e9 uma associa\u00e7\u00e3o que ap\u00f3ia os empres\u00e1rios guarulhenses atrav\u00e9s da representa\u00e7\u00e3o, da gera\u00e7\u00e3o de neg\u00f3cios e presta\u00e7\u00e3o de servi\u00e7os.","publisher":{"@id":"https:\/\/www.aceguarulhos.com.br\/blog\/#organization"},"potentialAction":[{"@type":"SearchAction","target":{"@type":"EntryPoint","urlTemplate":"https:\/\/www.aceguarulhos.com.br\/blog\/?s={search_term_string}"},"query-input":{"@type":"PropertyValueSpecification","valueRequired":true,"valueName":"search_term_string"}}],"inLanguage":"pt-BR"},{"@type":"Organization","@id":"https:\/\/www.aceguarulhos.com.br\/blog\/#organization","name":"ACE-Guarulhos","url":"https:\/\/www.aceguarulhos.com.br\/blog\/","logo":{"@type":"ImageObject","inLanguage":"pt-BR","@id":"https:\/\/www.aceguarulhos.com.br\/blog\/#\/schema\/logo\/image\/","url":"https:\/\/www.aceguarulhos.com.br\/blog\/wp-content\/uploads\/2017\/12\/logo-aceguarulhos-2018.png","contentUrl":"https:\/\/www.aceguarulhos.com.br\/blog\/wp-content\/uploads\/2017\/12\/logo-aceguarulhos-2018.png","width":419,"height":76,"caption":"ACE-Guarulhos"},"image":{"@id":"https:\/\/www.aceguarulhos.com.br\/blog\/#\/schema\/logo\/image\/"},"sameAs":["https:\/\/www.facebook.com\/aceguarulhos\/","https:\/\/br.linkedin.com\/in\/ace-guarulhos-b9a97093","https:\/\/www.youtube.com\/user\/aceguarulhos"]},{"@type":"Person","@id":"https:\/\/www.aceguarulhos.com.br\/blog\/#\/schema\/person\/6983b51bad37489989e4f09698c26237","name":"Assessoria de Imprensa ACE-Guarulhos","image":{"@type":"ImageObject","inLanguage":"pt-BR","@id":"https:\/\/secure.gravatar.com\/avatar\/707f3fadd6918afeb64173ab22d8a8cb0676953098a4f31ff36dc2b4c699ef6a?s=96&d=mm&r=g","url":"https:\/\/secure.gravatar.com\/avatar\/707f3fadd6918afeb64173ab22d8a8cb0676953098a4f31ff36dc2b4c699ef6a?s=96&d=mm&r=g","contentUrl":"https:\/\/secure.gravatar.com\/avatar\/707f3fadd6918afeb64173ab22d8a8cb0676953098a4f31ff36dc2b4c699ef6a?s=96&d=mm&r=g","caption":"Assessoria de Imprensa ACE-Guarulhos"},"url":"https:\/\/www.aceguarulhos.com.br\/blog\/author\/assessoria-de-imprensa-ace-guarulhos\/"}]}},"wps_subtitle":"","amp_enabled":true,"_links":{"self":[{"href":"https:\/\/www.aceguarulhos.com.br\/blog\/wp-json\/wp\/v2\/posts\/31925","targetHints":{"allow":["GET"]}}],"collection":[{"href":"https:\/\/www.aceguarulhos.com.br\/blog\/wp-json\/wp\/v2\/posts"}],"about":[{"href":"https:\/\/www.aceguarulhos.com.br\/blog\/wp-json\/wp\/v2\/types\/post"}],"author":[{"embeddable":true,"href":"https:\/\/www.aceguarulhos.com.br\/blog\/wp-json\/wp\/v2\/users\/8"}],"replies":[{"embeddable":true,"href":"https:\/\/www.aceguarulhos.com.br\/blog\/wp-json\/wp\/v2\/comments?post=31925"}],"version-history":[{"count":0,"href":"https:\/\/www.aceguarulhos.com.br\/blog\/wp-json\/wp\/v2\/posts\/31925\/revisions"}],"wp:attachment":[{"href":"https:\/\/www.aceguarulhos.com.br\/blog\/wp-json\/wp\/v2\/media?parent=31925"}],"wp:term":[{"taxonomy":"category","embeddable":true,"href":"https:\/\/www.aceguarulhos.com.br\/blog\/wp-json\/wp\/v2\/categories?post=31925"},{"taxonomy":"post_tag","embeddable":true,"href":"https:\/\/www.aceguarulhos.com.br\/blog\/wp-json\/wp\/v2\/tags?post=31925"}],"curies":[{"name":"wp","href":"https:\/\/api.w.org\/{rel}","templated":true}]}}