{"id":31923,"date":"2007-08-01T09:49:28","date_gmt":"2007-08-01T09:49:28","guid":{"rendered":"http:\/\/www.aceguarulhos.com.br\/blog\/?p=31923"},"modified":"-0001-11-30T00:00:00","modified_gmt":"-0001-11-30T03:00:00","slug":"governo-prorroga-prazo-para-a-ades%c3%a3o-ao-super-simples","status":"publish","type":"post","link":"https:\/\/www.aceguarulhos.com.br\/blog\/governo-prorroga-prazo-para-a-ades%c3%a3o-ao-super-simples\/","title":{"rendered":"Governo prorroga prazo para a ades\u00e3o ao Super Simples"},"content":{"rendered":"<p><i>O governo adiou para 15 de agosto o prazo de ades\u00e3o ao sistema Simples Nacional, conhecido como Supersimples, que expiraria no dia 31 de julho, assim como a data final para as micros e pequenas empresas devedoras solicitarem o pedido de parcelamento especial na Procuradoria-Geral da Fazenda Nacional (PGFN), na Receita Federal (120 meses) e nos munic\u00edpios<\/i><\/p>\n<p>Ser\u00e1 publicada no Di\u00e1rio Oficial da Uni\u00e3o a resolu\u00e7\u00e3o do Comit\u00ea Gestor do Simples Nacional com a nova data. De acordo com balan\u00e7o do Fisco, dos 1.281.644 contribuintes que registraram o pedido at\u00e9 a \u00faltima quinta-feira, s\u00f3 81.046 tiveram o sinal verde para ingressarem no novo regime tribut\u00e1rio. A maioria das empresas (1.112.977) deve para a Uni\u00e3o, estados ou munic\u00edpios. <\/p>\n<p>Outros 1,33 milh\u00e3o de contribuintes migraram automaticamente do antigo regime pelo fato de n\u00e3o terem pend\u00eancias cadastrais ou fiscais. <\/p>\n<p>O contribuinte paulista com d\u00e9bitos do Imposto sobre Circula\u00e7\u00e3o de Mercadorias e Servi\u00e7os (ICMS) que quiser entrar no Supersimples poder\u00e1 regularizar sua d\u00edvida at\u00e9 dia 30 de setembro. <\/p>\n<p>As reclama\u00e7\u00f5es contra o prazo ex\u00edguo de ades\u00e3o, que terminaria hoje, eram muitas. &#8220;N\u00e3o prevaleceu o bom senso. O prazo deveria ser esticado, pois nem os t\u00e9cnicos da Receita est\u00e3o conseguindo assimilar direito a legisla\u00e7\u00e3o&#8221;, dizia o diretor da King Contabilidade, M\u00e1rcio Shimomoto, antes de ser anunciado o novo prazo. <\/p>\n<p>Quinta-feira, o presidente da Associa\u00e7\u00e3o Comercial de S\u00e3o Paulo (ACSP), Alencar Burti, encaminhou of\u00edcio ao secret\u00e1rio da Receita Federal, Jorge Rachid, solicitando a prorroga\u00e7\u00e3o do prazo para o dia 31 de dezembro. &#8220;Os empres\u00e1rios ainda t\u00eam muitas d\u00favidas que impedem a decis\u00e3o racional sobre o enquadramento no regime&#8221;, justificava Burti. <\/p>\n<p>Segundo a contabilista da King, Elvira Carvalho, dos 300 clientes que estavam no antigo Simples, metade migrou automaticamente para o Simples Nacional. O escrit\u00f3rio formulou o pedido de ades\u00e3o para 150 empresas e aguarda a resposta da Receita. &#8220;O prazo deveria ser repensado, pois n\u00e3o \u00e9 f\u00e1cil regularizar todos os d\u00e9bitos por causa da burocracia&#8221;, criticava Elvira. <\/p>\n<p>No escrit\u00f3rio Penafiel Servi\u00e7os Cont\u00e1beis, a correria para entrar com o pedido de ades\u00e3o n\u00e3o foi diferente. E ainda n\u00e3o se sabe se os pedidos ser\u00e3o aceitos. &#8220;Algumas empresas possuem pend\u00eancias cadastrais e n\u00e3o tivemos tempo de regularizar&#8221;, informava a gerente do escrit\u00f3rio, Dinecir Borges Collado. Segundo ela, das 50 empresas que estavam no antigo regime, 13 migraram de forma autom\u00e1tica. O restante formalizou pedido na Receita para aderir ao novo regime. <\/p>\n<p>Mais impostos \u2013 O Supersimples tamb\u00e9m n\u00e3o escapa de cr\u00edticas quando o assunto \u00e9 carga tribut\u00e1ria. Para muitas firmas, ao contr\u00e1rio do que divulgavam o governo e o Servi\u00e7o Brasileiro de Apoio \u00e0 micro e Pequena Empresa (Sebrae), o enquadramento nesse sistema significa pagar mais impostos do que antes. <\/p>\n<p>&#8220;\u00c9 apenas um disfarce para aumentar a carga tribut\u00e1ria das micros e pequenas empresas&#8221;, critica o consultor da Confirp, Welinton Motta. <\/p>\n<p>A empresa cont\u00e1bil j\u00e1 analisou os n\u00fameros de 300 firmas que antes eram tributadas pelo antigo Simples, que vigorou at\u00e9 o dia 30 de junho. Do universo de empresas do setor de servi\u00e7os, 95% pagariam mais impostos caso fizessem a op\u00e7\u00e3o pelo Supersimples. <\/p>\n<p>O aumento pode chegar a 200% &#8211; Segundo levantamento feito pela Confirp, nem o com\u00e9rcio nem a ind\u00fastria foram totalmente beneficiados com o novo regime. <\/p>\n<p>&#8220;Nesses setores, cerca de metade dos clientes analisados ter\u00e1 aumento de carga tribut\u00e1ria. Poucos tiveram redu\u00e7\u00e3o da carga de impostos&#8221;, diz o consultor Motta. <\/p>\n<p>Outro dado que chamou a aten\u00e7\u00e3o do especialista da Confirp \u00e9 que o novo regime n\u00e3o se mostrou vantajoso nem para as empresas que eram optantes do lucro presumido, em princ\u00edpio fortes candidatas para ingressar no Supersimples. (*Com ag\u00eancias)<\/p>\n","protected":false},"excerpt":{"rendered":"O governo adiou para 15 de agosto o prazo de ades\u00e3o ao sistema Simples Nacional, conhecido como Supersimples, que expiraria no dia 31 \n<a class=\"moretag\" href=\"https:\/\/www.aceguarulhos.com.br\/blog\/governo-prorroga-prazo-para-a-ades%c3%a3o-ao-super-simples\/\"> [...]<\/a>","protected":false},"author":8,"featured_media":0,"comment_status":"open","ping_status":"open","sticky":false,"template":"","format":"standard","meta":{"footnotes":""},"categories":[2],"tags":[],"class_list":["post-31923","post","type-post","status-publish","format-standard","hentry","category-noticias"],"yoast_head":"<!-- This site is optimized with the Yoast SEO plugin v28.1 - https:\/\/yoast.com\/product\/yoast-seo-wordpress\/ -->\n<title>Governo prorroga prazo para a ades\u00e3o ao Super Simples  - ACE-Guarulhos<\/title>\n<meta name=\"robots\" content=\"index, follow, max-snippet:-1, max-image-preview:large, max-video-preview:-1\" \/>\n<link rel=\"canonical\" href=\"https:\/\/www.aceguarulhos.com.br\/blog\/governo-prorroga-prazo-para-a-ades\u00e3o-ao-super-simples\/\" \/>\n<meta property=\"og:locale\" content=\"pt_BR\" \/>\n<meta property=\"og:type\" content=\"article\" \/>\n<meta property=\"og:title\" content=\"Governo prorroga prazo para a ades\u00e3o ao Super Simples  - ACE-Guarulhos\" \/>\n<meta property=\"og:description\" content=\"O governo adiou para 15 de agosto o prazo de ades\u00e3o ao sistema Simples Nacional, conhecido como Supersimples, que expiraria no dia 31\" \/>\n<meta property=\"og:url\" content=\"https:\/\/www.aceguarulhos.com.br\/blog\/governo-prorroga-prazo-para-a-ades\u00e3o-ao-super-simples\/\" \/>\n<meta property=\"og:site_name\" content=\"ACE-Guarulhos\" \/>\n<meta property=\"article:publisher\" content=\"https:\/\/www.facebook.com\/aceguarulhos\/\" \/>\n<meta property=\"article:published_time\" content=\"2007-08-01T09:49:28+00:00\" \/>\n<meta name=\"author\" content=\"Assessoria de Imprensa ACE-Guarulhos\" \/>\n<meta name=\"twitter:card\" content=\"summary_large_image\" \/>\n<meta name=\"twitter:label1\" content=\"Escrito por\" \/>\n\t<meta name=\"twitter:data1\" content=\"Assessoria de Imprensa ACE-Guarulhos\" \/>\n\t<meta name=\"twitter:label2\" content=\"Est. tempo de leitura\" \/>\n\t<meta name=\"twitter:data2\" content=\"3 minutos\" \/>\n<script type=\"application\/ld+json\" class=\"yoast-schema-graph\">{\"@context\":\"https:\\\/\\\/schema.org\",\"@graph\":[{\"@type\":\"Article\",\"@id\":\"https:\\\/\\\/www.aceguarulhos.com.br\\\/blog\\\/governo-prorroga-prazo-para-a-ades%c3%a3o-ao-super-simples\\\/#article\",\"isPartOf\":{\"@id\":\"https:\\\/\\\/www.aceguarulhos.com.br\\\/blog\\\/governo-prorroga-prazo-para-a-ades%c3%a3o-ao-super-simples\\\/\"},\"author\":{\"name\":\"Assessoria de Imprensa ACE-Guarulhos\",\"@id\":\"https:\\\/\\\/www.aceguarulhos.com.br\\\/blog\\\/#\\\/schema\\\/person\\\/6983b51bad37489989e4f09698c26237\"},\"headline\":\"Governo prorroga prazo para a ades\u00e3o ao Super Simples\",\"datePublished\":\"2007-08-01T09:49:28+00:00\",\"mainEntityOfPage\":{\"@id\":\"https:\\\/\\\/www.aceguarulhos.com.br\\\/blog\\\/governo-prorroga-prazo-para-a-ades%c3%a3o-ao-super-simples\\\/\"},\"wordCount\":649,\"commentCount\":0,\"publisher\":{\"@id\":\"https:\\\/\\\/www.aceguarulhos.com.br\\\/blog\\\/#organization\"},\"articleSection\":[\"Not\u00edcias\"],\"inLanguage\":\"pt-BR\"},{\"@type\":\"WebPage\",\"@id\":\"https:\\\/\\\/www.aceguarulhos.com.br\\\/blog\\\/governo-prorroga-prazo-para-a-ades%c3%a3o-ao-super-simples\\\/\",\"url\":\"https:\\\/\\\/www.aceguarulhos.com.br\\\/blog\\\/governo-prorroga-prazo-para-a-ades%c3%a3o-ao-super-simples\\\/\",\"name\":\"Governo prorroga prazo para a ades\u00e3o ao Super Simples - ACE-Guarulhos\",\"isPartOf\":{\"@id\":\"https:\\\/\\\/www.aceguarulhos.com.br\\\/blog\\\/#website\"},\"datePublished\":\"2007-08-01T09:49:28+00:00\",\"breadcrumb\":{\"@id\":\"https:\\\/\\\/www.aceguarulhos.com.br\\\/blog\\\/governo-prorroga-prazo-para-a-ades%c3%a3o-ao-super-simples\\\/#breadcrumb\"},\"inLanguage\":\"pt-BR\",\"potentialAction\":[{\"@type\":\"ReadAction\",\"target\":[\"https:\\\/\\\/www.aceguarulhos.com.br\\\/blog\\\/governo-prorroga-prazo-para-a-ades%c3%a3o-ao-super-simples\\\/\"]}]},{\"@type\":\"BreadcrumbList\",\"@id\":\"https:\\\/\\\/www.aceguarulhos.com.br\\\/blog\\\/governo-prorroga-prazo-para-a-ades%c3%a3o-ao-super-simples\\\/#breadcrumb\",\"itemListElement\":[{\"@type\":\"ListItem\",\"position\":1,\"name\":\"In\u00edcio\",\"item\":\"https:\\\/\\\/www.aceguarulhos.com.br\\\/blog\\\/\"},{\"@type\":\"ListItem\",\"position\":2,\"name\":\"Governo prorroga prazo para a ades\u00e3o ao Super Simples\"}]},{\"@type\":\"WebSite\",\"@id\":\"https:\\\/\\\/www.aceguarulhos.com.br\\\/blog\\\/#website\",\"url\":\"https:\\\/\\\/www.aceguarulhos.com.br\\\/blog\\\/\",\"name\":\"ACE-Guarulhos\",\"description\":\"A ACE-Guarulhos \u00e9 uma associa\u00e7\u00e3o que ap\u00f3ia os empres\u00e1rios guarulhenses atrav\u00e9s da representa\u00e7\u00e3o, da gera\u00e7\u00e3o de neg\u00f3cios e presta\u00e7\u00e3o de servi\u00e7os.\",\"publisher\":{\"@id\":\"https:\\\/\\\/www.aceguarulhos.com.br\\\/blog\\\/#organization\"},\"potentialAction\":[{\"@type\":\"SearchAction\",\"target\":{\"@type\":\"EntryPoint\",\"urlTemplate\":\"https:\\\/\\\/www.aceguarulhos.com.br\\\/blog\\\/?s={search_term_string}\"},\"query-input\":{\"@type\":\"PropertyValueSpecification\",\"valueRequired\":true,\"valueName\":\"search_term_string\"}}],\"inLanguage\":\"pt-BR\"},{\"@type\":\"Organization\",\"@id\":\"https:\\\/\\\/www.aceguarulhos.com.br\\\/blog\\\/#organization\",\"name\":\"ACE-Guarulhos\",\"url\":\"https:\\\/\\\/www.aceguarulhos.com.br\\\/blog\\\/\",\"logo\":{\"@type\":\"ImageObject\",\"inLanguage\":\"pt-BR\",\"@id\":\"https:\\\/\\\/www.aceguarulhos.com.br\\\/blog\\\/#\\\/schema\\\/logo\\\/image\\\/\",\"url\":\"https:\\\/\\\/www.aceguarulhos.com.br\\\/blog\\\/wp-content\\\/uploads\\\/2017\\\/12\\\/logo-aceguarulhos-2018.png\",\"contentUrl\":\"https:\\\/\\\/www.aceguarulhos.com.br\\\/blog\\\/wp-content\\\/uploads\\\/2017\\\/12\\\/logo-aceguarulhos-2018.png\",\"width\":419,\"height\":76,\"caption\":\"ACE-Guarulhos\"},\"image\":{\"@id\":\"https:\\\/\\\/www.aceguarulhos.com.br\\\/blog\\\/#\\\/schema\\\/logo\\\/image\\\/\"},\"sameAs\":[\"https:\\\/\\\/www.facebook.com\\\/aceguarulhos\\\/\",\"https:\\\/\\\/br.linkedin.com\\\/in\\\/ace-guarulhos-b9a97093\",\"https:\\\/\\\/www.youtube.com\\\/user\\\/aceguarulhos\"]},{\"@type\":\"Person\",\"@id\":\"https:\\\/\\\/www.aceguarulhos.com.br\\\/blog\\\/#\\\/schema\\\/person\\\/6983b51bad37489989e4f09698c26237\",\"name\":\"Assessoria de Imprensa ACE-Guarulhos\",\"image\":{\"@type\":\"ImageObject\",\"inLanguage\":\"pt-BR\",\"@id\":\"https:\\\/\\\/secure.gravatar.com\\\/avatar\\\/707f3fadd6918afeb64173ab22d8a8cb0676953098a4f31ff36dc2b4c699ef6a?s=96&d=mm&r=g\",\"url\":\"https:\\\/\\\/secure.gravatar.com\\\/avatar\\\/707f3fadd6918afeb64173ab22d8a8cb0676953098a4f31ff36dc2b4c699ef6a?s=96&d=mm&r=g\",\"contentUrl\":\"https:\\\/\\\/secure.gravatar.com\\\/avatar\\\/707f3fadd6918afeb64173ab22d8a8cb0676953098a4f31ff36dc2b4c699ef6a?s=96&d=mm&r=g\",\"caption\":\"Assessoria de Imprensa ACE-Guarulhos\"},\"url\":\"https:\\\/\\\/www.aceguarulhos.com.br\\\/blog\\\/author\\\/assessoria-de-imprensa-ace-guarulhos\\\/\"}]}<\/script>\n<!-- \/ Yoast SEO plugin. -->","yoast_head_json":{"title":"Governo prorroga prazo para a ades\u00e3o ao Super Simples  - ACE-Guarulhos","robots":{"index":"index","follow":"follow","max-snippet":"max-snippet:-1","max-image-preview":"max-image-preview:large","max-video-preview":"max-video-preview:-1"},"canonical":"https:\/\/www.aceguarulhos.com.br\/blog\/governo-prorroga-prazo-para-a-ades\u00e3o-ao-super-simples\/","og_locale":"pt_BR","og_type":"article","og_title":"Governo prorroga prazo para a ades\u00e3o ao Super Simples  - ACE-Guarulhos","og_description":"O governo adiou para 15 de agosto o prazo de ades\u00e3o ao sistema Simples Nacional, conhecido como Supersimples, que expiraria no dia 31","og_url":"https:\/\/www.aceguarulhos.com.br\/blog\/governo-prorroga-prazo-para-a-ades\u00e3o-ao-super-simples\/","og_site_name":"ACE-Guarulhos","article_publisher":"https:\/\/www.facebook.com\/aceguarulhos\/","article_published_time":"2007-08-01T09:49:28+00:00","author":"Assessoria de Imprensa ACE-Guarulhos","twitter_card":"summary_large_image","twitter_misc":{"Escrito por":"Assessoria de Imprensa ACE-Guarulhos","Est. tempo de leitura":"3 minutos"},"schema":{"@context":"https:\/\/schema.org","@graph":[{"@type":"Article","@id":"https:\/\/www.aceguarulhos.com.br\/blog\/governo-prorroga-prazo-para-a-ades%c3%a3o-ao-super-simples\/#article","isPartOf":{"@id":"https:\/\/www.aceguarulhos.com.br\/blog\/governo-prorroga-prazo-para-a-ades%c3%a3o-ao-super-simples\/"},"author":{"name":"Assessoria de Imprensa ACE-Guarulhos","@id":"https:\/\/www.aceguarulhos.com.br\/blog\/#\/schema\/person\/6983b51bad37489989e4f09698c26237"},"headline":"Governo prorroga prazo para a ades\u00e3o ao Super Simples","datePublished":"2007-08-01T09:49:28+00:00","mainEntityOfPage":{"@id":"https:\/\/www.aceguarulhos.com.br\/blog\/governo-prorroga-prazo-para-a-ades%c3%a3o-ao-super-simples\/"},"wordCount":649,"commentCount":0,"publisher":{"@id":"https:\/\/www.aceguarulhos.com.br\/blog\/#organization"},"articleSection":["Not\u00edcias"],"inLanguage":"pt-BR"},{"@type":"WebPage","@id":"https:\/\/www.aceguarulhos.com.br\/blog\/governo-prorroga-prazo-para-a-ades%c3%a3o-ao-super-simples\/","url":"https:\/\/www.aceguarulhos.com.br\/blog\/governo-prorroga-prazo-para-a-ades%c3%a3o-ao-super-simples\/","name":"Governo prorroga prazo para a ades\u00e3o ao Super Simples - ACE-Guarulhos","isPartOf":{"@id":"https:\/\/www.aceguarulhos.com.br\/blog\/#website"},"datePublished":"2007-08-01T09:49:28+00:00","breadcrumb":{"@id":"https:\/\/www.aceguarulhos.com.br\/blog\/governo-prorroga-prazo-para-a-ades%c3%a3o-ao-super-simples\/#breadcrumb"},"inLanguage":"pt-BR","potentialAction":[{"@type":"ReadAction","target":["https:\/\/www.aceguarulhos.com.br\/blog\/governo-prorroga-prazo-para-a-ades%c3%a3o-ao-super-simples\/"]}]},{"@type":"BreadcrumbList","@id":"https:\/\/www.aceguarulhos.com.br\/blog\/governo-prorroga-prazo-para-a-ades%c3%a3o-ao-super-simples\/#breadcrumb","itemListElement":[{"@type":"ListItem","position":1,"name":"In\u00edcio","item":"https:\/\/www.aceguarulhos.com.br\/blog\/"},{"@type":"ListItem","position":2,"name":"Governo prorroga prazo para a ades\u00e3o ao Super Simples"}]},{"@type":"WebSite","@id":"https:\/\/www.aceguarulhos.com.br\/blog\/#website","url":"https:\/\/www.aceguarulhos.com.br\/blog\/","name":"ACE-Guarulhos","description":"A ACE-Guarulhos \u00e9 uma associa\u00e7\u00e3o que ap\u00f3ia os empres\u00e1rios guarulhenses atrav\u00e9s da representa\u00e7\u00e3o, da gera\u00e7\u00e3o de neg\u00f3cios e presta\u00e7\u00e3o de servi\u00e7os.","publisher":{"@id":"https:\/\/www.aceguarulhos.com.br\/blog\/#organization"},"potentialAction":[{"@type":"SearchAction","target":{"@type":"EntryPoint","urlTemplate":"https:\/\/www.aceguarulhos.com.br\/blog\/?s={search_term_string}"},"query-input":{"@type":"PropertyValueSpecification","valueRequired":true,"valueName":"search_term_string"}}],"inLanguage":"pt-BR"},{"@type":"Organization","@id":"https:\/\/www.aceguarulhos.com.br\/blog\/#organization","name":"ACE-Guarulhos","url":"https:\/\/www.aceguarulhos.com.br\/blog\/","logo":{"@type":"ImageObject","inLanguage":"pt-BR","@id":"https:\/\/www.aceguarulhos.com.br\/blog\/#\/schema\/logo\/image\/","url":"https:\/\/www.aceguarulhos.com.br\/blog\/wp-content\/uploads\/2017\/12\/logo-aceguarulhos-2018.png","contentUrl":"https:\/\/www.aceguarulhos.com.br\/blog\/wp-content\/uploads\/2017\/12\/logo-aceguarulhos-2018.png","width":419,"height":76,"caption":"ACE-Guarulhos"},"image":{"@id":"https:\/\/www.aceguarulhos.com.br\/blog\/#\/schema\/logo\/image\/"},"sameAs":["https:\/\/www.facebook.com\/aceguarulhos\/","https:\/\/br.linkedin.com\/in\/ace-guarulhos-b9a97093","https:\/\/www.youtube.com\/user\/aceguarulhos"]},{"@type":"Person","@id":"https:\/\/www.aceguarulhos.com.br\/blog\/#\/schema\/person\/6983b51bad37489989e4f09698c26237","name":"Assessoria de Imprensa ACE-Guarulhos","image":{"@type":"ImageObject","inLanguage":"pt-BR","@id":"https:\/\/secure.gravatar.com\/avatar\/707f3fadd6918afeb64173ab22d8a8cb0676953098a4f31ff36dc2b4c699ef6a?s=96&d=mm&r=g","url":"https:\/\/secure.gravatar.com\/avatar\/707f3fadd6918afeb64173ab22d8a8cb0676953098a4f31ff36dc2b4c699ef6a?s=96&d=mm&r=g","contentUrl":"https:\/\/secure.gravatar.com\/avatar\/707f3fadd6918afeb64173ab22d8a8cb0676953098a4f31ff36dc2b4c699ef6a?s=96&d=mm&r=g","caption":"Assessoria de Imprensa ACE-Guarulhos"},"url":"https:\/\/www.aceguarulhos.com.br\/blog\/author\/assessoria-de-imprensa-ace-guarulhos\/"}]}},"wps_subtitle":"","amp_enabled":true,"_links":{"self":[{"href":"https:\/\/www.aceguarulhos.com.br\/blog\/wp-json\/wp\/v2\/posts\/31923","targetHints":{"allow":["GET"]}}],"collection":[{"href":"https:\/\/www.aceguarulhos.com.br\/blog\/wp-json\/wp\/v2\/posts"}],"about":[{"href":"https:\/\/www.aceguarulhos.com.br\/blog\/wp-json\/wp\/v2\/types\/post"}],"author":[{"embeddable":true,"href":"https:\/\/www.aceguarulhos.com.br\/blog\/wp-json\/wp\/v2\/users\/8"}],"replies":[{"embeddable":true,"href":"https:\/\/www.aceguarulhos.com.br\/blog\/wp-json\/wp\/v2\/comments?post=31923"}],"version-history":[{"count":0,"href":"https:\/\/www.aceguarulhos.com.br\/blog\/wp-json\/wp\/v2\/posts\/31923\/revisions"}],"wp:attachment":[{"href":"https:\/\/www.aceguarulhos.com.br\/blog\/wp-json\/wp\/v2\/media?parent=31923"}],"wp:term":[{"taxonomy":"category","embeddable":true,"href":"https:\/\/www.aceguarulhos.com.br\/blog\/wp-json\/wp\/v2\/categories?post=31923"},{"taxonomy":"post_tag","embeddable":true,"href":"https:\/\/www.aceguarulhos.com.br\/blog\/wp-json\/wp\/v2\/tags?post=31923"}],"curies":[{"name":"wp","href":"https:\/\/api.w.org\/{rel}","templated":true}]}}