{"id":31849,"date":"2007-07-18T10:05:38","date_gmt":"2007-07-18T10:05:38","guid":{"rendered":"http:\/\/www.aceguarulhos.com.br\/blog\/?p=31849"},"modified":"-0001-11-30T00:00:00","modified_gmt":"-0001-11-30T03:00:00","slug":"chega-o-sal%c3%a1rio-m%c3%adnimo-paulista","status":"publish","type":"post","link":"https:\/\/www.aceguarulhos.com.br\/blog\/chega-o-sal%c3%a1rio-m%c3%adnimo-paulista\/","title":{"rendered":"Chega o Sal\u00e1rio M\u00ednimo paulista"},"content":{"rendered":"<p><i>O governador de S\u00e3o Paulo Jos\u00e9 Serra (PSDB) sancionou a lei que delimita os pisos salariais regionais paulistas. \u00c9 uma esp\u00e9cie de sal\u00e1rio m\u00ednimo v\u00e1lido somente para o estado<\/i><\/p>\n<p>Enquanto o m\u00ednimo nacional est\u00e1 em R$ 380, os pisos paulistas t\u00eam tr\u00eas faixas, de R$ 410, R$ 450 e R$ 490, estipulados para categorias distintas. Os pisos passam a vigorar a partir de 1\u00b0 de agosto com impacto obrigat\u00f3rio j\u00e1 na folha de setembro. A fiscaliza\u00e7\u00e3o do cumprimento da lei ser\u00e1 feita pelo Minist\u00e9rio P\u00fablico do Trabalho. <\/p>\n<p>&#8220;\u00c9 um aumento modesto, mas significativo. Talvez as pessoas de maior renda n\u00e3o consigam fazer uma avalia\u00e7\u00e3o da import\u00e2ncia desse piso. Mas, ao mesmo tempo, fomos prudentes. Poder\u00edamos fixar o dobro, mas temos que pensar tamb\u00e9m nos empregadores&#8221;, disse o governador. <\/p>\n<p>Segundo Serra, a cada ano, a partir de agora, o governo estadual vai enviar para a Assembl\u00e9ia Legislativa de S\u00e3o Paulo um novo projeto de lei para reajustar os pisos. Esses projetos tamb\u00e9m devem valer para a inclus\u00e3o ou exclus\u00e3o de categorias de trabalhadores. Como est\u00e1 hoje, estima o governador, devem ser beneficiados pelo menos 1 milh\u00e3o de trabalhadores do Estado de S\u00e3o Paulo. &#8220;Ou at\u00e9 muito mais&#8221;, afirmou. <\/p>\n<p>&#8220;Um aumento de R$ 30 para a categoria de menor valor (R$ 410) pode ser pouco para o empres\u00e1rio mas \u00e9 muito para quem recebe um sal\u00e1rio m\u00ednimo&#8221;, observou o secret\u00e1rio Estadual do Emprego e Rela\u00e7\u00f5es do Trabalho, Guilherme Afif Domingos. O trabalho do governo, a partir de agora, de acordo com Afif, \u00e9 divulgar e explicar os benef\u00edcios sociais da nova lei para evitar gera\u00e7\u00e3o de desemprego ou de informalidade. <\/p>\n<p>O piso regional j\u00e1 existe em outros tr\u00eas estados brasileiros: Paran\u00e1, Rio Grande do Sul e Rio de Janeiro. Em S\u00e3o Paulo, vale apenas na iniciativa privada para grupos de trabalhadores sem organiza\u00e7\u00e3o suficiente para realizar acordos coletivos ou que n\u00e3o tenham piso salarial definido. N\u00e3o afeta os funcion\u00e1rios p\u00fablicos municipais \u2013 porque a lei federal n\u00e3o permite \u2013 nem o funcionalismo p\u00fablico estadual, que tem piso de R$ 510, mais elevado que o maior piso salarial implementado. <\/p>\n<p>Justi\u00e7a social \u2013 &#8220;\u00c9 uma medida que faz justi\u00e7a social&#8221;, disse o deputado estadual Vaz de Lima, presidente da Assembl\u00e9ia Legislativa. Entre os trabalhadores que se encaixam na faixa de R$ 410 est\u00e3o, al\u00e9m dos dom\u00e9sticos, serventes, pescadores, ascensoristas, motoboys, auxiliares de escrit\u00f3rios e empregados n\u00e3o especializados do com\u00e9rcio, da ind\u00fastria e de servi\u00e7os.<\/p>\n<p>O piso de R$ 450 \u00e9 o que abrange maior n\u00famero de categorias. Vale para carteiros, tintureiros, barbeiros, manicures, pintores, encanadores e soldadores. O valor de R$ 490 passar a ser o piso de administradores agropecu\u00e1rios e florestais, trabalhadores de higiene e sa\u00fade, chefes de servi\u00e7os de transportes e comunica\u00e7\u00f5es e supervisores de compra e venda.<\/p>\n","protected":false},"excerpt":{"rendered":"O governador de S\u00e3o Paulo Jos\u00e9 Serra (PSDB) sancionou a lei que delimita os pisos salariais regionais paulistas. \u00c9 uma esp\u00e9cie de sal\u00e1rio \n<a class=\"moretag\" href=\"https:\/\/www.aceguarulhos.com.br\/blog\/chega-o-sal%c3%a1rio-m%c3%adnimo-paulista\/\"> [...]<\/a>","protected":false},"author":8,"featured_media":0,"comment_status":"open","ping_status":"open","sticky":false,"template":"","format":"standard","meta":{"footnotes":""},"categories":[2],"tags":[],"class_list":["post-31849","post","type-post","status-publish","format-standard","hentry","category-noticias"],"yoast_head":"<!-- This site is optimized with the Yoast SEO plugin v28.1 - https:\/\/yoast.com\/product\/yoast-seo-wordpress\/ -->\n<title>Chega o Sal\u00e1rio M\u00ednimo paulista  - ACE-Guarulhos<\/title>\n<meta name=\"robots\" content=\"index, follow, max-snippet:-1, max-image-preview:large, max-video-preview:-1\" \/>\n<link rel=\"canonical\" href=\"https:\/\/www.aceguarulhos.com.br\/blog\/chega-o-sal\u00e1rio-m\u00ednimo-paulista\/\" \/>\n<meta property=\"og:locale\" content=\"pt_BR\" \/>\n<meta property=\"og:type\" content=\"article\" \/>\n<meta property=\"og:title\" content=\"Chega o Sal\u00e1rio M\u00ednimo paulista  - ACE-Guarulhos\" \/>\n<meta property=\"og:description\" content=\"O governador de S\u00e3o Paulo Jos\u00e9 Serra (PSDB) sancionou a lei que delimita os pisos salariais regionais paulistas. \u00c9 uma esp\u00e9cie de sal\u00e1rio\" \/>\n<meta property=\"og:url\" content=\"https:\/\/www.aceguarulhos.com.br\/blog\/chega-o-sal\u00e1rio-m\u00ednimo-paulista\/\" \/>\n<meta property=\"og:site_name\" content=\"ACE-Guarulhos\" \/>\n<meta property=\"article:publisher\" content=\"https:\/\/www.facebook.com\/aceguarulhos\/\" \/>\n<meta property=\"article:published_time\" content=\"2007-07-18T10:05:38+00:00\" \/>\n<meta name=\"author\" content=\"Assessoria de Imprensa ACE-Guarulhos\" \/>\n<meta name=\"twitter:card\" content=\"summary_large_image\" \/>\n<meta name=\"twitter:label1\" content=\"Escrito por\" \/>\n\t<meta name=\"twitter:data1\" content=\"Assessoria de Imprensa ACE-Guarulhos\" \/>\n\t<meta name=\"twitter:label2\" content=\"Est. tempo de leitura\" \/>\n\t<meta name=\"twitter:data2\" content=\"2 minutos\" \/>\n<script type=\"application\/ld+json\" class=\"yoast-schema-graph\">{\"@context\":\"https:\\\/\\\/schema.org\",\"@graph\":[{\"@type\":\"Article\",\"@id\":\"https:\\\/\\\/www.aceguarulhos.com.br\\\/blog\\\/chega-o-sal%c3%a1rio-m%c3%adnimo-paulista\\\/#article\",\"isPartOf\":{\"@id\":\"https:\\\/\\\/www.aceguarulhos.com.br\\\/blog\\\/chega-o-sal%c3%a1rio-m%c3%adnimo-paulista\\\/\"},\"author\":{\"name\":\"Assessoria de Imprensa ACE-Guarulhos\",\"@id\":\"https:\\\/\\\/www.aceguarulhos.com.br\\\/blog\\\/#\\\/schema\\\/person\\\/6983b51bad37489989e4f09698c26237\"},\"headline\":\"Chega o Sal\u00e1rio M\u00ednimo paulista\",\"datePublished\":\"2007-07-18T10:05:38+00:00\",\"mainEntityOfPage\":{\"@id\":\"https:\\\/\\\/www.aceguarulhos.com.br\\\/blog\\\/chega-o-sal%c3%a1rio-m%c3%adnimo-paulista\\\/\"},\"wordCount\":498,\"commentCount\":0,\"publisher\":{\"@id\":\"https:\\\/\\\/www.aceguarulhos.com.br\\\/blog\\\/#organization\"},\"articleSection\":[\"Not\u00edcias\"],\"inLanguage\":\"pt-BR\"},{\"@type\":\"WebPage\",\"@id\":\"https:\\\/\\\/www.aceguarulhos.com.br\\\/blog\\\/chega-o-sal%c3%a1rio-m%c3%adnimo-paulista\\\/\",\"url\":\"https:\\\/\\\/www.aceguarulhos.com.br\\\/blog\\\/chega-o-sal%c3%a1rio-m%c3%adnimo-paulista\\\/\",\"name\":\"Chega o Sal\u00e1rio M\u00ednimo paulista - ACE-Guarulhos\",\"isPartOf\":{\"@id\":\"https:\\\/\\\/www.aceguarulhos.com.br\\\/blog\\\/#website\"},\"datePublished\":\"2007-07-18T10:05:38+00:00\",\"breadcrumb\":{\"@id\":\"https:\\\/\\\/www.aceguarulhos.com.br\\\/blog\\\/chega-o-sal%c3%a1rio-m%c3%adnimo-paulista\\\/#breadcrumb\"},\"inLanguage\":\"pt-BR\",\"potentialAction\":[{\"@type\":\"ReadAction\",\"target\":[\"https:\\\/\\\/www.aceguarulhos.com.br\\\/blog\\\/chega-o-sal%c3%a1rio-m%c3%adnimo-paulista\\\/\"]}]},{\"@type\":\"BreadcrumbList\",\"@id\":\"https:\\\/\\\/www.aceguarulhos.com.br\\\/blog\\\/chega-o-sal%c3%a1rio-m%c3%adnimo-paulista\\\/#breadcrumb\",\"itemListElement\":[{\"@type\":\"ListItem\",\"position\":1,\"name\":\"In\u00edcio\",\"item\":\"https:\\\/\\\/www.aceguarulhos.com.br\\\/blog\\\/\"},{\"@type\":\"ListItem\",\"position\":2,\"name\":\"Chega o Sal\u00e1rio M\u00ednimo paulista\"}]},{\"@type\":\"WebSite\",\"@id\":\"https:\\\/\\\/www.aceguarulhos.com.br\\\/blog\\\/#website\",\"url\":\"https:\\\/\\\/www.aceguarulhos.com.br\\\/blog\\\/\",\"name\":\"ACE-Guarulhos\",\"description\":\"A ACE-Guarulhos \u00e9 uma associa\u00e7\u00e3o que ap\u00f3ia os empres\u00e1rios guarulhenses atrav\u00e9s da representa\u00e7\u00e3o, da gera\u00e7\u00e3o de neg\u00f3cios e presta\u00e7\u00e3o de servi\u00e7os.\",\"publisher\":{\"@id\":\"https:\\\/\\\/www.aceguarulhos.com.br\\\/blog\\\/#organization\"},\"potentialAction\":[{\"@type\":\"SearchAction\",\"target\":{\"@type\":\"EntryPoint\",\"urlTemplate\":\"https:\\\/\\\/www.aceguarulhos.com.br\\\/blog\\\/?s={search_term_string}\"},\"query-input\":{\"@type\":\"PropertyValueSpecification\",\"valueRequired\":true,\"valueName\":\"search_term_string\"}}],\"inLanguage\":\"pt-BR\"},{\"@type\":\"Organization\",\"@id\":\"https:\\\/\\\/www.aceguarulhos.com.br\\\/blog\\\/#organization\",\"name\":\"ACE-Guarulhos\",\"url\":\"https:\\\/\\\/www.aceguarulhos.com.br\\\/blog\\\/\",\"logo\":{\"@type\":\"ImageObject\",\"inLanguage\":\"pt-BR\",\"@id\":\"https:\\\/\\\/www.aceguarulhos.com.br\\\/blog\\\/#\\\/schema\\\/logo\\\/image\\\/\",\"url\":\"https:\\\/\\\/www.aceguarulhos.com.br\\\/blog\\\/wp-content\\\/uploads\\\/2017\\\/12\\\/logo-aceguarulhos-2018.png\",\"contentUrl\":\"https:\\\/\\\/www.aceguarulhos.com.br\\\/blog\\\/wp-content\\\/uploads\\\/2017\\\/12\\\/logo-aceguarulhos-2018.png\",\"width\":419,\"height\":76,\"caption\":\"ACE-Guarulhos\"},\"image\":{\"@id\":\"https:\\\/\\\/www.aceguarulhos.com.br\\\/blog\\\/#\\\/schema\\\/logo\\\/image\\\/\"},\"sameAs\":[\"https:\\\/\\\/www.facebook.com\\\/aceguarulhos\\\/\",\"https:\\\/\\\/br.linkedin.com\\\/in\\\/ace-guarulhos-b9a97093\",\"https:\\\/\\\/www.youtube.com\\\/user\\\/aceguarulhos\"]},{\"@type\":\"Person\",\"@id\":\"https:\\\/\\\/www.aceguarulhos.com.br\\\/blog\\\/#\\\/schema\\\/person\\\/6983b51bad37489989e4f09698c26237\",\"name\":\"Assessoria de Imprensa ACE-Guarulhos\",\"image\":{\"@type\":\"ImageObject\",\"inLanguage\":\"pt-BR\",\"@id\":\"https:\\\/\\\/secure.gravatar.com\\\/avatar\\\/707f3fadd6918afeb64173ab22d8a8cb0676953098a4f31ff36dc2b4c699ef6a?s=96&d=mm&r=g\",\"url\":\"https:\\\/\\\/secure.gravatar.com\\\/avatar\\\/707f3fadd6918afeb64173ab22d8a8cb0676953098a4f31ff36dc2b4c699ef6a?s=96&d=mm&r=g\",\"contentUrl\":\"https:\\\/\\\/secure.gravatar.com\\\/avatar\\\/707f3fadd6918afeb64173ab22d8a8cb0676953098a4f31ff36dc2b4c699ef6a?s=96&d=mm&r=g\",\"caption\":\"Assessoria de Imprensa ACE-Guarulhos\"},\"url\":\"https:\\\/\\\/www.aceguarulhos.com.br\\\/blog\\\/author\\\/assessoria-de-imprensa-ace-guarulhos\\\/\"}]}<\/script>\n<!-- \/ Yoast SEO plugin. -->","yoast_head_json":{"title":"Chega o Sal\u00e1rio M\u00ednimo paulista  - ACE-Guarulhos","robots":{"index":"index","follow":"follow","max-snippet":"max-snippet:-1","max-image-preview":"max-image-preview:large","max-video-preview":"max-video-preview:-1"},"canonical":"https:\/\/www.aceguarulhos.com.br\/blog\/chega-o-sal\u00e1rio-m\u00ednimo-paulista\/","og_locale":"pt_BR","og_type":"article","og_title":"Chega o Sal\u00e1rio M\u00ednimo paulista  - ACE-Guarulhos","og_description":"O governador de S\u00e3o Paulo Jos\u00e9 Serra (PSDB) sancionou a lei que delimita os pisos salariais regionais paulistas. \u00c9 uma esp\u00e9cie de sal\u00e1rio","og_url":"https:\/\/www.aceguarulhos.com.br\/blog\/chega-o-sal\u00e1rio-m\u00ednimo-paulista\/","og_site_name":"ACE-Guarulhos","article_publisher":"https:\/\/www.facebook.com\/aceguarulhos\/","article_published_time":"2007-07-18T10:05:38+00:00","author":"Assessoria de Imprensa ACE-Guarulhos","twitter_card":"summary_large_image","twitter_misc":{"Escrito por":"Assessoria de Imprensa ACE-Guarulhos","Est. tempo de leitura":"2 minutos"},"schema":{"@context":"https:\/\/schema.org","@graph":[{"@type":"Article","@id":"https:\/\/www.aceguarulhos.com.br\/blog\/chega-o-sal%c3%a1rio-m%c3%adnimo-paulista\/#article","isPartOf":{"@id":"https:\/\/www.aceguarulhos.com.br\/blog\/chega-o-sal%c3%a1rio-m%c3%adnimo-paulista\/"},"author":{"name":"Assessoria de Imprensa ACE-Guarulhos","@id":"https:\/\/www.aceguarulhos.com.br\/blog\/#\/schema\/person\/6983b51bad37489989e4f09698c26237"},"headline":"Chega o Sal\u00e1rio M\u00ednimo paulista","datePublished":"2007-07-18T10:05:38+00:00","mainEntityOfPage":{"@id":"https:\/\/www.aceguarulhos.com.br\/blog\/chega-o-sal%c3%a1rio-m%c3%adnimo-paulista\/"},"wordCount":498,"commentCount":0,"publisher":{"@id":"https:\/\/www.aceguarulhos.com.br\/blog\/#organization"},"articleSection":["Not\u00edcias"],"inLanguage":"pt-BR"},{"@type":"WebPage","@id":"https:\/\/www.aceguarulhos.com.br\/blog\/chega-o-sal%c3%a1rio-m%c3%adnimo-paulista\/","url":"https:\/\/www.aceguarulhos.com.br\/blog\/chega-o-sal%c3%a1rio-m%c3%adnimo-paulista\/","name":"Chega o Sal\u00e1rio M\u00ednimo paulista - ACE-Guarulhos","isPartOf":{"@id":"https:\/\/www.aceguarulhos.com.br\/blog\/#website"},"datePublished":"2007-07-18T10:05:38+00:00","breadcrumb":{"@id":"https:\/\/www.aceguarulhos.com.br\/blog\/chega-o-sal%c3%a1rio-m%c3%adnimo-paulista\/#breadcrumb"},"inLanguage":"pt-BR","potentialAction":[{"@type":"ReadAction","target":["https:\/\/www.aceguarulhos.com.br\/blog\/chega-o-sal%c3%a1rio-m%c3%adnimo-paulista\/"]}]},{"@type":"BreadcrumbList","@id":"https:\/\/www.aceguarulhos.com.br\/blog\/chega-o-sal%c3%a1rio-m%c3%adnimo-paulista\/#breadcrumb","itemListElement":[{"@type":"ListItem","position":1,"name":"In\u00edcio","item":"https:\/\/www.aceguarulhos.com.br\/blog\/"},{"@type":"ListItem","position":2,"name":"Chega o Sal\u00e1rio M\u00ednimo paulista"}]},{"@type":"WebSite","@id":"https:\/\/www.aceguarulhos.com.br\/blog\/#website","url":"https:\/\/www.aceguarulhos.com.br\/blog\/","name":"ACE-Guarulhos","description":"A ACE-Guarulhos \u00e9 uma associa\u00e7\u00e3o que ap\u00f3ia os empres\u00e1rios guarulhenses atrav\u00e9s da representa\u00e7\u00e3o, da gera\u00e7\u00e3o de neg\u00f3cios e presta\u00e7\u00e3o de servi\u00e7os.","publisher":{"@id":"https:\/\/www.aceguarulhos.com.br\/blog\/#organization"},"potentialAction":[{"@type":"SearchAction","target":{"@type":"EntryPoint","urlTemplate":"https:\/\/www.aceguarulhos.com.br\/blog\/?s={search_term_string}"},"query-input":{"@type":"PropertyValueSpecification","valueRequired":true,"valueName":"search_term_string"}}],"inLanguage":"pt-BR"},{"@type":"Organization","@id":"https:\/\/www.aceguarulhos.com.br\/blog\/#organization","name":"ACE-Guarulhos","url":"https:\/\/www.aceguarulhos.com.br\/blog\/","logo":{"@type":"ImageObject","inLanguage":"pt-BR","@id":"https:\/\/www.aceguarulhos.com.br\/blog\/#\/schema\/logo\/image\/","url":"https:\/\/www.aceguarulhos.com.br\/blog\/wp-content\/uploads\/2017\/12\/logo-aceguarulhos-2018.png","contentUrl":"https:\/\/www.aceguarulhos.com.br\/blog\/wp-content\/uploads\/2017\/12\/logo-aceguarulhos-2018.png","width":419,"height":76,"caption":"ACE-Guarulhos"},"image":{"@id":"https:\/\/www.aceguarulhos.com.br\/blog\/#\/schema\/logo\/image\/"},"sameAs":["https:\/\/www.facebook.com\/aceguarulhos\/","https:\/\/br.linkedin.com\/in\/ace-guarulhos-b9a97093","https:\/\/www.youtube.com\/user\/aceguarulhos"]},{"@type":"Person","@id":"https:\/\/www.aceguarulhos.com.br\/blog\/#\/schema\/person\/6983b51bad37489989e4f09698c26237","name":"Assessoria de Imprensa ACE-Guarulhos","image":{"@type":"ImageObject","inLanguage":"pt-BR","@id":"https:\/\/secure.gravatar.com\/avatar\/707f3fadd6918afeb64173ab22d8a8cb0676953098a4f31ff36dc2b4c699ef6a?s=96&d=mm&r=g","url":"https:\/\/secure.gravatar.com\/avatar\/707f3fadd6918afeb64173ab22d8a8cb0676953098a4f31ff36dc2b4c699ef6a?s=96&d=mm&r=g","contentUrl":"https:\/\/secure.gravatar.com\/avatar\/707f3fadd6918afeb64173ab22d8a8cb0676953098a4f31ff36dc2b4c699ef6a?s=96&d=mm&r=g","caption":"Assessoria de Imprensa ACE-Guarulhos"},"url":"https:\/\/www.aceguarulhos.com.br\/blog\/author\/assessoria-de-imprensa-ace-guarulhos\/"}]}},"wps_subtitle":"","amp_enabled":true,"_links":{"self":[{"href":"https:\/\/www.aceguarulhos.com.br\/blog\/wp-json\/wp\/v2\/posts\/31849","targetHints":{"allow":["GET"]}}],"collection":[{"href":"https:\/\/www.aceguarulhos.com.br\/blog\/wp-json\/wp\/v2\/posts"}],"about":[{"href":"https:\/\/www.aceguarulhos.com.br\/blog\/wp-json\/wp\/v2\/types\/post"}],"author":[{"embeddable":true,"href":"https:\/\/www.aceguarulhos.com.br\/blog\/wp-json\/wp\/v2\/users\/8"}],"replies":[{"embeddable":true,"href":"https:\/\/www.aceguarulhos.com.br\/blog\/wp-json\/wp\/v2\/comments?post=31849"}],"version-history":[{"count":0,"href":"https:\/\/www.aceguarulhos.com.br\/blog\/wp-json\/wp\/v2\/posts\/31849\/revisions"}],"wp:attachment":[{"href":"https:\/\/www.aceguarulhos.com.br\/blog\/wp-json\/wp\/v2\/media?parent=31849"}],"wp:term":[{"taxonomy":"category","embeddable":true,"href":"https:\/\/www.aceguarulhos.com.br\/blog\/wp-json\/wp\/v2\/categories?post=31849"},{"taxonomy":"post_tag","embeddable":true,"href":"https:\/\/www.aceguarulhos.com.br\/blog\/wp-json\/wp\/v2\/tags?post=31849"}],"curies":[{"name":"wp","href":"https:\/\/api.w.org\/{rel}","templated":true}]}}