{"id":31840,"date":"2007-07-17T17:21:57","date_gmt":"2007-07-17T17:21:57","guid":{"rendered":"http:\/\/www.aceguarulhos.com.br\/blog\/?p=31840"},"modified":"-0001-11-30T00:00:00","modified_gmt":"-0001-11-30T03:00:00","slug":"ace-d%c3%a1-posse-%c3%a0-nova-diretoria-e-conselho-deliberativo","status":"publish","type":"post","link":"https:\/\/www.aceguarulhos.com.br\/blog\/ace-d%c3%a1-posse-%c3%a0-nova-diretoria-e-conselho-deliberativo\/","title":{"rendered":"ACE d\u00e1 posse \u00e0 nova Diretoria e Conselho Deliberativo"},"content":{"rendered":"<p><i>Evento contou com a presen\u00e7a de aproximadamente 400 pessoas, dentre elas autoridades, empres\u00e1rios e personalidades do munic\u00edpio<\/i><\/p>\n<p>Nesta \u00faltima segunda-feira, dia 16, no Open Hall Convention Center, em Guarulhos, a ACE \u2013 Associa\u00e7\u00e3o Comercial e Empresarial de Guarulhos realizou uma festiva de posse da nova Diretoria Executiva e Conselho Deliberativo da entidade gest\u00e3o 2007\/2009.<\/p>\n<p>O mestre de cerim\u00f4nias Maurici Dias Gomes, superintendente da ACE, deu in\u00edcio \u00e0 solenidade e chamou o presidente do Conselho Deliberativo, Anunciato Thomeo Sobrinho, para falar em nome da FACESP &#8211; Federa\u00e7\u00e3o das Associa\u00e7\u00f5es Comerciais do Estado de S\u00e3o Paulo.<\/p>\n<p>Anunciato fez alguns agradecimentos \u00e0 gest\u00e3o passada, a qual participou tamb\u00e9m como diretor de Rela\u00e7\u00f5es Institucionais e saudou a nova diretoria eleita em 19 de abril: \u201cDesejo muito boa sorte a todos. Tenho pra mim que esta gest\u00e3o ser\u00e1 uma das melhores que a ACE j\u00e1 teve\u201d, declarou.<\/p>\n<p>Em seguida Allan Neto, em nome da C\u00e2mara Municipal de Guarulhos, disse ter orgulho de ver o quanto as pessoas e as entidades acreditam e investem no Munic\u00edpio: \u201cA ACE \u00e9 um grande exemplo para n\u00f3s. De forma bastante representativa, ajuda no desenvolvimento da cidade\u201d, afirmou.<\/p>\n<p>Durante a solenidade foi apresentado um v\u00eddeo com as principais realiza\u00e7\u00f5es das Gest\u00f5es 2005\/2007, presididas por Decio Pomp\u00eao Junior. <\/p>\n<p><center><\/p>\n<p class=\"midia\" style=\"width: 420px;\"><img loading=\"lazy\" decoding=\"async\" src=\"\/blog\/wp-content\/uploads\/image.php?x=i&amp;i1=100&amp;i2=20070717171714\" title=\"Imprensa ACE\" height=\"315\" width=\"420\"><br \/>Wilson Louren\u00e7o e Decio Pomp\u00eao durante a posse<\/p>\n<p><\/center><\/p>\n<p>Convidado a discursar Decio Pomp\u00eao disse emocionado poucas palavras: \u201cO mais importante n\u00e3o foram as realiza\u00e7\u00f5es, mas sim perceber nossa diretoria sempre pronta para defender o interesse dos associados e do empresariado em geral\u201d, apontou.<\/p>\n<p>Segundo ele, as horas c\u00edvicas dadas em prol da sociedade s\u00e3o fundamentais para alimentar o passado e motivar o futuro: \u201cTenho para mim que a miss\u00e3o n\u00e3o est\u00e1 cumprida. Este foi um pequeno passo dado para a realiza\u00e7\u00e3o de um trabalho bem maior que est\u00e1 sendo realizado por pessoas de bem, que visam o desenvolvimento de Guarulhos\u201d.<\/p>\n<p><center><\/p>\n<p class=\"midia\" style=\"width: 420px;\"><img loading=\"lazy\" decoding=\"async\" src=\"\/blog\/wp-content\/uploads\/image.php?x=i&amp;i1=100&amp;i2=20070717171923\" title=\"Imprensa ACE\" height=\"315\" width=\"420\"><br \/>O Chanceler da Universidade Guarulhos, Antonio Veronezi foi o palestrante da noite<\/p>\n<p><\/center><\/p>\n<p>Ap\u00f3s seu discurso, Decio Pomp\u00eao fez algumas homenagens \u00e0s pessoas que fizeram parte de sua diretoria e o apoiaram durante os seus mandatos. Os colaboradores da entidade tamb\u00e9m foram homenageados. <\/p>\n<p>J\u00e1 o prefeito El\u00f3i Piet\u00e1 foi convidado a dizer algumas palavras aos presentes: \u201cO governo n\u00e3o pode ser apenas daqueles que s\u00e3o eleitos de quatro em quatro anos. Ele tem de ser a jun\u00e7\u00e3o de todas as lideran\u00e7as e a sociedade. E nas associa\u00e7\u00f5es n\u00e3o pode ser diferente. Todos temos diferen\u00e7as, mas a coes\u00e3o de nossas diferen\u00e7as faz com que possamos construir um futuro bom. A sociedade deve ser governada pela democracia participativa\u201d, afirmou.<\/p>\n<p><center><\/p>\n<p class=\"midia\" style=\"width: 420px;\"><img loading=\"lazy\" decoding=\"async\" src=\"\/blog\/wp-content\/uploads\/image.php?x=i&amp;i1=100&amp;i2=20070717172114\" title=\"Imprensa ACE\" height=\"315\" width=\"420\"><br \/>Aproximadamente 400 pessoas marcaram presen\u00e7a<\/p>\n<p><\/center><\/p>\n<p>Seguindo o protocolo, o Chanceler da Universidade Guarulhos, Ant\u00f4nio Veronezi, proferiu a palestra \u201cSucesso, Felicidade e Equil\u00edbrio\u201d. Dando \u00eanfase a juventude presente, disse que o jovem precisa se mobilizar diante as dificuldades da vida e o empreendedorismo \u00e9 a chave para o sucesso, sendo ele acompanhado de responsabilidade e dedica\u00e7\u00e3o. Citou frases e contou f\u00e1bulas para ilustrar seus pensamentos: \u201cN\u00e3o importa o que fa\u00e7amos. O importante \u00e9 sermos sempre felizes\u201d, resumiu.<\/p>\n<p>Em um dos momentos mais esperados da noite, a posse da nova Diretoria Executiva e Conselho Deliberativo gest\u00e3o 2007\/2009, o novo presidente eleito, Wilson Jos\u00e9 Louren\u00e7o Junior, recebeu o cargo do ex-presidente, Decio Pomp\u00eao Junior e ap\u00f3s proferir algumas palavras apresentou seu plano de gest\u00e3o: \u201c\u00c9 uma grande tarefa presidir esta entidade que completa hoje 44 anos de funda\u00e7\u00e3o e que entrega \u00e0 cidade e aos seus 2500 associados uma nova e ampla sede. Este desafio ser\u00e1 compartilhado com uma grande equipe de diretores e conselheiros motivados e comprometidos com os nossos ideais. S\u00e3o pessoas empreendedoras que muito me orgulham ao aceitarem participar desta gest\u00e3o\u201d, salientou.<\/p>\n","protected":false},"excerpt":{"rendered":"Evento contou com a presen\u00e7a de aproximadamente 400 pessoas, dentre elas autoridades, empres\u00e1rios e personalidades do munic\u00edpio Nesta \u00faltima segunda-feira, dia 16, no \n<a class=\"moretag\" href=\"https:\/\/www.aceguarulhos.com.br\/blog\/ace-d%c3%a1-posse-%c3%a0-nova-diretoria-e-conselho-deliberativo\/\"> [...]<\/a>","protected":false},"author":8,"featured_media":0,"comment_status":"open","ping_status":"open","sticky":false,"template":"","format":"standard","meta":{"footnotes":""},"categories":[2],"tags":[],"class_list":["post-31840","post","type-post","status-publish","format-standard","hentry","category-noticias"],"yoast_head":"<!-- This site is optimized with the Yoast SEO plugin v28.1 - https:\/\/yoast.com\/product\/yoast-seo-wordpress\/ -->\n<title>ACE d\u00e1 posse \u00e0 nova Diretoria e Conselho Deliberativo - ACE-Guarulhos<\/title>\n<meta name=\"robots\" content=\"index, follow, max-snippet:-1, max-image-preview:large, max-video-preview:-1\" \/>\n<link rel=\"canonical\" href=\"https:\/\/www.aceguarulhos.com.br\/blog\/ace-d\u00e1-posse-\u00e0-nova-diretoria-e-conselho-deliberativo\/\" \/>\n<meta property=\"og:locale\" content=\"pt_BR\" \/>\n<meta property=\"og:type\" content=\"article\" \/>\n<meta property=\"og:title\" content=\"ACE d\u00e1 posse \u00e0 nova Diretoria e Conselho Deliberativo - ACE-Guarulhos\" \/>\n<meta property=\"og:description\" content=\"Evento contou com a presen\u00e7a de aproximadamente 400 pessoas, dentre elas autoridades, empres\u00e1rios e personalidades do munic\u00edpio Nesta \u00faltima segunda-feira, dia 16, no\" \/>\n<meta property=\"og:url\" content=\"https:\/\/www.aceguarulhos.com.br\/blog\/ace-d\u00e1-posse-\u00e0-nova-diretoria-e-conselho-deliberativo\/\" \/>\n<meta property=\"og:site_name\" content=\"ACE-Guarulhos\" \/>\n<meta property=\"article:publisher\" content=\"https:\/\/www.facebook.com\/aceguarulhos\/\" \/>\n<meta property=\"article:published_time\" content=\"2007-07-17T17:21:57+00:00\" \/>\n<meta property=\"og:image\" content=\"https:\/\/www.aceguarulhos.com.br\/blog\/wp-content\/uploads\/image.php\" \/>\n<meta name=\"author\" content=\"Assessoria de Imprensa ACE-Guarulhos\" \/>\n<meta name=\"twitter:card\" content=\"summary_large_image\" \/>\n<meta name=\"twitter:label1\" content=\"Escrito por\" \/>\n\t<meta name=\"twitter:data1\" content=\"Assessoria de Imprensa ACE-Guarulhos\" \/>\n\t<meta name=\"twitter:label2\" content=\"Est. tempo de leitura\" \/>\n\t<meta name=\"twitter:data2\" content=\"3 minutos\" \/>\n<script type=\"application\/ld+json\" class=\"yoast-schema-graph\">{\"@context\":\"https:\\\/\\\/schema.org\",\"@graph\":[{\"@type\":\"Article\",\"@id\":\"https:\\\/\\\/www.aceguarulhos.com.br\\\/blog\\\/ace-d%c3%a1-posse-%c3%a0-nova-diretoria-e-conselho-deliberativo\\\/#article\",\"isPartOf\":{\"@id\":\"https:\\\/\\\/www.aceguarulhos.com.br\\\/blog\\\/ace-d%c3%a1-posse-%c3%a0-nova-diretoria-e-conselho-deliberativo\\\/\"},\"author\":{\"name\":\"Assessoria de Imprensa ACE-Guarulhos\",\"@id\":\"https:\\\/\\\/www.aceguarulhos.com.br\\\/blog\\\/#\\\/schema\\\/person\\\/6983b51bad37489989e4f09698c26237\"},\"headline\":\"ACE d\u00e1 posse \u00e0 nova Diretoria e Conselho Deliberativo\",\"datePublished\":\"2007-07-17T17:21:57+00:00\",\"mainEntityOfPage\":{\"@id\":\"https:\\\/\\\/www.aceguarulhos.com.br\\\/blog\\\/ace-d%c3%a1-posse-%c3%a0-nova-diretoria-e-conselho-deliberativo\\\/\"},\"wordCount\":655,\"commentCount\":0,\"publisher\":{\"@id\":\"https:\\\/\\\/www.aceguarulhos.com.br\\\/blog\\\/#organization\"},\"articleSection\":[\"Not\u00edcias\"],\"inLanguage\":\"pt-BR\"},{\"@type\":\"WebPage\",\"@id\":\"https:\\\/\\\/www.aceguarulhos.com.br\\\/blog\\\/ace-d%c3%a1-posse-%c3%a0-nova-diretoria-e-conselho-deliberativo\\\/\",\"url\":\"https:\\\/\\\/www.aceguarulhos.com.br\\\/blog\\\/ace-d%c3%a1-posse-%c3%a0-nova-diretoria-e-conselho-deliberativo\\\/\",\"name\":\"ACE d\u00e1 posse \u00e0 nova Diretoria e Conselho Deliberativo - ACE-Guarulhos\",\"isPartOf\":{\"@id\":\"https:\\\/\\\/www.aceguarulhos.com.br\\\/blog\\\/#website\"},\"datePublished\":\"2007-07-17T17:21:57+00:00\",\"breadcrumb\":{\"@id\":\"https:\\\/\\\/www.aceguarulhos.com.br\\\/blog\\\/ace-d%c3%a1-posse-%c3%a0-nova-diretoria-e-conselho-deliberativo\\\/#breadcrumb\"},\"inLanguage\":\"pt-BR\",\"potentialAction\":[{\"@type\":\"ReadAction\",\"target\":[\"https:\\\/\\\/www.aceguarulhos.com.br\\\/blog\\\/ace-d%c3%a1-posse-%c3%a0-nova-diretoria-e-conselho-deliberativo\\\/\"]}]},{\"@type\":\"BreadcrumbList\",\"@id\":\"https:\\\/\\\/www.aceguarulhos.com.br\\\/blog\\\/ace-d%c3%a1-posse-%c3%a0-nova-diretoria-e-conselho-deliberativo\\\/#breadcrumb\",\"itemListElement\":[{\"@type\":\"ListItem\",\"position\":1,\"name\":\"In\u00edcio\",\"item\":\"https:\\\/\\\/www.aceguarulhos.com.br\\\/blog\\\/\"},{\"@type\":\"ListItem\",\"position\":2,\"name\":\"ACE d\u00e1 posse \u00e0 nova Diretoria e Conselho Deliberativo\"}]},{\"@type\":\"WebSite\",\"@id\":\"https:\\\/\\\/www.aceguarulhos.com.br\\\/blog\\\/#website\",\"url\":\"https:\\\/\\\/www.aceguarulhos.com.br\\\/blog\\\/\",\"name\":\"ACE-Guarulhos\",\"description\":\"A ACE-Guarulhos \u00e9 uma associa\u00e7\u00e3o que ap\u00f3ia os empres\u00e1rios guarulhenses atrav\u00e9s da representa\u00e7\u00e3o, da gera\u00e7\u00e3o de neg\u00f3cios e presta\u00e7\u00e3o de servi\u00e7os.\",\"publisher\":{\"@id\":\"https:\\\/\\\/www.aceguarulhos.com.br\\\/blog\\\/#organization\"},\"potentialAction\":[{\"@type\":\"SearchAction\",\"target\":{\"@type\":\"EntryPoint\",\"urlTemplate\":\"https:\\\/\\\/www.aceguarulhos.com.br\\\/blog\\\/?s={search_term_string}\"},\"query-input\":{\"@type\":\"PropertyValueSpecification\",\"valueRequired\":true,\"valueName\":\"search_term_string\"}}],\"inLanguage\":\"pt-BR\"},{\"@type\":\"Organization\",\"@id\":\"https:\\\/\\\/www.aceguarulhos.com.br\\\/blog\\\/#organization\",\"name\":\"ACE-Guarulhos\",\"url\":\"https:\\\/\\\/www.aceguarulhos.com.br\\\/blog\\\/\",\"logo\":{\"@type\":\"ImageObject\",\"inLanguage\":\"pt-BR\",\"@id\":\"https:\\\/\\\/www.aceguarulhos.com.br\\\/blog\\\/#\\\/schema\\\/logo\\\/image\\\/\",\"url\":\"https:\\\/\\\/www.aceguarulhos.com.br\\\/blog\\\/wp-content\\\/uploads\\\/2017\\\/12\\\/logo-aceguarulhos-2018.png\",\"contentUrl\":\"https:\\\/\\\/www.aceguarulhos.com.br\\\/blog\\\/wp-content\\\/uploads\\\/2017\\\/12\\\/logo-aceguarulhos-2018.png\",\"width\":419,\"height\":76,\"caption\":\"ACE-Guarulhos\"},\"image\":{\"@id\":\"https:\\\/\\\/www.aceguarulhos.com.br\\\/blog\\\/#\\\/schema\\\/logo\\\/image\\\/\"},\"sameAs\":[\"https:\\\/\\\/www.facebook.com\\\/aceguarulhos\\\/\",\"https:\\\/\\\/br.linkedin.com\\\/in\\\/ace-guarulhos-b9a97093\",\"https:\\\/\\\/www.youtube.com\\\/user\\\/aceguarulhos\"]},{\"@type\":\"Person\",\"@id\":\"https:\\\/\\\/www.aceguarulhos.com.br\\\/blog\\\/#\\\/schema\\\/person\\\/6983b51bad37489989e4f09698c26237\",\"name\":\"Assessoria de Imprensa ACE-Guarulhos\",\"image\":{\"@type\":\"ImageObject\",\"inLanguage\":\"pt-BR\",\"@id\":\"https:\\\/\\\/secure.gravatar.com\\\/avatar\\\/707f3fadd6918afeb64173ab22d8a8cb0676953098a4f31ff36dc2b4c699ef6a?s=96&d=mm&r=g\",\"url\":\"https:\\\/\\\/secure.gravatar.com\\\/avatar\\\/707f3fadd6918afeb64173ab22d8a8cb0676953098a4f31ff36dc2b4c699ef6a?s=96&d=mm&r=g\",\"contentUrl\":\"https:\\\/\\\/secure.gravatar.com\\\/avatar\\\/707f3fadd6918afeb64173ab22d8a8cb0676953098a4f31ff36dc2b4c699ef6a?s=96&d=mm&r=g\",\"caption\":\"Assessoria de Imprensa ACE-Guarulhos\"},\"url\":\"https:\\\/\\\/www.aceguarulhos.com.br\\\/blog\\\/author\\\/assessoria-de-imprensa-ace-guarulhos\\\/\"}]}<\/script>\n<!-- \/ Yoast SEO plugin. -->","yoast_head_json":{"title":"ACE d\u00e1 posse \u00e0 nova Diretoria e Conselho Deliberativo - ACE-Guarulhos","robots":{"index":"index","follow":"follow","max-snippet":"max-snippet:-1","max-image-preview":"max-image-preview:large","max-video-preview":"max-video-preview:-1"},"canonical":"https:\/\/www.aceguarulhos.com.br\/blog\/ace-d\u00e1-posse-\u00e0-nova-diretoria-e-conselho-deliberativo\/","og_locale":"pt_BR","og_type":"article","og_title":"ACE d\u00e1 posse \u00e0 nova Diretoria e Conselho Deliberativo - ACE-Guarulhos","og_description":"Evento contou com a presen\u00e7a de aproximadamente 400 pessoas, dentre elas autoridades, empres\u00e1rios e personalidades do munic\u00edpio Nesta \u00faltima segunda-feira, dia 16, no","og_url":"https:\/\/www.aceguarulhos.com.br\/blog\/ace-d\u00e1-posse-\u00e0-nova-diretoria-e-conselho-deliberativo\/","og_site_name":"ACE-Guarulhos","article_publisher":"https:\/\/www.facebook.com\/aceguarulhos\/","article_published_time":"2007-07-17T17:21:57+00:00","og_image":[{"url":"https:\/\/www.aceguarulhos.com.br\/blog\/wp-content\/uploads\/image.php","type":"","width":"","height":""}],"author":"Assessoria de Imprensa ACE-Guarulhos","twitter_card":"summary_large_image","twitter_misc":{"Escrito por":"Assessoria de Imprensa ACE-Guarulhos","Est. tempo de leitura":"3 minutos"},"schema":{"@context":"https:\/\/schema.org","@graph":[{"@type":"Article","@id":"https:\/\/www.aceguarulhos.com.br\/blog\/ace-d%c3%a1-posse-%c3%a0-nova-diretoria-e-conselho-deliberativo\/#article","isPartOf":{"@id":"https:\/\/www.aceguarulhos.com.br\/blog\/ace-d%c3%a1-posse-%c3%a0-nova-diretoria-e-conselho-deliberativo\/"},"author":{"name":"Assessoria de Imprensa ACE-Guarulhos","@id":"https:\/\/www.aceguarulhos.com.br\/blog\/#\/schema\/person\/6983b51bad37489989e4f09698c26237"},"headline":"ACE d\u00e1 posse \u00e0 nova Diretoria e Conselho Deliberativo","datePublished":"2007-07-17T17:21:57+00:00","mainEntityOfPage":{"@id":"https:\/\/www.aceguarulhos.com.br\/blog\/ace-d%c3%a1-posse-%c3%a0-nova-diretoria-e-conselho-deliberativo\/"},"wordCount":655,"commentCount":0,"publisher":{"@id":"https:\/\/www.aceguarulhos.com.br\/blog\/#organization"},"articleSection":["Not\u00edcias"],"inLanguage":"pt-BR"},{"@type":"WebPage","@id":"https:\/\/www.aceguarulhos.com.br\/blog\/ace-d%c3%a1-posse-%c3%a0-nova-diretoria-e-conselho-deliberativo\/","url":"https:\/\/www.aceguarulhos.com.br\/blog\/ace-d%c3%a1-posse-%c3%a0-nova-diretoria-e-conselho-deliberativo\/","name":"ACE d\u00e1 posse \u00e0 nova Diretoria e Conselho Deliberativo - ACE-Guarulhos","isPartOf":{"@id":"https:\/\/www.aceguarulhos.com.br\/blog\/#website"},"datePublished":"2007-07-17T17:21:57+00:00","breadcrumb":{"@id":"https:\/\/www.aceguarulhos.com.br\/blog\/ace-d%c3%a1-posse-%c3%a0-nova-diretoria-e-conselho-deliberativo\/#breadcrumb"},"inLanguage":"pt-BR","potentialAction":[{"@type":"ReadAction","target":["https:\/\/www.aceguarulhos.com.br\/blog\/ace-d%c3%a1-posse-%c3%a0-nova-diretoria-e-conselho-deliberativo\/"]}]},{"@type":"BreadcrumbList","@id":"https:\/\/www.aceguarulhos.com.br\/blog\/ace-d%c3%a1-posse-%c3%a0-nova-diretoria-e-conselho-deliberativo\/#breadcrumb","itemListElement":[{"@type":"ListItem","position":1,"name":"In\u00edcio","item":"https:\/\/www.aceguarulhos.com.br\/blog\/"},{"@type":"ListItem","position":2,"name":"ACE d\u00e1 posse \u00e0 nova Diretoria e Conselho Deliberativo"}]},{"@type":"WebSite","@id":"https:\/\/www.aceguarulhos.com.br\/blog\/#website","url":"https:\/\/www.aceguarulhos.com.br\/blog\/","name":"ACE-Guarulhos","description":"A ACE-Guarulhos \u00e9 uma associa\u00e7\u00e3o que ap\u00f3ia os empres\u00e1rios guarulhenses atrav\u00e9s da representa\u00e7\u00e3o, da gera\u00e7\u00e3o de neg\u00f3cios e presta\u00e7\u00e3o de servi\u00e7os.","publisher":{"@id":"https:\/\/www.aceguarulhos.com.br\/blog\/#organization"},"potentialAction":[{"@type":"SearchAction","target":{"@type":"EntryPoint","urlTemplate":"https:\/\/www.aceguarulhos.com.br\/blog\/?s={search_term_string}"},"query-input":{"@type":"PropertyValueSpecification","valueRequired":true,"valueName":"search_term_string"}}],"inLanguage":"pt-BR"},{"@type":"Organization","@id":"https:\/\/www.aceguarulhos.com.br\/blog\/#organization","name":"ACE-Guarulhos","url":"https:\/\/www.aceguarulhos.com.br\/blog\/","logo":{"@type":"ImageObject","inLanguage":"pt-BR","@id":"https:\/\/www.aceguarulhos.com.br\/blog\/#\/schema\/logo\/image\/","url":"https:\/\/www.aceguarulhos.com.br\/blog\/wp-content\/uploads\/2017\/12\/logo-aceguarulhos-2018.png","contentUrl":"https:\/\/www.aceguarulhos.com.br\/blog\/wp-content\/uploads\/2017\/12\/logo-aceguarulhos-2018.png","width":419,"height":76,"caption":"ACE-Guarulhos"},"image":{"@id":"https:\/\/www.aceguarulhos.com.br\/blog\/#\/schema\/logo\/image\/"},"sameAs":["https:\/\/www.facebook.com\/aceguarulhos\/","https:\/\/br.linkedin.com\/in\/ace-guarulhos-b9a97093","https:\/\/www.youtube.com\/user\/aceguarulhos"]},{"@type":"Person","@id":"https:\/\/www.aceguarulhos.com.br\/blog\/#\/schema\/person\/6983b51bad37489989e4f09698c26237","name":"Assessoria de Imprensa ACE-Guarulhos","image":{"@type":"ImageObject","inLanguage":"pt-BR","@id":"https:\/\/secure.gravatar.com\/avatar\/707f3fadd6918afeb64173ab22d8a8cb0676953098a4f31ff36dc2b4c699ef6a?s=96&d=mm&r=g","url":"https:\/\/secure.gravatar.com\/avatar\/707f3fadd6918afeb64173ab22d8a8cb0676953098a4f31ff36dc2b4c699ef6a?s=96&d=mm&r=g","contentUrl":"https:\/\/secure.gravatar.com\/avatar\/707f3fadd6918afeb64173ab22d8a8cb0676953098a4f31ff36dc2b4c699ef6a?s=96&d=mm&r=g","caption":"Assessoria de Imprensa ACE-Guarulhos"},"url":"https:\/\/www.aceguarulhos.com.br\/blog\/author\/assessoria-de-imprensa-ace-guarulhos\/"}]}},"wps_subtitle":"","amp_enabled":true,"_links":{"self":[{"href":"https:\/\/www.aceguarulhos.com.br\/blog\/wp-json\/wp\/v2\/posts\/31840","targetHints":{"allow":["GET"]}}],"collection":[{"href":"https:\/\/www.aceguarulhos.com.br\/blog\/wp-json\/wp\/v2\/posts"}],"about":[{"href":"https:\/\/www.aceguarulhos.com.br\/blog\/wp-json\/wp\/v2\/types\/post"}],"author":[{"embeddable":true,"href":"https:\/\/www.aceguarulhos.com.br\/blog\/wp-json\/wp\/v2\/users\/8"}],"replies":[{"embeddable":true,"href":"https:\/\/www.aceguarulhos.com.br\/blog\/wp-json\/wp\/v2\/comments?post=31840"}],"version-history":[{"count":0,"href":"https:\/\/www.aceguarulhos.com.br\/blog\/wp-json\/wp\/v2\/posts\/31840\/revisions"}],"wp:attachment":[{"href":"https:\/\/www.aceguarulhos.com.br\/blog\/wp-json\/wp\/v2\/media?parent=31840"}],"wp:term":[{"taxonomy":"category","embeddable":true,"href":"https:\/\/www.aceguarulhos.com.br\/blog\/wp-json\/wp\/v2\/categories?post=31840"},{"taxonomy":"post_tag","embeddable":true,"href":"https:\/\/www.aceguarulhos.com.br\/blog\/wp-json\/wp\/v2\/tags?post=31840"}],"curies":[{"name":"wp","href":"https:\/\/api.w.org\/{rel}","templated":true}]}}