{"id":31830,"date":"2007-07-13T10:03:18","date_gmt":"2007-07-13T10:03:18","guid":{"rendered":"http:\/\/www.aceguarulhos.com.br\/blog\/?p=31830"},"modified":"-0001-11-30T00:00:00","modified_gmt":"-0001-11-30T03:00:00","slug":"a%c3%a9reas-est%c3%a3o-na-mira-do-idec","status":"publish","type":"post","link":"https:\/\/www.aceguarulhos.com.br\/blog\/a%c3%a9reas-est%c3%a3o-na-mira-do-idec\/","title":{"rendered":"A\u00e9reas est\u00e3o na mira do IDEC"},"content":{"rendered":"<p><i>As companhias \u00e1reas est\u00e3o na mira do Instituto Brasileiro de Defesa do Consumidor (Idec). Em raz\u00e3o das f\u00e9rias escolares e da conseq\u00fcente alta das vendas de passagens, a organiza\u00e7\u00e3o lan\u00e7ou uma campanha para conscientizar os consumidores sobre seus direitos. Ela consiste na distribui\u00e7\u00e3o de uma cartilha explicativa e orienta\u00e7\u00f5es de como ingressar na Justi\u00e7a caso esses direitos n\u00e3o sejam respeitados de forma amistosa <\/i><\/p>\n<p>Depois de enfrentarem nos tribunais, no passado, um n\u00famero expressivo de a\u00e7\u00f5es por extravio de bagagem, as empresas do setor v\u00eam sendo alvos de processos judiciais que pedem indeniza\u00e7\u00e3o por danos moral e material devido a atrasos e cancelamento de v\u00f4os.<\/p>\n<p>De acordo com levantamento do Idec feito no Tribunal de Justi\u00e7a de S\u00e3o Paulo (TJ-SP), o n\u00famero de a\u00e7\u00f5es na capital paulista pulou de 22, em janeiro de 2006, para 57, em maio deste ano. &#8220;A Uni\u00e3o e a Ag\u00eancia Nacional de Avia\u00e7\u00e3o Civil (Anac) t\u00eam parcela de culpa pela atual crise a\u00e9rea. Juridicamente, as companhias \u00e1reas s\u00e3o respons\u00e1veis diretas pelos danos causados ao consumidor&#8221;, diz o coordenador de a\u00e7\u00f5es judiciais do Idec, Paulo Pacini. <\/p>\n<p>Desde o m\u00eas de fevereiro, \u00e9 poss\u00edvel encontrar no site do Idec ( http:\/\/www.idec.org.br ) o modelo de a\u00e7\u00e3o judicial para ressarcimento. O endere\u00e7o vem sendo cada vez mais acessado pelos internautas. O n\u00famero de downloads do documento saltou de 1.674, em abril, para 1.840, em maio. No \u00faltimo epis\u00f3dio de caos nos aeroportos, no final de junho, em apenas cinco dias, os downloads subiram de 898 para 1.493. <\/p>\n<p><b>Consultas no Procon <\/b>\u2013 Tamb\u00e9m atento aos transtornos enfrentados pelos passageiros, o Procon criou em novembro de 2006, quando a crise \u00e1rea come\u00e7ou a dar seus primeiros sinais, um canal exclusivo para atender as reclama\u00e7\u00f5es. De l\u00e1 para c\u00e1, o \u00f3rg\u00e3o recebeu 404 consultas de passageiros. Destas, 83 viraram reclama\u00e7\u00f5es formais. At\u00e9 o momento, o Procon promoveu 60 audi\u00eancias entre passageiros insatisfeitos e as companhias \u00e1reas. N\u00e3o houve acordo em nenhuma, pois as empresas alegam inoc\u00eancia pelo caos nos aeroportos, causados por atrasos ou cancelamentos de v\u00f4os.<\/p>\n<p>&#8220;O sistema de controle de tr\u00e1fego a\u00e9reo \u00e9 uma das causas da crise&#8221;, diz o advogado do Idec, ao lembrar que a crise a\u00e9rea existe h\u00e1 d\u00e9cadas. Apenas se tornou p\u00fablica em 2006. Tanto que j\u00e1 existe jurisprud\u00eancia firmada no Superior Tribunal de Justi\u00e7a (STJ) favor\u00e1vel aos passageiros que pedem indeniza\u00e7\u00e3o por danos morais e materiais.<\/p>\n<p>No caso de cancelamento ou atraso de v\u00f4os, de acordo com o advogado do Idec, o tribunal entende que n\u00e3o se aplica o chamado Pacto de Vars\u00f3via que, entre outros fatores, fixa limites nos valores da indeniza\u00e7\u00e3o. &#8220;Ou seja, quando a a\u00e7\u00e3o \u00e9 procedente, o consumidor recebe a indeniza\u00e7\u00e3o na exata medida do dano sofrido&#8221;, explica.<\/p>\n<p>Em um dos processos relacionados ao setor a\u00e9reo, a Varig foi condenada no final do ano passado a pagar a uma passageira indeniza\u00e7\u00e3o de R$ 14 mil em raz\u00e3o de atraso de 48 horas em v\u00f4o internacional que partia de Canc\u00fan, no M\u00e9xico para S\u00e3o Paulo.<\/p>\n","protected":false},"excerpt":{"rendered":"As companhias \u00e1reas est\u00e3o na mira do Instituto Brasileiro de Defesa do Consumidor (Idec). Em raz\u00e3o das f\u00e9rias escolares e da conseq\u00fcente alta \n<a class=\"moretag\" href=\"https:\/\/www.aceguarulhos.com.br\/blog\/a%c3%a9reas-est%c3%a3o-na-mira-do-idec\/\"> [...]<\/a>","protected":false},"author":8,"featured_media":0,"comment_status":"open","ping_status":"open","sticky":false,"template":"","format":"standard","meta":{"footnotes":""},"categories":[2],"tags":[],"class_list":["post-31830","post","type-post","status-publish","format-standard","hentry","category-noticias"],"yoast_head":"<!-- This site is optimized with the Yoast SEO plugin v28.1 - https:\/\/yoast.com\/product\/yoast-seo-wordpress\/ -->\n<title>A\u00e9reas est\u00e3o na mira do IDEC - ACE-Guarulhos<\/title>\n<meta name=\"robots\" content=\"index, follow, max-snippet:-1, max-image-preview:large, max-video-preview:-1\" \/>\n<link rel=\"canonical\" href=\"https:\/\/www.aceguarulhos.com.br\/blog\/a\u00e9reas-est\u00e3o-na-mira-do-idec\/\" \/>\n<meta property=\"og:locale\" content=\"pt_BR\" \/>\n<meta property=\"og:type\" content=\"article\" \/>\n<meta property=\"og:title\" content=\"A\u00e9reas est\u00e3o na mira do IDEC - ACE-Guarulhos\" \/>\n<meta property=\"og:description\" content=\"As companhias \u00e1reas est\u00e3o na mira do Instituto Brasileiro de Defesa do Consumidor (Idec). Em raz\u00e3o das f\u00e9rias escolares e da conseq\u00fcente alta\" \/>\n<meta property=\"og:url\" content=\"https:\/\/www.aceguarulhos.com.br\/blog\/a\u00e9reas-est\u00e3o-na-mira-do-idec\/\" \/>\n<meta property=\"og:site_name\" content=\"ACE-Guarulhos\" \/>\n<meta property=\"article:publisher\" content=\"https:\/\/www.facebook.com\/aceguarulhos\/\" \/>\n<meta property=\"article:published_time\" content=\"2007-07-13T10:03:18+00:00\" \/>\n<meta name=\"author\" content=\"Assessoria de Imprensa ACE-Guarulhos\" \/>\n<meta name=\"twitter:card\" content=\"summary_large_image\" \/>\n<meta name=\"twitter:label1\" content=\"Escrito por\" \/>\n\t<meta name=\"twitter:data1\" content=\"Assessoria de Imprensa ACE-Guarulhos\" \/>\n\t<meta name=\"twitter:label2\" content=\"Est. tempo de leitura\" \/>\n\t<meta name=\"twitter:data2\" content=\"3 minutos\" \/>\n<script type=\"application\/ld+json\" class=\"yoast-schema-graph\">{\"@context\":\"https:\\\/\\\/schema.org\",\"@graph\":[{\"@type\":\"Article\",\"@id\":\"https:\\\/\\\/www.aceguarulhos.com.br\\\/blog\\\/a%c3%a9reas-est%c3%a3o-na-mira-do-idec\\\/#article\",\"isPartOf\":{\"@id\":\"https:\\\/\\\/www.aceguarulhos.com.br\\\/blog\\\/a%c3%a9reas-est%c3%a3o-na-mira-do-idec\\\/\"},\"author\":{\"name\":\"Assessoria de Imprensa ACE-Guarulhos\",\"@id\":\"https:\\\/\\\/www.aceguarulhos.com.br\\\/blog\\\/#\\\/schema\\\/person\\\/6983b51bad37489989e4f09698c26237\"},\"headline\":\"A\u00e9reas est\u00e3o na mira do IDEC\",\"datePublished\":\"2007-07-13T10:03:18+00:00\",\"mainEntityOfPage\":{\"@id\":\"https:\\\/\\\/www.aceguarulhos.com.br\\\/blog\\\/a%c3%a9reas-est%c3%a3o-na-mira-do-idec\\\/\"},\"wordCount\":549,\"commentCount\":0,\"publisher\":{\"@id\":\"https:\\\/\\\/www.aceguarulhos.com.br\\\/blog\\\/#organization\"},\"articleSection\":[\"Not\u00edcias\"],\"inLanguage\":\"pt-BR\"},{\"@type\":\"WebPage\",\"@id\":\"https:\\\/\\\/www.aceguarulhos.com.br\\\/blog\\\/a%c3%a9reas-est%c3%a3o-na-mira-do-idec\\\/\",\"url\":\"https:\\\/\\\/www.aceguarulhos.com.br\\\/blog\\\/a%c3%a9reas-est%c3%a3o-na-mira-do-idec\\\/\",\"name\":\"A\u00e9reas est\u00e3o na mira do IDEC - ACE-Guarulhos\",\"isPartOf\":{\"@id\":\"https:\\\/\\\/www.aceguarulhos.com.br\\\/blog\\\/#website\"},\"datePublished\":\"2007-07-13T10:03:18+00:00\",\"breadcrumb\":{\"@id\":\"https:\\\/\\\/www.aceguarulhos.com.br\\\/blog\\\/a%c3%a9reas-est%c3%a3o-na-mira-do-idec\\\/#breadcrumb\"},\"inLanguage\":\"pt-BR\",\"potentialAction\":[{\"@type\":\"ReadAction\",\"target\":[\"https:\\\/\\\/www.aceguarulhos.com.br\\\/blog\\\/a%c3%a9reas-est%c3%a3o-na-mira-do-idec\\\/\"]}]},{\"@type\":\"BreadcrumbList\",\"@id\":\"https:\\\/\\\/www.aceguarulhos.com.br\\\/blog\\\/a%c3%a9reas-est%c3%a3o-na-mira-do-idec\\\/#breadcrumb\",\"itemListElement\":[{\"@type\":\"ListItem\",\"position\":1,\"name\":\"In\u00edcio\",\"item\":\"https:\\\/\\\/www.aceguarulhos.com.br\\\/blog\\\/\"},{\"@type\":\"ListItem\",\"position\":2,\"name\":\"A\u00e9reas est\u00e3o na mira do IDEC\"}]},{\"@type\":\"WebSite\",\"@id\":\"https:\\\/\\\/www.aceguarulhos.com.br\\\/blog\\\/#website\",\"url\":\"https:\\\/\\\/www.aceguarulhos.com.br\\\/blog\\\/\",\"name\":\"ACE-Guarulhos\",\"description\":\"A ACE-Guarulhos \u00e9 uma associa\u00e7\u00e3o que ap\u00f3ia os empres\u00e1rios guarulhenses atrav\u00e9s da representa\u00e7\u00e3o, da gera\u00e7\u00e3o de neg\u00f3cios e presta\u00e7\u00e3o de servi\u00e7os.\",\"publisher\":{\"@id\":\"https:\\\/\\\/www.aceguarulhos.com.br\\\/blog\\\/#organization\"},\"potentialAction\":[{\"@type\":\"SearchAction\",\"target\":{\"@type\":\"EntryPoint\",\"urlTemplate\":\"https:\\\/\\\/www.aceguarulhos.com.br\\\/blog\\\/?s={search_term_string}\"},\"query-input\":{\"@type\":\"PropertyValueSpecification\",\"valueRequired\":true,\"valueName\":\"search_term_string\"}}],\"inLanguage\":\"pt-BR\"},{\"@type\":\"Organization\",\"@id\":\"https:\\\/\\\/www.aceguarulhos.com.br\\\/blog\\\/#organization\",\"name\":\"ACE-Guarulhos\",\"url\":\"https:\\\/\\\/www.aceguarulhos.com.br\\\/blog\\\/\",\"logo\":{\"@type\":\"ImageObject\",\"inLanguage\":\"pt-BR\",\"@id\":\"https:\\\/\\\/www.aceguarulhos.com.br\\\/blog\\\/#\\\/schema\\\/logo\\\/image\\\/\",\"url\":\"https:\\\/\\\/www.aceguarulhos.com.br\\\/blog\\\/wp-content\\\/uploads\\\/2017\\\/12\\\/logo-aceguarulhos-2018.png\",\"contentUrl\":\"https:\\\/\\\/www.aceguarulhos.com.br\\\/blog\\\/wp-content\\\/uploads\\\/2017\\\/12\\\/logo-aceguarulhos-2018.png\",\"width\":419,\"height\":76,\"caption\":\"ACE-Guarulhos\"},\"image\":{\"@id\":\"https:\\\/\\\/www.aceguarulhos.com.br\\\/blog\\\/#\\\/schema\\\/logo\\\/image\\\/\"},\"sameAs\":[\"https:\\\/\\\/www.facebook.com\\\/aceguarulhos\\\/\",\"https:\\\/\\\/br.linkedin.com\\\/in\\\/ace-guarulhos-b9a97093\",\"https:\\\/\\\/www.youtube.com\\\/user\\\/aceguarulhos\"]},{\"@type\":\"Person\",\"@id\":\"https:\\\/\\\/www.aceguarulhos.com.br\\\/blog\\\/#\\\/schema\\\/person\\\/6983b51bad37489989e4f09698c26237\",\"name\":\"Assessoria de Imprensa ACE-Guarulhos\",\"image\":{\"@type\":\"ImageObject\",\"inLanguage\":\"pt-BR\",\"@id\":\"https:\\\/\\\/secure.gravatar.com\\\/avatar\\\/707f3fadd6918afeb64173ab22d8a8cb0676953098a4f31ff36dc2b4c699ef6a?s=96&d=mm&r=g\",\"url\":\"https:\\\/\\\/secure.gravatar.com\\\/avatar\\\/707f3fadd6918afeb64173ab22d8a8cb0676953098a4f31ff36dc2b4c699ef6a?s=96&d=mm&r=g\",\"contentUrl\":\"https:\\\/\\\/secure.gravatar.com\\\/avatar\\\/707f3fadd6918afeb64173ab22d8a8cb0676953098a4f31ff36dc2b4c699ef6a?s=96&d=mm&r=g\",\"caption\":\"Assessoria de Imprensa ACE-Guarulhos\"},\"url\":\"https:\\\/\\\/www.aceguarulhos.com.br\\\/blog\\\/author\\\/assessoria-de-imprensa-ace-guarulhos\\\/\"}]}<\/script>\n<!-- \/ Yoast SEO plugin. -->","yoast_head_json":{"title":"A\u00e9reas est\u00e3o na mira do IDEC - ACE-Guarulhos","robots":{"index":"index","follow":"follow","max-snippet":"max-snippet:-1","max-image-preview":"max-image-preview:large","max-video-preview":"max-video-preview:-1"},"canonical":"https:\/\/www.aceguarulhos.com.br\/blog\/a\u00e9reas-est\u00e3o-na-mira-do-idec\/","og_locale":"pt_BR","og_type":"article","og_title":"A\u00e9reas est\u00e3o na mira do IDEC - ACE-Guarulhos","og_description":"As companhias \u00e1reas est\u00e3o na mira do Instituto Brasileiro de Defesa do Consumidor (Idec). Em raz\u00e3o das f\u00e9rias escolares e da conseq\u00fcente alta","og_url":"https:\/\/www.aceguarulhos.com.br\/blog\/a\u00e9reas-est\u00e3o-na-mira-do-idec\/","og_site_name":"ACE-Guarulhos","article_publisher":"https:\/\/www.facebook.com\/aceguarulhos\/","article_published_time":"2007-07-13T10:03:18+00:00","author":"Assessoria de Imprensa ACE-Guarulhos","twitter_card":"summary_large_image","twitter_misc":{"Escrito por":"Assessoria de Imprensa ACE-Guarulhos","Est. tempo de leitura":"3 minutos"},"schema":{"@context":"https:\/\/schema.org","@graph":[{"@type":"Article","@id":"https:\/\/www.aceguarulhos.com.br\/blog\/a%c3%a9reas-est%c3%a3o-na-mira-do-idec\/#article","isPartOf":{"@id":"https:\/\/www.aceguarulhos.com.br\/blog\/a%c3%a9reas-est%c3%a3o-na-mira-do-idec\/"},"author":{"name":"Assessoria de Imprensa ACE-Guarulhos","@id":"https:\/\/www.aceguarulhos.com.br\/blog\/#\/schema\/person\/6983b51bad37489989e4f09698c26237"},"headline":"A\u00e9reas est\u00e3o na mira do IDEC","datePublished":"2007-07-13T10:03:18+00:00","mainEntityOfPage":{"@id":"https:\/\/www.aceguarulhos.com.br\/blog\/a%c3%a9reas-est%c3%a3o-na-mira-do-idec\/"},"wordCount":549,"commentCount":0,"publisher":{"@id":"https:\/\/www.aceguarulhos.com.br\/blog\/#organization"},"articleSection":["Not\u00edcias"],"inLanguage":"pt-BR"},{"@type":"WebPage","@id":"https:\/\/www.aceguarulhos.com.br\/blog\/a%c3%a9reas-est%c3%a3o-na-mira-do-idec\/","url":"https:\/\/www.aceguarulhos.com.br\/blog\/a%c3%a9reas-est%c3%a3o-na-mira-do-idec\/","name":"A\u00e9reas est\u00e3o na mira do IDEC - ACE-Guarulhos","isPartOf":{"@id":"https:\/\/www.aceguarulhos.com.br\/blog\/#website"},"datePublished":"2007-07-13T10:03:18+00:00","breadcrumb":{"@id":"https:\/\/www.aceguarulhos.com.br\/blog\/a%c3%a9reas-est%c3%a3o-na-mira-do-idec\/#breadcrumb"},"inLanguage":"pt-BR","potentialAction":[{"@type":"ReadAction","target":["https:\/\/www.aceguarulhos.com.br\/blog\/a%c3%a9reas-est%c3%a3o-na-mira-do-idec\/"]}]},{"@type":"BreadcrumbList","@id":"https:\/\/www.aceguarulhos.com.br\/blog\/a%c3%a9reas-est%c3%a3o-na-mira-do-idec\/#breadcrumb","itemListElement":[{"@type":"ListItem","position":1,"name":"In\u00edcio","item":"https:\/\/www.aceguarulhos.com.br\/blog\/"},{"@type":"ListItem","position":2,"name":"A\u00e9reas est\u00e3o na mira do IDEC"}]},{"@type":"WebSite","@id":"https:\/\/www.aceguarulhos.com.br\/blog\/#website","url":"https:\/\/www.aceguarulhos.com.br\/blog\/","name":"ACE-Guarulhos","description":"A ACE-Guarulhos \u00e9 uma associa\u00e7\u00e3o que ap\u00f3ia os empres\u00e1rios guarulhenses atrav\u00e9s da representa\u00e7\u00e3o, da gera\u00e7\u00e3o de neg\u00f3cios e presta\u00e7\u00e3o de servi\u00e7os.","publisher":{"@id":"https:\/\/www.aceguarulhos.com.br\/blog\/#organization"},"potentialAction":[{"@type":"SearchAction","target":{"@type":"EntryPoint","urlTemplate":"https:\/\/www.aceguarulhos.com.br\/blog\/?s={search_term_string}"},"query-input":{"@type":"PropertyValueSpecification","valueRequired":true,"valueName":"search_term_string"}}],"inLanguage":"pt-BR"},{"@type":"Organization","@id":"https:\/\/www.aceguarulhos.com.br\/blog\/#organization","name":"ACE-Guarulhos","url":"https:\/\/www.aceguarulhos.com.br\/blog\/","logo":{"@type":"ImageObject","inLanguage":"pt-BR","@id":"https:\/\/www.aceguarulhos.com.br\/blog\/#\/schema\/logo\/image\/","url":"https:\/\/www.aceguarulhos.com.br\/blog\/wp-content\/uploads\/2017\/12\/logo-aceguarulhos-2018.png","contentUrl":"https:\/\/www.aceguarulhos.com.br\/blog\/wp-content\/uploads\/2017\/12\/logo-aceguarulhos-2018.png","width":419,"height":76,"caption":"ACE-Guarulhos"},"image":{"@id":"https:\/\/www.aceguarulhos.com.br\/blog\/#\/schema\/logo\/image\/"},"sameAs":["https:\/\/www.facebook.com\/aceguarulhos\/","https:\/\/br.linkedin.com\/in\/ace-guarulhos-b9a97093","https:\/\/www.youtube.com\/user\/aceguarulhos"]},{"@type":"Person","@id":"https:\/\/www.aceguarulhos.com.br\/blog\/#\/schema\/person\/6983b51bad37489989e4f09698c26237","name":"Assessoria de Imprensa ACE-Guarulhos","image":{"@type":"ImageObject","inLanguage":"pt-BR","@id":"https:\/\/secure.gravatar.com\/avatar\/707f3fadd6918afeb64173ab22d8a8cb0676953098a4f31ff36dc2b4c699ef6a?s=96&d=mm&r=g","url":"https:\/\/secure.gravatar.com\/avatar\/707f3fadd6918afeb64173ab22d8a8cb0676953098a4f31ff36dc2b4c699ef6a?s=96&d=mm&r=g","contentUrl":"https:\/\/secure.gravatar.com\/avatar\/707f3fadd6918afeb64173ab22d8a8cb0676953098a4f31ff36dc2b4c699ef6a?s=96&d=mm&r=g","caption":"Assessoria de Imprensa ACE-Guarulhos"},"url":"https:\/\/www.aceguarulhos.com.br\/blog\/author\/assessoria-de-imprensa-ace-guarulhos\/"}]}},"wps_subtitle":"","amp_enabled":true,"_links":{"self":[{"href":"https:\/\/www.aceguarulhos.com.br\/blog\/wp-json\/wp\/v2\/posts\/31830","targetHints":{"allow":["GET"]}}],"collection":[{"href":"https:\/\/www.aceguarulhos.com.br\/blog\/wp-json\/wp\/v2\/posts"}],"about":[{"href":"https:\/\/www.aceguarulhos.com.br\/blog\/wp-json\/wp\/v2\/types\/post"}],"author":[{"embeddable":true,"href":"https:\/\/www.aceguarulhos.com.br\/blog\/wp-json\/wp\/v2\/users\/8"}],"replies":[{"embeddable":true,"href":"https:\/\/www.aceguarulhos.com.br\/blog\/wp-json\/wp\/v2\/comments?post=31830"}],"version-history":[{"count":0,"href":"https:\/\/www.aceguarulhos.com.br\/blog\/wp-json\/wp\/v2\/posts\/31830\/revisions"}],"wp:attachment":[{"href":"https:\/\/www.aceguarulhos.com.br\/blog\/wp-json\/wp\/v2\/media?parent=31830"}],"wp:term":[{"taxonomy":"category","embeddable":true,"href":"https:\/\/www.aceguarulhos.com.br\/blog\/wp-json\/wp\/v2\/categories?post=31830"},{"taxonomy":"post_tag","embeddable":true,"href":"https:\/\/www.aceguarulhos.com.br\/blog\/wp-json\/wp\/v2\/tags?post=31830"}],"curies":[{"name":"wp","href":"https:\/\/api.w.org\/{rel}","templated":true}]}}