{"id":31774,"date":"2007-06-28T16:27:04","date_gmt":"2007-06-28T16:27:04","guid":{"rendered":"http:\/\/www.aceguarulhos.com.br\/blog\/?p=31774"},"modified":"-0001-11-30T00:00:00","modified_gmt":"-0001-11-30T03:00:00","slug":"varejo-deve-se-adaptar-%c3%a0-lei-da-etiqueta","status":"publish","type":"post","link":"https:\/\/www.aceguarulhos.com.br\/blog\/varejo-deve-se-adaptar-%c3%a0-lei-da-etiqueta\/","title":{"rendered":"Varejo deve se adaptar \u00e0 Lei da Etiqueta"},"content":{"rendered":"<p><i>Varejista, fique alerta. O decreto federal 5.903 de 2006 \u2013 que regulamenta a fixa\u00e7\u00e3o de pre\u00e7os em produtos e servi\u00e7os \u2013 est\u00e1 valendo desde 20 de dezembro do ano passado e n\u00e3o h\u00e1 prazo para adapta\u00e7\u00e3o<\/i><\/p>\n<p>Portanto, quem n\u00e3o estiver de acordo com a lei continuar\u00e1 a ser multado &#8220;dentro das regras do bom senso&#8221;, deixou claro o diretor executivo do Procon-SP, Roberto Augusto Castellanos Pfeiffer. <\/p>\n<p>Ele participou da reuni\u00e3o da Comiss\u00e3o do Varejo, da Associa\u00e7\u00e3o Comercial de S\u00e3o Paulo (ACSP), em que ficou acertada uma parceria para elaborar uma cartilha de esclarecimento da lei para os varejistas. Contudo, j\u00e1 \u00e9 poss\u00edvel dirimir d\u00favidas sobre as regras para fixa\u00e7\u00e3o de pre\u00e7os, num canal especial dispon\u00edvel no site do Procon-SP ( http:\/\/www.procon.sp.gov.br ) . <\/p>\n<p>O coordenador da Comiss\u00e3o, Nelson Kheirallah, adiantou que, provavelmente at\u00e9 agosto pr\u00f3ximo, a cartilha dever\u00e1 estar pronta para ser impressa. &#8220;O importante \u00e9 levantar e resolver problemas que dizem respeito ao dia-a-dia do comerciante&#8221;, enfatizou Kheirallah. O diretor do Procon-SP, por sua vez, disse que deseja intensificar essa parceria com o setor varejista, j\u00e1 iniciada pelo presidente da ACSP, Alencar Burti. &#8220;Ele j\u00e1 esteve conosco e abriu um importante canal de di\u00e1logo&#8221;, relatou. <\/p>\n<p>Caminho \u2013 Para Roberto Pfeiffer, a cartilha, que ser\u00e1 feita por t\u00e9cnicos da ACSP e Procon-SP, \u00e9 um caminho para ajudar o comerciante a conhecer e se adaptar \u00e0 lei, sobretudo em pontos que suscitam maiores problemas. Ele insistiu que os empres\u00e1rios precisam entender que ao Procon cabe apenas cumprir a lei. &#8220;N\u00e3o somos advers\u00e1rios, mas podemos trabalhar juntos em favor do consumidor&#8221;, disse.<\/p>\n<p>Ele fez uma apresenta\u00e7\u00e3o sobre o tema, mostrando que a precifica\u00e7\u00e3o errada de produtos e servi\u00e7os corresponde \u00e0 maior parte das 854 multas lavradas neste ano. Pfeiffer lembrou que embora o uso do c\u00f3digo de barras n\u00e3o seja obrigat\u00f3rio, desde 2000 a leitura \u00f3tica j\u00e1 \u00e9 admitida por lei estadual em S\u00e3o Paulo.<\/p>\n<p>Os pontos que mais geraram pol\u00eamica em sua palestra foram as dificuldades impostas pela lei, como a exig\u00eancia de exposi\u00e7\u00e3o de pre\u00e7os nas g\u00f4ndolas, prateleiras e nos produtos nas vitrines; a obriga\u00e7\u00e3o principal da exposi\u00e7\u00e3o do pre\u00e7o \u00e0 vista, das parcelas quando a venda for a prazo e do total de juros anuais cobrados, quando for o caso. <\/p>\n<p>O fundamental, aconselhou o diretor do Procon-SP, \u00e9 que a precifica\u00e7\u00e3o seja feita de forma correta, clara, ostensiva e leg\u00edvel. &#8220;Porque queremos muito mais que os varejistas se adaptem \u00e0 lei, do que aplicar multas&#8221;, concluiu.<\/p>\n","protected":false},"excerpt":{"rendered":"Varejista, fique alerta. O decreto federal 5.903 de 2006 \u2013 que regulamenta a fixa\u00e7\u00e3o de pre\u00e7os em produtos e servi\u00e7os \u2013 est\u00e1 valendo \n<a class=\"moretag\" href=\"https:\/\/www.aceguarulhos.com.br\/blog\/varejo-deve-se-adaptar-%c3%a0-lei-da-etiqueta\/\"> [...]<\/a>","protected":false},"author":8,"featured_media":0,"comment_status":"open","ping_status":"open","sticky":false,"template":"","format":"standard","meta":{"footnotes":""},"categories":[2],"tags":[],"class_list":["post-31774","post","type-post","status-publish","format-standard","hentry","category-noticias"],"yoast_head":"<!-- This site is optimized with the Yoast SEO plugin v28.1 - https:\/\/yoast.com\/product\/yoast-seo-wordpress\/ -->\n<title>Varejo deve se adaptar \u00e0 Lei da Etiqueta  - ACE-Guarulhos<\/title>\n<meta name=\"robots\" content=\"index, follow, max-snippet:-1, max-image-preview:large, max-video-preview:-1\" \/>\n<link rel=\"canonical\" href=\"https:\/\/www.aceguarulhos.com.br\/blog\/varejo-deve-se-adaptar-\u00e0-lei-da-etiqueta\/\" \/>\n<meta property=\"og:locale\" content=\"pt_BR\" \/>\n<meta property=\"og:type\" content=\"article\" \/>\n<meta property=\"og:title\" content=\"Varejo deve se adaptar \u00e0 Lei da Etiqueta  - ACE-Guarulhos\" \/>\n<meta property=\"og:description\" content=\"Varejista, fique alerta. O decreto federal 5.903 de 2006 \u2013 que regulamenta a fixa\u00e7\u00e3o de pre\u00e7os em produtos e servi\u00e7os \u2013 est\u00e1 valendo\" \/>\n<meta property=\"og:url\" content=\"https:\/\/www.aceguarulhos.com.br\/blog\/varejo-deve-se-adaptar-\u00e0-lei-da-etiqueta\/\" \/>\n<meta property=\"og:site_name\" content=\"ACE-Guarulhos\" \/>\n<meta property=\"article:publisher\" content=\"https:\/\/www.facebook.com\/aceguarulhos\/\" \/>\n<meta property=\"article:published_time\" content=\"2007-06-28T16:27:04+00:00\" \/>\n<meta name=\"author\" content=\"Assessoria de Imprensa ACE-Guarulhos\" \/>\n<meta name=\"twitter:card\" content=\"summary_large_image\" \/>\n<meta name=\"twitter:label1\" content=\"Escrito por\" \/>\n\t<meta name=\"twitter:data1\" content=\"Assessoria de Imprensa ACE-Guarulhos\" \/>\n\t<meta name=\"twitter:label2\" content=\"Est. tempo de leitura\" \/>\n\t<meta name=\"twitter:data2\" content=\"2 minutos\" \/>\n<script type=\"application\/ld+json\" class=\"yoast-schema-graph\">{\"@context\":\"https:\\\/\\\/schema.org\",\"@graph\":[{\"@type\":\"Article\",\"@id\":\"https:\\\/\\\/www.aceguarulhos.com.br\\\/blog\\\/varejo-deve-se-adaptar-%c3%a0-lei-da-etiqueta\\\/#article\",\"isPartOf\":{\"@id\":\"https:\\\/\\\/www.aceguarulhos.com.br\\\/blog\\\/varejo-deve-se-adaptar-%c3%a0-lei-da-etiqueta\\\/\"},\"author\":{\"name\":\"Assessoria de Imprensa ACE-Guarulhos\",\"@id\":\"https:\\\/\\\/www.aceguarulhos.com.br\\\/blog\\\/#\\\/schema\\\/person\\\/6983b51bad37489989e4f09698c26237\"},\"headline\":\"Varejo deve se adaptar \u00e0 Lei da Etiqueta\",\"datePublished\":\"2007-06-28T16:27:04+00:00\",\"mainEntityOfPage\":{\"@id\":\"https:\\\/\\\/www.aceguarulhos.com.br\\\/blog\\\/varejo-deve-se-adaptar-%c3%a0-lei-da-etiqueta\\\/\"},\"wordCount\":438,\"commentCount\":0,\"publisher\":{\"@id\":\"https:\\\/\\\/www.aceguarulhos.com.br\\\/blog\\\/#organization\"},\"articleSection\":[\"Not\u00edcias\"],\"inLanguage\":\"pt-BR\"},{\"@type\":\"WebPage\",\"@id\":\"https:\\\/\\\/www.aceguarulhos.com.br\\\/blog\\\/varejo-deve-se-adaptar-%c3%a0-lei-da-etiqueta\\\/\",\"url\":\"https:\\\/\\\/www.aceguarulhos.com.br\\\/blog\\\/varejo-deve-se-adaptar-%c3%a0-lei-da-etiqueta\\\/\",\"name\":\"Varejo deve se adaptar \u00e0 Lei da Etiqueta - ACE-Guarulhos\",\"isPartOf\":{\"@id\":\"https:\\\/\\\/www.aceguarulhos.com.br\\\/blog\\\/#website\"},\"datePublished\":\"2007-06-28T16:27:04+00:00\",\"breadcrumb\":{\"@id\":\"https:\\\/\\\/www.aceguarulhos.com.br\\\/blog\\\/varejo-deve-se-adaptar-%c3%a0-lei-da-etiqueta\\\/#breadcrumb\"},\"inLanguage\":\"pt-BR\",\"potentialAction\":[{\"@type\":\"ReadAction\",\"target\":[\"https:\\\/\\\/www.aceguarulhos.com.br\\\/blog\\\/varejo-deve-se-adaptar-%c3%a0-lei-da-etiqueta\\\/\"]}]},{\"@type\":\"BreadcrumbList\",\"@id\":\"https:\\\/\\\/www.aceguarulhos.com.br\\\/blog\\\/varejo-deve-se-adaptar-%c3%a0-lei-da-etiqueta\\\/#breadcrumb\",\"itemListElement\":[{\"@type\":\"ListItem\",\"position\":1,\"name\":\"In\u00edcio\",\"item\":\"https:\\\/\\\/www.aceguarulhos.com.br\\\/blog\\\/\"},{\"@type\":\"ListItem\",\"position\":2,\"name\":\"Varejo deve se adaptar \u00e0 Lei da Etiqueta\"}]},{\"@type\":\"WebSite\",\"@id\":\"https:\\\/\\\/www.aceguarulhos.com.br\\\/blog\\\/#website\",\"url\":\"https:\\\/\\\/www.aceguarulhos.com.br\\\/blog\\\/\",\"name\":\"ACE-Guarulhos\",\"description\":\"A ACE-Guarulhos \u00e9 uma associa\u00e7\u00e3o que ap\u00f3ia os empres\u00e1rios guarulhenses atrav\u00e9s da representa\u00e7\u00e3o, da gera\u00e7\u00e3o de neg\u00f3cios e presta\u00e7\u00e3o de servi\u00e7os.\",\"publisher\":{\"@id\":\"https:\\\/\\\/www.aceguarulhos.com.br\\\/blog\\\/#organization\"},\"potentialAction\":[{\"@type\":\"SearchAction\",\"target\":{\"@type\":\"EntryPoint\",\"urlTemplate\":\"https:\\\/\\\/www.aceguarulhos.com.br\\\/blog\\\/?s={search_term_string}\"},\"query-input\":{\"@type\":\"PropertyValueSpecification\",\"valueRequired\":true,\"valueName\":\"search_term_string\"}}],\"inLanguage\":\"pt-BR\"},{\"@type\":\"Organization\",\"@id\":\"https:\\\/\\\/www.aceguarulhos.com.br\\\/blog\\\/#organization\",\"name\":\"ACE-Guarulhos\",\"url\":\"https:\\\/\\\/www.aceguarulhos.com.br\\\/blog\\\/\",\"logo\":{\"@type\":\"ImageObject\",\"inLanguage\":\"pt-BR\",\"@id\":\"https:\\\/\\\/www.aceguarulhos.com.br\\\/blog\\\/#\\\/schema\\\/logo\\\/image\\\/\",\"url\":\"https:\\\/\\\/www.aceguarulhos.com.br\\\/blog\\\/wp-content\\\/uploads\\\/2017\\\/12\\\/logo-aceguarulhos-2018.png\",\"contentUrl\":\"https:\\\/\\\/www.aceguarulhos.com.br\\\/blog\\\/wp-content\\\/uploads\\\/2017\\\/12\\\/logo-aceguarulhos-2018.png\",\"width\":419,\"height\":76,\"caption\":\"ACE-Guarulhos\"},\"image\":{\"@id\":\"https:\\\/\\\/www.aceguarulhos.com.br\\\/blog\\\/#\\\/schema\\\/logo\\\/image\\\/\"},\"sameAs\":[\"https:\\\/\\\/www.facebook.com\\\/aceguarulhos\\\/\",\"https:\\\/\\\/br.linkedin.com\\\/in\\\/ace-guarulhos-b9a97093\",\"https:\\\/\\\/www.youtube.com\\\/user\\\/aceguarulhos\"]},{\"@type\":\"Person\",\"@id\":\"https:\\\/\\\/www.aceguarulhos.com.br\\\/blog\\\/#\\\/schema\\\/person\\\/6983b51bad37489989e4f09698c26237\",\"name\":\"Assessoria de Imprensa ACE-Guarulhos\",\"image\":{\"@type\":\"ImageObject\",\"inLanguage\":\"pt-BR\",\"@id\":\"https:\\\/\\\/secure.gravatar.com\\\/avatar\\\/707f3fadd6918afeb64173ab22d8a8cb0676953098a4f31ff36dc2b4c699ef6a?s=96&d=mm&r=g\",\"url\":\"https:\\\/\\\/secure.gravatar.com\\\/avatar\\\/707f3fadd6918afeb64173ab22d8a8cb0676953098a4f31ff36dc2b4c699ef6a?s=96&d=mm&r=g\",\"contentUrl\":\"https:\\\/\\\/secure.gravatar.com\\\/avatar\\\/707f3fadd6918afeb64173ab22d8a8cb0676953098a4f31ff36dc2b4c699ef6a?s=96&d=mm&r=g\",\"caption\":\"Assessoria de Imprensa ACE-Guarulhos\"},\"url\":\"https:\\\/\\\/www.aceguarulhos.com.br\\\/blog\\\/author\\\/assessoria-de-imprensa-ace-guarulhos\\\/\"}]}<\/script>\n<!-- \/ Yoast SEO plugin. -->","yoast_head_json":{"title":"Varejo deve se adaptar \u00e0 Lei da Etiqueta  - ACE-Guarulhos","robots":{"index":"index","follow":"follow","max-snippet":"max-snippet:-1","max-image-preview":"max-image-preview:large","max-video-preview":"max-video-preview:-1"},"canonical":"https:\/\/www.aceguarulhos.com.br\/blog\/varejo-deve-se-adaptar-\u00e0-lei-da-etiqueta\/","og_locale":"pt_BR","og_type":"article","og_title":"Varejo deve se adaptar \u00e0 Lei da Etiqueta  - ACE-Guarulhos","og_description":"Varejista, fique alerta. O decreto federal 5.903 de 2006 \u2013 que regulamenta a fixa\u00e7\u00e3o de pre\u00e7os em produtos e servi\u00e7os \u2013 est\u00e1 valendo","og_url":"https:\/\/www.aceguarulhos.com.br\/blog\/varejo-deve-se-adaptar-\u00e0-lei-da-etiqueta\/","og_site_name":"ACE-Guarulhos","article_publisher":"https:\/\/www.facebook.com\/aceguarulhos\/","article_published_time":"2007-06-28T16:27:04+00:00","author":"Assessoria de Imprensa ACE-Guarulhos","twitter_card":"summary_large_image","twitter_misc":{"Escrito por":"Assessoria de Imprensa ACE-Guarulhos","Est. tempo de leitura":"2 minutos"},"schema":{"@context":"https:\/\/schema.org","@graph":[{"@type":"Article","@id":"https:\/\/www.aceguarulhos.com.br\/blog\/varejo-deve-se-adaptar-%c3%a0-lei-da-etiqueta\/#article","isPartOf":{"@id":"https:\/\/www.aceguarulhos.com.br\/blog\/varejo-deve-se-adaptar-%c3%a0-lei-da-etiqueta\/"},"author":{"name":"Assessoria de Imprensa ACE-Guarulhos","@id":"https:\/\/www.aceguarulhos.com.br\/blog\/#\/schema\/person\/6983b51bad37489989e4f09698c26237"},"headline":"Varejo deve se adaptar \u00e0 Lei da Etiqueta","datePublished":"2007-06-28T16:27:04+00:00","mainEntityOfPage":{"@id":"https:\/\/www.aceguarulhos.com.br\/blog\/varejo-deve-se-adaptar-%c3%a0-lei-da-etiqueta\/"},"wordCount":438,"commentCount":0,"publisher":{"@id":"https:\/\/www.aceguarulhos.com.br\/blog\/#organization"},"articleSection":["Not\u00edcias"],"inLanguage":"pt-BR"},{"@type":"WebPage","@id":"https:\/\/www.aceguarulhos.com.br\/blog\/varejo-deve-se-adaptar-%c3%a0-lei-da-etiqueta\/","url":"https:\/\/www.aceguarulhos.com.br\/blog\/varejo-deve-se-adaptar-%c3%a0-lei-da-etiqueta\/","name":"Varejo deve se adaptar \u00e0 Lei da Etiqueta - ACE-Guarulhos","isPartOf":{"@id":"https:\/\/www.aceguarulhos.com.br\/blog\/#website"},"datePublished":"2007-06-28T16:27:04+00:00","breadcrumb":{"@id":"https:\/\/www.aceguarulhos.com.br\/blog\/varejo-deve-se-adaptar-%c3%a0-lei-da-etiqueta\/#breadcrumb"},"inLanguage":"pt-BR","potentialAction":[{"@type":"ReadAction","target":["https:\/\/www.aceguarulhos.com.br\/blog\/varejo-deve-se-adaptar-%c3%a0-lei-da-etiqueta\/"]}]},{"@type":"BreadcrumbList","@id":"https:\/\/www.aceguarulhos.com.br\/blog\/varejo-deve-se-adaptar-%c3%a0-lei-da-etiqueta\/#breadcrumb","itemListElement":[{"@type":"ListItem","position":1,"name":"In\u00edcio","item":"https:\/\/www.aceguarulhos.com.br\/blog\/"},{"@type":"ListItem","position":2,"name":"Varejo deve se adaptar \u00e0 Lei da Etiqueta"}]},{"@type":"WebSite","@id":"https:\/\/www.aceguarulhos.com.br\/blog\/#website","url":"https:\/\/www.aceguarulhos.com.br\/blog\/","name":"ACE-Guarulhos","description":"A ACE-Guarulhos \u00e9 uma associa\u00e7\u00e3o que ap\u00f3ia os empres\u00e1rios guarulhenses atrav\u00e9s da representa\u00e7\u00e3o, da gera\u00e7\u00e3o de neg\u00f3cios e presta\u00e7\u00e3o de servi\u00e7os.","publisher":{"@id":"https:\/\/www.aceguarulhos.com.br\/blog\/#organization"},"potentialAction":[{"@type":"SearchAction","target":{"@type":"EntryPoint","urlTemplate":"https:\/\/www.aceguarulhos.com.br\/blog\/?s={search_term_string}"},"query-input":{"@type":"PropertyValueSpecification","valueRequired":true,"valueName":"search_term_string"}}],"inLanguage":"pt-BR"},{"@type":"Organization","@id":"https:\/\/www.aceguarulhos.com.br\/blog\/#organization","name":"ACE-Guarulhos","url":"https:\/\/www.aceguarulhos.com.br\/blog\/","logo":{"@type":"ImageObject","inLanguage":"pt-BR","@id":"https:\/\/www.aceguarulhos.com.br\/blog\/#\/schema\/logo\/image\/","url":"https:\/\/www.aceguarulhos.com.br\/blog\/wp-content\/uploads\/2017\/12\/logo-aceguarulhos-2018.png","contentUrl":"https:\/\/www.aceguarulhos.com.br\/blog\/wp-content\/uploads\/2017\/12\/logo-aceguarulhos-2018.png","width":419,"height":76,"caption":"ACE-Guarulhos"},"image":{"@id":"https:\/\/www.aceguarulhos.com.br\/blog\/#\/schema\/logo\/image\/"},"sameAs":["https:\/\/www.facebook.com\/aceguarulhos\/","https:\/\/br.linkedin.com\/in\/ace-guarulhos-b9a97093","https:\/\/www.youtube.com\/user\/aceguarulhos"]},{"@type":"Person","@id":"https:\/\/www.aceguarulhos.com.br\/blog\/#\/schema\/person\/6983b51bad37489989e4f09698c26237","name":"Assessoria de Imprensa ACE-Guarulhos","image":{"@type":"ImageObject","inLanguage":"pt-BR","@id":"https:\/\/secure.gravatar.com\/avatar\/707f3fadd6918afeb64173ab22d8a8cb0676953098a4f31ff36dc2b4c699ef6a?s=96&d=mm&r=g","url":"https:\/\/secure.gravatar.com\/avatar\/707f3fadd6918afeb64173ab22d8a8cb0676953098a4f31ff36dc2b4c699ef6a?s=96&d=mm&r=g","contentUrl":"https:\/\/secure.gravatar.com\/avatar\/707f3fadd6918afeb64173ab22d8a8cb0676953098a4f31ff36dc2b4c699ef6a?s=96&d=mm&r=g","caption":"Assessoria de Imprensa ACE-Guarulhos"},"url":"https:\/\/www.aceguarulhos.com.br\/blog\/author\/assessoria-de-imprensa-ace-guarulhos\/"}]}},"wps_subtitle":"","amp_enabled":true,"_links":{"self":[{"href":"https:\/\/www.aceguarulhos.com.br\/blog\/wp-json\/wp\/v2\/posts\/31774","targetHints":{"allow":["GET"]}}],"collection":[{"href":"https:\/\/www.aceguarulhos.com.br\/blog\/wp-json\/wp\/v2\/posts"}],"about":[{"href":"https:\/\/www.aceguarulhos.com.br\/blog\/wp-json\/wp\/v2\/types\/post"}],"author":[{"embeddable":true,"href":"https:\/\/www.aceguarulhos.com.br\/blog\/wp-json\/wp\/v2\/users\/8"}],"replies":[{"embeddable":true,"href":"https:\/\/www.aceguarulhos.com.br\/blog\/wp-json\/wp\/v2\/comments?post=31774"}],"version-history":[{"count":0,"href":"https:\/\/www.aceguarulhos.com.br\/blog\/wp-json\/wp\/v2\/posts\/31774\/revisions"}],"wp:attachment":[{"href":"https:\/\/www.aceguarulhos.com.br\/blog\/wp-json\/wp\/v2\/media?parent=31774"}],"wp:term":[{"taxonomy":"category","embeddable":true,"href":"https:\/\/www.aceguarulhos.com.br\/blog\/wp-json\/wp\/v2\/categories?post=31774"},{"taxonomy":"post_tag","embeddable":true,"href":"https:\/\/www.aceguarulhos.com.br\/blog\/wp-json\/wp\/v2\/tags?post=31774"}],"curies":[{"name":"wp","href":"https:\/\/api.w.org\/{rel}","templated":true}]}}