{"id":31759,"date":"2007-06-26T01:01:01","date_gmt":"2007-06-26T01:01:01","guid":{"rendered":"http:\/\/www.aceguarulhos.com.br\/blog\/?p=31759"},"modified":"-0001-11-30T00:00:00","modified_gmt":"-0001-11-30T03:00:00","slug":"governo-n%c3%a3o-quer-reduzir-a-carga-tribut%c3%a1ria-s%c3%b3-simplificar-a-cobran%c3%a7a","status":"publish","type":"post","link":"https:\/\/www.aceguarulhos.com.br\/blog\/governo-n%c3%a3o-quer-reduzir-a-carga-tribut%c3%a1ria-s%c3%b3-simplificar-a-cobran%c3%a7a\/","title":{"rendered":"Governo n\u00e3o quer reduzir a carga tribut\u00e1ria. S\u00f3 simplificar a cobran\u00e7a"},"content":{"rendered":"<p><i>A reforma tribut\u00e1ria em estudo pelo governo federal n\u00e3o tem como meta a redu\u00e7\u00e3o da carga fiscal, mas a simplifica\u00e7\u00e3o do modelo atual de cobran\u00e7a de impostos<\/i><\/p>\n<p>&#8220;O objetivo principal \u00e9 remover as distor\u00e7\u00f5es causadas pelos impostos indiretos. Queremos um sistema tribut\u00e1rio neutro, em que a al\u00edquota do tributo corresponda exatamente ao que o consumidor est\u00e1 pagando ao adquirir um produto ou servi\u00e7o&#8221;, disse na \u00faltima sexta-feira o secret\u00e1rio de Pol\u00edtica Econ\u00f4mica do Minist\u00e9rio da fazenda, Bernard Appy. Ele fez palestra promovida pelo N\u00facleo de Tributa\u00e7\u00e3o e Finan\u00e7as P\u00fablicas da Escola de Direito da Funda\u00e7\u00e3o Get\u00falio Vargas (FGV), em S\u00e3o Paulo. <\/p>\n<p>A id\u00e9ia do governo \u00e9 reunir quatro tributos federais \u2013 Programa de Integra\u00e7\u00e3o Social (PIS), Contribui\u00e7\u00e3o para o Financiamento da Seguridade Social (Cofins), Imposto sobre Produtos Industrializados (IPI) e Contribui\u00e7\u00e3o de Interven\u00e7\u00e3o no Direito Econ\u00f4mico -(Cide Combust\u00edveis) \u2013 no Imposto sobre Valor Agregado (IVA federal), que teria uma vers\u00e3o estadual, resultado da fus\u00e3o do Imposto sobre Circula\u00e7\u00e3o de Mercadorias e Servi\u00e7os (ICMS) com o Imposto Sobre Servi\u00e7os (ISS).<\/p>\n<p>Ao informar que a proposta elaborada pelo atual governo em 2003 foi enterrada de vez principalmente por falta de consenso entre os estados, Appy disse estar confiante de que, desta vez, \u00e9 poss\u00edvel construir um novo modelo de tributa\u00e7\u00e3o e que as condi\u00e7\u00f5es atuais s\u00e3o extremamente favor\u00e1veis \u00e0 aprova\u00e7\u00e3o.<\/p>\n<p>&#8220;Altera\u00e7\u00f5es no sistema tribut\u00e1rio s\u00f3 avan\u00e7am em momentos de bonan\u00e7a econ\u00f4mica&#8221;, ressaltou, ao informar que a id\u00e9ia j\u00e1 foi apresentada aos governadores, e a discuss\u00e3o foi aberta recentemente com os prefeitos. Mesmo que n\u00e3o haja consenso, ele disse que a Uni\u00e3o n\u00e3o vai desistir de envi\u00e1-la ao Congresso Nacional. &#8220;H\u00e1 90% de chance de ser aprovada.&#8221;<\/p>\n<p>Sonega\u00e7\u00e3o \u2013 Embora o ponto central do novo modelo que est\u00e1 sendo desenhado n\u00e3o tenha como premissa a redu\u00e7\u00e3o da carga tribut\u00e1ria, Appy disse que isso poder\u00e1 ocorrer, mas como resultado do combate \u00e0 sonega\u00e7\u00e3o e n\u00e3o de al\u00edquotas ou de tributos. &#8220;Essa arrecada\u00e7\u00e3o extra poder\u00e1 ser devolvida \u00e0 sociedade em forma de desonera\u00e7\u00e3o tribut\u00e1ria&#8221;, ressaltou.<\/p>\n<p>O modelo proposto, segundo ele, vai acabar com a guerra fiscal entre os estados, que s\u00f3 traz inseguran\u00e7a jur\u00eddica e afugenta os investimentos, prejudicando o desenvolvimento econ\u00f4mico. &#8220;Somos contra a guerra fiscal, que \u00e9 um problema s\u00e9rio em nosso Pa\u00eds.&#8221; Com essa reforma, os exportadores tamb\u00e9m deixar\u00e3o de enfrentar a quest\u00e3o do ac\u00famulo de cr\u00e9ditos do ICMS, que hoje ultrapassa R$ 15 bilh\u00f5es.<\/p>\n<p>Para tornar vi\u00e1vel o novo sistema de tributa\u00e7\u00e3o, o governo est\u00e1 aprimorando o funcionamento da nota fiscal eletr\u00f4nica. De acordo com Appy, nos pr\u00f3ximos tr\u00eas anos todas as transa\u00e7\u00f5es nos n\u00edveis federal, estadual e municipal ser\u00e3o feitas por meio dessa ferramenta. &#8220;Al\u00e9m de combater a sonega\u00e7\u00e3o fiscal, a nota eletr\u00f4nica vai gerar uma base de dados imprescind\u00edvel para a an\u00e1lise dos impactos das mudan\u00e7as e a determina\u00e7\u00e3o de compensa\u00e7\u00f5es aos estados e munic\u00edpios que eventualmente perderem arrecada\u00e7\u00e3o&#8221;, concluiu.<\/p>\n","protected":false},"excerpt":{"rendered":"A reforma tribut\u00e1ria em estudo pelo governo federal n\u00e3o tem como meta a redu\u00e7\u00e3o da carga fiscal, mas a simplifica\u00e7\u00e3o do modelo atual \n<a class=\"moretag\" href=\"https:\/\/www.aceguarulhos.com.br\/blog\/governo-n%c3%a3o-quer-reduzir-a-carga-tribut%c3%a1ria-s%c3%b3-simplificar-a-cobran%c3%a7a\/\"> [...]<\/a>","protected":false},"author":8,"featured_media":0,"comment_status":"open","ping_status":"open","sticky":false,"template":"","format":"standard","meta":{"footnotes":""},"categories":[2],"tags":[],"class_list":["post-31759","post","type-post","status-publish","format-standard","hentry","category-noticias"],"yoast_head":"<!-- This site is optimized with the Yoast SEO plugin v28.1 - https:\/\/yoast.com\/product\/yoast-seo-wordpress\/ -->\n<title>Governo n\u00e3o quer reduzir a carga tribut\u00e1ria. S\u00f3 simplificar a cobran\u00e7a - ACE-Guarulhos<\/title>\n<meta name=\"robots\" content=\"index, follow, max-snippet:-1, max-image-preview:large, max-video-preview:-1\" \/>\n<link rel=\"canonical\" href=\"https:\/\/www.aceguarulhos.com.br\/blog\/governo-n\u00e3o-quer-reduzir-a-carga-tribut\u00e1ria-s\u00f3-simplificar-a-cobran\u00e7a\/\" \/>\n<meta property=\"og:locale\" content=\"pt_BR\" \/>\n<meta property=\"og:type\" content=\"article\" \/>\n<meta property=\"og:title\" content=\"Governo n\u00e3o quer reduzir a carga tribut\u00e1ria. S\u00f3 simplificar a cobran\u00e7a - ACE-Guarulhos\" \/>\n<meta property=\"og:description\" content=\"A reforma tribut\u00e1ria em estudo pelo governo federal n\u00e3o tem como meta a redu\u00e7\u00e3o da carga fiscal, mas a simplifica\u00e7\u00e3o do modelo atual\" \/>\n<meta property=\"og:url\" content=\"https:\/\/www.aceguarulhos.com.br\/blog\/governo-n\u00e3o-quer-reduzir-a-carga-tribut\u00e1ria-s\u00f3-simplificar-a-cobran\u00e7a\/\" \/>\n<meta property=\"og:site_name\" content=\"ACE-Guarulhos\" \/>\n<meta property=\"article:publisher\" content=\"https:\/\/www.facebook.com\/aceguarulhos\/\" \/>\n<meta property=\"article:published_time\" content=\"2007-06-26T01:01:01+00:00\" \/>\n<meta name=\"author\" content=\"Assessoria de Imprensa ACE-Guarulhos\" \/>\n<meta name=\"twitter:card\" content=\"summary_large_image\" \/>\n<meta name=\"twitter:label1\" content=\"Escrito por\" \/>\n\t<meta name=\"twitter:data1\" content=\"Assessoria de Imprensa ACE-Guarulhos\" \/>\n\t<meta name=\"twitter:label2\" content=\"Est. tempo de leitura\" \/>\n\t<meta name=\"twitter:data2\" content=\"3 minutos\" \/>\n<script type=\"application\/ld+json\" class=\"yoast-schema-graph\">{\"@context\":\"https:\\\/\\\/schema.org\",\"@graph\":[{\"@type\":\"Article\",\"@id\":\"https:\\\/\\\/www.aceguarulhos.com.br\\\/blog\\\/governo-n%c3%a3o-quer-reduzir-a-carga-tribut%c3%a1ria-s%c3%b3-simplificar-a-cobran%c3%a7a\\\/#article\",\"isPartOf\":{\"@id\":\"https:\\\/\\\/www.aceguarulhos.com.br\\\/blog\\\/governo-n%c3%a3o-quer-reduzir-a-carga-tribut%c3%a1ria-s%c3%b3-simplificar-a-cobran%c3%a7a\\\/\"},\"author\":{\"name\":\"Assessoria de Imprensa ACE-Guarulhos\",\"@id\":\"https:\\\/\\\/www.aceguarulhos.com.br\\\/blog\\\/#\\\/schema\\\/person\\\/6983b51bad37489989e4f09698c26237\"},\"headline\":\"Governo n\u00e3o quer reduzir a carga tribut\u00e1ria. S\u00f3 simplificar a cobran\u00e7a\",\"datePublished\":\"2007-06-26T01:01:01+00:00\",\"mainEntityOfPage\":{\"@id\":\"https:\\\/\\\/www.aceguarulhos.com.br\\\/blog\\\/governo-n%c3%a3o-quer-reduzir-a-carga-tribut%c3%a1ria-s%c3%b3-simplificar-a-cobran%c3%a7a\\\/\"},\"wordCount\":561,\"commentCount\":0,\"publisher\":{\"@id\":\"https:\\\/\\\/www.aceguarulhos.com.br\\\/blog\\\/#organization\"},\"articleSection\":[\"Not\u00edcias\"],\"inLanguage\":\"pt-BR\"},{\"@type\":\"WebPage\",\"@id\":\"https:\\\/\\\/www.aceguarulhos.com.br\\\/blog\\\/governo-n%c3%a3o-quer-reduzir-a-carga-tribut%c3%a1ria-s%c3%b3-simplificar-a-cobran%c3%a7a\\\/\",\"url\":\"https:\\\/\\\/www.aceguarulhos.com.br\\\/blog\\\/governo-n%c3%a3o-quer-reduzir-a-carga-tribut%c3%a1ria-s%c3%b3-simplificar-a-cobran%c3%a7a\\\/\",\"name\":\"Governo n\u00e3o quer reduzir a carga tribut\u00e1ria. S\u00f3 simplificar a cobran\u00e7a - ACE-Guarulhos\",\"isPartOf\":{\"@id\":\"https:\\\/\\\/www.aceguarulhos.com.br\\\/blog\\\/#website\"},\"datePublished\":\"2007-06-26T01:01:01+00:00\",\"breadcrumb\":{\"@id\":\"https:\\\/\\\/www.aceguarulhos.com.br\\\/blog\\\/governo-n%c3%a3o-quer-reduzir-a-carga-tribut%c3%a1ria-s%c3%b3-simplificar-a-cobran%c3%a7a\\\/#breadcrumb\"},\"inLanguage\":\"pt-BR\",\"potentialAction\":[{\"@type\":\"ReadAction\",\"target\":[\"https:\\\/\\\/www.aceguarulhos.com.br\\\/blog\\\/governo-n%c3%a3o-quer-reduzir-a-carga-tribut%c3%a1ria-s%c3%b3-simplificar-a-cobran%c3%a7a\\\/\"]}]},{\"@type\":\"BreadcrumbList\",\"@id\":\"https:\\\/\\\/www.aceguarulhos.com.br\\\/blog\\\/governo-n%c3%a3o-quer-reduzir-a-carga-tribut%c3%a1ria-s%c3%b3-simplificar-a-cobran%c3%a7a\\\/#breadcrumb\",\"itemListElement\":[{\"@type\":\"ListItem\",\"position\":1,\"name\":\"In\u00edcio\",\"item\":\"https:\\\/\\\/www.aceguarulhos.com.br\\\/blog\\\/\"},{\"@type\":\"ListItem\",\"position\":2,\"name\":\"Governo n\u00e3o quer reduzir a carga tribut\u00e1ria. S\u00f3 simplificar a cobran\u00e7a\"}]},{\"@type\":\"WebSite\",\"@id\":\"https:\\\/\\\/www.aceguarulhos.com.br\\\/blog\\\/#website\",\"url\":\"https:\\\/\\\/www.aceguarulhos.com.br\\\/blog\\\/\",\"name\":\"ACE-Guarulhos\",\"description\":\"A ACE-Guarulhos \u00e9 uma associa\u00e7\u00e3o que ap\u00f3ia os empres\u00e1rios guarulhenses atrav\u00e9s da representa\u00e7\u00e3o, da gera\u00e7\u00e3o de neg\u00f3cios e presta\u00e7\u00e3o de servi\u00e7os.\",\"publisher\":{\"@id\":\"https:\\\/\\\/www.aceguarulhos.com.br\\\/blog\\\/#organization\"},\"potentialAction\":[{\"@type\":\"SearchAction\",\"target\":{\"@type\":\"EntryPoint\",\"urlTemplate\":\"https:\\\/\\\/www.aceguarulhos.com.br\\\/blog\\\/?s={search_term_string}\"},\"query-input\":{\"@type\":\"PropertyValueSpecification\",\"valueRequired\":true,\"valueName\":\"search_term_string\"}}],\"inLanguage\":\"pt-BR\"},{\"@type\":\"Organization\",\"@id\":\"https:\\\/\\\/www.aceguarulhos.com.br\\\/blog\\\/#organization\",\"name\":\"ACE-Guarulhos\",\"url\":\"https:\\\/\\\/www.aceguarulhos.com.br\\\/blog\\\/\",\"logo\":{\"@type\":\"ImageObject\",\"inLanguage\":\"pt-BR\",\"@id\":\"https:\\\/\\\/www.aceguarulhos.com.br\\\/blog\\\/#\\\/schema\\\/logo\\\/image\\\/\",\"url\":\"https:\\\/\\\/www.aceguarulhos.com.br\\\/blog\\\/wp-content\\\/uploads\\\/2017\\\/12\\\/logo-aceguarulhos-2018.png\",\"contentUrl\":\"https:\\\/\\\/www.aceguarulhos.com.br\\\/blog\\\/wp-content\\\/uploads\\\/2017\\\/12\\\/logo-aceguarulhos-2018.png\",\"width\":419,\"height\":76,\"caption\":\"ACE-Guarulhos\"},\"image\":{\"@id\":\"https:\\\/\\\/www.aceguarulhos.com.br\\\/blog\\\/#\\\/schema\\\/logo\\\/image\\\/\"},\"sameAs\":[\"https:\\\/\\\/www.facebook.com\\\/aceguarulhos\\\/\",\"https:\\\/\\\/br.linkedin.com\\\/in\\\/ace-guarulhos-b9a97093\",\"https:\\\/\\\/www.youtube.com\\\/user\\\/aceguarulhos\"]},{\"@type\":\"Person\",\"@id\":\"https:\\\/\\\/www.aceguarulhos.com.br\\\/blog\\\/#\\\/schema\\\/person\\\/6983b51bad37489989e4f09698c26237\",\"name\":\"Assessoria de Imprensa ACE-Guarulhos\",\"image\":{\"@type\":\"ImageObject\",\"inLanguage\":\"pt-BR\",\"@id\":\"https:\\\/\\\/secure.gravatar.com\\\/avatar\\\/707f3fadd6918afeb64173ab22d8a8cb0676953098a4f31ff36dc2b4c699ef6a?s=96&d=mm&r=g\",\"url\":\"https:\\\/\\\/secure.gravatar.com\\\/avatar\\\/707f3fadd6918afeb64173ab22d8a8cb0676953098a4f31ff36dc2b4c699ef6a?s=96&d=mm&r=g\",\"contentUrl\":\"https:\\\/\\\/secure.gravatar.com\\\/avatar\\\/707f3fadd6918afeb64173ab22d8a8cb0676953098a4f31ff36dc2b4c699ef6a?s=96&d=mm&r=g\",\"caption\":\"Assessoria de Imprensa ACE-Guarulhos\"},\"url\":\"https:\\\/\\\/www.aceguarulhos.com.br\\\/blog\\\/author\\\/assessoria-de-imprensa-ace-guarulhos\\\/\"}]}<\/script>\n<!-- \/ Yoast SEO plugin. -->","yoast_head_json":{"title":"Governo n\u00e3o quer reduzir a carga tribut\u00e1ria. S\u00f3 simplificar a cobran\u00e7a - ACE-Guarulhos","robots":{"index":"index","follow":"follow","max-snippet":"max-snippet:-1","max-image-preview":"max-image-preview:large","max-video-preview":"max-video-preview:-1"},"canonical":"https:\/\/www.aceguarulhos.com.br\/blog\/governo-n\u00e3o-quer-reduzir-a-carga-tribut\u00e1ria-s\u00f3-simplificar-a-cobran\u00e7a\/","og_locale":"pt_BR","og_type":"article","og_title":"Governo n\u00e3o quer reduzir a carga tribut\u00e1ria. S\u00f3 simplificar a cobran\u00e7a - ACE-Guarulhos","og_description":"A reforma tribut\u00e1ria em estudo pelo governo federal n\u00e3o tem como meta a redu\u00e7\u00e3o da carga fiscal, mas a simplifica\u00e7\u00e3o do modelo atual","og_url":"https:\/\/www.aceguarulhos.com.br\/blog\/governo-n\u00e3o-quer-reduzir-a-carga-tribut\u00e1ria-s\u00f3-simplificar-a-cobran\u00e7a\/","og_site_name":"ACE-Guarulhos","article_publisher":"https:\/\/www.facebook.com\/aceguarulhos\/","article_published_time":"2007-06-26T01:01:01+00:00","author":"Assessoria de Imprensa ACE-Guarulhos","twitter_card":"summary_large_image","twitter_misc":{"Escrito por":"Assessoria de Imprensa ACE-Guarulhos","Est. tempo de leitura":"3 minutos"},"schema":{"@context":"https:\/\/schema.org","@graph":[{"@type":"Article","@id":"https:\/\/www.aceguarulhos.com.br\/blog\/governo-n%c3%a3o-quer-reduzir-a-carga-tribut%c3%a1ria-s%c3%b3-simplificar-a-cobran%c3%a7a\/#article","isPartOf":{"@id":"https:\/\/www.aceguarulhos.com.br\/blog\/governo-n%c3%a3o-quer-reduzir-a-carga-tribut%c3%a1ria-s%c3%b3-simplificar-a-cobran%c3%a7a\/"},"author":{"name":"Assessoria de Imprensa ACE-Guarulhos","@id":"https:\/\/www.aceguarulhos.com.br\/blog\/#\/schema\/person\/6983b51bad37489989e4f09698c26237"},"headline":"Governo n\u00e3o quer reduzir a carga tribut\u00e1ria. S\u00f3 simplificar a cobran\u00e7a","datePublished":"2007-06-26T01:01:01+00:00","mainEntityOfPage":{"@id":"https:\/\/www.aceguarulhos.com.br\/blog\/governo-n%c3%a3o-quer-reduzir-a-carga-tribut%c3%a1ria-s%c3%b3-simplificar-a-cobran%c3%a7a\/"},"wordCount":561,"commentCount":0,"publisher":{"@id":"https:\/\/www.aceguarulhos.com.br\/blog\/#organization"},"articleSection":["Not\u00edcias"],"inLanguage":"pt-BR"},{"@type":"WebPage","@id":"https:\/\/www.aceguarulhos.com.br\/blog\/governo-n%c3%a3o-quer-reduzir-a-carga-tribut%c3%a1ria-s%c3%b3-simplificar-a-cobran%c3%a7a\/","url":"https:\/\/www.aceguarulhos.com.br\/blog\/governo-n%c3%a3o-quer-reduzir-a-carga-tribut%c3%a1ria-s%c3%b3-simplificar-a-cobran%c3%a7a\/","name":"Governo n\u00e3o quer reduzir a carga tribut\u00e1ria. S\u00f3 simplificar a cobran\u00e7a - ACE-Guarulhos","isPartOf":{"@id":"https:\/\/www.aceguarulhos.com.br\/blog\/#website"},"datePublished":"2007-06-26T01:01:01+00:00","breadcrumb":{"@id":"https:\/\/www.aceguarulhos.com.br\/blog\/governo-n%c3%a3o-quer-reduzir-a-carga-tribut%c3%a1ria-s%c3%b3-simplificar-a-cobran%c3%a7a\/#breadcrumb"},"inLanguage":"pt-BR","potentialAction":[{"@type":"ReadAction","target":["https:\/\/www.aceguarulhos.com.br\/blog\/governo-n%c3%a3o-quer-reduzir-a-carga-tribut%c3%a1ria-s%c3%b3-simplificar-a-cobran%c3%a7a\/"]}]},{"@type":"BreadcrumbList","@id":"https:\/\/www.aceguarulhos.com.br\/blog\/governo-n%c3%a3o-quer-reduzir-a-carga-tribut%c3%a1ria-s%c3%b3-simplificar-a-cobran%c3%a7a\/#breadcrumb","itemListElement":[{"@type":"ListItem","position":1,"name":"In\u00edcio","item":"https:\/\/www.aceguarulhos.com.br\/blog\/"},{"@type":"ListItem","position":2,"name":"Governo n\u00e3o quer reduzir a carga tribut\u00e1ria. S\u00f3 simplificar a cobran\u00e7a"}]},{"@type":"WebSite","@id":"https:\/\/www.aceguarulhos.com.br\/blog\/#website","url":"https:\/\/www.aceguarulhos.com.br\/blog\/","name":"ACE-Guarulhos","description":"A ACE-Guarulhos \u00e9 uma associa\u00e7\u00e3o que ap\u00f3ia os empres\u00e1rios guarulhenses atrav\u00e9s da representa\u00e7\u00e3o, da gera\u00e7\u00e3o de neg\u00f3cios e presta\u00e7\u00e3o de servi\u00e7os.","publisher":{"@id":"https:\/\/www.aceguarulhos.com.br\/blog\/#organization"},"potentialAction":[{"@type":"SearchAction","target":{"@type":"EntryPoint","urlTemplate":"https:\/\/www.aceguarulhos.com.br\/blog\/?s={search_term_string}"},"query-input":{"@type":"PropertyValueSpecification","valueRequired":true,"valueName":"search_term_string"}}],"inLanguage":"pt-BR"},{"@type":"Organization","@id":"https:\/\/www.aceguarulhos.com.br\/blog\/#organization","name":"ACE-Guarulhos","url":"https:\/\/www.aceguarulhos.com.br\/blog\/","logo":{"@type":"ImageObject","inLanguage":"pt-BR","@id":"https:\/\/www.aceguarulhos.com.br\/blog\/#\/schema\/logo\/image\/","url":"https:\/\/www.aceguarulhos.com.br\/blog\/wp-content\/uploads\/2017\/12\/logo-aceguarulhos-2018.png","contentUrl":"https:\/\/www.aceguarulhos.com.br\/blog\/wp-content\/uploads\/2017\/12\/logo-aceguarulhos-2018.png","width":419,"height":76,"caption":"ACE-Guarulhos"},"image":{"@id":"https:\/\/www.aceguarulhos.com.br\/blog\/#\/schema\/logo\/image\/"},"sameAs":["https:\/\/www.facebook.com\/aceguarulhos\/","https:\/\/br.linkedin.com\/in\/ace-guarulhos-b9a97093","https:\/\/www.youtube.com\/user\/aceguarulhos"]},{"@type":"Person","@id":"https:\/\/www.aceguarulhos.com.br\/blog\/#\/schema\/person\/6983b51bad37489989e4f09698c26237","name":"Assessoria de Imprensa ACE-Guarulhos","image":{"@type":"ImageObject","inLanguage":"pt-BR","@id":"https:\/\/secure.gravatar.com\/avatar\/707f3fadd6918afeb64173ab22d8a8cb0676953098a4f31ff36dc2b4c699ef6a?s=96&d=mm&r=g","url":"https:\/\/secure.gravatar.com\/avatar\/707f3fadd6918afeb64173ab22d8a8cb0676953098a4f31ff36dc2b4c699ef6a?s=96&d=mm&r=g","contentUrl":"https:\/\/secure.gravatar.com\/avatar\/707f3fadd6918afeb64173ab22d8a8cb0676953098a4f31ff36dc2b4c699ef6a?s=96&d=mm&r=g","caption":"Assessoria de Imprensa ACE-Guarulhos"},"url":"https:\/\/www.aceguarulhos.com.br\/blog\/author\/assessoria-de-imprensa-ace-guarulhos\/"}]}},"wps_subtitle":"","amp_enabled":true,"_links":{"self":[{"href":"https:\/\/www.aceguarulhos.com.br\/blog\/wp-json\/wp\/v2\/posts\/31759","targetHints":{"allow":["GET"]}}],"collection":[{"href":"https:\/\/www.aceguarulhos.com.br\/blog\/wp-json\/wp\/v2\/posts"}],"about":[{"href":"https:\/\/www.aceguarulhos.com.br\/blog\/wp-json\/wp\/v2\/types\/post"}],"author":[{"embeddable":true,"href":"https:\/\/www.aceguarulhos.com.br\/blog\/wp-json\/wp\/v2\/users\/8"}],"replies":[{"embeddable":true,"href":"https:\/\/www.aceguarulhos.com.br\/blog\/wp-json\/wp\/v2\/comments?post=31759"}],"version-history":[{"count":0,"href":"https:\/\/www.aceguarulhos.com.br\/blog\/wp-json\/wp\/v2\/posts\/31759\/revisions"}],"wp:attachment":[{"href":"https:\/\/www.aceguarulhos.com.br\/blog\/wp-json\/wp\/v2\/media?parent=31759"}],"wp:term":[{"taxonomy":"category","embeddable":true,"href":"https:\/\/www.aceguarulhos.com.br\/blog\/wp-json\/wp\/v2\/categories?post=31759"},{"taxonomy":"post_tag","embeddable":true,"href":"https:\/\/www.aceguarulhos.com.br\/blog\/wp-json\/wp\/v2\/tags?post=31759"}],"curies":[{"name":"wp","href":"https:\/\/api.w.org\/{rel}","templated":true}]}}