{"id":31757,"date":"2007-06-26T01:01:01","date_gmt":"2007-06-26T01:01:01","guid":{"rendered":"http:\/\/www.aceguarulhos.com.br\/blog\/?p=31757"},"modified":"-0001-11-30T00:00:00","modified_gmt":"-0001-11-30T03:00:00","slug":"povo-gasta-mais-com-educa%c3%a7%c3%a3o-e-sa%c3%bade","status":"publish","type":"post","link":"https:\/\/www.aceguarulhos.com.br\/blog\/povo-gasta-mais-com-educa%c3%a7%c3%a3o-e-sa%c3%bade\/","title":{"rendered":"Povo gasta mais com educa\u00e7\u00e3o e sa\u00fade"},"content":{"rendered":"<p><i>Nos \u00faltimos 16 anos a despesa m\u00e9dia do brasileiro estagnou, passando de R$ 600 para R$ 601 ao m\u00eas<\/i><\/p>\n<p>Mas houve importantes altera\u00e7\u00f5es na composi\u00e7\u00e3o dessa despesa. O gasto com alimenta\u00e7\u00e3o, que representava 22,16% do or\u00e7amento familiar em 1987, caiu para 18,7% em 2003. Segundo dados do livro &#8220;Gastos e consumo das fam\u00edlias brasileiras contempor\u00e2neas&#8221;, lan\u00e7ado ontem pelo Instituto de Pesquisa Econ\u00f4mica Aplicada (Ipea) e pela Faculdade de Economia, Administra\u00e7\u00e3o e Contabilidade da Universidade de S\u00e3o Paulo (FEA-USP), o h\u00e1bito de consumo mudou consideravelmente no per\u00edodo, com destaque para produtos e servi\u00e7os voltados ao bem-estar. <\/p>\n<p>Um exemplo disso s\u00e3o as despesas com transporte e educa\u00e7\u00e3o, que aumentaram nesse intervalo. Enquanto o primeiro servi\u00e7o, que absorvia 13,08% da renda em 1987, saltou para 13,12% em 2003, o segundo pulou de 3,16% para 5,5%. Uma das organizadoras do livro e professora da Universidade Federal de Pernambuco, Tatiane Menezes, explicou que a migra\u00e7\u00e3o de gastos ocorre porque o brasileiro melhorou de vida nos \u00faltimos anos. &#8220;As pessoas passaram a economizar com comida, que ficou mais barata, e come\u00e7aram a investir em sa\u00fade, cultura e bens dur\u00e1veis.&#8221;<\/p>\n<p>O professor da FEA-USP e pesquisador da Funda\u00e7\u00e3o Instituto de Pesquisas Econ\u00f4micas (Fipe) , Heron do Carmo, destacou que as economias mais desenvolvidas do mundo s\u00e3o aquelas em que se gasta menos com necessidades b\u00e1sicas e mais com servi\u00e7os. <br \/>Carmo destacou que a redu\u00e7\u00e3o de pre\u00e7os relativos, melhoria da renda e aumento do acesso ao cr\u00e9dito possibilitaram \u00e0 popula\u00e7\u00e3o mais pobre o acesso a servi\u00e7os e bens de consumo dur\u00e1veis, como produtos de inform\u00e1tica, geladeira e aparelhos de TV.<\/p>\n<p>Mas, apesar de o gasto com educa\u00e7\u00e3o ter se expandido, sua participa\u00e7\u00e3o na despesa familiar continuou bem inferior \u00e0 participa\u00e7\u00e3o das despesas com habita\u00e7\u00e3o, por exemplo, que cresceu de 18,55% para 23,44% no per\u00edodo.<\/p>\n<p>Classe m\u00e9dia \u2013 A pesquisa mostra ainda que a melhoria das condi\u00e7\u00f5es de vida observada nas camadas mais pobres n\u00e3o pode ser estendida \u00e0 classe m\u00e9dia, uma vez que os pre\u00e7os relativos de educa\u00e7\u00e3o e transporte aumentaram, afetando diretamente os gastos das classes B e C. Al\u00e9m disso, as despesas com impostos tiveram crescimento significativo. &#8220;Estes sobem demais porque o ICMS apresenta altas al\u00edquotas em servi\u00e7os como telefonia, energia el\u00e9trica e combust\u00edveis&#8221;, explicou. <\/p>\n<p>Dentre os v\u00e1rios segmentos estudados, um dos mais preocupantes, segundo a professora Tatiane Menezes, \u00e9 a sa\u00fade. O peso do gasto com esse item, que era de 6,29% em 87 e subiu para 8% em 1995, voltou a declinar, atingindo 6,91% em 2003. &#8220;Isso mostra que parte da classe m\u00e9dia est\u00e1 deixando de pagar planos de sa\u00fade para ter assist\u00eancia m\u00e9dica no SUS \u2013 Sistema \u00danico de Sa\u00fade&#8221;, diz, completando que a migra\u00e7\u00e3o ocorre por falta de op\u00e7\u00e3o da popula\u00e7\u00e3o diante dos altos pre\u00e7os dos planos.<\/p>\n","protected":false},"excerpt":{"rendered":"Nos \u00faltimos 16 anos a despesa m\u00e9dia do brasileiro estagnou, passando de R$ 600 para R$ 601 ao m\u00eas Mas houve importantes altera\u00e7\u00f5es \n<a class=\"moretag\" href=\"https:\/\/www.aceguarulhos.com.br\/blog\/povo-gasta-mais-com-educa%c3%a7%c3%a3o-e-sa%c3%bade\/\"> [...]<\/a>","protected":false},"author":8,"featured_media":0,"comment_status":"open","ping_status":"open","sticky":false,"template":"","format":"standard","meta":{"footnotes":""},"categories":[2],"tags":[],"class_list":["post-31757","post","type-post","status-publish","format-standard","hentry","category-noticias"],"yoast_head":"<!-- This site is optimized with the Yoast SEO plugin v28.1 - https:\/\/yoast.com\/product\/yoast-seo-wordpress\/ -->\n<title>Povo gasta mais com educa\u00e7\u00e3o e sa\u00fade  - ACE-Guarulhos<\/title>\n<meta name=\"robots\" content=\"index, follow, max-snippet:-1, max-image-preview:large, max-video-preview:-1\" \/>\n<link rel=\"canonical\" href=\"https:\/\/www.aceguarulhos.com.br\/blog\/povo-gasta-mais-com-educa\u00e7\u00e3o-e-sa\u00fade\/\" \/>\n<meta property=\"og:locale\" content=\"pt_BR\" \/>\n<meta property=\"og:type\" content=\"article\" \/>\n<meta property=\"og:title\" content=\"Povo gasta mais com educa\u00e7\u00e3o e sa\u00fade  - ACE-Guarulhos\" \/>\n<meta property=\"og:description\" content=\"Nos \u00faltimos 16 anos a despesa m\u00e9dia do brasileiro estagnou, passando de R$ 600 para R$ 601 ao m\u00eas Mas houve importantes altera\u00e7\u00f5es\" \/>\n<meta property=\"og:url\" content=\"https:\/\/www.aceguarulhos.com.br\/blog\/povo-gasta-mais-com-educa\u00e7\u00e3o-e-sa\u00fade\/\" \/>\n<meta property=\"og:site_name\" content=\"ACE-Guarulhos\" \/>\n<meta property=\"article:publisher\" content=\"https:\/\/www.facebook.com\/aceguarulhos\/\" \/>\n<meta property=\"article:published_time\" content=\"2007-06-26T01:01:01+00:00\" \/>\n<meta name=\"author\" content=\"Assessoria de Imprensa ACE-Guarulhos\" \/>\n<meta name=\"twitter:card\" content=\"summary_large_image\" \/>\n<meta name=\"twitter:label1\" content=\"Escrito por\" \/>\n\t<meta name=\"twitter:data1\" content=\"Assessoria de Imprensa ACE-Guarulhos\" \/>\n\t<meta name=\"twitter:label2\" content=\"Est. tempo de leitura\" \/>\n\t<meta name=\"twitter:data2\" content=\"2 minutos\" \/>\n<script type=\"application\/ld+json\" class=\"yoast-schema-graph\">{\"@context\":\"https:\\\/\\\/schema.org\",\"@graph\":[{\"@type\":\"Article\",\"@id\":\"https:\\\/\\\/www.aceguarulhos.com.br\\\/blog\\\/povo-gasta-mais-com-educa%c3%a7%c3%a3o-e-sa%c3%bade\\\/#article\",\"isPartOf\":{\"@id\":\"https:\\\/\\\/www.aceguarulhos.com.br\\\/blog\\\/povo-gasta-mais-com-educa%c3%a7%c3%a3o-e-sa%c3%bade\\\/\"},\"author\":{\"name\":\"Assessoria de Imprensa ACE-Guarulhos\",\"@id\":\"https:\\\/\\\/www.aceguarulhos.com.br\\\/blog\\\/#\\\/schema\\\/person\\\/6983b51bad37489989e4f09698c26237\"},\"headline\":\"Povo gasta mais com educa\u00e7\u00e3o e sa\u00fade\",\"datePublished\":\"2007-06-26T01:01:01+00:00\",\"mainEntityOfPage\":{\"@id\":\"https:\\\/\\\/www.aceguarulhos.com.br\\\/blog\\\/povo-gasta-mais-com-educa%c3%a7%c3%a3o-e-sa%c3%bade\\\/\"},\"wordCount\":497,\"commentCount\":0,\"publisher\":{\"@id\":\"https:\\\/\\\/www.aceguarulhos.com.br\\\/blog\\\/#organization\"},\"articleSection\":[\"Not\u00edcias\"],\"inLanguage\":\"pt-BR\"},{\"@type\":\"WebPage\",\"@id\":\"https:\\\/\\\/www.aceguarulhos.com.br\\\/blog\\\/povo-gasta-mais-com-educa%c3%a7%c3%a3o-e-sa%c3%bade\\\/\",\"url\":\"https:\\\/\\\/www.aceguarulhos.com.br\\\/blog\\\/povo-gasta-mais-com-educa%c3%a7%c3%a3o-e-sa%c3%bade\\\/\",\"name\":\"Povo gasta mais com educa\u00e7\u00e3o e sa\u00fade - ACE-Guarulhos\",\"isPartOf\":{\"@id\":\"https:\\\/\\\/www.aceguarulhos.com.br\\\/blog\\\/#website\"},\"datePublished\":\"2007-06-26T01:01:01+00:00\",\"breadcrumb\":{\"@id\":\"https:\\\/\\\/www.aceguarulhos.com.br\\\/blog\\\/povo-gasta-mais-com-educa%c3%a7%c3%a3o-e-sa%c3%bade\\\/#breadcrumb\"},\"inLanguage\":\"pt-BR\",\"potentialAction\":[{\"@type\":\"ReadAction\",\"target\":[\"https:\\\/\\\/www.aceguarulhos.com.br\\\/blog\\\/povo-gasta-mais-com-educa%c3%a7%c3%a3o-e-sa%c3%bade\\\/\"]}]},{\"@type\":\"BreadcrumbList\",\"@id\":\"https:\\\/\\\/www.aceguarulhos.com.br\\\/blog\\\/povo-gasta-mais-com-educa%c3%a7%c3%a3o-e-sa%c3%bade\\\/#breadcrumb\",\"itemListElement\":[{\"@type\":\"ListItem\",\"position\":1,\"name\":\"In\u00edcio\",\"item\":\"https:\\\/\\\/www.aceguarulhos.com.br\\\/blog\\\/\"},{\"@type\":\"ListItem\",\"position\":2,\"name\":\"Povo gasta mais com educa\u00e7\u00e3o e sa\u00fade\"}]},{\"@type\":\"WebSite\",\"@id\":\"https:\\\/\\\/www.aceguarulhos.com.br\\\/blog\\\/#website\",\"url\":\"https:\\\/\\\/www.aceguarulhos.com.br\\\/blog\\\/\",\"name\":\"ACE-Guarulhos\",\"description\":\"A ACE-Guarulhos \u00e9 uma associa\u00e7\u00e3o que ap\u00f3ia os empres\u00e1rios guarulhenses atrav\u00e9s da representa\u00e7\u00e3o, da gera\u00e7\u00e3o de neg\u00f3cios e presta\u00e7\u00e3o de servi\u00e7os.\",\"publisher\":{\"@id\":\"https:\\\/\\\/www.aceguarulhos.com.br\\\/blog\\\/#organization\"},\"potentialAction\":[{\"@type\":\"SearchAction\",\"target\":{\"@type\":\"EntryPoint\",\"urlTemplate\":\"https:\\\/\\\/www.aceguarulhos.com.br\\\/blog\\\/?s={search_term_string}\"},\"query-input\":{\"@type\":\"PropertyValueSpecification\",\"valueRequired\":true,\"valueName\":\"search_term_string\"}}],\"inLanguage\":\"pt-BR\"},{\"@type\":\"Organization\",\"@id\":\"https:\\\/\\\/www.aceguarulhos.com.br\\\/blog\\\/#organization\",\"name\":\"ACE-Guarulhos\",\"url\":\"https:\\\/\\\/www.aceguarulhos.com.br\\\/blog\\\/\",\"logo\":{\"@type\":\"ImageObject\",\"inLanguage\":\"pt-BR\",\"@id\":\"https:\\\/\\\/www.aceguarulhos.com.br\\\/blog\\\/#\\\/schema\\\/logo\\\/image\\\/\",\"url\":\"https:\\\/\\\/www.aceguarulhos.com.br\\\/blog\\\/wp-content\\\/uploads\\\/2017\\\/12\\\/logo-aceguarulhos-2018.png\",\"contentUrl\":\"https:\\\/\\\/www.aceguarulhos.com.br\\\/blog\\\/wp-content\\\/uploads\\\/2017\\\/12\\\/logo-aceguarulhos-2018.png\",\"width\":419,\"height\":76,\"caption\":\"ACE-Guarulhos\"},\"image\":{\"@id\":\"https:\\\/\\\/www.aceguarulhos.com.br\\\/blog\\\/#\\\/schema\\\/logo\\\/image\\\/\"},\"sameAs\":[\"https:\\\/\\\/www.facebook.com\\\/aceguarulhos\\\/\",\"https:\\\/\\\/br.linkedin.com\\\/in\\\/ace-guarulhos-b9a97093\",\"https:\\\/\\\/www.youtube.com\\\/user\\\/aceguarulhos\"]},{\"@type\":\"Person\",\"@id\":\"https:\\\/\\\/www.aceguarulhos.com.br\\\/blog\\\/#\\\/schema\\\/person\\\/6983b51bad37489989e4f09698c26237\",\"name\":\"Assessoria de Imprensa ACE-Guarulhos\",\"image\":{\"@type\":\"ImageObject\",\"inLanguage\":\"pt-BR\",\"@id\":\"https:\\\/\\\/secure.gravatar.com\\\/avatar\\\/707f3fadd6918afeb64173ab22d8a8cb0676953098a4f31ff36dc2b4c699ef6a?s=96&d=mm&r=g\",\"url\":\"https:\\\/\\\/secure.gravatar.com\\\/avatar\\\/707f3fadd6918afeb64173ab22d8a8cb0676953098a4f31ff36dc2b4c699ef6a?s=96&d=mm&r=g\",\"contentUrl\":\"https:\\\/\\\/secure.gravatar.com\\\/avatar\\\/707f3fadd6918afeb64173ab22d8a8cb0676953098a4f31ff36dc2b4c699ef6a?s=96&d=mm&r=g\",\"caption\":\"Assessoria de Imprensa ACE-Guarulhos\"},\"url\":\"https:\\\/\\\/www.aceguarulhos.com.br\\\/blog\\\/author\\\/assessoria-de-imprensa-ace-guarulhos\\\/\"}]}<\/script>\n<!-- \/ Yoast SEO plugin. -->","yoast_head_json":{"title":"Povo gasta mais com educa\u00e7\u00e3o e sa\u00fade  - ACE-Guarulhos","robots":{"index":"index","follow":"follow","max-snippet":"max-snippet:-1","max-image-preview":"max-image-preview:large","max-video-preview":"max-video-preview:-1"},"canonical":"https:\/\/www.aceguarulhos.com.br\/blog\/povo-gasta-mais-com-educa\u00e7\u00e3o-e-sa\u00fade\/","og_locale":"pt_BR","og_type":"article","og_title":"Povo gasta mais com educa\u00e7\u00e3o e sa\u00fade  - ACE-Guarulhos","og_description":"Nos \u00faltimos 16 anos a despesa m\u00e9dia do brasileiro estagnou, passando de R$ 600 para R$ 601 ao m\u00eas Mas houve importantes altera\u00e7\u00f5es","og_url":"https:\/\/www.aceguarulhos.com.br\/blog\/povo-gasta-mais-com-educa\u00e7\u00e3o-e-sa\u00fade\/","og_site_name":"ACE-Guarulhos","article_publisher":"https:\/\/www.facebook.com\/aceguarulhos\/","article_published_time":"2007-06-26T01:01:01+00:00","author":"Assessoria de Imprensa ACE-Guarulhos","twitter_card":"summary_large_image","twitter_misc":{"Escrito por":"Assessoria de Imprensa ACE-Guarulhos","Est. tempo de leitura":"2 minutos"},"schema":{"@context":"https:\/\/schema.org","@graph":[{"@type":"Article","@id":"https:\/\/www.aceguarulhos.com.br\/blog\/povo-gasta-mais-com-educa%c3%a7%c3%a3o-e-sa%c3%bade\/#article","isPartOf":{"@id":"https:\/\/www.aceguarulhos.com.br\/blog\/povo-gasta-mais-com-educa%c3%a7%c3%a3o-e-sa%c3%bade\/"},"author":{"name":"Assessoria de Imprensa ACE-Guarulhos","@id":"https:\/\/www.aceguarulhos.com.br\/blog\/#\/schema\/person\/6983b51bad37489989e4f09698c26237"},"headline":"Povo gasta mais com educa\u00e7\u00e3o e sa\u00fade","datePublished":"2007-06-26T01:01:01+00:00","mainEntityOfPage":{"@id":"https:\/\/www.aceguarulhos.com.br\/blog\/povo-gasta-mais-com-educa%c3%a7%c3%a3o-e-sa%c3%bade\/"},"wordCount":497,"commentCount":0,"publisher":{"@id":"https:\/\/www.aceguarulhos.com.br\/blog\/#organization"},"articleSection":["Not\u00edcias"],"inLanguage":"pt-BR"},{"@type":"WebPage","@id":"https:\/\/www.aceguarulhos.com.br\/blog\/povo-gasta-mais-com-educa%c3%a7%c3%a3o-e-sa%c3%bade\/","url":"https:\/\/www.aceguarulhos.com.br\/blog\/povo-gasta-mais-com-educa%c3%a7%c3%a3o-e-sa%c3%bade\/","name":"Povo gasta mais com educa\u00e7\u00e3o e sa\u00fade - ACE-Guarulhos","isPartOf":{"@id":"https:\/\/www.aceguarulhos.com.br\/blog\/#website"},"datePublished":"2007-06-26T01:01:01+00:00","breadcrumb":{"@id":"https:\/\/www.aceguarulhos.com.br\/blog\/povo-gasta-mais-com-educa%c3%a7%c3%a3o-e-sa%c3%bade\/#breadcrumb"},"inLanguage":"pt-BR","potentialAction":[{"@type":"ReadAction","target":["https:\/\/www.aceguarulhos.com.br\/blog\/povo-gasta-mais-com-educa%c3%a7%c3%a3o-e-sa%c3%bade\/"]}]},{"@type":"BreadcrumbList","@id":"https:\/\/www.aceguarulhos.com.br\/blog\/povo-gasta-mais-com-educa%c3%a7%c3%a3o-e-sa%c3%bade\/#breadcrumb","itemListElement":[{"@type":"ListItem","position":1,"name":"In\u00edcio","item":"https:\/\/www.aceguarulhos.com.br\/blog\/"},{"@type":"ListItem","position":2,"name":"Povo gasta mais com educa\u00e7\u00e3o e sa\u00fade"}]},{"@type":"WebSite","@id":"https:\/\/www.aceguarulhos.com.br\/blog\/#website","url":"https:\/\/www.aceguarulhos.com.br\/blog\/","name":"ACE-Guarulhos","description":"A ACE-Guarulhos \u00e9 uma associa\u00e7\u00e3o que ap\u00f3ia os empres\u00e1rios guarulhenses atrav\u00e9s da representa\u00e7\u00e3o, da gera\u00e7\u00e3o de neg\u00f3cios e presta\u00e7\u00e3o de servi\u00e7os.","publisher":{"@id":"https:\/\/www.aceguarulhos.com.br\/blog\/#organization"},"potentialAction":[{"@type":"SearchAction","target":{"@type":"EntryPoint","urlTemplate":"https:\/\/www.aceguarulhos.com.br\/blog\/?s={search_term_string}"},"query-input":{"@type":"PropertyValueSpecification","valueRequired":true,"valueName":"search_term_string"}}],"inLanguage":"pt-BR"},{"@type":"Organization","@id":"https:\/\/www.aceguarulhos.com.br\/blog\/#organization","name":"ACE-Guarulhos","url":"https:\/\/www.aceguarulhos.com.br\/blog\/","logo":{"@type":"ImageObject","inLanguage":"pt-BR","@id":"https:\/\/www.aceguarulhos.com.br\/blog\/#\/schema\/logo\/image\/","url":"https:\/\/www.aceguarulhos.com.br\/blog\/wp-content\/uploads\/2017\/12\/logo-aceguarulhos-2018.png","contentUrl":"https:\/\/www.aceguarulhos.com.br\/blog\/wp-content\/uploads\/2017\/12\/logo-aceguarulhos-2018.png","width":419,"height":76,"caption":"ACE-Guarulhos"},"image":{"@id":"https:\/\/www.aceguarulhos.com.br\/blog\/#\/schema\/logo\/image\/"},"sameAs":["https:\/\/www.facebook.com\/aceguarulhos\/","https:\/\/br.linkedin.com\/in\/ace-guarulhos-b9a97093","https:\/\/www.youtube.com\/user\/aceguarulhos"]},{"@type":"Person","@id":"https:\/\/www.aceguarulhos.com.br\/blog\/#\/schema\/person\/6983b51bad37489989e4f09698c26237","name":"Assessoria de Imprensa ACE-Guarulhos","image":{"@type":"ImageObject","inLanguage":"pt-BR","@id":"https:\/\/secure.gravatar.com\/avatar\/707f3fadd6918afeb64173ab22d8a8cb0676953098a4f31ff36dc2b4c699ef6a?s=96&d=mm&r=g","url":"https:\/\/secure.gravatar.com\/avatar\/707f3fadd6918afeb64173ab22d8a8cb0676953098a4f31ff36dc2b4c699ef6a?s=96&d=mm&r=g","contentUrl":"https:\/\/secure.gravatar.com\/avatar\/707f3fadd6918afeb64173ab22d8a8cb0676953098a4f31ff36dc2b4c699ef6a?s=96&d=mm&r=g","caption":"Assessoria de Imprensa ACE-Guarulhos"},"url":"https:\/\/www.aceguarulhos.com.br\/blog\/author\/assessoria-de-imprensa-ace-guarulhos\/"}]}},"wps_subtitle":"","amp_enabled":true,"_links":{"self":[{"href":"https:\/\/www.aceguarulhos.com.br\/blog\/wp-json\/wp\/v2\/posts\/31757","targetHints":{"allow":["GET"]}}],"collection":[{"href":"https:\/\/www.aceguarulhos.com.br\/blog\/wp-json\/wp\/v2\/posts"}],"about":[{"href":"https:\/\/www.aceguarulhos.com.br\/blog\/wp-json\/wp\/v2\/types\/post"}],"author":[{"embeddable":true,"href":"https:\/\/www.aceguarulhos.com.br\/blog\/wp-json\/wp\/v2\/users\/8"}],"replies":[{"embeddable":true,"href":"https:\/\/www.aceguarulhos.com.br\/blog\/wp-json\/wp\/v2\/comments?post=31757"}],"version-history":[{"count":0,"href":"https:\/\/www.aceguarulhos.com.br\/blog\/wp-json\/wp\/v2\/posts\/31757\/revisions"}],"wp:attachment":[{"href":"https:\/\/www.aceguarulhos.com.br\/blog\/wp-json\/wp\/v2\/media?parent=31757"}],"wp:term":[{"taxonomy":"category","embeddable":true,"href":"https:\/\/www.aceguarulhos.com.br\/blog\/wp-json\/wp\/v2\/categories?post=31757"},{"taxonomy":"post_tag","embeddable":true,"href":"https:\/\/www.aceguarulhos.com.br\/blog\/wp-json\/wp\/v2\/tags?post=31757"}],"curies":[{"name":"wp","href":"https:\/\/api.w.org\/{rel}","templated":true}]}}