{"id":31750,"date":"2007-06-22T10:11:33","date_gmt":"2007-06-22T10:11:33","guid":{"rendered":"http:\/\/www.aceguarulhos.com.br\/blog\/?p=31750"},"modified":"-0001-11-30T00:00:00","modified_gmt":"-0001-11-30T03:00:00","slug":"divida-p%c3%bablica-sobe-para-r-117-tri","status":"publish","type":"post","link":"https:\/\/www.aceguarulhos.com.br\/blog\/divida-p%c3%bablica-sobe-para-r-117-tri\/","title":{"rendered":"Divida P\u00fablica sobe para R$ 1,17 tri"},"content":{"rendered":"<p><i>A d\u00edvida p\u00fablica mobili\u00e1ria federal interna (DPMFi) cresceu 1,95% em maio em rela\u00e7\u00e3o a abril passando de R$ 1,151 trilh\u00e3o para R$ 1,173 trilh\u00e3o, de acordo com dados divulgados ontem pela Secretaria do Tesouro Nacional (STN)<\/i><\/p>\n<p>Apesar desse aumento, os principais indicadores do endividamento melhoraram: o prazo m\u00e9dio de vencimento se estendeu, a participa\u00e7\u00e3o dos t\u00edtulos prefixados subiu e o total dos d\u00e9bitos que vencem nos pr\u00f3ximos 12 meses diminuiu. <\/p>\n<p>Por causa da forte valoriza\u00e7\u00e3o do real em maio (5,16%), o estoque da d\u00edvida p\u00fablica federal externa teve redu\u00e7\u00e3o de 6,76%, encerrando o m\u00eas passado em R$ 125,4 bilh\u00f5es. A queda resultou tamb\u00e9m do cancelamento dos t\u00edtulos recomprados no segundo bimestre deste ano, por meio do Programa de Resgate Antecipado da D\u00edvida Externa. <\/p>\n<p>O estoque da d\u00edvida p\u00fablica federal total (incluindo os passivos internos e externos) aumentou 1,04%, passando de R$ 1,285 trilh\u00e3o para R$ 1,299 trilh\u00e3o. No caso da d\u00edvida interna, a participa\u00e7\u00e3o dos t\u00edtulos p\u00fablicos federais com remunera\u00e7\u00e3o prefixada passou de 36,17% do total em abril para 37,02% em maio. <\/p>\n<p>A participa\u00e7\u00e3o desses pap\u00e9is, que garantem mais seguran\u00e7a na administra\u00e7\u00e3o da d\u00edvida, voltou a ser superior \u00e0 fatia dos indexados \u00e0 taxa de juros b\u00e1sica da economia (Selic), que passou de 37,02% em abril para 36,6% em maio. Esses n\u00fameros comprovam melhora no perfil do endividamento. <br \/>Risco da d\u00edvida \u2014 O volume de t\u00edtulos em poder do p\u00fablico a vencer nos pr\u00f3ximos 12 meses diminuiu de 36,17% para 33,8% do total da d\u00edvida em maio. Esse \u00e9 um dos principais indicadores de risco de refinanciamento da d\u00edvida p\u00fablica. De acordo com informa\u00e7\u00f5es do Tesouro Nacional, essa diminui\u00e7\u00e3o decorreu principalmente do vencimento de R$ 18,1 bilh\u00f5es em t\u00edtulos em maio e dos leil\u00f5es de compra e troca, que geraram redu\u00e7\u00e3o adicional de R$ 14,4 bilh\u00f5es no estoque dos t\u00edtulos vincendos nos pr\u00f3ximos 12 meses. <\/p>\n<p><b>Previd\u00eancia<\/b> \u2014 O novo sal\u00e1rio m\u00ednimo, de R$ 380, fez as contas da Previd\u00eancia Social fecharem maio com d\u00e9ficit de R$ 3,349 bilh\u00f5es, o que corresponde a aumento 16,6% em rela\u00e7\u00e3o ao rombo de abril. <br \/>Tamb\u00e9m contribuiu para aumentar as despesas do Instituto Nacional do Seguro Social (INSS) no m\u00eas passado o reajuste de 3,3% dado aos benef\u00edcios previdenci\u00e1rios que t\u00eam valores superiores ao m\u00ednimo. Com isso, de janeiro a maio, a Previd\u00eancia acumula R$ 17,5 bilh\u00f5es de d\u00e9ficit, 6,5% mais que o registrado em igual per\u00edodo do ano passado. <\/p>\n<p>O sal\u00e1rio m\u00ednimo, que \u00e9 o piso dos pagamentos do INSS, foi reajustado em 8,57% neste ano. Como cerca de 65% das aposentadorias, aux\u00edlios e pens\u00f5es s\u00e3o de apenas um m\u00ednimo, o reajuste afeta diretamente as contas da Previd\u00eancia. As despesas em maio subiram para R$ 14,19 bilh\u00f5es, 6,3% a mais que em maio de 2006. O impacto financeiro do novo m\u00ednimo foi um pouco menor que o projetado pelo governo no in\u00edcio do ano. <\/p>\n<p>Segundo o secret\u00e1rio de Previd\u00eancia Social, Helmut Schwarzer, isso ocorreu porque a quantidade de benef\u00edcios pagos est\u00e1 controlada. &#8220;Os aux\u00edlios-doen\u00e7a, por exemplo, que j\u00e1 se cresceram muito, agora est\u00e3o est\u00e1veis, na faixa de 1,5 milh\u00e3o&#8221;, comentou.<\/p>\n","protected":false},"excerpt":{"rendered":"A d\u00edvida p\u00fablica mobili\u00e1ria federal interna (DPMFi) cresceu 1,95% em maio em rela\u00e7\u00e3o a abril passando de R$ 1,151 trilh\u00e3o para R$ 1,173 \n<a class=\"moretag\" href=\"https:\/\/www.aceguarulhos.com.br\/blog\/divida-p%c3%bablica-sobe-para-r-117-tri\/\"> [...]<\/a>","protected":false},"author":8,"featured_media":0,"comment_status":"open","ping_status":"open","sticky":false,"template":"","format":"standard","meta":{"footnotes":""},"categories":[2],"tags":[],"class_list":["post-31750","post","type-post","status-publish","format-standard","hentry","category-noticias"],"yoast_head":"<!-- This site is optimized with the Yoast SEO plugin v28.1 - https:\/\/yoast.com\/product\/yoast-seo-wordpress\/ -->\n<title>Divida P\u00fablica sobe para R$ 1,17 tri  - ACE-Guarulhos<\/title>\n<meta name=\"robots\" content=\"index, follow, max-snippet:-1, max-image-preview:large, max-video-preview:-1\" \/>\n<link rel=\"canonical\" href=\"https:\/\/www.aceguarulhos.com.br\/blog\/divida-p\u00fablica-sobe-para-r-117-tri\/\" \/>\n<meta property=\"og:locale\" content=\"pt_BR\" \/>\n<meta property=\"og:type\" content=\"article\" \/>\n<meta property=\"og:title\" content=\"Divida P\u00fablica sobe para R$ 1,17 tri  - ACE-Guarulhos\" \/>\n<meta property=\"og:description\" content=\"A d\u00edvida p\u00fablica mobili\u00e1ria federal interna (DPMFi) cresceu 1,95% em maio em rela\u00e7\u00e3o a abril passando de R$ 1,151 trilh\u00e3o para R$ 1,173\" \/>\n<meta property=\"og:url\" content=\"https:\/\/www.aceguarulhos.com.br\/blog\/divida-p\u00fablica-sobe-para-r-117-tri\/\" \/>\n<meta property=\"og:site_name\" content=\"ACE-Guarulhos\" \/>\n<meta property=\"article:publisher\" content=\"https:\/\/www.facebook.com\/aceguarulhos\/\" \/>\n<meta property=\"article:published_time\" content=\"2007-06-22T10:11:33+00:00\" \/>\n<meta name=\"author\" content=\"Assessoria de Imprensa ACE-Guarulhos\" \/>\n<meta name=\"twitter:card\" content=\"summary_large_image\" \/>\n<meta name=\"twitter:label1\" content=\"Escrito por\" \/>\n\t<meta name=\"twitter:data1\" content=\"Assessoria de Imprensa ACE-Guarulhos\" \/>\n\t<meta name=\"twitter:label2\" content=\"Est. tempo de leitura\" \/>\n\t<meta name=\"twitter:data2\" content=\"3 minutos\" \/>\n<script type=\"application\/ld+json\" class=\"yoast-schema-graph\">{\"@context\":\"https:\\\/\\\/schema.org\",\"@graph\":[{\"@type\":\"Article\",\"@id\":\"https:\\\/\\\/www.aceguarulhos.com.br\\\/blog\\\/divida-p%c3%bablica-sobe-para-r-117-tri\\\/#article\",\"isPartOf\":{\"@id\":\"https:\\\/\\\/www.aceguarulhos.com.br\\\/blog\\\/divida-p%c3%bablica-sobe-para-r-117-tri\\\/\"},\"author\":{\"name\":\"Assessoria de Imprensa ACE-Guarulhos\",\"@id\":\"https:\\\/\\\/www.aceguarulhos.com.br\\\/blog\\\/#\\\/schema\\\/person\\\/6983b51bad37489989e4f09698c26237\"},\"headline\":\"Divida P\u00fablica sobe para R$ 1,17 tri\",\"datePublished\":\"2007-06-22T10:11:33+00:00\",\"mainEntityOfPage\":{\"@id\":\"https:\\\/\\\/www.aceguarulhos.com.br\\\/blog\\\/divida-p%c3%bablica-sobe-para-r-117-tri\\\/\"},\"wordCount\":562,\"commentCount\":0,\"publisher\":{\"@id\":\"https:\\\/\\\/www.aceguarulhos.com.br\\\/blog\\\/#organization\"},\"articleSection\":[\"Not\u00edcias\"],\"inLanguage\":\"pt-BR\"},{\"@type\":\"WebPage\",\"@id\":\"https:\\\/\\\/www.aceguarulhos.com.br\\\/blog\\\/divida-p%c3%bablica-sobe-para-r-117-tri\\\/\",\"url\":\"https:\\\/\\\/www.aceguarulhos.com.br\\\/blog\\\/divida-p%c3%bablica-sobe-para-r-117-tri\\\/\",\"name\":\"Divida P\u00fablica sobe para R$ 1,17 tri - ACE-Guarulhos\",\"isPartOf\":{\"@id\":\"https:\\\/\\\/www.aceguarulhos.com.br\\\/blog\\\/#website\"},\"datePublished\":\"2007-06-22T10:11:33+00:00\",\"breadcrumb\":{\"@id\":\"https:\\\/\\\/www.aceguarulhos.com.br\\\/blog\\\/divida-p%c3%bablica-sobe-para-r-117-tri\\\/#breadcrumb\"},\"inLanguage\":\"pt-BR\",\"potentialAction\":[{\"@type\":\"ReadAction\",\"target\":[\"https:\\\/\\\/www.aceguarulhos.com.br\\\/blog\\\/divida-p%c3%bablica-sobe-para-r-117-tri\\\/\"]}]},{\"@type\":\"BreadcrumbList\",\"@id\":\"https:\\\/\\\/www.aceguarulhos.com.br\\\/blog\\\/divida-p%c3%bablica-sobe-para-r-117-tri\\\/#breadcrumb\",\"itemListElement\":[{\"@type\":\"ListItem\",\"position\":1,\"name\":\"In\u00edcio\",\"item\":\"https:\\\/\\\/www.aceguarulhos.com.br\\\/blog\\\/\"},{\"@type\":\"ListItem\",\"position\":2,\"name\":\"Divida P\u00fablica sobe para R$ 1,17 tri\"}]},{\"@type\":\"WebSite\",\"@id\":\"https:\\\/\\\/www.aceguarulhos.com.br\\\/blog\\\/#website\",\"url\":\"https:\\\/\\\/www.aceguarulhos.com.br\\\/blog\\\/\",\"name\":\"ACE-Guarulhos\",\"description\":\"A ACE-Guarulhos \u00e9 uma associa\u00e7\u00e3o que ap\u00f3ia os empres\u00e1rios guarulhenses atrav\u00e9s da representa\u00e7\u00e3o, da gera\u00e7\u00e3o de neg\u00f3cios e presta\u00e7\u00e3o de servi\u00e7os.\",\"publisher\":{\"@id\":\"https:\\\/\\\/www.aceguarulhos.com.br\\\/blog\\\/#organization\"},\"potentialAction\":[{\"@type\":\"SearchAction\",\"target\":{\"@type\":\"EntryPoint\",\"urlTemplate\":\"https:\\\/\\\/www.aceguarulhos.com.br\\\/blog\\\/?s={search_term_string}\"},\"query-input\":{\"@type\":\"PropertyValueSpecification\",\"valueRequired\":true,\"valueName\":\"search_term_string\"}}],\"inLanguage\":\"pt-BR\"},{\"@type\":\"Organization\",\"@id\":\"https:\\\/\\\/www.aceguarulhos.com.br\\\/blog\\\/#organization\",\"name\":\"ACE-Guarulhos\",\"url\":\"https:\\\/\\\/www.aceguarulhos.com.br\\\/blog\\\/\",\"logo\":{\"@type\":\"ImageObject\",\"inLanguage\":\"pt-BR\",\"@id\":\"https:\\\/\\\/www.aceguarulhos.com.br\\\/blog\\\/#\\\/schema\\\/logo\\\/image\\\/\",\"url\":\"https:\\\/\\\/www.aceguarulhos.com.br\\\/blog\\\/wp-content\\\/uploads\\\/2017\\\/12\\\/logo-aceguarulhos-2018.png\",\"contentUrl\":\"https:\\\/\\\/www.aceguarulhos.com.br\\\/blog\\\/wp-content\\\/uploads\\\/2017\\\/12\\\/logo-aceguarulhos-2018.png\",\"width\":419,\"height\":76,\"caption\":\"ACE-Guarulhos\"},\"image\":{\"@id\":\"https:\\\/\\\/www.aceguarulhos.com.br\\\/blog\\\/#\\\/schema\\\/logo\\\/image\\\/\"},\"sameAs\":[\"https:\\\/\\\/www.facebook.com\\\/aceguarulhos\\\/\",\"https:\\\/\\\/br.linkedin.com\\\/in\\\/ace-guarulhos-b9a97093\",\"https:\\\/\\\/www.youtube.com\\\/user\\\/aceguarulhos\"]},{\"@type\":\"Person\",\"@id\":\"https:\\\/\\\/www.aceguarulhos.com.br\\\/blog\\\/#\\\/schema\\\/person\\\/6983b51bad37489989e4f09698c26237\",\"name\":\"Assessoria de Imprensa ACE-Guarulhos\",\"image\":{\"@type\":\"ImageObject\",\"inLanguage\":\"pt-BR\",\"@id\":\"https:\\\/\\\/secure.gravatar.com\\\/avatar\\\/707f3fadd6918afeb64173ab22d8a8cb0676953098a4f31ff36dc2b4c699ef6a?s=96&d=mm&r=g\",\"url\":\"https:\\\/\\\/secure.gravatar.com\\\/avatar\\\/707f3fadd6918afeb64173ab22d8a8cb0676953098a4f31ff36dc2b4c699ef6a?s=96&d=mm&r=g\",\"contentUrl\":\"https:\\\/\\\/secure.gravatar.com\\\/avatar\\\/707f3fadd6918afeb64173ab22d8a8cb0676953098a4f31ff36dc2b4c699ef6a?s=96&d=mm&r=g\",\"caption\":\"Assessoria de Imprensa ACE-Guarulhos\"},\"url\":\"https:\\\/\\\/www.aceguarulhos.com.br\\\/blog\\\/author\\\/assessoria-de-imprensa-ace-guarulhos\\\/\"}]}<\/script>\n<!-- \/ Yoast SEO plugin. -->","yoast_head_json":{"title":"Divida P\u00fablica sobe para R$ 1,17 tri  - ACE-Guarulhos","robots":{"index":"index","follow":"follow","max-snippet":"max-snippet:-1","max-image-preview":"max-image-preview:large","max-video-preview":"max-video-preview:-1"},"canonical":"https:\/\/www.aceguarulhos.com.br\/blog\/divida-p\u00fablica-sobe-para-r-117-tri\/","og_locale":"pt_BR","og_type":"article","og_title":"Divida P\u00fablica sobe para R$ 1,17 tri  - ACE-Guarulhos","og_description":"A d\u00edvida p\u00fablica mobili\u00e1ria federal interna (DPMFi) cresceu 1,95% em maio em rela\u00e7\u00e3o a abril passando de R$ 1,151 trilh\u00e3o para R$ 1,173","og_url":"https:\/\/www.aceguarulhos.com.br\/blog\/divida-p\u00fablica-sobe-para-r-117-tri\/","og_site_name":"ACE-Guarulhos","article_publisher":"https:\/\/www.facebook.com\/aceguarulhos\/","article_published_time":"2007-06-22T10:11:33+00:00","author":"Assessoria de Imprensa ACE-Guarulhos","twitter_card":"summary_large_image","twitter_misc":{"Escrito por":"Assessoria de Imprensa ACE-Guarulhos","Est. tempo de leitura":"3 minutos"},"schema":{"@context":"https:\/\/schema.org","@graph":[{"@type":"Article","@id":"https:\/\/www.aceguarulhos.com.br\/blog\/divida-p%c3%bablica-sobe-para-r-117-tri\/#article","isPartOf":{"@id":"https:\/\/www.aceguarulhos.com.br\/blog\/divida-p%c3%bablica-sobe-para-r-117-tri\/"},"author":{"name":"Assessoria de Imprensa ACE-Guarulhos","@id":"https:\/\/www.aceguarulhos.com.br\/blog\/#\/schema\/person\/6983b51bad37489989e4f09698c26237"},"headline":"Divida P\u00fablica sobe para R$ 1,17 tri","datePublished":"2007-06-22T10:11:33+00:00","mainEntityOfPage":{"@id":"https:\/\/www.aceguarulhos.com.br\/blog\/divida-p%c3%bablica-sobe-para-r-117-tri\/"},"wordCount":562,"commentCount":0,"publisher":{"@id":"https:\/\/www.aceguarulhos.com.br\/blog\/#organization"},"articleSection":["Not\u00edcias"],"inLanguage":"pt-BR"},{"@type":"WebPage","@id":"https:\/\/www.aceguarulhos.com.br\/blog\/divida-p%c3%bablica-sobe-para-r-117-tri\/","url":"https:\/\/www.aceguarulhos.com.br\/blog\/divida-p%c3%bablica-sobe-para-r-117-tri\/","name":"Divida P\u00fablica sobe para R$ 1,17 tri - ACE-Guarulhos","isPartOf":{"@id":"https:\/\/www.aceguarulhos.com.br\/blog\/#website"},"datePublished":"2007-06-22T10:11:33+00:00","breadcrumb":{"@id":"https:\/\/www.aceguarulhos.com.br\/blog\/divida-p%c3%bablica-sobe-para-r-117-tri\/#breadcrumb"},"inLanguage":"pt-BR","potentialAction":[{"@type":"ReadAction","target":["https:\/\/www.aceguarulhos.com.br\/blog\/divida-p%c3%bablica-sobe-para-r-117-tri\/"]}]},{"@type":"BreadcrumbList","@id":"https:\/\/www.aceguarulhos.com.br\/blog\/divida-p%c3%bablica-sobe-para-r-117-tri\/#breadcrumb","itemListElement":[{"@type":"ListItem","position":1,"name":"In\u00edcio","item":"https:\/\/www.aceguarulhos.com.br\/blog\/"},{"@type":"ListItem","position":2,"name":"Divida P\u00fablica sobe para R$ 1,17 tri"}]},{"@type":"WebSite","@id":"https:\/\/www.aceguarulhos.com.br\/blog\/#website","url":"https:\/\/www.aceguarulhos.com.br\/blog\/","name":"ACE-Guarulhos","description":"A ACE-Guarulhos \u00e9 uma associa\u00e7\u00e3o que ap\u00f3ia os empres\u00e1rios guarulhenses atrav\u00e9s da representa\u00e7\u00e3o, da gera\u00e7\u00e3o de neg\u00f3cios e presta\u00e7\u00e3o de servi\u00e7os.","publisher":{"@id":"https:\/\/www.aceguarulhos.com.br\/blog\/#organization"},"potentialAction":[{"@type":"SearchAction","target":{"@type":"EntryPoint","urlTemplate":"https:\/\/www.aceguarulhos.com.br\/blog\/?s={search_term_string}"},"query-input":{"@type":"PropertyValueSpecification","valueRequired":true,"valueName":"search_term_string"}}],"inLanguage":"pt-BR"},{"@type":"Organization","@id":"https:\/\/www.aceguarulhos.com.br\/blog\/#organization","name":"ACE-Guarulhos","url":"https:\/\/www.aceguarulhos.com.br\/blog\/","logo":{"@type":"ImageObject","inLanguage":"pt-BR","@id":"https:\/\/www.aceguarulhos.com.br\/blog\/#\/schema\/logo\/image\/","url":"https:\/\/www.aceguarulhos.com.br\/blog\/wp-content\/uploads\/2017\/12\/logo-aceguarulhos-2018.png","contentUrl":"https:\/\/www.aceguarulhos.com.br\/blog\/wp-content\/uploads\/2017\/12\/logo-aceguarulhos-2018.png","width":419,"height":76,"caption":"ACE-Guarulhos"},"image":{"@id":"https:\/\/www.aceguarulhos.com.br\/blog\/#\/schema\/logo\/image\/"},"sameAs":["https:\/\/www.facebook.com\/aceguarulhos\/","https:\/\/br.linkedin.com\/in\/ace-guarulhos-b9a97093","https:\/\/www.youtube.com\/user\/aceguarulhos"]},{"@type":"Person","@id":"https:\/\/www.aceguarulhos.com.br\/blog\/#\/schema\/person\/6983b51bad37489989e4f09698c26237","name":"Assessoria de Imprensa ACE-Guarulhos","image":{"@type":"ImageObject","inLanguage":"pt-BR","@id":"https:\/\/secure.gravatar.com\/avatar\/707f3fadd6918afeb64173ab22d8a8cb0676953098a4f31ff36dc2b4c699ef6a?s=96&d=mm&r=g","url":"https:\/\/secure.gravatar.com\/avatar\/707f3fadd6918afeb64173ab22d8a8cb0676953098a4f31ff36dc2b4c699ef6a?s=96&d=mm&r=g","contentUrl":"https:\/\/secure.gravatar.com\/avatar\/707f3fadd6918afeb64173ab22d8a8cb0676953098a4f31ff36dc2b4c699ef6a?s=96&d=mm&r=g","caption":"Assessoria de Imprensa ACE-Guarulhos"},"url":"https:\/\/www.aceguarulhos.com.br\/blog\/author\/assessoria-de-imprensa-ace-guarulhos\/"}]}},"wps_subtitle":"","amp_enabled":true,"_links":{"self":[{"href":"https:\/\/www.aceguarulhos.com.br\/blog\/wp-json\/wp\/v2\/posts\/31750","targetHints":{"allow":["GET"]}}],"collection":[{"href":"https:\/\/www.aceguarulhos.com.br\/blog\/wp-json\/wp\/v2\/posts"}],"about":[{"href":"https:\/\/www.aceguarulhos.com.br\/blog\/wp-json\/wp\/v2\/types\/post"}],"author":[{"embeddable":true,"href":"https:\/\/www.aceguarulhos.com.br\/blog\/wp-json\/wp\/v2\/users\/8"}],"replies":[{"embeddable":true,"href":"https:\/\/www.aceguarulhos.com.br\/blog\/wp-json\/wp\/v2\/comments?post=31750"}],"version-history":[{"count":0,"href":"https:\/\/www.aceguarulhos.com.br\/blog\/wp-json\/wp\/v2\/posts\/31750\/revisions"}],"wp:attachment":[{"href":"https:\/\/www.aceguarulhos.com.br\/blog\/wp-json\/wp\/v2\/media?parent=31750"}],"wp:term":[{"taxonomy":"category","embeddable":true,"href":"https:\/\/www.aceguarulhos.com.br\/blog\/wp-json\/wp\/v2\/categories?post=31750"},{"taxonomy":"post_tag","embeddable":true,"href":"https:\/\/www.aceguarulhos.com.br\/blog\/wp-json\/wp\/v2\/tags?post=31750"}],"curies":[{"name":"wp","href":"https:\/\/api.w.org\/{rel}","templated":true}]}}