{"id":31711,"date":"2007-06-12T08:37:54","date_gmt":"2007-06-12T08:37:54","guid":{"rendered":"http:\/\/www.aceguarulhos.com.br\/blog\/?p=31711"},"modified":"-0001-11-30T00:00:00","modified_gmt":"-0001-11-30T03:00:00","slug":"reforma-tribut%c3%a1ria-sai-em-agosto","status":"publish","type":"post","link":"https:\/\/www.aceguarulhos.com.br\/blog\/reforma-tribut%c3%a1ria-sai-em-agosto\/","title":{"rendered":"Reforma tribut\u00e1ria sai em agosto"},"content":{"rendered":"<p><i>O governo dever\u00e1 enviar a proposta de reforma tribut\u00e1ria ao Congresso em agosto, afirmou ontem o secret\u00e1rio de Pol\u00edtica Econ\u00f4mica do Minist\u00e9rio da Fazenda, Bernard Appy <\/i><\/p>\n<p>O projeto \u00e9 objeto, no momento, de discuss\u00f5es avan\u00e7adas, mas possui diversos pontos indefinidos, como a valida\u00e7\u00e3o dos benef\u00edcios fiscais que foram concedidos pelos governos dos estados. Tamb\u00e9m \u00e9 preciso haver avan\u00e7o sobre o prazo de transi\u00e7\u00e3o para o novo modelo, segundo Appy. <\/p>\n<p>&#8220;Se chegarmos a um acordo sobre esse tema, a possibilidade de aprova\u00e7\u00e3o da reforma \u00e9 muito grande&#8221;, considerou. No entanto, mesmo sem consenso entre os governadores, o secret\u00e1rio do Minist\u00e9rio da Fazenda disse acreditar que existem condi\u00e7\u00f5es para a tramita\u00e7\u00e3o do projeto. <\/p>\n<p>A ren\u00fancia fiscal promovida pelos governos estaduais com o objetivo de atrair investimentos provoca uma perda da ordem de R$ 25 bilh\u00f5es ao ano, estimou. <br \/>Bernard Appy afirmou que o valor n\u00e3o \u00e9 preciso, uma vez que os benef\u00edcios n\u00e3o s\u00e3o transparentes e, em muitos casos, s\u00e3o fechados diretamente entre as empresas e os autoridades fiscais dos estados. <\/p>\n<p>Para eliminar os efeitos da guerra fiscal, a proposta da administra\u00e7\u00e3o federal prev\u00ea a mudan\u00e7a da tributa\u00e7\u00e3o do Imposto sobre Circula\u00e7\u00e3o de Mercadorias e Servi\u00e7os (ICMS). Ele incidiria no destino e n\u00e3o na origem. <\/p>\n<p>A proposta prev\u00ea a transforma\u00e7\u00e3o do tributo estadual num imposto sobre valor agregado (IVA), que ter\u00e1 uma legisla\u00e7\u00e3o comum para todos os Estados, de acordo com o secret\u00e1rio de Pol\u00edtica Econ\u00f4mica do Minist\u00e9rio da Fazenda. <\/p>\n<p>A id\u00e9ia \u00e9 dar autonomia \u00e0s administra\u00e7\u00f5es estaduais para definir as al\u00edquotas a serem postas em vigor, mas o alcance dessa liberdade ainda n\u00e3o foi definido, acrescentou. <br \/>Outro ponto que ainda n\u00e3o encontrou consenso foi a incorpora\u00e7\u00e3o do Imposto sobre Servi\u00e7os (ISS), tributo cobrado pelas prefeituras, ao novo IVA estadual. Para Appy, sem a unifica\u00e7\u00e3o dos dois impostos, o modelo de reforma acabaria ficando &#8220;capenga&#8221;. <\/p>\n<p>IVA \u2013 O tema da reforma tribut\u00e1ria est\u00e1, atualmente, em discuss\u00e3o com as administra\u00e7\u00f5es municipais e ainda n\u00e3o h\u00e1 uma id\u00e9ia fechada, afirmou. No \u00e2mbito federal, a mudan\u00e7a preparada pelo Poder Executivo prev\u00ea uma unifica\u00e7\u00e3o ampla. Seriam fundidos os tributos indiretos &#8211; ICMS, Imposto sobre Produtos Industrializados (IPI), Programa de Integra\u00e7\u00e3o Social (PIS) e contribui\u00e7\u00f5es para o Financiamento da Seguridade Social (Cofins) e de Interven\u00e7\u00e3o no Dom\u00ednio Econ\u00f4mico (Cide), surgindo a\u00ed um \u00fanico imposto \u2013 o IVA federal.<\/p>\n<p>Na vis\u00e3o do secret\u00e1rio de Pol\u00edtica Econ\u00f4mica do minist\u00e9rio, a modifica\u00e7\u00e3o no sistema de impostos representar\u00e1 uma altera\u00e7\u00e3o &#8220;sens\u00edvel&#8221; no potencial de crescimento da economia brasileira nos pr\u00f3ximos anos. Appy fez essas declara\u00e7\u00f5es ao participar de uma teleconfer\u00eancia promovida pela Consultoria Tend\u00eancias. (AE)<\/p>\n","protected":false},"excerpt":{"rendered":"O governo dever\u00e1 enviar a proposta de reforma tribut\u00e1ria ao Congresso em agosto, afirmou ontem o secret\u00e1rio de Pol\u00edtica Econ\u00f4mica do Minist\u00e9rio da \n<a class=\"moretag\" href=\"https:\/\/www.aceguarulhos.com.br\/blog\/reforma-tribut%c3%a1ria-sai-em-agosto\/\"> [...]<\/a>","protected":false},"author":8,"featured_media":0,"comment_status":"open","ping_status":"open","sticky":false,"template":"","format":"standard","meta":{"footnotes":""},"categories":[2],"tags":[],"class_list":["post-31711","post","type-post","status-publish","format-standard","hentry","category-noticias"],"yoast_head":"<!-- This site is optimized with the Yoast SEO plugin v28.1 - https:\/\/yoast.com\/product\/yoast-seo-wordpress\/ -->\n<title>Reforma tribut\u00e1ria sai em agosto - ACE-Guarulhos<\/title>\n<meta name=\"robots\" content=\"index, follow, max-snippet:-1, max-image-preview:large, max-video-preview:-1\" \/>\n<link rel=\"canonical\" href=\"https:\/\/www.aceguarulhos.com.br\/blog\/reforma-tribut\u00e1ria-sai-em-agosto\/\" \/>\n<meta property=\"og:locale\" content=\"pt_BR\" \/>\n<meta property=\"og:type\" content=\"article\" \/>\n<meta property=\"og:title\" content=\"Reforma tribut\u00e1ria sai em agosto - ACE-Guarulhos\" \/>\n<meta property=\"og:description\" content=\"O governo dever\u00e1 enviar a proposta de reforma tribut\u00e1ria ao Congresso em agosto, afirmou ontem o secret\u00e1rio de Pol\u00edtica Econ\u00f4mica do Minist\u00e9rio da\" \/>\n<meta property=\"og:url\" content=\"https:\/\/www.aceguarulhos.com.br\/blog\/reforma-tribut\u00e1ria-sai-em-agosto\/\" \/>\n<meta property=\"og:site_name\" content=\"ACE-Guarulhos\" \/>\n<meta property=\"article:publisher\" content=\"https:\/\/www.facebook.com\/aceguarulhos\/\" \/>\n<meta property=\"article:published_time\" content=\"2007-06-12T08:37:54+00:00\" \/>\n<meta name=\"author\" content=\"Assessoria de Imprensa ACE-Guarulhos\" \/>\n<meta name=\"twitter:card\" content=\"summary_large_image\" \/>\n<meta name=\"twitter:label1\" content=\"Escrito por\" \/>\n\t<meta name=\"twitter:data1\" content=\"Assessoria de Imprensa ACE-Guarulhos\" \/>\n\t<meta name=\"twitter:label2\" content=\"Est. tempo de leitura\" \/>\n\t<meta name=\"twitter:data2\" content=\"2 minutos\" \/>\n<script type=\"application\/ld+json\" class=\"yoast-schema-graph\">{\"@context\":\"https:\\\/\\\/schema.org\",\"@graph\":[{\"@type\":\"Article\",\"@id\":\"https:\\\/\\\/www.aceguarulhos.com.br\\\/blog\\\/reforma-tribut%c3%a1ria-sai-em-agosto\\\/#article\",\"isPartOf\":{\"@id\":\"https:\\\/\\\/www.aceguarulhos.com.br\\\/blog\\\/reforma-tribut%c3%a1ria-sai-em-agosto\\\/\"},\"author\":{\"name\":\"Assessoria de Imprensa ACE-Guarulhos\",\"@id\":\"https:\\\/\\\/www.aceguarulhos.com.br\\\/blog\\\/#\\\/schema\\\/person\\\/6983b51bad37489989e4f09698c26237\"},\"headline\":\"Reforma tribut\u00e1ria sai em agosto\",\"datePublished\":\"2007-06-12T08:37:54+00:00\",\"mainEntityOfPage\":{\"@id\":\"https:\\\/\\\/www.aceguarulhos.com.br\\\/blog\\\/reforma-tribut%c3%a1ria-sai-em-agosto\\\/\"},\"wordCount\":490,\"commentCount\":0,\"publisher\":{\"@id\":\"https:\\\/\\\/www.aceguarulhos.com.br\\\/blog\\\/#organization\"},\"articleSection\":[\"Not\u00edcias\"],\"inLanguage\":\"pt-BR\"},{\"@type\":\"WebPage\",\"@id\":\"https:\\\/\\\/www.aceguarulhos.com.br\\\/blog\\\/reforma-tribut%c3%a1ria-sai-em-agosto\\\/\",\"url\":\"https:\\\/\\\/www.aceguarulhos.com.br\\\/blog\\\/reforma-tribut%c3%a1ria-sai-em-agosto\\\/\",\"name\":\"Reforma tribut\u00e1ria sai em agosto - ACE-Guarulhos\",\"isPartOf\":{\"@id\":\"https:\\\/\\\/www.aceguarulhos.com.br\\\/blog\\\/#website\"},\"datePublished\":\"2007-06-12T08:37:54+00:00\",\"breadcrumb\":{\"@id\":\"https:\\\/\\\/www.aceguarulhos.com.br\\\/blog\\\/reforma-tribut%c3%a1ria-sai-em-agosto\\\/#breadcrumb\"},\"inLanguage\":\"pt-BR\",\"potentialAction\":[{\"@type\":\"ReadAction\",\"target\":[\"https:\\\/\\\/www.aceguarulhos.com.br\\\/blog\\\/reforma-tribut%c3%a1ria-sai-em-agosto\\\/\"]}]},{\"@type\":\"BreadcrumbList\",\"@id\":\"https:\\\/\\\/www.aceguarulhos.com.br\\\/blog\\\/reforma-tribut%c3%a1ria-sai-em-agosto\\\/#breadcrumb\",\"itemListElement\":[{\"@type\":\"ListItem\",\"position\":1,\"name\":\"In\u00edcio\",\"item\":\"https:\\\/\\\/www.aceguarulhos.com.br\\\/blog\\\/\"},{\"@type\":\"ListItem\",\"position\":2,\"name\":\"Reforma tribut\u00e1ria sai em agosto\"}]},{\"@type\":\"WebSite\",\"@id\":\"https:\\\/\\\/www.aceguarulhos.com.br\\\/blog\\\/#website\",\"url\":\"https:\\\/\\\/www.aceguarulhos.com.br\\\/blog\\\/\",\"name\":\"ACE-Guarulhos\",\"description\":\"A ACE-Guarulhos \u00e9 uma associa\u00e7\u00e3o que ap\u00f3ia os empres\u00e1rios guarulhenses atrav\u00e9s da representa\u00e7\u00e3o, da gera\u00e7\u00e3o de neg\u00f3cios e presta\u00e7\u00e3o de servi\u00e7os.\",\"publisher\":{\"@id\":\"https:\\\/\\\/www.aceguarulhos.com.br\\\/blog\\\/#organization\"},\"potentialAction\":[{\"@type\":\"SearchAction\",\"target\":{\"@type\":\"EntryPoint\",\"urlTemplate\":\"https:\\\/\\\/www.aceguarulhos.com.br\\\/blog\\\/?s={search_term_string}\"},\"query-input\":{\"@type\":\"PropertyValueSpecification\",\"valueRequired\":true,\"valueName\":\"search_term_string\"}}],\"inLanguage\":\"pt-BR\"},{\"@type\":\"Organization\",\"@id\":\"https:\\\/\\\/www.aceguarulhos.com.br\\\/blog\\\/#organization\",\"name\":\"ACE-Guarulhos\",\"url\":\"https:\\\/\\\/www.aceguarulhos.com.br\\\/blog\\\/\",\"logo\":{\"@type\":\"ImageObject\",\"inLanguage\":\"pt-BR\",\"@id\":\"https:\\\/\\\/www.aceguarulhos.com.br\\\/blog\\\/#\\\/schema\\\/logo\\\/image\\\/\",\"url\":\"https:\\\/\\\/www.aceguarulhos.com.br\\\/blog\\\/wp-content\\\/uploads\\\/2017\\\/12\\\/logo-aceguarulhos-2018.png\",\"contentUrl\":\"https:\\\/\\\/www.aceguarulhos.com.br\\\/blog\\\/wp-content\\\/uploads\\\/2017\\\/12\\\/logo-aceguarulhos-2018.png\",\"width\":419,\"height\":76,\"caption\":\"ACE-Guarulhos\"},\"image\":{\"@id\":\"https:\\\/\\\/www.aceguarulhos.com.br\\\/blog\\\/#\\\/schema\\\/logo\\\/image\\\/\"},\"sameAs\":[\"https:\\\/\\\/www.facebook.com\\\/aceguarulhos\\\/\",\"https:\\\/\\\/br.linkedin.com\\\/in\\\/ace-guarulhos-b9a97093\",\"https:\\\/\\\/www.youtube.com\\\/user\\\/aceguarulhos\"]},{\"@type\":\"Person\",\"@id\":\"https:\\\/\\\/www.aceguarulhos.com.br\\\/blog\\\/#\\\/schema\\\/person\\\/6983b51bad37489989e4f09698c26237\",\"name\":\"Assessoria de Imprensa ACE-Guarulhos\",\"image\":{\"@type\":\"ImageObject\",\"inLanguage\":\"pt-BR\",\"@id\":\"https:\\\/\\\/secure.gravatar.com\\\/avatar\\\/707f3fadd6918afeb64173ab22d8a8cb0676953098a4f31ff36dc2b4c699ef6a?s=96&d=mm&r=g\",\"url\":\"https:\\\/\\\/secure.gravatar.com\\\/avatar\\\/707f3fadd6918afeb64173ab22d8a8cb0676953098a4f31ff36dc2b4c699ef6a?s=96&d=mm&r=g\",\"contentUrl\":\"https:\\\/\\\/secure.gravatar.com\\\/avatar\\\/707f3fadd6918afeb64173ab22d8a8cb0676953098a4f31ff36dc2b4c699ef6a?s=96&d=mm&r=g\",\"caption\":\"Assessoria de Imprensa ACE-Guarulhos\"},\"url\":\"https:\\\/\\\/www.aceguarulhos.com.br\\\/blog\\\/author\\\/assessoria-de-imprensa-ace-guarulhos\\\/\"}]}<\/script>\n<!-- \/ Yoast SEO plugin. -->","yoast_head_json":{"title":"Reforma tribut\u00e1ria sai em agosto - ACE-Guarulhos","robots":{"index":"index","follow":"follow","max-snippet":"max-snippet:-1","max-image-preview":"max-image-preview:large","max-video-preview":"max-video-preview:-1"},"canonical":"https:\/\/www.aceguarulhos.com.br\/blog\/reforma-tribut\u00e1ria-sai-em-agosto\/","og_locale":"pt_BR","og_type":"article","og_title":"Reforma tribut\u00e1ria sai em agosto - ACE-Guarulhos","og_description":"O governo dever\u00e1 enviar a proposta de reforma tribut\u00e1ria ao Congresso em agosto, afirmou ontem o secret\u00e1rio de Pol\u00edtica Econ\u00f4mica do Minist\u00e9rio da","og_url":"https:\/\/www.aceguarulhos.com.br\/blog\/reforma-tribut\u00e1ria-sai-em-agosto\/","og_site_name":"ACE-Guarulhos","article_publisher":"https:\/\/www.facebook.com\/aceguarulhos\/","article_published_time":"2007-06-12T08:37:54+00:00","author":"Assessoria de Imprensa ACE-Guarulhos","twitter_card":"summary_large_image","twitter_misc":{"Escrito por":"Assessoria de Imprensa ACE-Guarulhos","Est. tempo de leitura":"2 minutos"},"schema":{"@context":"https:\/\/schema.org","@graph":[{"@type":"Article","@id":"https:\/\/www.aceguarulhos.com.br\/blog\/reforma-tribut%c3%a1ria-sai-em-agosto\/#article","isPartOf":{"@id":"https:\/\/www.aceguarulhos.com.br\/blog\/reforma-tribut%c3%a1ria-sai-em-agosto\/"},"author":{"name":"Assessoria de Imprensa ACE-Guarulhos","@id":"https:\/\/www.aceguarulhos.com.br\/blog\/#\/schema\/person\/6983b51bad37489989e4f09698c26237"},"headline":"Reforma tribut\u00e1ria sai em agosto","datePublished":"2007-06-12T08:37:54+00:00","mainEntityOfPage":{"@id":"https:\/\/www.aceguarulhos.com.br\/blog\/reforma-tribut%c3%a1ria-sai-em-agosto\/"},"wordCount":490,"commentCount":0,"publisher":{"@id":"https:\/\/www.aceguarulhos.com.br\/blog\/#organization"},"articleSection":["Not\u00edcias"],"inLanguage":"pt-BR"},{"@type":"WebPage","@id":"https:\/\/www.aceguarulhos.com.br\/blog\/reforma-tribut%c3%a1ria-sai-em-agosto\/","url":"https:\/\/www.aceguarulhos.com.br\/blog\/reforma-tribut%c3%a1ria-sai-em-agosto\/","name":"Reforma tribut\u00e1ria sai em agosto - ACE-Guarulhos","isPartOf":{"@id":"https:\/\/www.aceguarulhos.com.br\/blog\/#website"},"datePublished":"2007-06-12T08:37:54+00:00","breadcrumb":{"@id":"https:\/\/www.aceguarulhos.com.br\/blog\/reforma-tribut%c3%a1ria-sai-em-agosto\/#breadcrumb"},"inLanguage":"pt-BR","potentialAction":[{"@type":"ReadAction","target":["https:\/\/www.aceguarulhos.com.br\/blog\/reforma-tribut%c3%a1ria-sai-em-agosto\/"]}]},{"@type":"BreadcrumbList","@id":"https:\/\/www.aceguarulhos.com.br\/blog\/reforma-tribut%c3%a1ria-sai-em-agosto\/#breadcrumb","itemListElement":[{"@type":"ListItem","position":1,"name":"In\u00edcio","item":"https:\/\/www.aceguarulhos.com.br\/blog\/"},{"@type":"ListItem","position":2,"name":"Reforma tribut\u00e1ria sai em agosto"}]},{"@type":"WebSite","@id":"https:\/\/www.aceguarulhos.com.br\/blog\/#website","url":"https:\/\/www.aceguarulhos.com.br\/blog\/","name":"ACE-Guarulhos","description":"A ACE-Guarulhos \u00e9 uma associa\u00e7\u00e3o que ap\u00f3ia os empres\u00e1rios guarulhenses atrav\u00e9s da representa\u00e7\u00e3o, da gera\u00e7\u00e3o de neg\u00f3cios e presta\u00e7\u00e3o de servi\u00e7os.","publisher":{"@id":"https:\/\/www.aceguarulhos.com.br\/blog\/#organization"},"potentialAction":[{"@type":"SearchAction","target":{"@type":"EntryPoint","urlTemplate":"https:\/\/www.aceguarulhos.com.br\/blog\/?s={search_term_string}"},"query-input":{"@type":"PropertyValueSpecification","valueRequired":true,"valueName":"search_term_string"}}],"inLanguage":"pt-BR"},{"@type":"Organization","@id":"https:\/\/www.aceguarulhos.com.br\/blog\/#organization","name":"ACE-Guarulhos","url":"https:\/\/www.aceguarulhos.com.br\/blog\/","logo":{"@type":"ImageObject","inLanguage":"pt-BR","@id":"https:\/\/www.aceguarulhos.com.br\/blog\/#\/schema\/logo\/image\/","url":"https:\/\/www.aceguarulhos.com.br\/blog\/wp-content\/uploads\/2017\/12\/logo-aceguarulhos-2018.png","contentUrl":"https:\/\/www.aceguarulhos.com.br\/blog\/wp-content\/uploads\/2017\/12\/logo-aceguarulhos-2018.png","width":419,"height":76,"caption":"ACE-Guarulhos"},"image":{"@id":"https:\/\/www.aceguarulhos.com.br\/blog\/#\/schema\/logo\/image\/"},"sameAs":["https:\/\/www.facebook.com\/aceguarulhos\/","https:\/\/br.linkedin.com\/in\/ace-guarulhos-b9a97093","https:\/\/www.youtube.com\/user\/aceguarulhos"]},{"@type":"Person","@id":"https:\/\/www.aceguarulhos.com.br\/blog\/#\/schema\/person\/6983b51bad37489989e4f09698c26237","name":"Assessoria de Imprensa ACE-Guarulhos","image":{"@type":"ImageObject","inLanguage":"pt-BR","@id":"https:\/\/secure.gravatar.com\/avatar\/707f3fadd6918afeb64173ab22d8a8cb0676953098a4f31ff36dc2b4c699ef6a?s=96&d=mm&r=g","url":"https:\/\/secure.gravatar.com\/avatar\/707f3fadd6918afeb64173ab22d8a8cb0676953098a4f31ff36dc2b4c699ef6a?s=96&d=mm&r=g","contentUrl":"https:\/\/secure.gravatar.com\/avatar\/707f3fadd6918afeb64173ab22d8a8cb0676953098a4f31ff36dc2b4c699ef6a?s=96&d=mm&r=g","caption":"Assessoria de Imprensa ACE-Guarulhos"},"url":"https:\/\/www.aceguarulhos.com.br\/blog\/author\/assessoria-de-imprensa-ace-guarulhos\/"}]}},"wps_subtitle":"","amp_enabled":true,"_links":{"self":[{"href":"https:\/\/www.aceguarulhos.com.br\/blog\/wp-json\/wp\/v2\/posts\/31711","targetHints":{"allow":["GET"]}}],"collection":[{"href":"https:\/\/www.aceguarulhos.com.br\/blog\/wp-json\/wp\/v2\/posts"}],"about":[{"href":"https:\/\/www.aceguarulhos.com.br\/blog\/wp-json\/wp\/v2\/types\/post"}],"author":[{"embeddable":true,"href":"https:\/\/www.aceguarulhos.com.br\/blog\/wp-json\/wp\/v2\/users\/8"}],"replies":[{"embeddable":true,"href":"https:\/\/www.aceguarulhos.com.br\/blog\/wp-json\/wp\/v2\/comments?post=31711"}],"version-history":[{"count":0,"href":"https:\/\/www.aceguarulhos.com.br\/blog\/wp-json\/wp\/v2\/posts\/31711\/revisions"}],"wp:attachment":[{"href":"https:\/\/www.aceguarulhos.com.br\/blog\/wp-json\/wp\/v2\/media?parent=31711"}],"wp:term":[{"taxonomy":"category","embeddable":true,"href":"https:\/\/www.aceguarulhos.com.br\/blog\/wp-json\/wp\/v2\/categories?post=31711"},{"taxonomy":"post_tag","embeddable":true,"href":"https:\/\/www.aceguarulhos.com.br\/blog\/wp-json\/wp\/v2\/tags?post=31711"}],"curies":[{"name":"wp","href":"https:\/\/api.w.org\/{rel}","templated":true}]}}