{"id":31677,"date":"2007-06-04T09:39:09","date_gmt":"2007-06-04T09:39:09","guid":{"rendered":"http:\/\/www.aceguarulhos.com.br\/blog\/?p=31677"},"modified":"-0001-11-30T00:00:00","modified_gmt":"-0001-11-30T03:00:00","slug":"daniele-pestelli-%c3%a9-reeleito-para-diretoria-regional-do-ciesp-guarulhos","status":"publish","type":"post","link":"https:\/\/www.aceguarulhos.com.br\/blog\/daniele-pestelli-%c3%a9-reeleito-para-diretoria-regional-do-ciesp-guarulhos\/","title":{"rendered":"Daniele Pestelli \u00e9 reeleito para diretoria regional do Ciesp Guarulhos"},"content":{"rendered":"<p>O atual diretor titular do Ciesp Guarulhos (com jurisdi\u00e7\u00e3o estendida \u00e0 Aruj\u00e1, Mairipor\u00e3 e Santa Isabel), Daniele Pestelli, garantiu o exerc\u00edcio no cargo por mais 4 anos ap\u00f3s obter total aprova\u00e7\u00e3o dos 118 votos v\u00e1lidos na elei\u00e7\u00e3o para as diretorias do Ciesp, realizada no \u00faltimo dia 29 de maio.<\/p>\n<p>A Regional de Guarulhos teve mais de 50% de participa\u00e7\u00e3o de seu col\u00e9gio eleitoral, composto por 232 empresas aptas a votar. Pestelli, que concorreu com chapa \u00fanica, comemorou a vit\u00f3ria com colegas e colaboradores da Casa da Ind\u00fastria e revelou os planos para o pr\u00f3ximo mandato. \u201cQuero lutar, cada vez mais, pelo desenvolvimento da regi\u00e3o e espero instalar uma coordenadoria de economia para que possa acompanhar esse crescimento.\u201d Pestelli tamb\u00e9m quer diminuir a dist\u00e2ncia entre as empresas e a entidade. \u201cPretendo que os n\u00facleos busquem mais representantes e os traguem para dentro do Ciesp para que haja uma proximidade e uma participa\u00e7\u00e3o maior.\u201d<\/p>\n<p>A apura\u00e7\u00e3o dos votos das Elei\u00e7\u00f5es Ciesp\/ Fiesp foi realizada no Teatro Popular do Sesi, em S\u00e3o Paulo, e transmitida ao vivo, por teleconfer\u00eancia, para as regionais de todo estado. Agora, as duas entidades est\u00e3o novamente unidas e representadas por um \u00fanico diretor, Paulo Skaf, que recebeu, pela Fiesp, aprova\u00e7\u00e3o de 98% \u2013 dos 122 votos v\u00e1lidos, 118 foram a favor do empres\u00e1rio, sendo apenas 3 brancos e 1 nulo; enquanto no Ciesp, das 3.693 empresas que votaram, Skaf teve 3.659 votos a favor, o que representa uma aprova\u00e7\u00e3o de 99%.<\/p>\n<p>Skaf garantiu que tanto a Fiesp quanto o Ciesp, sob seu comando a partir de 27 de setembro pelos pr\u00f3ximos 4 anos, ter\u00e3o atua\u00e7\u00e3o mais pol\u00edtica em busca dos interesses maiores do Brasil, e n\u00e3o apenas da ind\u00fastria. \u201cTodas as nossas a\u00e7\u00f5es, iniciativas, declara\u00e7\u00f5es, press\u00f5es e lutas s\u00e3o a favor do pa\u00eds. Se o pa\u00eds vai bem, a ind\u00fastria vai bem.\u201d O presidente eleito afirmou que vai continuar lutando por reformas estruturais, desburocratiza\u00e7\u00e3o e diminui\u00e7\u00e3o da carga tribut\u00e1ria. \u201cPara entrar no trilho do desenvolvimento sustentado \u00e9 preciso estimular os que trabalham, produzem e geram riquezas; para isso, \u00e9 fundamental que se tenha um ambiente favor\u00e1vel\u201d, ressaltou.<\/p>\n","protected":false},"excerpt":{"rendered":"O atual diretor titular do Ciesp Guarulhos (com jurisdi\u00e7\u00e3o estendida \u00e0 Aruj\u00e1, Mairipor\u00e3 e Santa Isabel), Daniele Pestelli, garantiu o exerc\u00edcio no cargo \n<a class=\"moretag\" href=\"https:\/\/www.aceguarulhos.com.br\/blog\/daniele-pestelli-%c3%a9-reeleito-para-diretoria-regional-do-ciesp-guarulhos\/\"> [...]<\/a>","protected":false},"author":8,"featured_media":0,"comment_status":"open","ping_status":"open","sticky":false,"template":"","format":"standard","meta":{"footnotes":""},"categories":[2],"tags":[],"class_list":["post-31677","post","type-post","status-publish","format-standard","hentry","category-noticias"],"yoast_head":"<!-- This site is optimized with the Yoast SEO plugin v28.1 - https:\/\/yoast.com\/product\/yoast-seo-wordpress\/ -->\n<title>Daniele Pestelli \u00e9 reeleito para diretoria regional do Ciesp Guarulhos - ACE-Guarulhos<\/title>\n<meta name=\"robots\" content=\"index, follow, max-snippet:-1, max-image-preview:large, max-video-preview:-1\" \/>\n<link rel=\"canonical\" href=\"https:\/\/www.aceguarulhos.com.br\/blog\/daniele-pestelli-\u00e9-reeleito-para-diretoria-regional-do-ciesp-guarulhos\/\" \/>\n<meta property=\"og:locale\" content=\"pt_BR\" \/>\n<meta property=\"og:type\" content=\"article\" \/>\n<meta property=\"og:title\" content=\"Daniele Pestelli \u00e9 reeleito para diretoria regional do Ciesp Guarulhos - ACE-Guarulhos\" \/>\n<meta property=\"og:description\" content=\"O atual diretor titular do Ciesp Guarulhos (com jurisdi\u00e7\u00e3o estendida \u00e0 Aruj\u00e1, Mairipor\u00e3 e Santa Isabel), Daniele Pestelli, garantiu o exerc\u00edcio no cargo\" \/>\n<meta property=\"og:url\" content=\"https:\/\/www.aceguarulhos.com.br\/blog\/daniele-pestelli-\u00e9-reeleito-para-diretoria-regional-do-ciesp-guarulhos\/\" \/>\n<meta property=\"og:site_name\" content=\"ACE-Guarulhos\" \/>\n<meta property=\"article:publisher\" content=\"https:\/\/www.facebook.com\/aceguarulhos\/\" \/>\n<meta property=\"article:published_time\" content=\"2007-06-04T09:39:09+00:00\" \/>\n<meta name=\"author\" content=\"Assessoria de Imprensa ACE-Guarulhos\" \/>\n<meta name=\"twitter:card\" content=\"summary_large_image\" \/>\n<meta name=\"twitter:label1\" content=\"Escrito por\" \/>\n\t<meta name=\"twitter:data1\" content=\"Assessoria de Imprensa ACE-Guarulhos\" \/>\n\t<meta name=\"twitter:label2\" content=\"Est. tempo de leitura\" \/>\n\t<meta name=\"twitter:data2\" content=\"2 minutos\" \/>\n<script type=\"application\/ld+json\" class=\"yoast-schema-graph\">{\"@context\":\"https:\\\/\\\/schema.org\",\"@graph\":[{\"@type\":\"Article\",\"@id\":\"https:\\\/\\\/www.aceguarulhos.com.br\\\/blog\\\/daniele-pestelli-%c3%a9-reeleito-para-diretoria-regional-do-ciesp-guarulhos\\\/#article\",\"isPartOf\":{\"@id\":\"https:\\\/\\\/www.aceguarulhos.com.br\\\/blog\\\/daniele-pestelli-%c3%a9-reeleito-para-diretoria-regional-do-ciesp-guarulhos\\\/\"},\"author\":{\"name\":\"Assessoria de Imprensa ACE-Guarulhos\",\"@id\":\"https:\\\/\\\/www.aceguarulhos.com.br\\\/blog\\\/#\\\/schema\\\/person\\\/6983b51bad37489989e4f09698c26237\"},\"headline\":\"Daniele Pestelli \u00e9 reeleito para diretoria regional do Ciesp Guarulhos\",\"datePublished\":\"2007-06-04T09:39:09+00:00\",\"mainEntityOfPage\":{\"@id\":\"https:\\\/\\\/www.aceguarulhos.com.br\\\/blog\\\/daniele-pestelli-%c3%a9-reeleito-para-diretoria-regional-do-ciesp-guarulhos\\\/\"},\"wordCount\":381,\"commentCount\":0,\"publisher\":{\"@id\":\"https:\\\/\\\/www.aceguarulhos.com.br\\\/blog\\\/#organization\"},\"articleSection\":[\"Not\u00edcias\"],\"inLanguage\":\"pt-BR\"},{\"@type\":\"WebPage\",\"@id\":\"https:\\\/\\\/www.aceguarulhos.com.br\\\/blog\\\/daniele-pestelli-%c3%a9-reeleito-para-diretoria-regional-do-ciesp-guarulhos\\\/\",\"url\":\"https:\\\/\\\/www.aceguarulhos.com.br\\\/blog\\\/daniele-pestelli-%c3%a9-reeleito-para-diretoria-regional-do-ciesp-guarulhos\\\/\",\"name\":\"Daniele Pestelli \u00e9 reeleito para diretoria regional do Ciesp Guarulhos - ACE-Guarulhos\",\"isPartOf\":{\"@id\":\"https:\\\/\\\/www.aceguarulhos.com.br\\\/blog\\\/#website\"},\"datePublished\":\"2007-06-04T09:39:09+00:00\",\"breadcrumb\":{\"@id\":\"https:\\\/\\\/www.aceguarulhos.com.br\\\/blog\\\/daniele-pestelli-%c3%a9-reeleito-para-diretoria-regional-do-ciesp-guarulhos\\\/#breadcrumb\"},\"inLanguage\":\"pt-BR\",\"potentialAction\":[{\"@type\":\"ReadAction\",\"target\":[\"https:\\\/\\\/www.aceguarulhos.com.br\\\/blog\\\/daniele-pestelli-%c3%a9-reeleito-para-diretoria-regional-do-ciesp-guarulhos\\\/\"]}]},{\"@type\":\"BreadcrumbList\",\"@id\":\"https:\\\/\\\/www.aceguarulhos.com.br\\\/blog\\\/daniele-pestelli-%c3%a9-reeleito-para-diretoria-regional-do-ciesp-guarulhos\\\/#breadcrumb\",\"itemListElement\":[{\"@type\":\"ListItem\",\"position\":1,\"name\":\"In\u00edcio\",\"item\":\"https:\\\/\\\/www.aceguarulhos.com.br\\\/blog\\\/\"},{\"@type\":\"ListItem\",\"position\":2,\"name\":\"Daniele Pestelli \u00e9 reeleito para diretoria regional do Ciesp Guarulhos\"}]},{\"@type\":\"WebSite\",\"@id\":\"https:\\\/\\\/www.aceguarulhos.com.br\\\/blog\\\/#website\",\"url\":\"https:\\\/\\\/www.aceguarulhos.com.br\\\/blog\\\/\",\"name\":\"ACE-Guarulhos\",\"description\":\"A ACE-Guarulhos \u00e9 uma associa\u00e7\u00e3o que ap\u00f3ia os empres\u00e1rios guarulhenses atrav\u00e9s da representa\u00e7\u00e3o, da gera\u00e7\u00e3o de neg\u00f3cios e presta\u00e7\u00e3o de servi\u00e7os.\",\"publisher\":{\"@id\":\"https:\\\/\\\/www.aceguarulhos.com.br\\\/blog\\\/#organization\"},\"potentialAction\":[{\"@type\":\"SearchAction\",\"target\":{\"@type\":\"EntryPoint\",\"urlTemplate\":\"https:\\\/\\\/www.aceguarulhos.com.br\\\/blog\\\/?s={search_term_string}\"},\"query-input\":{\"@type\":\"PropertyValueSpecification\",\"valueRequired\":true,\"valueName\":\"search_term_string\"}}],\"inLanguage\":\"pt-BR\"},{\"@type\":\"Organization\",\"@id\":\"https:\\\/\\\/www.aceguarulhos.com.br\\\/blog\\\/#organization\",\"name\":\"ACE-Guarulhos\",\"url\":\"https:\\\/\\\/www.aceguarulhos.com.br\\\/blog\\\/\",\"logo\":{\"@type\":\"ImageObject\",\"inLanguage\":\"pt-BR\",\"@id\":\"https:\\\/\\\/www.aceguarulhos.com.br\\\/blog\\\/#\\\/schema\\\/logo\\\/image\\\/\",\"url\":\"https:\\\/\\\/www.aceguarulhos.com.br\\\/blog\\\/wp-content\\\/uploads\\\/2017\\\/12\\\/logo-aceguarulhos-2018.png\",\"contentUrl\":\"https:\\\/\\\/www.aceguarulhos.com.br\\\/blog\\\/wp-content\\\/uploads\\\/2017\\\/12\\\/logo-aceguarulhos-2018.png\",\"width\":419,\"height\":76,\"caption\":\"ACE-Guarulhos\"},\"image\":{\"@id\":\"https:\\\/\\\/www.aceguarulhos.com.br\\\/blog\\\/#\\\/schema\\\/logo\\\/image\\\/\"},\"sameAs\":[\"https:\\\/\\\/www.facebook.com\\\/aceguarulhos\\\/\",\"https:\\\/\\\/br.linkedin.com\\\/in\\\/ace-guarulhos-b9a97093\",\"https:\\\/\\\/www.youtube.com\\\/user\\\/aceguarulhos\"]},{\"@type\":\"Person\",\"@id\":\"https:\\\/\\\/www.aceguarulhos.com.br\\\/blog\\\/#\\\/schema\\\/person\\\/6983b51bad37489989e4f09698c26237\",\"name\":\"Assessoria de Imprensa ACE-Guarulhos\",\"image\":{\"@type\":\"ImageObject\",\"inLanguage\":\"pt-BR\",\"@id\":\"https:\\\/\\\/secure.gravatar.com\\\/avatar\\\/707f3fadd6918afeb64173ab22d8a8cb0676953098a4f31ff36dc2b4c699ef6a?s=96&d=mm&r=g\",\"url\":\"https:\\\/\\\/secure.gravatar.com\\\/avatar\\\/707f3fadd6918afeb64173ab22d8a8cb0676953098a4f31ff36dc2b4c699ef6a?s=96&d=mm&r=g\",\"contentUrl\":\"https:\\\/\\\/secure.gravatar.com\\\/avatar\\\/707f3fadd6918afeb64173ab22d8a8cb0676953098a4f31ff36dc2b4c699ef6a?s=96&d=mm&r=g\",\"caption\":\"Assessoria de Imprensa ACE-Guarulhos\"},\"url\":\"https:\\\/\\\/www.aceguarulhos.com.br\\\/blog\\\/author\\\/assessoria-de-imprensa-ace-guarulhos\\\/\"}]}<\/script>\n<!-- \/ Yoast SEO plugin. -->","yoast_head_json":{"title":"Daniele Pestelli \u00e9 reeleito para diretoria regional do Ciesp Guarulhos - ACE-Guarulhos","robots":{"index":"index","follow":"follow","max-snippet":"max-snippet:-1","max-image-preview":"max-image-preview:large","max-video-preview":"max-video-preview:-1"},"canonical":"https:\/\/www.aceguarulhos.com.br\/blog\/daniele-pestelli-\u00e9-reeleito-para-diretoria-regional-do-ciesp-guarulhos\/","og_locale":"pt_BR","og_type":"article","og_title":"Daniele Pestelli \u00e9 reeleito para diretoria regional do Ciesp Guarulhos - ACE-Guarulhos","og_description":"O atual diretor titular do Ciesp Guarulhos (com jurisdi\u00e7\u00e3o estendida \u00e0 Aruj\u00e1, Mairipor\u00e3 e Santa Isabel), Daniele Pestelli, garantiu o exerc\u00edcio no cargo","og_url":"https:\/\/www.aceguarulhos.com.br\/blog\/daniele-pestelli-\u00e9-reeleito-para-diretoria-regional-do-ciesp-guarulhos\/","og_site_name":"ACE-Guarulhos","article_publisher":"https:\/\/www.facebook.com\/aceguarulhos\/","article_published_time":"2007-06-04T09:39:09+00:00","author":"Assessoria de Imprensa ACE-Guarulhos","twitter_card":"summary_large_image","twitter_misc":{"Escrito por":"Assessoria de Imprensa ACE-Guarulhos","Est. tempo de leitura":"2 minutos"},"schema":{"@context":"https:\/\/schema.org","@graph":[{"@type":"Article","@id":"https:\/\/www.aceguarulhos.com.br\/blog\/daniele-pestelli-%c3%a9-reeleito-para-diretoria-regional-do-ciesp-guarulhos\/#article","isPartOf":{"@id":"https:\/\/www.aceguarulhos.com.br\/blog\/daniele-pestelli-%c3%a9-reeleito-para-diretoria-regional-do-ciesp-guarulhos\/"},"author":{"name":"Assessoria de Imprensa ACE-Guarulhos","@id":"https:\/\/www.aceguarulhos.com.br\/blog\/#\/schema\/person\/6983b51bad37489989e4f09698c26237"},"headline":"Daniele Pestelli \u00e9 reeleito para diretoria regional do Ciesp Guarulhos","datePublished":"2007-06-04T09:39:09+00:00","mainEntityOfPage":{"@id":"https:\/\/www.aceguarulhos.com.br\/blog\/daniele-pestelli-%c3%a9-reeleito-para-diretoria-regional-do-ciesp-guarulhos\/"},"wordCount":381,"commentCount":0,"publisher":{"@id":"https:\/\/www.aceguarulhos.com.br\/blog\/#organization"},"articleSection":["Not\u00edcias"],"inLanguage":"pt-BR"},{"@type":"WebPage","@id":"https:\/\/www.aceguarulhos.com.br\/blog\/daniele-pestelli-%c3%a9-reeleito-para-diretoria-regional-do-ciesp-guarulhos\/","url":"https:\/\/www.aceguarulhos.com.br\/blog\/daniele-pestelli-%c3%a9-reeleito-para-diretoria-regional-do-ciesp-guarulhos\/","name":"Daniele Pestelli \u00e9 reeleito para diretoria regional do Ciesp Guarulhos - ACE-Guarulhos","isPartOf":{"@id":"https:\/\/www.aceguarulhos.com.br\/blog\/#website"},"datePublished":"2007-06-04T09:39:09+00:00","breadcrumb":{"@id":"https:\/\/www.aceguarulhos.com.br\/blog\/daniele-pestelli-%c3%a9-reeleito-para-diretoria-regional-do-ciesp-guarulhos\/#breadcrumb"},"inLanguage":"pt-BR","potentialAction":[{"@type":"ReadAction","target":["https:\/\/www.aceguarulhos.com.br\/blog\/daniele-pestelli-%c3%a9-reeleito-para-diretoria-regional-do-ciesp-guarulhos\/"]}]},{"@type":"BreadcrumbList","@id":"https:\/\/www.aceguarulhos.com.br\/blog\/daniele-pestelli-%c3%a9-reeleito-para-diretoria-regional-do-ciesp-guarulhos\/#breadcrumb","itemListElement":[{"@type":"ListItem","position":1,"name":"In\u00edcio","item":"https:\/\/www.aceguarulhos.com.br\/blog\/"},{"@type":"ListItem","position":2,"name":"Daniele Pestelli \u00e9 reeleito para diretoria regional do Ciesp Guarulhos"}]},{"@type":"WebSite","@id":"https:\/\/www.aceguarulhos.com.br\/blog\/#website","url":"https:\/\/www.aceguarulhos.com.br\/blog\/","name":"ACE-Guarulhos","description":"A ACE-Guarulhos \u00e9 uma associa\u00e7\u00e3o que ap\u00f3ia os empres\u00e1rios guarulhenses atrav\u00e9s da representa\u00e7\u00e3o, da gera\u00e7\u00e3o de neg\u00f3cios e presta\u00e7\u00e3o de servi\u00e7os.","publisher":{"@id":"https:\/\/www.aceguarulhos.com.br\/blog\/#organization"},"potentialAction":[{"@type":"SearchAction","target":{"@type":"EntryPoint","urlTemplate":"https:\/\/www.aceguarulhos.com.br\/blog\/?s={search_term_string}"},"query-input":{"@type":"PropertyValueSpecification","valueRequired":true,"valueName":"search_term_string"}}],"inLanguage":"pt-BR"},{"@type":"Organization","@id":"https:\/\/www.aceguarulhos.com.br\/blog\/#organization","name":"ACE-Guarulhos","url":"https:\/\/www.aceguarulhos.com.br\/blog\/","logo":{"@type":"ImageObject","inLanguage":"pt-BR","@id":"https:\/\/www.aceguarulhos.com.br\/blog\/#\/schema\/logo\/image\/","url":"https:\/\/www.aceguarulhos.com.br\/blog\/wp-content\/uploads\/2017\/12\/logo-aceguarulhos-2018.png","contentUrl":"https:\/\/www.aceguarulhos.com.br\/blog\/wp-content\/uploads\/2017\/12\/logo-aceguarulhos-2018.png","width":419,"height":76,"caption":"ACE-Guarulhos"},"image":{"@id":"https:\/\/www.aceguarulhos.com.br\/blog\/#\/schema\/logo\/image\/"},"sameAs":["https:\/\/www.facebook.com\/aceguarulhos\/","https:\/\/br.linkedin.com\/in\/ace-guarulhos-b9a97093","https:\/\/www.youtube.com\/user\/aceguarulhos"]},{"@type":"Person","@id":"https:\/\/www.aceguarulhos.com.br\/blog\/#\/schema\/person\/6983b51bad37489989e4f09698c26237","name":"Assessoria de Imprensa ACE-Guarulhos","image":{"@type":"ImageObject","inLanguage":"pt-BR","@id":"https:\/\/secure.gravatar.com\/avatar\/707f3fadd6918afeb64173ab22d8a8cb0676953098a4f31ff36dc2b4c699ef6a?s=96&d=mm&r=g","url":"https:\/\/secure.gravatar.com\/avatar\/707f3fadd6918afeb64173ab22d8a8cb0676953098a4f31ff36dc2b4c699ef6a?s=96&d=mm&r=g","contentUrl":"https:\/\/secure.gravatar.com\/avatar\/707f3fadd6918afeb64173ab22d8a8cb0676953098a4f31ff36dc2b4c699ef6a?s=96&d=mm&r=g","caption":"Assessoria de Imprensa ACE-Guarulhos"},"url":"https:\/\/www.aceguarulhos.com.br\/blog\/author\/assessoria-de-imprensa-ace-guarulhos\/"}]}},"wps_subtitle":"","amp_enabled":true,"_links":{"self":[{"href":"https:\/\/www.aceguarulhos.com.br\/blog\/wp-json\/wp\/v2\/posts\/31677","targetHints":{"allow":["GET"]}}],"collection":[{"href":"https:\/\/www.aceguarulhos.com.br\/blog\/wp-json\/wp\/v2\/posts"}],"about":[{"href":"https:\/\/www.aceguarulhos.com.br\/blog\/wp-json\/wp\/v2\/types\/post"}],"author":[{"embeddable":true,"href":"https:\/\/www.aceguarulhos.com.br\/blog\/wp-json\/wp\/v2\/users\/8"}],"replies":[{"embeddable":true,"href":"https:\/\/www.aceguarulhos.com.br\/blog\/wp-json\/wp\/v2\/comments?post=31677"}],"version-history":[{"count":0,"href":"https:\/\/www.aceguarulhos.com.br\/blog\/wp-json\/wp\/v2\/posts\/31677\/revisions"}],"wp:attachment":[{"href":"https:\/\/www.aceguarulhos.com.br\/blog\/wp-json\/wp\/v2\/media?parent=31677"}],"wp:term":[{"taxonomy":"category","embeddable":true,"href":"https:\/\/www.aceguarulhos.com.br\/blog\/wp-json\/wp\/v2\/categories?post=31677"},{"taxonomy":"post_tag","embeddable":true,"href":"https:\/\/www.aceguarulhos.com.br\/blog\/wp-json\/wp\/v2\/tags?post=31677"}],"curies":[{"name":"wp","href":"https:\/\/api.w.org\/{rel}","templated":true}]}}