{"id":31654,"date":"2007-06-01T01:01:01","date_gmt":"2007-06-01T01:01:01","guid":{"rendered":"http:\/\/www.aceguarulhos.com.br\/blog\/?p=31654"},"modified":"-0001-11-30T00:00:00","modified_gmt":"-0001-11-30T03:00:00","slug":"a-chance-do-microempreendedor","status":"publish","type":"post","link":"https:\/\/www.aceguarulhos.com.br\/blog\/a-chance-do-microempreendedor\/","title":{"rendered":"A chance do microempreendedor"},"content":{"rendered":"<p><i>Pequenos empreendedores que possuem uma atividade fixa, ganham at\u00e9 R$ 3 mil mensais, mas vivem na informalidade por causa da burocracia e alta carga tribut\u00e1ria, sem direito, portanto, aos benef\u00edcios previdenci\u00e1rios, poder\u00e3o ter um tratamento diferenciado na Lei Geral da Micro e Pequena Empresa, conhecida como Supersimples<\/i><\/p>\n<p>A abertura desses neg\u00f3cios ser\u00e1 feita num \u00fanico local. O empreendedor poder\u00e1 indicar um endere\u00e7o residencial para exercer sua atividade e ficar\u00e1 livre do cumprimento de obriga\u00e7\u00f5es acess\u00f3rias. As novas regras ser\u00e3o levadas aos membros do Comit\u00ea Gestor de Tributa\u00e7\u00e3o, que cuida da regulamenta\u00e7\u00e3o do Supersimples. <\/p>\n<p>Estima-se, no Brasil, a exist\u00eancia de 22 milh\u00f5es de trabalhadores nessa situa\u00e7\u00e3o, que ter\u00e3o a oportunidade de se formalizarem com a cria\u00e7\u00e3o da figura do Microempreendedor Individual (MEI), idealizada pelo Secret\u00e1rio de Estado do Emprego e Rela\u00e7\u00f5es do Trabalho, Guilherme Afif Domingos, presidente do Comit\u00ea Estadual de Desburocratiza\u00e7\u00e3o. As linhas gerais para facilitar a formaliza\u00e7\u00e3o de pequenos neg\u00f3cios foram apresentadas na \u00faltima sexta-feira ao governador Jos\u00e9 Serra, no Pal\u00e1cio dos Bandeirantes, durante o f\u00f3rum &#8220;A Nova Realidade para os Pequenos Neg\u00f3cios&#8221;. <\/p>\n<p>A id\u00e9ia n\u00e3o \u00e9 nova. Foi apresentada h\u00e1 tr\u00eas anos por Afif, ent\u00e3o presidente da Associa\u00e7\u00e3o Comercial de S\u00e3o Paulo (ACSP), ao presidente Luiz In\u00e1cio Lula da Silva, sob a denomina\u00e7\u00e3o Empreendedor Urbano Pessoa F\u00edsica (EUPF). Acatada, virou projeto de lei no Congresso Nacional, mas foi atropelado pela aprova\u00e7\u00e3o do Supersimples. <\/p>\n<p>&#8220;A formaliza\u00e7\u00e3o desses pequenos empreendedores, que movimentam, e muito, a nossa economia, depende de um tratamento absolutamente simplificado, previsto inclusive no C\u00f3digo Civil&#8221;, diz Afif Domingos. <\/p>\n<p>Na opini\u00e3o do secret\u00e1rio-executivo do Programa Estadual de Desburocratiza\u00e7\u00e3o, Carlos Leony, esses trabalhadores devem ser vistos pelo Estado como &#8220;clientes&#8221; em potencial, que s\u00f3 est\u00e3o na informalidade por causa da burocracia e dos altos impostos. &#8220;Pagando al\u00edquotas mais modestas e com regras mais simplificadas para abrir e fechar seu neg\u00f3cio, essa subcategoria de trabalhadores ver\u00e1 que a formaliza\u00e7\u00e3o s\u00f3 trar\u00e1 benef\u00edcios&#8221;, diz. De acordo com Leony, a Lei Geral reconhece esse tratamento diferenciado, mas n\u00e3o detalha os procedimentos para isso se tornar realidade. Poder\u00e3o ser inclu\u00eddos nessa categoria pequenos vendedores, limpadores de piscinas, jardineiros, entre outros. <\/p>\n<p>Al\u00e9m do governador de S\u00e3o Paulo e do secret\u00e1rio do Emprego e Rela\u00e7\u00f5es do Trabalho, participaram do f\u00f3rum o presidente da Assembl\u00e9ia Legislativa do Estado de S\u00e3o Paulo, deputado Vaz de Lima; o presidente do Sebrae-SP e da Federa\u00e7\u00e3o da Agricultura do Estado de S\u00e3o Paulo (Faesp), F\u00e1bio de Salles Meirelles; o diretor superintendente do Sebrae-SP, Ricardo Tortorella; o presidente do Sebrae nacional, Paulo Okamotto; o diretor t\u00e9cnico do Sebrae-SP, Paulo Arruda e o diretor administrativo financeiro, Milton Dallari, e os deputados federais Renato Amari, Vanderlei Macriz e Arnaldo de S\u00e1. <\/p>\n<p><b>Supersimples<\/b> \u2013 Durante o f\u00f3rum, o Sebrae-SP apresentou um estudo sobre a formaliza\u00e7\u00e3o de neg\u00f3cios depois da cria\u00e7\u00e3o do Supersimples. Com a regulamenta\u00e7\u00e3o de todos os seus cap\u00edtulos nas esferas federal, estadual e municipal, at\u00e9 2012, cerca de 600 mil empresas estar\u00e3o formalizadas e ativas, gerando 1,8 milh\u00e3o de novos postos de trabalho. <\/p>\n<p>De acordo com o diretor-superintendente da entidade, Ricardo Tortorella, parte destes 600 mil novos empreendimentos vir\u00e1 da formaliza\u00e7\u00e3o de empresas que vivem na clandestinidade. A outra parte ser\u00e1 estimulada a abrir um novo neg\u00f3cio. <\/p>\n<p>Al\u00e9m de reduzir o n\u00edvel de informalidade, projeta-se uma redu\u00e7\u00e3o da taxa de mortalidade dos pequenos neg\u00f3cios: de 56% (4\u00ba e 5\u00ba ano) para 50,4% (5\u00ba e 6\u00ba ano). <\/p>\n<p>O estudo do Sebrae levou em conta as proje\u00e7\u00f5es que o Banco Central e outros organismos do governo federal fazem sobre taxa de juros, infla\u00e7\u00e3o, Produto Interno Bruto (PIB), balan\u00e7a comercial para os pr\u00f3ximos cinco anos, al\u00e9m da implanta\u00e7\u00e3o da lei do Supersimples, sancionada em dezembro de 2006. <br \/>Em S\u00e3o Paulo, o munic\u00edpio de Itarar\u00e9 foi o primeiro a aderir \u00e0 lei, adotando integralmente a minuta elaborada pelo Sebrae e outras 40 entidades.<\/p>\n","protected":false},"excerpt":{"rendered":"Pequenos empreendedores que possuem uma atividade fixa, ganham at\u00e9 R$ 3 mil mensais, mas vivem na informalidade por causa da burocracia e alta \n<a class=\"moretag\" href=\"https:\/\/www.aceguarulhos.com.br\/blog\/a-chance-do-microempreendedor\/\"> [...]<\/a>","protected":false},"author":8,"featured_media":0,"comment_status":"open","ping_status":"open","sticky":false,"template":"","format":"standard","meta":{"footnotes":""},"categories":[2],"tags":[],"class_list":["post-31654","post","type-post","status-publish","format-standard","hentry","category-noticias"],"yoast_head":"<!-- This site is optimized with the Yoast SEO plugin v28.1 - https:\/\/yoast.com\/product\/yoast-seo-wordpress\/ -->\n<title>A chance do microempreendedor  - ACE-Guarulhos<\/title>\n<meta name=\"robots\" content=\"index, follow, max-snippet:-1, max-image-preview:large, max-video-preview:-1\" \/>\n<link rel=\"canonical\" href=\"https:\/\/www.aceguarulhos.com.br\/blog\/a-chance-do-microempreendedor\/\" \/>\n<meta property=\"og:locale\" content=\"pt_BR\" \/>\n<meta property=\"og:type\" content=\"article\" \/>\n<meta property=\"og:title\" content=\"A chance do microempreendedor  - ACE-Guarulhos\" \/>\n<meta property=\"og:description\" content=\"Pequenos empreendedores que possuem uma atividade fixa, ganham at\u00e9 R$ 3 mil mensais, mas vivem na informalidade por causa da burocracia e alta\" \/>\n<meta property=\"og:url\" content=\"https:\/\/www.aceguarulhos.com.br\/blog\/a-chance-do-microempreendedor\/\" \/>\n<meta property=\"og:site_name\" content=\"ACE-Guarulhos\" \/>\n<meta property=\"article:publisher\" content=\"https:\/\/www.facebook.com\/aceguarulhos\/\" \/>\n<meta property=\"article:published_time\" content=\"2007-06-01T01:01:01+00:00\" \/>\n<meta name=\"author\" content=\"Assessoria de Imprensa ACE-Guarulhos\" \/>\n<meta name=\"twitter:card\" content=\"summary_large_image\" \/>\n<meta name=\"twitter:label1\" content=\"Escrito por\" \/>\n\t<meta name=\"twitter:data1\" content=\"Assessoria de Imprensa ACE-Guarulhos\" \/>\n\t<meta name=\"twitter:label2\" content=\"Est. tempo de leitura\" \/>\n\t<meta name=\"twitter:data2\" content=\"3 minutos\" \/>\n<script type=\"application\/ld+json\" class=\"yoast-schema-graph\">{\"@context\":\"https:\\\/\\\/schema.org\",\"@graph\":[{\"@type\":\"Article\",\"@id\":\"https:\\\/\\\/www.aceguarulhos.com.br\\\/blog\\\/a-chance-do-microempreendedor\\\/#article\",\"isPartOf\":{\"@id\":\"https:\\\/\\\/www.aceguarulhos.com.br\\\/blog\\\/a-chance-do-microempreendedor\\\/\"},\"author\":{\"name\":\"Assessoria de Imprensa ACE-Guarulhos\",\"@id\":\"https:\\\/\\\/www.aceguarulhos.com.br\\\/blog\\\/#\\\/schema\\\/person\\\/6983b51bad37489989e4f09698c26237\"},\"headline\":\"A chance do microempreendedor\",\"datePublished\":\"2007-06-01T01:01:01+00:00\",\"mainEntityOfPage\":{\"@id\":\"https:\\\/\\\/www.aceguarulhos.com.br\\\/blog\\\/a-chance-do-microempreendedor\\\/\"},\"wordCount\":694,\"commentCount\":0,\"publisher\":{\"@id\":\"https:\\\/\\\/www.aceguarulhos.com.br\\\/blog\\\/#organization\"},\"articleSection\":[\"Not\u00edcias\"],\"inLanguage\":\"pt-BR\"},{\"@type\":\"WebPage\",\"@id\":\"https:\\\/\\\/www.aceguarulhos.com.br\\\/blog\\\/a-chance-do-microempreendedor\\\/\",\"url\":\"https:\\\/\\\/www.aceguarulhos.com.br\\\/blog\\\/a-chance-do-microempreendedor\\\/\",\"name\":\"A chance do microempreendedor - ACE-Guarulhos\",\"isPartOf\":{\"@id\":\"https:\\\/\\\/www.aceguarulhos.com.br\\\/blog\\\/#website\"},\"datePublished\":\"2007-06-01T01:01:01+00:00\",\"breadcrumb\":{\"@id\":\"https:\\\/\\\/www.aceguarulhos.com.br\\\/blog\\\/a-chance-do-microempreendedor\\\/#breadcrumb\"},\"inLanguage\":\"pt-BR\",\"potentialAction\":[{\"@type\":\"ReadAction\",\"target\":[\"https:\\\/\\\/www.aceguarulhos.com.br\\\/blog\\\/a-chance-do-microempreendedor\\\/\"]}]},{\"@type\":\"BreadcrumbList\",\"@id\":\"https:\\\/\\\/www.aceguarulhos.com.br\\\/blog\\\/a-chance-do-microempreendedor\\\/#breadcrumb\",\"itemListElement\":[{\"@type\":\"ListItem\",\"position\":1,\"name\":\"In\u00edcio\",\"item\":\"https:\\\/\\\/www.aceguarulhos.com.br\\\/blog\\\/\"},{\"@type\":\"ListItem\",\"position\":2,\"name\":\"A chance do microempreendedor\"}]},{\"@type\":\"WebSite\",\"@id\":\"https:\\\/\\\/www.aceguarulhos.com.br\\\/blog\\\/#website\",\"url\":\"https:\\\/\\\/www.aceguarulhos.com.br\\\/blog\\\/\",\"name\":\"ACE-Guarulhos\",\"description\":\"A ACE-Guarulhos \u00e9 uma associa\u00e7\u00e3o que ap\u00f3ia os empres\u00e1rios guarulhenses atrav\u00e9s da representa\u00e7\u00e3o, da gera\u00e7\u00e3o de neg\u00f3cios e presta\u00e7\u00e3o de servi\u00e7os.\",\"publisher\":{\"@id\":\"https:\\\/\\\/www.aceguarulhos.com.br\\\/blog\\\/#organization\"},\"potentialAction\":[{\"@type\":\"SearchAction\",\"target\":{\"@type\":\"EntryPoint\",\"urlTemplate\":\"https:\\\/\\\/www.aceguarulhos.com.br\\\/blog\\\/?s={search_term_string}\"},\"query-input\":{\"@type\":\"PropertyValueSpecification\",\"valueRequired\":true,\"valueName\":\"search_term_string\"}}],\"inLanguage\":\"pt-BR\"},{\"@type\":\"Organization\",\"@id\":\"https:\\\/\\\/www.aceguarulhos.com.br\\\/blog\\\/#organization\",\"name\":\"ACE-Guarulhos\",\"url\":\"https:\\\/\\\/www.aceguarulhos.com.br\\\/blog\\\/\",\"logo\":{\"@type\":\"ImageObject\",\"inLanguage\":\"pt-BR\",\"@id\":\"https:\\\/\\\/www.aceguarulhos.com.br\\\/blog\\\/#\\\/schema\\\/logo\\\/image\\\/\",\"url\":\"https:\\\/\\\/www.aceguarulhos.com.br\\\/blog\\\/wp-content\\\/uploads\\\/2017\\\/12\\\/logo-aceguarulhos-2018.png\",\"contentUrl\":\"https:\\\/\\\/www.aceguarulhos.com.br\\\/blog\\\/wp-content\\\/uploads\\\/2017\\\/12\\\/logo-aceguarulhos-2018.png\",\"width\":419,\"height\":76,\"caption\":\"ACE-Guarulhos\"},\"image\":{\"@id\":\"https:\\\/\\\/www.aceguarulhos.com.br\\\/blog\\\/#\\\/schema\\\/logo\\\/image\\\/\"},\"sameAs\":[\"https:\\\/\\\/www.facebook.com\\\/aceguarulhos\\\/\",\"https:\\\/\\\/br.linkedin.com\\\/in\\\/ace-guarulhos-b9a97093\",\"https:\\\/\\\/www.youtube.com\\\/user\\\/aceguarulhos\"]},{\"@type\":\"Person\",\"@id\":\"https:\\\/\\\/www.aceguarulhos.com.br\\\/blog\\\/#\\\/schema\\\/person\\\/6983b51bad37489989e4f09698c26237\",\"name\":\"Assessoria de Imprensa ACE-Guarulhos\",\"image\":{\"@type\":\"ImageObject\",\"inLanguage\":\"pt-BR\",\"@id\":\"https:\\\/\\\/secure.gravatar.com\\\/avatar\\\/707f3fadd6918afeb64173ab22d8a8cb0676953098a4f31ff36dc2b4c699ef6a?s=96&d=mm&r=g\",\"url\":\"https:\\\/\\\/secure.gravatar.com\\\/avatar\\\/707f3fadd6918afeb64173ab22d8a8cb0676953098a4f31ff36dc2b4c699ef6a?s=96&d=mm&r=g\",\"contentUrl\":\"https:\\\/\\\/secure.gravatar.com\\\/avatar\\\/707f3fadd6918afeb64173ab22d8a8cb0676953098a4f31ff36dc2b4c699ef6a?s=96&d=mm&r=g\",\"caption\":\"Assessoria de Imprensa ACE-Guarulhos\"},\"url\":\"https:\\\/\\\/www.aceguarulhos.com.br\\\/blog\\\/author\\\/assessoria-de-imprensa-ace-guarulhos\\\/\"}]}<\/script>\n<!-- \/ Yoast SEO plugin. -->","yoast_head_json":{"title":"A chance do microempreendedor  - ACE-Guarulhos","robots":{"index":"index","follow":"follow","max-snippet":"max-snippet:-1","max-image-preview":"max-image-preview:large","max-video-preview":"max-video-preview:-1"},"canonical":"https:\/\/www.aceguarulhos.com.br\/blog\/a-chance-do-microempreendedor\/","og_locale":"pt_BR","og_type":"article","og_title":"A chance do microempreendedor  - ACE-Guarulhos","og_description":"Pequenos empreendedores que possuem uma atividade fixa, ganham at\u00e9 R$ 3 mil mensais, mas vivem na informalidade por causa da burocracia e alta","og_url":"https:\/\/www.aceguarulhos.com.br\/blog\/a-chance-do-microempreendedor\/","og_site_name":"ACE-Guarulhos","article_publisher":"https:\/\/www.facebook.com\/aceguarulhos\/","article_published_time":"2007-06-01T01:01:01+00:00","author":"Assessoria de Imprensa ACE-Guarulhos","twitter_card":"summary_large_image","twitter_misc":{"Escrito por":"Assessoria de Imprensa ACE-Guarulhos","Est. tempo de leitura":"3 minutos"},"schema":{"@context":"https:\/\/schema.org","@graph":[{"@type":"Article","@id":"https:\/\/www.aceguarulhos.com.br\/blog\/a-chance-do-microempreendedor\/#article","isPartOf":{"@id":"https:\/\/www.aceguarulhos.com.br\/blog\/a-chance-do-microempreendedor\/"},"author":{"name":"Assessoria de Imprensa ACE-Guarulhos","@id":"https:\/\/www.aceguarulhos.com.br\/blog\/#\/schema\/person\/6983b51bad37489989e4f09698c26237"},"headline":"A chance do microempreendedor","datePublished":"2007-06-01T01:01:01+00:00","mainEntityOfPage":{"@id":"https:\/\/www.aceguarulhos.com.br\/blog\/a-chance-do-microempreendedor\/"},"wordCount":694,"commentCount":0,"publisher":{"@id":"https:\/\/www.aceguarulhos.com.br\/blog\/#organization"},"articleSection":["Not\u00edcias"],"inLanguage":"pt-BR"},{"@type":"WebPage","@id":"https:\/\/www.aceguarulhos.com.br\/blog\/a-chance-do-microempreendedor\/","url":"https:\/\/www.aceguarulhos.com.br\/blog\/a-chance-do-microempreendedor\/","name":"A chance do microempreendedor - ACE-Guarulhos","isPartOf":{"@id":"https:\/\/www.aceguarulhos.com.br\/blog\/#website"},"datePublished":"2007-06-01T01:01:01+00:00","breadcrumb":{"@id":"https:\/\/www.aceguarulhos.com.br\/blog\/a-chance-do-microempreendedor\/#breadcrumb"},"inLanguage":"pt-BR","potentialAction":[{"@type":"ReadAction","target":["https:\/\/www.aceguarulhos.com.br\/blog\/a-chance-do-microempreendedor\/"]}]},{"@type":"BreadcrumbList","@id":"https:\/\/www.aceguarulhos.com.br\/blog\/a-chance-do-microempreendedor\/#breadcrumb","itemListElement":[{"@type":"ListItem","position":1,"name":"In\u00edcio","item":"https:\/\/www.aceguarulhos.com.br\/blog\/"},{"@type":"ListItem","position":2,"name":"A chance do microempreendedor"}]},{"@type":"WebSite","@id":"https:\/\/www.aceguarulhos.com.br\/blog\/#website","url":"https:\/\/www.aceguarulhos.com.br\/blog\/","name":"ACE-Guarulhos","description":"A ACE-Guarulhos \u00e9 uma associa\u00e7\u00e3o que ap\u00f3ia os empres\u00e1rios guarulhenses atrav\u00e9s da representa\u00e7\u00e3o, da gera\u00e7\u00e3o de neg\u00f3cios e presta\u00e7\u00e3o de servi\u00e7os.","publisher":{"@id":"https:\/\/www.aceguarulhos.com.br\/blog\/#organization"},"potentialAction":[{"@type":"SearchAction","target":{"@type":"EntryPoint","urlTemplate":"https:\/\/www.aceguarulhos.com.br\/blog\/?s={search_term_string}"},"query-input":{"@type":"PropertyValueSpecification","valueRequired":true,"valueName":"search_term_string"}}],"inLanguage":"pt-BR"},{"@type":"Organization","@id":"https:\/\/www.aceguarulhos.com.br\/blog\/#organization","name":"ACE-Guarulhos","url":"https:\/\/www.aceguarulhos.com.br\/blog\/","logo":{"@type":"ImageObject","inLanguage":"pt-BR","@id":"https:\/\/www.aceguarulhos.com.br\/blog\/#\/schema\/logo\/image\/","url":"https:\/\/www.aceguarulhos.com.br\/blog\/wp-content\/uploads\/2017\/12\/logo-aceguarulhos-2018.png","contentUrl":"https:\/\/www.aceguarulhos.com.br\/blog\/wp-content\/uploads\/2017\/12\/logo-aceguarulhos-2018.png","width":419,"height":76,"caption":"ACE-Guarulhos"},"image":{"@id":"https:\/\/www.aceguarulhos.com.br\/blog\/#\/schema\/logo\/image\/"},"sameAs":["https:\/\/www.facebook.com\/aceguarulhos\/","https:\/\/br.linkedin.com\/in\/ace-guarulhos-b9a97093","https:\/\/www.youtube.com\/user\/aceguarulhos"]},{"@type":"Person","@id":"https:\/\/www.aceguarulhos.com.br\/blog\/#\/schema\/person\/6983b51bad37489989e4f09698c26237","name":"Assessoria de Imprensa ACE-Guarulhos","image":{"@type":"ImageObject","inLanguage":"pt-BR","@id":"https:\/\/secure.gravatar.com\/avatar\/707f3fadd6918afeb64173ab22d8a8cb0676953098a4f31ff36dc2b4c699ef6a?s=96&d=mm&r=g","url":"https:\/\/secure.gravatar.com\/avatar\/707f3fadd6918afeb64173ab22d8a8cb0676953098a4f31ff36dc2b4c699ef6a?s=96&d=mm&r=g","contentUrl":"https:\/\/secure.gravatar.com\/avatar\/707f3fadd6918afeb64173ab22d8a8cb0676953098a4f31ff36dc2b4c699ef6a?s=96&d=mm&r=g","caption":"Assessoria de Imprensa ACE-Guarulhos"},"url":"https:\/\/www.aceguarulhos.com.br\/blog\/author\/assessoria-de-imprensa-ace-guarulhos\/"}]}},"wps_subtitle":"","amp_enabled":true,"_links":{"self":[{"href":"https:\/\/www.aceguarulhos.com.br\/blog\/wp-json\/wp\/v2\/posts\/31654","targetHints":{"allow":["GET"]}}],"collection":[{"href":"https:\/\/www.aceguarulhos.com.br\/blog\/wp-json\/wp\/v2\/posts"}],"about":[{"href":"https:\/\/www.aceguarulhos.com.br\/blog\/wp-json\/wp\/v2\/types\/post"}],"author":[{"embeddable":true,"href":"https:\/\/www.aceguarulhos.com.br\/blog\/wp-json\/wp\/v2\/users\/8"}],"replies":[{"embeddable":true,"href":"https:\/\/www.aceguarulhos.com.br\/blog\/wp-json\/wp\/v2\/comments?post=31654"}],"version-history":[{"count":0,"href":"https:\/\/www.aceguarulhos.com.br\/blog\/wp-json\/wp\/v2\/posts\/31654\/revisions"}],"wp:attachment":[{"href":"https:\/\/www.aceguarulhos.com.br\/blog\/wp-json\/wp\/v2\/media?parent=31654"}],"wp:term":[{"taxonomy":"category","embeddable":true,"href":"https:\/\/www.aceguarulhos.com.br\/blog\/wp-json\/wp\/v2\/categories?post=31654"},{"taxonomy":"post_tag","embeddable":true,"href":"https:\/\/www.aceguarulhos.com.br\/blog\/wp-json\/wp\/v2\/tags?post=31654"}],"curies":[{"name":"wp","href":"https:\/\/api.w.org\/{rel}","templated":true}]}}