{"id":31621,"date":"2007-05-28T01:01:06","date_gmt":"2007-05-28T01:01:06","guid":{"rendered":"http:\/\/www.aceguarulhos.com.br\/blog\/?p=31621"},"modified":"-0001-11-30T00:00:00","modified_gmt":"-0001-11-30T03:00:00","slug":"plano-bresser-fim-do-prazo-na-justi%c3%a7a","status":"publish","type":"post","link":"https:\/\/www.aceguarulhos.com.br\/blog\/plano-bresser-fim-do-prazo-na-justi%c3%a7a\/","title":{"rendered":"Plano Bresser: fim do prazo na Justi\u00e7a"},"content":{"rendered":"<p>Aqueles que tinham caderneta de poupan\u00e7a com anivers\u00e1rio na primeira quinzena de junho de 1987 t\u00eam at\u00e9 o pr\u00f3ximo dia 31 para entrar com a\u00e7\u00e3o na Justi\u00e7a e obter a corre\u00e7\u00e3o do expurgo do Plano Bresser. Em junho de 1997, essas cadernetas deveriam ter sido corrigidas em 26,06%, em vez de 18,61%, o que corresponde a uma diferen\u00e7a de 8,08 pontos percentuais. <\/p>\n<p>Quem por acaso perder o prazo pode, ainda, se beneficiar com as a\u00e7\u00f5es ajuizadas pelo Instituto de Defesa do Consumidor (Idec). Como se tratam de a\u00e7\u00f5es civis p\u00fablicas, elas valem para todo o Pa\u00eds e contemplam automaticamente todos os correntistas, se a decis\u00e3o na Justi\u00e7a for favor\u00e1vel. Mas o benef\u00edcio s\u00f3 vale para quem n\u00e3o tem senten\u00e7a sobre o assunto. <\/p>\n<p>A perspectiva de vit\u00f3ria dos correntistas \u00e9 certa, de acordo com o Idec. Isso porque tanto o Supremo Tribunal Federal (STF) como o Superior Tribunal de Justi\u00e7a (STJ) j\u00e1 decidiram nesse sentido. &#8220;Mas, para receber a diferen\u00e7a, \u00e9 preciso apresentar extrato que comprove a exist\u00eancia de conta poupan\u00e7a com anivers\u00e1rio no per\u00edodo em que o plano vigorou&#8221;, afirma o coordenador de a\u00e7\u00f5es judiciais do Idec, Paulo Pacini. <\/p>\n<p>O Idec ajuizou a\u00e7\u00f5es contra a Caixa Econ\u00f4mica Federal (CEF), Banco do Brasil, Nossa Caixa, Safra, Bradesco \u2013 incluindo o BCN e Finasa \u2013, Ita\u00fa, Unibanco \u2013 incluindo o Banco Bandeirantes \u2013 e ABN Amro Bank, al\u00e9m do Real, Sudameris e Am\u00e9rica do Sul. <\/p>\n<p>A obten\u00e7\u00e3o do extrato \u00e9 o grande mart\u00edrio desses correntistas, j\u00e1 que muitos bancos est\u00e3o demorando para entregar o documento. Essa &#8220;falta de vontade&#8221; fez a seccional paulista da Ordem dos Advogados do Brasil (OAB-SP) publicar nota de alerta aos cidad\u00e3os e criticar os bancos. Segundo o presidente da Comiss\u00e3o de Defesa do Consumidor da OAB-SP, Jos\u00e9 Eduardo Tavolieri de Oliveira, o extrato \u00e9 a prova necess\u00e1ria para a a\u00e7\u00e3o e &#8220;os bancos, por lei, s\u00e3o obrigados a manter os dados arquivados por 20 anos e fornec\u00ea-los aos correntistas&#8221;. <\/p>\n<p>Para aqueles que n\u00e3o conseguirem o extrato no prazo, o Idec recomenda que ingressem, primeiro, com uma a\u00e7\u00e3o cautelar para <br \/>obrigar o banco a buscar o documento. &#8220;Essa medida possibilita que depois o correntista ingresse com a a\u00e7\u00e3o principal pedindo a devolu\u00e7\u00e3o do expurgo&#8221;, explica Pacini. <\/p>\n<p>O advogado Alexandre Berthe Pinto, do escrit\u00f3rio Berthe e Montemurro Advogados Associados, avisa que, se o correntista ajuizar a\u00e7\u00e3o sem ter certeza de que tinha poupan\u00e7a no per\u00edodo, poder\u00e1 ter preju\u00edzo. &#8220;Esse correntista vai arcar com as custas processuais e honor\u00e1rios advocat\u00edcios&#8221;, lembra. <\/p>\n<p><b>Extrato <\/b>\u2013 O advogado afirma que as pessoas que pediram o extrato e tiverem dificuldades devem fazer uma reclama\u00e7\u00e3o formal <br \/>ao Banco Central. &#8220;Assim \u00e9 poss\u00edvel, futuramente, pedir indeniza\u00e7\u00e3o por danos materiais e morais.&#8221; <\/p>\n<p>A assessoria de imprensa do Bradesco informou que para obter o extrato basta ir \u00e0 ag\u00eancia com algum registro da poupan\u00e7a, como n\u00famero da conta ou c\u00f3pia de carta enviada pelo Correio. Somente com o n\u00famero do CPF, o processo \u00e9 mais demorado. Por ser segunda via de documento, o Bradesco cobra R$ 7 por folha de extrato. Ap\u00f3s a solicita\u00e7\u00e3o, os dados s\u00e3o entregues em at\u00e9 15 dias \u00fateis. <\/p>\n","protected":false},"excerpt":{"rendered":"Aqueles que tinham caderneta de poupan\u00e7a com anivers\u00e1rio na primeira quinzena de junho de 1987 t\u00eam at\u00e9 o pr\u00f3ximo dia 31 para entrar \n<a class=\"moretag\" href=\"https:\/\/www.aceguarulhos.com.br\/blog\/plano-bresser-fim-do-prazo-na-justi%c3%a7a\/\"> [...]<\/a>","protected":false},"author":8,"featured_media":0,"comment_status":"open","ping_status":"open","sticky":false,"template":"","format":"standard","meta":{"footnotes":""},"categories":[2],"tags":[],"class_list":["post-31621","post","type-post","status-publish","format-standard","hentry","category-noticias"],"yoast_head":"<!-- This site is optimized with the Yoast SEO plugin v28.1 - https:\/\/yoast.com\/product\/yoast-seo-wordpress\/ -->\n<title>Plano Bresser: fim do prazo na Justi\u00e7a  - ACE-Guarulhos<\/title>\n<meta name=\"robots\" content=\"index, follow, max-snippet:-1, max-image-preview:large, max-video-preview:-1\" \/>\n<link rel=\"canonical\" href=\"https:\/\/www.aceguarulhos.com.br\/blog\/plano-bresser-fim-do-prazo-na-justi\u00e7a\/\" \/>\n<meta property=\"og:locale\" content=\"pt_BR\" \/>\n<meta property=\"og:type\" content=\"article\" \/>\n<meta property=\"og:title\" content=\"Plano Bresser: fim do prazo na Justi\u00e7a  - ACE-Guarulhos\" \/>\n<meta property=\"og:description\" content=\"Aqueles que tinham caderneta de poupan\u00e7a com anivers\u00e1rio na primeira quinzena de junho de 1987 t\u00eam at\u00e9 o pr\u00f3ximo dia 31 para entrar\" \/>\n<meta property=\"og:url\" content=\"https:\/\/www.aceguarulhos.com.br\/blog\/plano-bresser-fim-do-prazo-na-justi\u00e7a\/\" \/>\n<meta property=\"og:site_name\" content=\"ACE-Guarulhos\" \/>\n<meta property=\"article:publisher\" content=\"https:\/\/www.facebook.com\/aceguarulhos\/\" \/>\n<meta property=\"article:published_time\" content=\"2007-05-28T01:01:06+00:00\" \/>\n<meta name=\"author\" content=\"Assessoria de Imprensa ACE-Guarulhos\" \/>\n<meta name=\"twitter:card\" content=\"summary_large_image\" \/>\n<meta name=\"twitter:label1\" content=\"Escrito por\" \/>\n\t<meta name=\"twitter:data1\" content=\"Assessoria de Imprensa ACE-Guarulhos\" \/>\n\t<meta name=\"twitter:label2\" content=\"Est. tempo de leitura\" \/>\n\t<meta name=\"twitter:data2\" content=\"3 minutos\" \/>\n<script type=\"application\/ld+json\" class=\"yoast-schema-graph\">{\"@context\":\"https:\\\/\\\/schema.org\",\"@graph\":[{\"@type\":\"Article\",\"@id\":\"https:\\\/\\\/www.aceguarulhos.com.br\\\/blog\\\/plano-bresser-fim-do-prazo-na-justi%c3%a7a\\\/#article\",\"isPartOf\":{\"@id\":\"https:\\\/\\\/www.aceguarulhos.com.br\\\/blog\\\/plano-bresser-fim-do-prazo-na-justi%c3%a7a\\\/\"},\"author\":{\"name\":\"Assessoria de Imprensa ACE-Guarulhos\",\"@id\":\"https:\\\/\\\/www.aceguarulhos.com.br\\\/blog\\\/#\\\/schema\\\/person\\\/6983b51bad37489989e4f09698c26237\"},\"headline\":\"Plano Bresser: fim do prazo na Justi\u00e7a\",\"datePublished\":\"2007-05-28T01:01:06+00:00\",\"mainEntityOfPage\":{\"@id\":\"https:\\\/\\\/www.aceguarulhos.com.br\\\/blog\\\/plano-bresser-fim-do-prazo-na-justi%c3%a7a\\\/\"},\"wordCount\":563,\"commentCount\":0,\"publisher\":{\"@id\":\"https:\\\/\\\/www.aceguarulhos.com.br\\\/blog\\\/#organization\"},\"articleSection\":[\"Not\u00edcias\"],\"inLanguage\":\"pt-BR\"},{\"@type\":\"WebPage\",\"@id\":\"https:\\\/\\\/www.aceguarulhos.com.br\\\/blog\\\/plano-bresser-fim-do-prazo-na-justi%c3%a7a\\\/\",\"url\":\"https:\\\/\\\/www.aceguarulhos.com.br\\\/blog\\\/plano-bresser-fim-do-prazo-na-justi%c3%a7a\\\/\",\"name\":\"Plano Bresser: fim do prazo na Justi\u00e7a - ACE-Guarulhos\",\"isPartOf\":{\"@id\":\"https:\\\/\\\/www.aceguarulhos.com.br\\\/blog\\\/#website\"},\"datePublished\":\"2007-05-28T01:01:06+00:00\",\"breadcrumb\":{\"@id\":\"https:\\\/\\\/www.aceguarulhos.com.br\\\/blog\\\/plano-bresser-fim-do-prazo-na-justi%c3%a7a\\\/#breadcrumb\"},\"inLanguage\":\"pt-BR\",\"potentialAction\":[{\"@type\":\"ReadAction\",\"target\":[\"https:\\\/\\\/www.aceguarulhos.com.br\\\/blog\\\/plano-bresser-fim-do-prazo-na-justi%c3%a7a\\\/\"]}]},{\"@type\":\"BreadcrumbList\",\"@id\":\"https:\\\/\\\/www.aceguarulhos.com.br\\\/blog\\\/plano-bresser-fim-do-prazo-na-justi%c3%a7a\\\/#breadcrumb\",\"itemListElement\":[{\"@type\":\"ListItem\",\"position\":1,\"name\":\"In\u00edcio\",\"item\":\"https:\\\/\\\/www.aceguarulhos.com.br\\\/blog\\\/\"},{\"@type\":\"ListItem\",\"position\":2,\"name\":\"Plano Bresser: fim do prazo na Justi\u00e7a\"}]},{\"@type\":\"WebSite\",\"@id\":\"https:\\\/\\\/www.aceguarulhos.com.br\\\/blog\\\/#website\",\"url\":\"https:\\\/\\\/www.aceguarulhos.com.br\\\/blog\\\/\",\"name\":\"ACE-Guarulhos\",\"description\":\"A ACE-Guarulhos \u00e9 uma associa\u00e7\u00e3o que ap\u00f3ia os empres\u00e1rios guarulhenses atrav\u00e9s da representa\u00e7\u00e3o, da gera\u00e7\u00e3o de neg\u00f3cios e presta\u00e7\u00e3o de servi\u00e7os.\",\"publisher\":{\"@id\":\"https:\\\/\\\/www.aceguarulhos.com.br\\\/blog\\\/#organization\"},\"potentialAction\":[{\"@type\":\"SearchAction\",\"target\":{\"@type\":\"EntryPoint\",\"urlTemplate\":\"https:\\\/\\\/www.aceguarulhos.com.br\\\/blog\\\/?s={search_term_string}\"},\"query-input\":{\"@type\":\"PropertyValueSpecification\",\"valueRequired\":true,\"valueName\":\"search_term_string\"}}],\"inLanguage\":\"pt-BR\"},{\"@type\":\"Organization\",\"@id\":\"https:\\\/\\\/www.aceguarulhos.com.br\\\/blog\\\/#organization\",\"name\":\"ACE-Guarulhos\",\"url\":\"https:\\\/\\\/www.aceguarulhos.com.br\\\/blog\\\/\",\"logo\":{\"@type\":\"ImageObject\",\"inLanguage\":\"pt-BR\",\"@id\":\"https:\\\/\\\/www.aceguarulhos.com.br\\\/blog\\\/#\\\/schema\\\/logo\\\/image\\\/\",\"url\":\"https:\\\/\\\/www.aceguarulhos.com.br\\\/blog\\\/wp-content\\\/uploads\\\/2017\\\/12\\\/logo-aceguarulhos-2018.png\",\"contentUrl\":\"https:\\\/\\\/www.aceguarulhos.com.br\\\/blog\\\/wp-content\\\/uploads\\\/2017\\\/12\\\/logo-aceguarulhos-2018.png\",\"width\":419,\"height\":76,\"caption\":\"ACE-Guarulhos\"},\"image\":{\"@id\":\"https:\\\/\\\/www.aceguarulhos.com.br\\\/blog\\\/#\\\/schema\\\/logo\\\/image\\\/\"},\"sameAs\":[\"https:\\\/\\\/www.facebook.com\\\/aceguarulhos\\\/\",\"https:\\\/\\\/br.linkedin.com\\\/in\\\/ace-guarulhos-b9a97093\",\"https:\\\/\\\/www.youtube.com\\\/user\\\/aceguarulhos\"]},{\"@type\":\"Person\",\"@id\":\"https:\\\/\\\/www.aceguarulhos.com.br\\\/blog\\\/#\\\/schema\\\/person\\\/6983b51bad37489989e4f09698c26237\",\"name\":\"Assessoria de Imprensa ACE-Guarulhos\",\"image\":{\"@type\":\"ImageObject\",\"inLanguage\":\"pt-BR\",\"@id\":\"https:\\\/\\\/secure.gravatar.com\\\/avatar\\\/707f3fadd6918afeb64173ab22d8a8cb0676953098a4f31ff36dc2b4c699ef6a?s=96&d=mm&r=g\",\"url\":\"https:\\\/\\\/secure.gravatar.com\\\/avatar\\\/707f3fadd6918afeb64173ab22d8a8cb0676953098a4f31ff36dc2b4c699ef6a?s=96&d=mm&r=g\",\"contentUrl\":\"https:\\\/\\\/secure.gravatar.com\\\/avatar\\\/707f3fadd6918afeb64173ab22d8a8cb0676953098a4f31ff36dc2b4c699ef6a?s=96&d=mm&r=g\",\"caption\":\"Assessoria de Imprensa ACE-Guarulhos\"},\"url\":\"https:\\\/\\\/www.aceguarulhos.com.br\\\/blog\\\/author\\\/assessoria-de-imprensa-ace-guarulhos\\\/\"}]}<\/script>\n<!-- \/ Yoast SEO plugin. -->","yoast_head_json":{"title":"Plano Bresser: fim do prazo na Justi\u00e7a  - ACE-Guarulhos","robots":{"index":"index","follow":"follow","max-snippet":"max-snippet:-1","max-image-preview":"max-image-preview:large","max-video-preview":"max-video-preview:-1"},"canonical":"https:\/\/www.aceguarulhos.com.br\/blog\/plano-bresser-fim-do-prazo-na-justi\u00e7a\/","og_locale":"pt_BR","og_type":"article","og_title":"Plano Bresser: fim do prazo na Justi\u00e7a  - ACE-Guarulhos","og_description":"Aqueles que tinham caderneta de poupan\u00e7a com anivers\u00e1rio na primeira quinzena de junho de 1987 t\u00eam at\u00e9 o pr\u00f3ximo dia 31 para entrar","og_url":"https:\/\/www.aceguarulhos.com.br\/blog\/plano-bresser-fim-do-prazo-na-justi\u00e7a\/","og_site_name":"ACE-Guarulhos","article_publisher":"https:\/\/www.facebook.com\/aceguarulhos\/","article_published_time":"2007-05-28T01:01:06+00:00","author":"Assessoria de Imprensa ACE-Guarulhos","twitter_card":"summary_large_image","twitter_misc":{"Escrito por":"Assessoria de Imprensa ACE-Guarulhos","Est. tempo de leitura":"3 minutos"},"schema":{"@context":"https:\/\/schema.org","@graph":[{"@type":"Article","@id":"https:\/\/www.aceguarulhos.com.br\/blog\/plano-bresser-fim-do-prazo-na-justi%c3%a7a\/#article","isPartOf":{"@id":"https:\/\/www.aceguarulhos.com.br\/blog\/plano-bresser-fim-do-prazo-na-justi%c3%a7a\/"},"author":{"name":"Assessoria de Imprensa ACE-Guarulhos","@id":"https:\/\/www.aceguarulhos.com.br\/blog\/#\/schema\/person\/6983b51bad37489989e4f09698c26237"},"headline":"Plano Bresser: fim do prazo na Justi\u00e7a","datePublished":"2007-05-28T01:01:06+00:00","mainEntityOfPage":{"@id":"https:\/\/www.aceguarulhos.com.br\/blog\/plano-bresser-fim-do-prazo-na-justi%c3%a7a\/"},"wordCount":563,"commentCount":0,"publisher":{"@id":"https:\/\/www.aceguarulhos.com.br\/blog\/#organization"},"articleSection":["Not\u00edcias"],"inLanguage":"pt-BR"},{"@type":"WebPage","@id":"https:\/\/www.aceguarulhos.com.br\/blog\/plano-bresser-fim-do-prazo-na-justi%c3%a7a\/","url":"https:\/\/www.aceguarulhos.com.br\/blog\/plano-bresser-fim-do-prazo-na-justi%c3%a7a\/","name":"Plano Bresser: fim do prazo na Justi\u00e7a - ACE-Guarulhos","isPartOf":{"@id":"https:\/\/www.aceguarulhos.com.br\/blog\/#website"},"datePublished":"2007-05-28T01:01:06+00:00","breadcrumb":{"@id":"https:\/\/www.aceguarulhos.com.br\/blog\/plano-bresser-fim-do-prazo-na-justi%c3%a7a\/#breadcrumb"},"inLanguage":"pt-BR","potentialAction":[{"@type":"ReadAction","target":["https:\/\/www.aceguarulhos.com.br\/blog\/plano-bresser-fim-do-prazo-na-justi%c3%a7a\/"]}]},{"@type":"BreadcrumbList","@id":"https:\/\/www.aceguarulhos.com.br\/blog\/plano-bresser-fim-do-prazo-na-justi%c3%a7a\/#breadcrumb","itemListElement":[{"@type":"ListItem","position":1,"name":"In\u00edcio","item":"https:\/\/www.aceguarulhos.com.br\/blog\/"},{"@type":"ListItem","position":2,"name":"Plano Bresser: fim do prazo na Justi\u00e7a"}]},{"@type":"WebSite","@id":"https:\/\/www.aceguarulhos.com.br\/blog\/#website","url":"https:\/\/www.aceguarulhos.com.br\/blog\/","name":"ACE-Guarulhos","description":"A ACE-Guarulhos \u00e9 uma associa\u00e7\u00e3o que ap\u00f3ia os empres\u00e1rios guarulhenses atrav\u00e9s da representa\u00e7\u00e3o, da gera\u00e7\u00e3o de neg\u00f3cios e presta\u00e7\u00e3o de servi\u00e7os.","publisher":{"@id":"https:\/\/www.aceguarulhos.com.br\/blog\/#organization"},"potentialAction":[{"@type":"SearchAction","target":{"@type":"EntryPoint","urlTemplate":"https:\/\/www.aceguarulhos.com.br\/blog\/?s={search_term_string}"},"query-input":{"@type":"PropertyValueSpecification","valueRequired":true,"valueName":"search_term_string"}}],"inLanguage":"pt-BR"},{"@type":"Organization","@id":"https:\/\/www.aceguarulhos.com.br\/blog\/#organization","name":"ACE-Guarulhos","url":"https:\/\/www.aceguarulhos.com.br\/blog\/","logo":{"@type":"ImageObject","inLanguage":"pt-BR","@id":"https:\/\/www.aceguarulhos.com.br\/blog\/#\/schema\/logo\/image\/","url":"https:\/\/www.aceguarulhos.com.br\/blog\/wp-content\/uploads\/2017\/12\/logo-aceguarulhos-2018.png","contentUrl":"https:\/\/www.aceguarulhos.com.br\/blog\/wp-content\/uploads\/2017\/12\/logo-aceguarulhos-2018.png","width":419,"height":76,"caption":"ACE-Guarulhos"},"image":{"@id":"https:\/\/www.aceguarulhos.com.br\/blog\/#\/schema\/logo\/image\/"},"sameAs":["https:\/\/www.facebook.com\/aceguarulhos\/","https:\/\/br.linkedin.com\/in\/ace-guarulhos-b9a97093","https:\/\/www.youtube.com\/user\/aceguarulhos"]},{"@type":"Person","@id":"https:\/\/www.aceguarulhos.com.br\/blog\/#\/schema\/person\/6983b51bad37489989e4f09698c26237","name":"Assessoria de Imprensa ACE-Guarulhos","image":{"@type":"ImageObject","inLanguage":"pt-BR","@id":"https:\/\/secure.gravatar.com\/avatar\/707f3fadd6918afeb64173ab22d8a8cb0676953098a4f31ff36dc2b4c699ef6a?s=96&d=mm&r=g","url":"https:\/\/secure.gravatar.com\/avatar\/707f3fadd6918afeb64173ab22d8a8cb0676953098a4f31ff36dc2b4c699ef6a?s=96&d=mm&r=g","contentUrl":"https:\/\/secure.gravatar.com\/avatar\/707f3fadd6918afeb64173ab22d8a8cb0676953098a4f31ff36dc2b4c699ef6a?s=96&d=mm&r=g","caption":"Assessoria de Imprensa ACE-Guarulhos"},"url":"https:\/\/www.aceguarulhos.com.br\/blog\/author\/assessoria-de-imprensa-ace-guarulhos\/"}]}},"wps_subtitle":"","amp_enabled":true,"_links":{"self":[{"href":"https:\/\/www.aceguarulhos.com.br\/blog\/wp-json\/wp\/v2\/posts\/31621","targetHints":{"allow":["GET"]}}],"collection":[{"href":"https:\/\/www.aceguarulhos.com.br\/blog\/wp-json\/wp\/v2\/posts"}],"about":[{"href":"https:\/\/www.aceguarulhos.com.br\/blog\/wp-json\/wp\/v2\/types\/post"}],"author":[{"embeddable":true,"href":"https:\/\/www.aceguarulhos.com.br\/blog\/wp-json\/wp\/v2\/users\/8"}],"replies":[{"embeddable":true,"href":"https:\/\/www.aceguarulhos.com.br\/blog\/wp-json\/wp\/v2\/comments?post=31621"}],"version-history":[{"count":0,"href":"https:\/\/www.aceguarulhos.com.br\/blog\/wp-json\/wp\/v2\/posts\/31621\/revisions"}],"wp:attachment":[{"href":"https:\/\/www.aceguarulhos.com.br\/blog\/wp-json\/wp\/v2\/media?parent=31621"}],"wp:term":[{"taxonomy":"category","embeddable":true,"href":"https:\/\/www.aceguarulhos.com.br\/blog\/wp-json\/wp\/v2\/categories?post=31621"},{"taxonomy":"post_tag","embeddable":true,"href":"https:\/\/www.aceguarulhos.com.br\/blog\/wp-json\/wp\/v2\/tags?post=31621"}],"curies":[{"name":"wp","href":"https:\/\/api.w.org\/{rel}","templated":true}]}}