{"id":31581,"date":"2007-05-18T01:45:31","date_gmt":"2007-05-18T01:45:31","guid":{"rendered":"http:\/\/www.aceguarulhos.com.br\/blog\/?p=31581"},"modified":"-0001-11-30T00:00:00","modified_gmt":"-0001-11-30T03:00:00","slug":"cadastro-positivo-o-governo-muda-de-t%c3%a1tica","status":"publish","type":"post","link":"https:\/\/www.aceguarulhos.com.br\/blog\/cadastro-positivo-o-governo-muda-de-t%c3%a1tica\/","title":{"rendered":"Cadastro positivo: o governo muda de t\u00e1tica"},"content":{"rendered":"<p>O governo desistiu da id\u00e9ia de editar medida provis\u00f3ria (MP) para regulamentar o cadastro positivo \u2014 banco de dados com hist\u00f3rico de adimpl\u00eancia dos clientes do sistema financeiro, que tem o objetivo de ampliar a oferta de cr\u00e9dito e reduzir juros. <\/p>\n<p>O an\u00fancio foi feito ontem pelo secret\u00e1rio de Pol\u00edtica Econ\u00f4mica do Minist\u00e9rio da Fazenda, Bernard Appy, que participou de audi\u00eancia p\u00fablica da Comiss\u00e3o de Defesa do Consumidor da C\u00e2mara dos Deputados. <\/p>\n<p>Segundo ele, quando o governo decidiu que editaria a MP no pacote de redu\u00e7\u00e3o do spread (diferen\u00e7a entre as taxas de capta\u00e7\u00e3o e de empr\u00e9stimo), no ano passado, o ambiente no Congresso Nacional n\u00e3o estava favor\u00e1vel e, por isso, era necess\u00e1rio um instrumento que acelerasse a tramita\u00e7\u00e3o. &#8220;O ambiente pol\u00edtico est\u00e1 melhor neste ano e, por isso, o governo vai trabalhar para aprovar o projeto&#8221;, disse. <\/p>\n<p>O diretor do Instituto de Economia Gast\u00e3o Vidigal, da Associa\u00e7\u00e3o Comercial de S\u00e3o Paulo (ACSP), Marcel Solimeo, afirmou que \u00e9 necess\u00e1rio que o governo demonstre maior empenho para que o projeto tramite rapidamente, porque o Executivo tem for\u00e7a para isso. &#8220;Por enquanto n\u00e3o houve muito empenho. J\u00e1 se passaram v\u00e1rios meses desde o lan\u00e7amento do pacote e, at\u00e9 agora, nada. Antes, ainda t\u00ednhamos a expectativa de acelera\u00e7\u00e3o do processo com a medida provis\u00f3ria&#8221;, comentou. <\/p>\n<p>De acordo com Solimeo, algumas emendas foram acrescentadas ao projeto, o que vem causando discuss\u00f5es. &#8220;Estamos trabalhando para o retorno ao projeto original, sem as distor\u00e7\u00f5es&#8221;, afirmou. <\/p>\n<p><b>Semin\u00e1rio <\/b>\u2014 Na abertura de semin\u00e1rio sobre o cadastro positivo realizado ontem na ACSP, o presidente da entidade, Alencar Burti, ressaltou a import\u00e2ncia do sistema para a garantia das institui\u00e7\u00f5es financeiras. &#8220;O cadastro positivo representa uma esp\u00e9cie de seguro para quem concede empr\u00e9stimos&#8221;, destacou. <\/p>\n<p>Para especialistas que participaram do evento, a cria\u00e7\u00e3o do sistema trar\u00e1 benef\u00edcios para os bons pagadores. Ressaltaram, no entanto, que \u00e9 preciso criar infra-estrutura para que seja poss\u00edvel coletar, guardar e analisar as informa\u00e7\u00f5es. <\/p>\n<p>Para o representante da Secretaria de Pol\u00edtica Econ\u00f4mica do Minist\u00e9rio da Fazenda no evento, F\u00e1bio Cervo, tamb\u00e9m \u00e9 necess\u00e1rio criar respaldo legal para que as empresas de cr\u00e9dito possam avaliar riscos. &#8220;Temos que acabar com a inseguran\u00e7a jur\u00eddica&#8221;, afirmou. <\/p>\n<p>J\u00e1 o especialista em risco de cr\u00e9dito do International Finance Group (IFC), bra\u00e7o financeiro do Banco Mundial (Bird), Oscar Madeddu, comentou que a forma\u00e7\u00e3o de uma central de informa\u00e7\u00f5es \u2014 que j\u00e1 existe nos Estados Unidos h\u00e1 50 anos \u2014 possibilitar\u00e1 que os bancos tragam para sua base, por meio da concess\u00e3o de empr\u00e9stimos, 80 milh\u00f5es de brasileiros que est\u00e3o fora do mercado de cr\u00e9dito. &#8220;O cadastro positivo ser\u00e1 a for\u00e7a do indiv\u00edduo&#8221;, disse. <\/p>\n","protected":false},"excerpt":{"rendered":"O governo desistiu da id\u00e9ia de editar medida provis\u00f3ria (MP) para regulamentar o cadastro positivo \u2014 banco de dados com hist\u00f3rico de adimpl\u00eancia \n<a class=\"moretag\" href=\"https:\/\/www.aceguarulhos.com.br\/blog\/cadastro-positivo-o-governo-muda-de-t%c3%a1tica\/\"> [...]<\/a>","protected":false},"author":8,"featured_media":0,"comment_status":"open","ping_status":"open","sticky":false,"template":"","format":"standard","meta":{"footnotes":""},"categories":[2],"tags":[],"class_list":["post-31581","post","type-post","status-publish","format-standard","hentry","category-noticias"],"yoast_head":"<!-- This site is optimized with the Yoast SEO plugin v28.1 - https:\/\/yoast.com\/product\/yoast-seo-wordpress\/ -->\n<title>Cadastro positivo: o governo muda de t\u00e1tica  - ACE-Guarulhos<\/title>\n<meta name=\"robots\" content=\"index, follow, max-snippet:-1, max-image-preview:large, max-video-preview:-1\" \/>\n<link rel=\"canonical\" href=\"https:\/\/www.aceguarulhos.com.br\/blog\/cadastro-positivo-o-governo-muda-de-t\u00e1tica\/\" \/>\n<meta property=\"og:locale\" content=\"pt_BR\" \/>\n<meta property=\"og:type\" content=\"article\" \/>\n<meta property=\"og:title\" content=\"Cadastro positivo: o governo muda de t\u00e1tica  - ACE-Guarulhos\" \/>\n<meta property=\"og:description\" content=\"O governo desistiu da id\u00e9ia de editar medida provis\u00f3ria (MP) para regulamentar o cadastro positivo \u2014 banco de dados com hist\u00f3rico de adimpl\u00eancia\" \/>\n<meta property=\"og:url\" content=\"https:\/\/www.aceguarulhos.com.br\/blog\/cadastro-positivo-o-governo-muda-de-t\u00e1tica\/\" \/>\n<meta property=\"og:site_name\" content=\"ACE-Guarulhos\" \/>\n<meta property=\"article:publisher\" content=\"https:\/\/www.facebook.com\/aceguarulhos\/\" \/>\n<meta property=\"article:published_time\" content=\"2007-05-18T01:45:31+00:00\" \/>\n<meta name=\"author\" content=\"Assessoria de Imprensa ACE-Guarulhos\" \/>\n<meta name=\"twitter:card\" content=\"summary_large_image\" \/>\n<meta name=\"twitter:label1\" content=\"Escrito por\" \/>\n\t<meta name=\"twitter:data1\" content=\"Assessoria de Imprensa ACE-Guarulhos\" \/>\n\t<meta name=\"twitter:label2\" content=\"Est. tempo de leitura\" \/>\n\t<meta name=\"twitter:data2\" content=\"2 minutos\" \/>\n<script type=\"application\/ld+json\" class=\"yoast-schema-graph\">{\"@context\":\"https:\\\/\\\/schema.org\",\"@graph\":[{\"@type\":\"Article\",\"@id\":\"https:\\\/\\\/www.aceguarulhos.com.br\\\/blog\\\/cadastro-positivo-o-governo-muda-de-t%c3%a1tica\\\/#article\",\"isPartOf\":{\"@id\":\"https:\\\/\\\/www.aceguarulhos.com.br\\\/blog\\\/cadastro-positivo-o-governo-muda-de-t%c3%a1tica\\\/\"},\"author\":{\"name\":\"Assessoria de Imprensa ACE-Guarulhos\",\"@id\":\"https:\\\/\\\/www.aceguarulhos.com.br\\\/blog\\\/#\\\/schema\\\/person\\\/6983b51bad37489989e4f09698c26237\"},\"headline\":\"Cadastro positivo: o governo muda de t\u00e1tica\",\"datePublished\":\"2007-05-18T01:45:31+00:00\",\"mainEntityOfPage\":{\"@id\":\"https:\\\/\\\/www.aceguarulhos.com.br\\\/blog\\\/cadastro-positivo-o-governo-muda-de-t%c3%a1tica\\\/\"},\"wordCount\":495,\"commentCount\":0,\"publisher\":{\"@id\":\"https:\\\/\\\/www.aceguarulhos.com.br\\\/blog\\\/#organization\"},\"articleSection\":[\"Not\u00edcias\"],\"inLanguage\":\"pt-BR\"},{\"@type\":\"WebPage\",\"@id\":\"https:\\\/\\\/www.aceguarulhos.com.br\\\/blog\\\/cadastro-positivo-o-governo-muda-de-t%c3%a1tica\\\/\",\"url\":\"https:\\\/\\\/www.aceguarulhos.com.br\\\/blog\\\/cadastro-positivo-o-governo-muda-de-t%c3%a1tica\\\/\",\"name\":\"Cadastro positivo: o governo muda de t\u00e1tica - ACE-Guarulhos\",\"isPartOf\":{\"@id\":\"https:\\\/\\\/www.aceguarulhos.com.br\\\/blog\\\/#website\"},\"datePublished\":\"2007-05-18T01:45:31+00:00\",\"breadcrumb\":{\"@id\":\"https:\\\/\\\/www.aceguarulhos.com.br\\\/blog\\\/cadastro-positivo-o-governo-muda-de-t%c3%a1tica\\\/#breadcrumb\"},\"inLanguage\":\"pt-BR\",\"potentialAction\":[{\"@type\":\"ReadAction\",\"target\":[\"https:\\\/\\\/www.aceguarulhos.com.br\\\/blog\\\/cadastro-positivo-o-governo-muda-de-t%c3%a1tica\\\/\"]}]},{\"@type\":\"BreadcrumbList\",\"@id\":\"https:\\\/\\\/www.aceguarulhos.com.br\\\/blog\\\/cadastro-positivo-o-governo-muda-de-t%c3%a1tica\\\/#breadcrumb\",\"itemListElement\":[{\"@type\":\"ListItem\",\"position\":1,\"name\":\"In\u00edcio\",\"item\":\"https:\\\/\\\/www.aceguarulhos.com.br\\\/blog\\\/\"},{\"@type\":\"ListItem\",\"position\":2,\"name\":\"Cadastro positivo: o governo muda de t\u00e1tica\"}]},{\"@type\":\"WebSite\",\"@id\":\"https:\\\/\\\/www.aceguarulhos.com.br\\\/blog\\\/#website\",\"url\":\"https:\\\/\\\/www.aceguarulhos.com.br\\\/blog\\\/\",\"name\":\"ACE-Guarulhos\",\"description\":\"A ACE-Guarulhos \u00e9 uma associa\u00e7\u00e3o que ap\u00f3ia os empres\u00e1rios guarulhenses atrav\u00e9s da representa\u00e7\u00e3o, da gera\u00e7\u00e3o de neg\u00f3cios e presta\u00e7\u00e3o de servi\u00e7os.\",\"publisher\":{\"@id\":\"https:\\\/\\\/www.aceguarulhos.com.br\\\/blog\\\/#organization\"},\"potentialAction\":[{\"@type\":\"SearchAction\",\"target\":{\"@type\":\"EntryPoint\",\"urlTemplate\":\"https:\\\/\\\/www.aceguarulhos.com.br\\\/blog\\\/?s={search_term_string}\"},\"query-input\":{\"@type\":\"PropertyValueSpecification\",\"valueRequired\":true,\"valueName\":\"search_term_string\"}}],\"inLanguage\":\"pt-BR\"},{\"@type\":\"Organization\",\"@id\":\"https:\\\/\\\/www.aceguarulhos.com.br\\\/blog\\\/#organization\",\"name\":\"ACE-Guarulhos\",\"url\":\"https:\\\/\\\/www.aceguarulhos.com.br\\\/blog\\\/\",\"logo\":{\"@type\":\"ImageObject\",\"inLanguage\":\"pt-BR\",\"@id\":\"https:\\\/\\\/www.aceguarulhos.com.br\\\/blog\\\/#\\\/schema\\\/logo\\\/image\\\/\",\"url\":\"https:\\\/\\\/www.aceguarulhos.com.br\\\/blog\\\/wp-content\\\/uploads\\\/2017\\\/12\\\/logo-aceguarulhos-2018.png\",\"contentUrl\":\"https:\\\/\\\/www.aceguarulhos.com.br\\\/blog\\\/wp-content\\\/uploads\\\/2017\\\/12\\\/logo-aceguarulhos-2018.png\",\"width\":419,\"height\":76,\"caption\":\"ACE-Guarulhos\"},\"image\":{\"@id\":\"https:\\\/\\\/www.aceguarulhos.com.br\\\/blog\\\/#\\\/schema\\\/logo\\\/image\\\/\"},\"sameAs\":[\"https:\\\/\\\/www.facebook.com\\\/aceguarulhos\\\/\",\"https:\\\/\\\/br.linkedin.com\\\/in\\\/ace-guarulhos-b9a97093\",\"https:\\\/\\\/www.youtube.com\\\/user\\\/aceguarulhos\"]},{\"@type\":\"Person\",\"@id\":\"https:\\\/\\\/www.aceguarulhos.com.br\\\/blog\\\/#\\\/schema\\\/person\\\/6983b51bad37489989e4f09698c26237\",\"name\":\"Assessoria de Imprensa ACE-Guarulhos\",\"image\":{\"@type\":\"ImageObject\",\"inLanguage\":\"pt-BR\",\"@id\":\"https:\\\/\\\/secure.gravatar.com\\\/avatar\\\/707f3fadd6918afeb64173ab22d8a8cb0676953098a4f31ff36dc2b4c699ef6a?s=96&d=mm&r=g\",\"url\":\"https:\\\/\\\/secure.gravatar.com\\\/avatar\\\/707f3fadd6918afeb64173ab22d8a8cb0676953098a4f31ff36dc2b4c699ef6a?s=96&d=mm&r=g\",\"contentUrl\":\"https:\\\/\\\/secure.gravatar.com\\\/avatar\\\/707f3fadd6918afeb64173ab22d8a8cb0676953098a4f31ff36dc2b4c699ef6a?s=96&d=mm&r=g\",\"caption\":\"Assessoria de Imprensa ACE-Guarulhos\"},\"url\":\"https:\\\/\\\/www.aceguarulhos.com.br\\\/blog\\\/author\\\/assessoria-de-imprensa-ace-guarulhos\\\/\"}]}<\/script>\n<!-- \/ Yoast SEO plugin. -->","yoast_head_json":{"title":"Cadastro positivo: o governo muda de t\u00e1tica  - ACE-Guarulhos","robots":{"index":"index","follow":"follow","max-snippet":"max-snippet:-1","max-image-preview":"max-image-preview:large","max-video-preview":"max-video-preview:-1"},"canonical":"https:\/\/www.aceguarulhos.com.br\/blog\/cadastro-positivo-o-governo-muda-de-t\u00e1tica\/","og_locale":"pt_BR","og_type":"article","og_title":"Cadastro positivo: o governo muda de t\u00e1tica  - ACE-Guarulhos","og_description":"O governo desistiu da id\u00e9ia de editar medida provis\u00f3ria (MP) para regulamentar o cadastro positivo \u2014 banco de dados com hist\u00f3rico de adimpl\u00eancia","og_url":"https:\/\/www.aceguarulhos.com.br\/blog\/cadastro-positivo-o-governo-muda-de-t\u00e1tica\/","og_site_name":"ACE-Guarulhos","article_publisher":"https:\/\/www.facebook.com\/aceguarulhos\/","article_published_time":"2007-05-18T01:45:31+00:00","author":"Assessoria de Imprensa ACE-Guarulhos","twitter_card":"summary_large_image","twitter_misc":{"Escrito por":"Assessoria de Imprensa ACE-Guarulhos","Est. tempo de leitura":"2 minutos"},"schema":{"@context":"https:\/\/schema.org","@graph":[{"@type":"Article","@id":"https:\/\/www.aceguarulhos.com.br\/blog\/cadastro-positivo-o-governo-muda-de-t%c3%a1tica\/#article","isPartOf":{"@id":"https:\/\/www.aceguarulhos.com.br\/blog\/cadastro-positivo-o-governo-muda-de-t%c3%a1tica\/"},"author":{"name":"Assessoria de Imprensa ACE-Guarulhos","@id":"https:\/\/www.aceguarulhos.com.br\/blog\/#\/schema\/person\/6983b51bad37489989e4f09698c26237"},"headline":"Cadastro positivo: o governo muda de t\u00e1tica","datePublished":"2007-05-18T01:45:31+00:00","mainEntityOfPage":{"@id":"https:\/\/www.aceguarulhos.com.br\/blog\/cadastro-positivo-o-governo-muda-de-t%c3%a1tica\/"},"wordCount":495,"commentCount":0,"publisher":{"@id":"https:\/\/www.aceguarulhos.com.br\/blog\/#organization"},"articleSection":["Not\u00edcias"],"inLanguage":"pt-BR"},{"@type":"WebPage","@id":"https:\/\/www.aceguarulhos.com.br\/blog\/cadastro-positivo-o-governo-muda-de-t%c3%a1tica\/","url":"https:\/\/www.aceguarulhos.com.br\/blog\/cadastro-positivo-o-governo-muda-de-t%c3%a1tica\/","name":"Cadastro positivo: o governo muda de t\u00e1tica - ACE-Guarulhos","isPartOf":{"@id":"https:\/\/www.aceguarulhos.com.br\/blog\/#website"},"datePublished":"2007-05-18T01:45:31+00:00","breadcrumb":{"@id":"https:\/\/www.aceguarulhos.com.br\/blog\/cadastro-positivo-o-governo-muda-de-t%c3%a1tica\/#breadcrumb"},"inLanguage":"pt-BR","potentialAction":[{"@type":"ReadAction","target":["https:\/\/www.aceguarulhos.com.br\/blog\/cadastro-positivo-o-governo-muda-de-t%c3%a1tica\/"]}]},{"@type":"BreadcrumbList","@id":"https:\/\/www.aceguarulhos.com.br\/blog\/cadastro-positivo-o-governo-muda-de-t%c3%a1tica\/#breadcrumb","itemListElement":[{"@type":"ListItem","position":1,"name":"In\u00edcio","item":"https:\/\/www.aceguarulhos.com.br\/blog\/"},{"@type":"ListItem","position":2,"name":"Cadastro positivo: o governo muda de t\u00e1tica"}]},{"@type":"WebSite","@id":"https:\/\/www.aceguarulhos.com.br\/blog\/#website","url":"https:\/\/www.aceguarulhos.com.br\/blog\/","name":"ACE-Guarulhos","description":"A ACE-Guarulhos \u00e9 uma associa\u00e7\u00e3o que ap\u00f3ia os empres\u00e1rios guarulhenses atrav\u00e9s da representa\u00e7\u00e3o, da gera\u00e7\u00e3o de neg\u00f3cios e presta\u00e7\u00e3o de servi\u00e7os.","publisher":{"@id":"https:\/\/www.aceguarulhos.com.br\/blog\/#organization"},"potentialAction":[{"@type":"SearchAction","target":{"@type":"EntryPoint","urlTemplate":"https:\/\/www.aceguarulhos.com.br\/blog\/?s={search_term_string}"},"query-input":{"@type":"PropertyValueSpecification","valueRequired":true,"valueName":"search_term_string"}}],"inLanguage":"pt-BR"},{"@type":"Organization","@id":"https:\/\/www.aceguarulhos.com.br\/blog\/#organization","name":"ACE-Guarulhos","url":"https:\/\/www.aceguarulhos.com.br\/blog\/","logo":{"@type":"ImageObject","inLanguage":"pt-BR","@id":"https:\/\/www.aceguarulhos.com.br\/blog\/#\/schema\/logo\/image\/","url":"https:\/\/www.aceguarulhos.com.br\/blog\/wp-content\/uploads\/2017\/12\/logo-aceguarulhos-2018.png","contentUrl":"https:\/\/www.aceguarulhos.com.br\/blog\/wp-content\/uploads\/2017\/12\/logo-aceguarulhos-2018.png","width":419,"height":76,"caption":"ACE-Guarulhos"},"image":{"@id":"https:\/\/www.aceguarulhos.com.br\/blog\/#\/schema\/logo\/image\/"},"sameAs":["https:\/\/www.facebook.com\/aceguarulhos\/","https:\/\/br.linkedin.com\/in\/ace-guarulhos-b9a97093","https:\/\/www.youtube.com\/user\/aceguarulhos"]},{"@type":"Person","@id":"https:\/\/www.aceguarulhos.com.br\/blog\/#\/schema\/person\/6983b51bad37489989e4f09698c26237","name":"Assessoria de Imprensa ACE-Guarulhos","image":{"@type":"ImageObject","inLanguage":"pt-BR","@id":"https:\/\/secure.gravatar.com\/avatar\/707f3fadd6918afeb64173ab22d8a8cb0676953098a4f31ff36dc2b4c699ef6a?s=96&d=mm&r=g","url":"https:\/\/secure.gravatar.com\/avatar\/707f3fadd6918afeb64173ab22d8a8cb0676953098a4f31ff36dc2b4c699ef6a?s=96&d=mm&r=g","contentUrl":"https:\/\/secure.gravatar.com\/avatar\/707f3fadd6918afeb64173ab22d8a8cb0676953098a4f31ff36dc2b4c699ef6a?s=96&d=mm&r=g","caption":"Assessoria de Imprensa ACE-Guarulhos"},"url":"https:\/\/www.aceguarulhos.com.br\/blog\/author\/assessoria-de-imprensa-ace-guarulhos\/"}]}},"wps_subtitle":"","amp_enabled":true,"_links":{"self":[{"href":"https:\/\/www.aceguarulhos.com.br\/blog\/wp-json\/wp\/v2\/posts\/31581","targetHints":{"allow":["GET"]}}],"collection":[{"href":"https:\/\/www.aceguarulhos.com.br\/blog\/wp-json\/wp\/v2\/posts"}],"about":[{"href":"https:\/\/www.aceguarulhos.com.br\/blog\/wp-json\/wp\/v2\/types\/post"}],"author":[{"embeddable":true,"href":"https:\/\/www.aceguarulhos.com.br\/blog\/wp-json\/wp\/v2\/users\/8"}],"replies":[{"embeddable":true,"href":"https:\/\/www.aceguarulhos.com.br\/blog\/wp-json\/wp\/v2\/comments?post=31581"}],"version-history":[{"count":0,"href":"https:\/\/www.aceguarulhos.com.br\/blog\/wp-json\/wp\/v2\/posts\/31581\/revisions"}],"wp:attachment":[{"href":"https:\/\/www.aceguarulhos.com.br\/blog\/wp-json\/wp\/v2\/media?parent=31581"}],"wp:term":[{"taxonomy":"category","embeddable":true,"href":"https:\/\/www.aceguarulhos.com.br\/blog\/wp-json\/wp\/v2\/categories?post=31581"},{"taxonomy":"post_tag","embeddable":true,"href":"https:\/\/www.aceguarulhos.com.br\/blog\/wp-json\/wp\/v2\/tags?post=31581"}],"curies":[{"name":"wp","href":"https:\/\/api.w.org\/{rel}","templated":true}]}}