{"id":31580,"date":"2007-05-18T01:39:38","date_gmt":"2007-05-18T01:39:38","guid":{"rendered":"http:\/\/www.aceguarulhos.com.br\/blog\/?p=31580"},"modified":"-0001-11-30T00:00:00","modified_gmt":"-0001-11-30T03:00:00","slug":"governo-quer-terceirizar-cobran%c3%a7a-da-d%c3%advida-p%c3%bablica","status":"publish","type":"post","link":"https:\/\/www.aceguarulhos.com.br\/blog\/governo-quer-terceirizar-cobran%c3%a7a-da-d%c3%advida-p%c3%bablica\/","title":{"rendered":"Governo quer terceirizar cobran\u00e7a da d\u00edvida p\u00fablica"},"content":{"rendered":"<p>Representantes de entidades de contribuintes e de servidores p\u00fablicos condenam a proposta do governo que autoriza a contrata\u00e7\u00e3o, sem licita\u00e7\u00e3o, de bancos e institui\u00e7\u00f5es financeiras para fazer a cobran\u00e7a de parte da d\u00edvida ativa da Uni\u00e3o. <\/p>\n<p>O mesmo poderia ser aplicado a estados, Distrito Federal e munic\u00edpios. A alega\u00e7\u00e3o \u00e9 que a proposta n\u00e3o tem amparo legal e ser\u00e1 derrubada na Justi\u00e7a. O governo federal argumenta que precisa agilizar os processos de execu\u00e7\u00e3o fiscal na Justi\u00e7a para melhorar a arrecada\u00e7\u00e3o. <\/p>\n<p><b>Valores <\/b>\u2013A Procuradoria Geral da Fazenda estima que a d\u00edvida da Uni\u00e3o, incluindo a da previd\u00eancia social, chegue a R$ 600 bilh\u00f5es \u2013n\u00famero contestado por entidades como a Ordem dos Advogados do Brasil (OAB), que alega ter ocorrido a inclus\u00e3o de d\u00edvidas j\u00e1 prescritas neste c\u00e1lculo. <\/p>\n<p>J\u00e1 a d\u00edvida dos munic\u00edpios, segundo c\u00e1lculos da Confedera\u00e7\u00e3o Nacional dos Munic\u00edpios (CNM), chegaria a R$ 63 bilh\u00f5es. Uma resolu\u00e7\u00e3o do Senado, aprovada no ano passado, autorizou estados e munic\u00edpios a terceirizar o servi\u00e7o de cobran\u00e7a da d\u00edvida ativa para os bancos, mas at\u00e9 agora n\u00e3o prosperou porque est\u00e1 sendo questionada judicialmente.<\/p>\n<p>A proposta do governo est\u00e1 em estudo e tem pontos n\u00e3o esclarecidos, como a forma de cobran\u00e7a por bancos e empresas <br \/>especializadas. A Febraban, entidade que representa os bancos, informou que s\u00f3 vai se pronunciar depois de o projeto se transformar em lei. <\/p>\n<p><b>Pol\u00eamica <\/b>\u2013 Fora do governo, a chiadeira \u00e9 geral. Segundo especialistas, o artigo 131 da Constitui\u00e7\u00e3o Federal diz que a execu\u00e7\u00e3o da d\u00edvida ativa de natureza tribut\u00e1ria cabe \u00e0 Procuradoria-Geral da Fazenda Nacional. Se a proposta do governo passar, o contribuinte que n\u00e3o fizer um acordo amig\u00e1vel poder\u00e1 ser executado automaticamente pela Uni\u00e3o sem passar pelo Judici\u00e1rio. <\/p>\n<p>As outras contesta\u00e7\u00f5es s\u00e3o permitir \u00e0 Procuradoria-Geral da Fazenda Nacional a penhora de bens e o acesso \u00e0s informa\u00e7\u00f5es banc\u00e1rias sigilosas de contribuintes, inclusive a indisponibilidade de valores, a penhora e leil\u00e3o de bens. <\/p>\n<p>A alega\u00e7\u00e3o \u00e9 de que somente o Poder Judici\u00e1rio pode autorizar as medidas. No caso da quebra de sigilo, a decis\u00e3o tem o aval do Supremo Tribunal Federal (STF). &#8220;A quebra de sigilo \u00e9 inconstitucional e coloca o Judici\u00e1rio num plano inferior em rela\u00e7\u00e3o \u00e0 Procuradoria-Geral da Fazenda, o que \u00e9 inadmiss\u00edvel&#8221;, critica o advogado Antonio Carlos Rodrigues do Amaral, presidente da Comiss\u00e3o de Direito Constitucional da OAB &#8211; SP. <\/p>\n<p>Amaral compara a a\u00e7\u00e3o governista \u00e0s medidas provis\u00f3rias do presidente da Rep\u00fablica que trancam a pauta do Congresso. &#8220;O Executivo j\u00e1 esvaziou o Congresso, pois ele s\u00f3 praticamente legisla sobre medidas provis\u00f3rias. Agora, com essas medidas, quer esvaziar o Judici\u00e1rio e instaurar uma ditadura tribut\u00e1ria. A tend\u00eancia \u00e9 s\u00f3 existir o Poder Executivo no Brasil&#8221;, critica o advogado. <\/p>\n<p>O jurista Ives Gandra Martins diz que j\u00e1 alertou ao governo para o fato de que &#8220;medidas \u00e0 revelia do Judici\u00e1rio n\u00e3o se sustentam&#8221;. &#8220;Para terceirizar a d\u00edvida da Uni\u00e3o \u00e9 necess\u00e1rio antes alterar a Constitui\u00e7\u00e3o&#8221;, afirma. Isso porque, segundo ele, &#8220;a Procuradoria da Fazenda P\u00fablica n\u00e3o pode substituir a Justi\u00e7a&#8221;. &#8220;\u00c9 grave tornar um procurador da Fazenda Nacional um juiz. Ele \u00e9 advogado e n\u00e3o um magistrado. A Fazenda Nacional n\u00e3o pode condenar e executar o contribuinte&#8221;, declara o jurista. <\/p>\n<p><b>Poder do Fisco <\/b>\u2013 Jos\u00e9 Constantino Bastos J\u00fanior, assessor jur\u00eddico do Sindicato das Empresas de Servi\u00e7os Cont\u00e1beis do <br \/>Estado de S\u00e3o Paulo (Sescon-SP), ataca as medidas ao lembrar que o contribuinte tem pouca margem de negocia\u00e7\u00e3o com o Fisco. <br \/>Ele d\u00e1 um exemplo: quem recorre de uma autua\u00e7\u00e3o fiscal na Receita Federal \u00e9 obrigado a depositar 30% do valor equivalente. &#8220;Na pr\u00e1tica, as medidas do governo, se aprovadas, significam aumentar o poder discricion\u00e1rio do Fisco. Ou seja, o Estado ficar\u00e1 cada vez mais forte e o contribuinte cada vez mais enfraquecido&#8221;, afirma Bastos J\u00fanior. <\/p>\n<p>Outro problema levantado por especialistas \u00e9 o constrangimento que bancos e empresas de cobran\u00e7a poderiam causar aos contribuintes. Atos indevidos poderiam causar diversas a\u00e7\u00f5es nas Justi\u00e7a por danos morais. <\/p>\n<p><b>Agilidade <\/b>\u2013 O governo alega que a terceiriza\u00e7\u00e3o \u00e9 v\u00e1lida porque a cobran\u00e7a judicial \u00e9 lenta. Segundo levantamento da Procuradoria Geral realizado em S\u00e3o Paulo, Rio de Janeiro e no Rio Grande do Sul, de 2001 a 2005, em m\u00e9dia, a fase administrativa (autua\u00e7\u00e3o e defesa) dura quatro anos. E a fase de execu\u00e7\u00e3o leva 12 anos. Menos de 20% dos novos processos de execu\u00e7\u00e3o fiscal s\u00e3o conclu\u00eddos em um ano. <\/p>\n<p>&#8220;A Procuradoria-Geral da Fazenda \u00e9 que deveria investir nela pr\u00f3pria para impedir medidas protelat\u00f3rias dos contribuintes&#8221;, ressalta Antonio Carlos Rodrigues do Amaral. <\/p>\n","protected":false},"excerpt":{"rendered":"Representantes de entidades de contribuintes e de servidores p\u00fablicos condenam a proposta do governo que autoriza a contrata\u00e7\u00e3o, sem licita\u00e7\u00e3o, de bancos e \n<a class=\"moretag\" href=\"https:\/\/www.aceguarulhos.com.br\/blog\/governo-quer-terceirizar-cobran%c3%a7a-da-d%c3%advida-p%c3%bablica\/\"> [...]<\/a>","protected":false},"author":8,"featured_media":0,"comment_status":"open","ping_status":"open","sticky":false,"template":"","format":"standard","meta":{"footnotes":""},"categories":[2],"tags":[],"class_list":["post-31580","post","type-post","status-publish","format-standard","hentry","category-noticias"],"yoast_head":"<!-- This site is optimized with the Yoast SEO plugin v28.1 - https:\/\/yoast.com\/product\/yoast-seo-wordpress\/ -->\n<title>Governo quer terceirizar cobran\u00e7a da d\u00edvida p\u00fablica  - ACE-Guarulhos<\/title>\n<meta name=\"robots\" content=\"index, follow, max-snippet:-1, max-image-preview:large, max-video-preview:-1\" \/>\n<link rel=\"canonical\" href=\"https:\/\/www.aceguarulhos.com.br\/blog\/governo-quer-terceirizar-cobran\u00e7a-da-d\u00edvida-p\u00fablica\/\" \/>\n<meta property=\"og:locale\" content=\"pt_BR\" \/>\n<meta property=\"og:type\" content=\"article\" \/>\n<meta property=\"og:title\" content=\"Governo quer terceirizar cobran\u00e7a da d\u00edvida p\u00fablica  - ACE-Guarulhos\" \/>\n<meta property=\"og:description\" content=\"Representantes de entidades de contribuintes e de servidores p\u00fablicos condenam a proposta do governo que autoriza a contrata\u00e7\u00e3o, sem licita\u00e7\u00e3o, de bancos e\" \/>\n<meta property=\"og:url\" content=\"https:\/\/www.aceguarulhos.com.br\/blog\/governo-quer-terceirizar-cobran\u00e7a-da-d\u00edvida-p\u00fablica\/\" \/>\n<meta property=\"og:site_name\" content=\"ACE-Guarulhos\" \/>\n<meta property=\"article:publisher\" content=\"https:\/\/www.facebook.com\/aceguarulhos\/\" \/>\n<meta property=\"article:published_time\" content=\"2007-05-18T01:39:38+00:00\" \/>\n<meta name=\"author\" content=\"Assessoria de Imprensa ACE-Guarulhos\" \/>\n<meta name=\"twitter:card\" content=\"summary_large_image\" \/>\n<meta name=\"twitter:label1\" content=\"Escrito por\" \/>\n\t<meta name=\"twitter:data1\" content=\"Assessoria de Imprensa ACE-Guarulhos\" \/>\n\t<meta name=\"twitter:label2\" content=\"Est. tempo de leitura\" \/>\n\t<meta name=\"twitter:data2\" content=\"4 minutos\" \/>\n<script type=\"application\/ld+json\" class=\"yoast-schema-graph\">{\"@context\":\"https:\\\/\\\/schema.org\",\"@graph\":[{\"@type\":\"Article\",\"@id\":\"https:\\\/\\\/www.aceguarulhos.com.br\\\/blog\\\/governo-quer-terceirizar-cobran%c3%a7a-da-d%c3%advida-p%c3%bablica\\\/#article\",\"isPartOf\":{\"@id\":\"https:\\\/\\\/www.aceguarulhos.com.br\\\/blog\\\/governo-quer-terceirizar-cobran%c3%a7a-da-d%c3%advida-p%c3%bablica\\\/\"},\"author\":{\"name\":\"Assessoria de Imprensa ACE-Guarulhos\",\"@id\":\"https:\\\/\\\/www.aceguarulhos.com.br\\\/blog\\\/#\\\/schema\\\/person\\\/6983b51bad37489989e4f09698c26237\"},\"headline\":\"Governo quer terceirizar cobran\u00e7a da d\u00edvida p\u00fablica\",\"datePublished\":\"2007-05-18T01:39:38+00:00\",\"mainEntityOfPage\":{\"@id\":\"https:\\\/\\\/www.aceguarulhos.com.br\\\/blog\\\/governo-quer-terceirizar-cobran%c3%a7a-da-d%c3%advida-p%c3%bablica\\\/\"},\"wordCount\":818,\"commentCount\":0,\"publisher\":{\"@id\":\"https:\\\/\\\/www.aceguarulhos.com.br\\\/blog\\\/#organization\"},\"articleSection\":[\"Not\u00edcias\"],\"inLanguage\":\"pt-BR\"},{\"@type\":\"WebPage\",\"@id\":\"https:\\\/\\\/www.aceguarulhos.com.br\\\/blog\\\/governo-quer-terceirizar-cobran%c3%a7a-da-d%c3%advida-p%c3%bablica\\\/\",\"url\":\"https:\\\/\\\/www.aceguarulhos.com.br\\\/blog\\\/governo-quer-terceirizar-cobran%c3%a7a-da-d%c3%advida-p%c3%bablica\\\/\",\"name\":\"Governo quer terceirizar cobran\u00e7a da d\u00edvida p\u00fablica - ACE-Guarulhos\",\"isPartOf\":{\"@id\":\"https:\\\/\\\/www.aceguarulhos.com.br\\\/blog\\\/#website\"},\"datePublished\":\"2007-05-18T01:39:38+00:00\",\"breadcrumb\":{\"@id\":\"https:\\\/\\\/www.aceguarulhos.com.br\\\/blog\\\/governo-quer-terceirizar-cobran%c3%a7a-da-d%c3%advida-p%c3%bablica\\\/#breadcrumb\"},\"inLanguage\":\"pt-BR\",\"potentialAction\":[{\"@type\":\"ReadAction\",\"target\":[\"https:\\\/\\\/www.aceguarulhos.com.br\\\/blog\\\/governo-quer-terceirizar-cobran%c3%a7a-da-d%c3%advida-p%c3%bablica\\\/\"]}]},{\"@type\":\"BreadcrumbList\",\"@id\":\"https:\\\/\\\/www.aceguarulhos.com.br\\\/blog\\\/governo-quer-terceirizar-cobran%c3%a7a-da-d%c3%advida-p%c3%bablica\\\/#breadcrumb\",\"itemListElement\":[{\"@type\":\"ListItem\",\"position\":1,\"name\":\"In\u00edcio\",\"item\":\"https:\\\/\\\/www.aceguarulhos.com.br\\\/blog\\\/\"},{\"@type\":\"ListItem\",\"position\":2,\"name\":\"Governo quer terceirizar cobran\u00e7a da d\u00edvida p\u00fablica\"}]},{\"@type\":\"WebSite\",\"@id\":\"https:\\\/\\\/www.aceguarulhos.com.br\\\/blog\\\/#website\",\"url\":\"https:\\\/\\\/www.aceguarulhos.com.br\\\/blog\\\/\",\"name\":\"ACE-Guarulhos\",\"description\":\"A ACE-Guarulhos \u00e9 uma associa\u00e7\u00e3o que ap\u00f3ia os empres\u00e1rios guarulhenses atrav\u00e9s da representa\u00e7\u00e3o, da gera\u00e7\u00e3o de neg\u00f3cios e presta\u00e7\u00e3o de servi\u00e7os.\",\"publisher\":{\"@id\":\"https:\\\/\\\/www.aceguarulhos.com.br\\\/blog\\\/#organization\"},\"potentialAction\":[{\"@type\":\"SearchAction\",\"target\":{\"@type\":\"EntryPoint\",\"urlTemplate\":\"https:\\\/\\\/www.aceguarulhos.com.br\\\/blog\\\/?s={search_term_string}\"},\"query-input\":{\"@type\":\"PropertyValueSpecification\",\"valueRequired\":true,\"valueName\":\"search_term_string\"}}],\"inLanguage\":\"pt-BR\"},{\"@type\":\"Organization\",\"@id\":\"https:\\\/\\\/www.aceguarulhos.com.br\\\/blog\\\/#organization\",\"name\":\"ACE-Guarulhos\",\"url\":\"https:\\\/\\\/www.aceguarulhos.com.br\\\/blog\\\/\",\"logo\":{\"@type\":\"ImageObject\",\"inLanguage\":\"pt-BR\",\"@id\":\"https:\\\/\\\/www.aceguarulhos.com.br\\\/blog\\\/#\\\/schema\\\/logo\\\/image\\\/\",\"url\":\"https:\\\/\\\/www.aceguarulhos.com.br\\\/blog\\\/wp-content\\\/uploads\\\/2017\\\/12\\\/logo-aceguarulhos-2018.png\",\"contentUrl\":\"https:\\\/\\\/www.aceguarulhos.com.br\\\/blog\\\/wp-content\\\/uploads\\\/2017\\\/12\\\/logo-aceguarulhos-2018.png\",\"width\":419,\"height\":76,\"caption\":\"ACE-Guarulhos\"},\"image\":{\"@id\":\"https:\\\/\\\/www.aceguarulhos.com.br\\\/blog\\\/#\\\/schema\\\/logo\\\/image\\\/\"},\"sameAs\":[\"https:\\\/\\\/www.facebook.com\\\/aceguarulhos\\\/\",\"https:\\\/\\\/br.linkedin.com\\\/in\\\/ace-guarulhos-b9a97093\",\"https:\\\/\\\/www.youtube.com\\\/user\\\/aceguarulhos\"]},{\"@type\":\"Person\",\"@id\":\"https:\\\/\\\/www.aceguarulhos.com.br\\\/blog\\\/#\\\/schema\\\/person\\\/6983b51bad37489989e4f09698c26237\",\"name\":\"Assessoria de Imprensa ACE-Guarulhos\",\"image\":{\"@type\":\"ImageObject\",\"inLanguage\":\"pt-BR\",\"@id\":\"https:\\\/\\\/secure.gravatar.com\\\/avatar\\\/707f3fadd6918afeb64173ab22d8a8cb0676953098a4f31ff36dc2b4c699ef6a?s=96&d=mm&r=g\",\"url\":\"https:\\\/\\\/secure.gravatar.com\\\/avatar\\\/707f3fadd6918afeb64173ab22d8a8cb0676953098a4f31ff36dc2b4c699ef6a?s=96&d=mm&r=g\",\"contentUrl\":\"https:\\\/\\\/secure.gravatar.com\\\/avatar\\\/707f3fadd6918afeb64173ab22d8a8cb0676953098a4f31ff36dc2b4c699ef6a?s=96&d=mm&r=g\",\"caption\":\"Assessoria de Imprensa ACE-Guarulhos\"},\"url\":\"https:\\\/\\\/www.aceguarulhos.com.br\\\/blog\\\/author\\\/assessoria-de-imprensa-ace-guarulhos\\\/\"}]}<\/script>\n<!-- \/ Yoast SEO plugin. -->","yoast_head_json":{"title":"Governo quer terceirizar cobran\u00e7a da d\u00edvida p\u00fablica  - ACE-Guarulhos","robots":{"index":"index","follow":"follow","max-snippet":"max-snippet:-1","max-image-preview":"max-image-preview:large","max-video-preview":"max-video-preview:-1"},"canonical":"https:\/\/www.aceguarulhos.com.br\/blog\/governo-quer-terceirizar-cobran\u00e7a-da-d\u00edvida-p\u00fablica\/","og_locale":"pt_BR","og_type":"article","og_title":"Governo quer terceirizar cobran\u00e7a da d\u00edvida p\u00fablica  - ACE-Guarulhos","og_description":"Representantes de entidades de contribuintes e de servidores p\u00fablicos condenam a proposta do governo que autoriza a contrata\u00e7\u00e3o, sem licita\u00e7\u00e3o, de bancos e","og_url":"https:\/\/www.aceguarulhos.com.br\/blog\/governo-quer-terceirizar-cobran\u00e7a-da-d\u00edvida-p\u00fablica\/","og_site_name":"ACE-Guarulhos","article_publisher":"https:\/\/www.facebook.com\/aceguarulhos\/","article_published_time":"2007-05-18T01:39:38+00:00","author":"Assessoria de Imprensa ACE-Guarulhos","twitter_card":"summary_large_image","twitter_misc":{"Escrito por":"Assessoria de Imprensa ACE-Guarulhos","Est. tempo de leitura":"4 minutos"},"schema":{"@context":"https:\/\/schema.org","@graph":[{"@type":"Article","@id":"https:\/\/www.aceguarulhos.com.br\/blog\/governo-quer-terceirizar-cobran%c3%a7a-da-d%c3%advida-p%c3%bablica\/#article","isPartOf":{"@id":"https:\/\/www.aceguarulhos.com.br\/blog\/governo-quer-terceirizar-cobran%c3%a7a-da-d%c3%advida-p%c3%bablica\/"},"author":{"name":"Assessoria de Imprensa ACE-Guarulhos","@id":"https:\/\/www.aceguarulhos.com.br\/blog\/#\/schema\/person\/6983b51bad37489989e4f09698c26237"},"headline":"Governo quer terceirizar cobran\u00e7a da d\u00edvida p\u00fablica","datePublished":"2007-05-18T01:39:38+00:00","mainEntityOfPage":{"@id":"https:\/\/www.aceguarulhos.com.br\/blog\/governo-quer-terceirizar-cobran%c3%a7a-da-d%c3%advida-p%c3%bablica\/"},"wordCount":818,"commentCount":0,"publisher":{"@id":"https:\/\/www.aceguarulhos.com.br\/blog\/#organization"},"articleSection":["Not\u00edcias"],"inLanguage":"pt-BR"},{"@type":"WebPage","@id":"https:\/\/www.aceguarulhos.com.br\/blog\/governo-quer-terceirizar-cobran%c3%a7a-da-d%c3%advida-p%c3%bablica\/","url":"https:\/\/www.aceguarulhos.com.br\/blog\/governo-quer-terceirizar-cobran%c3%a7a-da-d%c3%advida-p%c3%bablica\/","name":"Governo quer terceirizar cobran\u00e7a da d\u00edvida p\u00fablica - ACE-Guarulhos","isPartOf":{"@id":"https:\/\/www.aceguarulhos.com.br\/blog\/#website"},"datePublished":"2007-05-18T01:39:38+00:00","breadcrumb":{"@id":"https:\/\/www.aceguarulhos.com.br\/blog\/governo-quer-terceirizar-cobran%c3%a7a-da-d%c3%advida-p%c3%bablica\/#breadcrumb"},"inLanguage":"pt-BR","potentialAction":[{"@type":"ReadAction","target":["https:\/\/www.aceguarulhos.com.br\/blog\/governo-quer-terceirizar-cobran%c3%a7a-da-d%c3%advida-p%c3%bablica\/"]}]},{"@type":"BreadcrumbList","@id":"https:\/\/www.aceguarulhos.com.br\/blog\/governo-quer-terceirizar-cobran%c3%a7a-da-d%c3%advida-p%c3%bablica\/#breadcrumb","itemListElement":[{"@type":"ListItem","position":1,"name":"In\u00edcio","item":"https:\/\/www.aceguarulhos.com.br\/blog\/"},{"@type":"ListItem","position":2,"name":"Governo quer terceirizar cobran\u00e7a da d\u00edvida p\u00fablica"}]},{"@type":"WebSite","@id":"https:\/\/www.aceguarulhos.com.br\/blog\/#website","url":"https:\/\/www.aceguarulhos.com.br\/blog\/","name":"ACE-Guarulhos","description":"A ACE-Guarulhos \u00e9 uma associa\u00e7\u00e3o que ap\u00f3ia os empres\u00e1rios guarulhenses atrav\u00e9s da representa\u00e7\u00e3o, da gera\u00e7\u00e3o de neg\u00f3cios e presta\u00e7\u00e3o de servi\u00e7os.","publisher":{"@id":"https:\/\/www.aceguarulhos.com.br\/blog\/#organization"},"potentialAction":[{"@type":"SearchAction","target":{"@type":"EntryPoint","urlTemplate":"https:\/\/www.aceguarulhos.com.br\/blog\/?s={search_term_string}"},"query-input":{"@type":"PropertyValueSpecification","valueRequired":true,"valueName":"search_term_string"}}],"inLanguage":"pt-BR"},{"@type":"Organization","@id":"https:\/\/www.aceguarulhos.com.br\/blog\/#organization","name":"ACE-Guarulhos","url":"https:\/\/www.aceguarulhos.com.br\/blog\/","logo":{"@type":"ImageObject","inLanguage":"pt-BR","@id":"https:\/\/www.aceguarulhos.com.br\/blog\/#\/schema\/logo\/image\/","url":"https:\/\/www.aceguarulhos.com.br\/blog\/wp-content\/uploads\/2017\/12\/logo-aceguarulhos-2018.png","contentUrl":"https:\/\/www.aceguarulhos.com.br\/blog\/wp-content\/uploads\/2017\/12\/logo-aceguarulhos-2018.png","width":419,"height":76,"caption":"ACE-Guarulhos"},"image":{"@id":"https:\/\/www.aceguarulhos.com.br\/blog\/#\/schema\/logo\/image\/"},"sameAs":["https:\/\/www.facebook.com\/aceguarulhos\/","https:\/\/br.linkedin.com\/in\/ace-guarulhos-b9a97093","https:\/\/www.youtube.com\/user\/aceguarulhos"]},{"@type":"Person","@id":"https:\/\/www.aceguarulhos.com.br\/blog\/#\/schema\/person\/6983b51bad37489989e4f09698c26237","name":"Assessoria de Imprensa ACE-Guarulhos","image":{"@type":"ImageObject","inLanguage":"pt-BR","@id":"https:\/\/secure.gravatar.com\/avatar\/707f3fadd6918afeb64173ab22d8a8cb0676953098a4f31ff36dc2b4c699ef6a?s=96&d=mm&r=g","url":"https:\/\/secure.gravatar.com\/avatar\/707f3fadd6918afeb64173ab22d8a8cb0676953098a4f31ff36dc2b4c699ef6a?s=96&d=mm&r=g","contentUrl":"https:\/\/secure.gravatar.com\/avatar\/707f3fadd6918afeb64173ab22d8a8cb0676953098a4f31ff36dc2b4c699ef6a?s=96&d=mm&r=g","caption":"Assessoria de Imprensa ACE-Guarulhos"},"url":"https:\/\/www.aceguarulhos.com.br\/blog\/author\/assessoria-de-imprensa-ace-guarulhos\/"}]}},"wps_subtitle":"","amp_enabled":true,"_links":{"self":[{"href":"https:\/\/www.aceguarulhos.com.br\/blog\/wp-json\/wp\/v2\/posts\/31580","targetHints":{"allow":["GET"]}}],"collection":[{"href":"https:\/\/www.aceguarulhos.com.br\/blog\/wp-json\/wp\/v2\/posts"}],"about":[{"href":"https:\/\/www.aceguarulhos.com.br\/blog\/wp-json\/wp\/v2\/types\/post"}],"author":[{"embeddable":true,"href":"https:\/\/www.aceguarulhos.com.br\/blog\/wp-json\/wp\/v2\/users\/8"}],"replies":[{"embeddable":true,"href":"https:\/\/www.aceguarulhos.com.br\/blog\/wp-json\/wp\/v2\/comments?post=31580"}],"version-history":[{"count":0,"href":"https:\/\/www.aceguarulhos.com.br\/blog\/wp-json\/wp\/v2\/posts\/31580\/revisions"}],"wp:attachment":[{"href":"https:\/\/www.aceguarulhos.com.br\/blog\/wp-json\/wp\/v2\/media?parent=31580"}],"wp:term":[{"taxonomy":"category","embeddable":true,"href":"https:\/\/www.aceguarulhos.com.br\/blog\/wp-json\/wp\/v2\/categories?post=31580"},{"taxonomy":"post_tag","embeddable":true,"href":"https:\/\/www.aceguarulhos.com.br\/blog\/wp-json\/wp\/v2\/tags?post=31580"}],"curies":[{"name":"wp","href":"https:\/\/api.w.org\/{rel}","templated":true}]}}