{"id":31548,"date":"2007-05-11T08:25:27","date_gmt":"2007-05-11T08:25:27","guid":{"rendered":"http:\/\/www.aceguarulhos.com.br\/blog\/?p=31548"},"modified":"-0001-11-30T00:00:00","modified_gmt":"-0001-11-30T03:00:00","slug":"guilherme-afif-recebeu-prefeitos-em-s%c3%a3o-paulo","status":"publish","type":"post","link":"https:\/\/www.aceguarulhos.com.br\/blog\/guilherme-afif-recebeu-prefeitos-em-s%c3%a3o-paulo\/","title":{"rendered":"Guilherme Afif recebeu prefeitos em S\u00e3o Paulo"},"content":{"rendered":"<p>Prefeitos de 31 munic\u00edpios assinam conv\u00eanio com a Secretaria Estadual do Emprego e Rela\u00e7\u00f5es do Trabalho, incentivando o artesanato. <\/p>\n<p>O termo de coopera\u00e7\u00e3o foi firmado nesta segunda-feira (07\/05), por meio da Sutaco (Superintend\u00eancia do Trabalho Artesanal nas Comunidades), autarquia vinculada \u00e0 Secretaria Estadual do Emprego e Rela\u00e7\u00f5es do Trabalho.<\/p>\n<p>O secret\u00e1rio do Emprego e Rela\u00e7\u00f5es do Trabalho, Guilherme Afif Domingos, e o superintendente da Sutaco, Valmir Mad\u00e1zio, receber\u00e3o os prefeitos, \u00e0s 14h30, no audit\u00f3rio do Edif\u00edcio Cidade I, rua Boa Vista, 170, centro, S\u00e3o Paulo.<\/p>\n<p>O conv\u00eanio permite que as prefeituras mantenham representantes da Sutaco nos munic\u00edpios, facilitando principalmente o cadastramento dos artes\u00e3os na autarquia, o que faz com que estes trabalhadores tenham acesso aos incentivos oferecidos pela Sutaco como, por exemplo, emiss\u00e3o de notas fiscais.<\/p>\n<p>O objetivo da Sutaco \u00e9 promover, desenvolver, divulgar e comercializar o artesanato produzido no Estado de S\u00e3o Paulo, valorizando o trabalho do artes\u00e3o.<\/p>\n<p>448 munic\u00edpios j\u00e1 mant\u00eam conv\u00eanio com a Sutaco, que tem mais de 55 mil artes\u00e3os inscritos.<\/p>\n<p><b>Munic\u00edpios:<\/b><\/p>\n<ul>\n<li>Igarata<\/li>\n<li>Embu<\/li>\n<li>Guar\u00e1<\/li>\n<li>Ourinhos<\/li>\n<li>Indiana<\/li>\n<li>Santo Ant\u00f4nio da Posse<\/li>\n<li>Teodoro Sampaio<\/li>\n<li>Guarulhos<\/li>\n<li>Bariri<\/li>\n<li>Leme<\/li>\n<li>S\u00e3o Miguel Arcanjo<\/li>\n<li>Amparo<\/li>\n<li>Motuca<\/li>\n<li>Vinhedo<\/li>\n<li>Populina<\/li>\n<li>Potim<\/li>\n<li>Gar\u00e7a<\/li>\n<li>Mairinque<\/li>\n<li>Itirapu\u00e3<\/li>\n<li>Patroc\u00ednio Paulista<\/li>\n<li>Barra do Turvo<\/li>\n<li>Cassia dos Coqueiros<\/li>\n<li>Brejo Alegre<\/li>\n<li>Cardoso<\/li>\n<li>Cajamar<\/li>\n<li>Cubat\u00e3o<\/li>\n<li>Iporanga<\/li>\n<li>Monte Alto<\/li>\n<li>Santa Cruz do Rio Pardo<\/li>\n<li>Porangaba<\/li>\n<li>Emba\u00faba<\/li>\n<\/ul>\n","protected":false},"excerpt":{"rendered":"Prefeitos de 31 munic\u00edpios assinam conv\u00eanio com a Secretaria Estadual do Emprego e Rela\u00e7\u00f5es do Trabalho, incentivando o artesanato. O termo de coopera\u00e7\u00e3o \n<a class=\"moretag\" href=\"https:\/\/www.aceguarulhos.com.br\/blog\/guilherme-afif-recebeu-prefeitos-em-s%c3%a3o-paulo\/\"> [...]<\/a>","protected":false},"author":8,"featured_media":0,"comment_status":"open","ping_status":"open","sticky":false,"template":"","format":"standard","meta":{"footnotes":""},"categories":[2],"tags":[],"class_list":["post-31548","post","type-post","status-publish","format-standard","hentry","category-noticias"],"yoast_head":"<!-- This site is optimized with the Yoast SEO plugin v28.1 - https:\/\/yoast.com\/product\/yoast-seo-wordpress\/ -->\n<title>Guilherme Afif recebeu prefeitos em S\u00e3o Paulo - ACE-Guarulhos<\/title>\n<meta name=\"robots\" content=\"index, follow, max-snippet:-1, max-image-preview:large, max-video-preview:-1\" \/>\n<link rel=\"canonical\" href=\"https:\/\/www.aceguarulhos.com.br\/blog\/guilherme-afif-recebeu-prefeitos-em-s\u00e3o-paulo\/\" \/>\n<meta property=\"og:locale\" content=\"pt_BR\" \/>\n<meta property=\"og:type\" content=\"article\" \/>\n<meta property=\"og:title\" content=\"Guilherme Afif recebeu prefeitos em S\u00e3o Paulo - ACE-Guarulhos\" \/>\n<meta property=\"og:description\" content=\"Prefeitos de 31 munic\u00edpios assinam conv\u00eanio com a Secretaria Estadual do Emprego e Rela\u00e7\u00f5es do Trabalho, incentivando o artesanato. O termo de coopera\u00e7\u00e3o\" \/>\n<meta property=\"og:url\" content=\"https:\/\/www.aceguarulhos.com.br\/blog\/guilherme-afif-recebeu-prefeitos-em-s\u00e3o-paulo\/\" \/>\n<meta property=\"og:site_name\" content=\"ACE-Guarulhos\" \/>\n<meta property=\"article:publisher\" content=\"https:\/\/www.facebook.com\/aceguarulhos\/\" \/>\n<meta property=\"article:published_time\" content=\"2007-05-11T08:25:27+00:00\" \/>\n<meta name=\"author\" content=\"Assessoria de Imprensa ACE-Guarulhos\" \/>\n<meta name=\"twitter:card\" content=\"summary_large_image\" \/>\n<meta name=\"twitter:label1\" content=\"Escrito por\" \/>\n\t<meta name=\"twitter:data1\" content=\"Assessoria de Imprensa ACE-Guarulhos\" \/>\n\t<meta name=\"twitter:label2\" content=\"Est. tempo de leitura\" \/>\n\t<meta name=\"twitter:data2\" content=\"1 minuto\" \/>\n<script type=\"application\/ld+json\" class=\"yoast-schema-graph\">{\"@context\":\"https:\\\/\\\/schema.org\",\"@graph\":[{\"@type\":\"Article\",\"@id\":\"https:\\\/\\\/www.aceguarulhos.com.br\\\/blog\\\/guilherme-afif-recebeu-prefeitos-em-s%c3%a3o-paulo\\\/#article\",\"isPartOf\":{\"@id\":\"https:\\\/\\\/www.aceguarulhos.com.br\\\/blog\\\/guilherme-afif-recebeu-prefeitos-em-s%c3%a3o-paulo\\\/\"},\"author\":{\"name\":\"Assessoria de Imprensa ACE-Guarulhos\",\"@id\":\"https:\\\/\\\/www.aceguarulhos.com.br\\\/blog\\\/#\\\/schema\\\/person\\\/6983b51bad37489989e4f09698c26237\"},\"headline\":\"Guilherme Afif recebeu prefeitos em S\u00e3o Paulo\",\"datePublished\":\"2007-05-11T08:25:27+00:00\",\"mainEntityOfPage\":{\"@id\":\"https:\\\/\\\/www.aceguarulhos.com.br\\\/blog\\\/guilherme-afif-recebeu-prefeitos-em-s%c3%a3o-paulo\\\/\"},\"wordCount\":245,\"commentCount\":0,\"publisher\":{\"@id\":\"https:\\\/\\\/www.aceguarulhos.com.br\\\/blog\\\/#organization\"},\"articleSection\":[\"Not\u00edcias\"],\"inLanguage\":\"pt-BR\"},{\"@type\":\"WebPage\",\"@id\":\"https:\\\/\\\/www.aceguarulhos.com.br\\\/blog\\\/guilherme-afif-recebeu-prefeitos-em-s%c3%a3o-paulo\\\/\",\"url\":\"https:\\\/\\\/www.aceguarulhos.com.br\\\/blog\\\/guilherme-afif-recebeu-prefeitos-em-s%c3%a3o-paulo\\\/\",\"name\":\"Guilherme Afif recebeu prefeitos em S\u00e3o Paulo - ACE-Guarulhos\",\"isPartOf\":{\"@id\":\"https:\\\/\\\/www.aceguarulhos.com.br\\\/blog\\\/#website\"},\"datePublished\":\"2007-05-11T08:25:27+00:00\",\"breadcrumb\":{\"@id\":\"https:\\\/\\\/www.aceguarulhos.com.br\\\/blog\\\/guilherme-afif-recebeu-prefeitos-em-s%c3%a3o-paulo\\\/#breadcrumb\"},\"inLanguage\":\"pt-BR\",\"potentialAction\":[{\"@type\":\"ReadAction\",\"target\":[\"https:\\\/\\\/www.aceguarulhos.com.br\\\/blog\\\/guilherme-afif-recebeu-prefeitos-em-s%c3%a3o-paulo\\\/\"]}]},{\"@type\":\"BreadcrumbList\",\"@id\":\"https:\\\/\\\/www.aceguarulhos.com.br\\\/blog\\\/guilherme-afif-recebeu-prefeitos-em-s%c3%a3o-paulo\\\/#breadcrumb\",\"itemListElement\":[{\"@type\":\"ListItem\",\"position\":1,\"name\":\"In\u00edcio\",\"item\":\"https:\\\/\\\/www.aceguarulhos.com.br\\\/blog\\\/\"},{\"@type\":\"ListItem\",\"position\":2,\"name\":\"Guilherme Afif recebeu prefeitos em S\u00e3o Paulo\"}]},{\"@type\":\"WebSite\",\"@id\":\"https:\\\/\\\/www.aceguarulhos.com.br\\\/blog\\\/#website\",\"url\":\"https:\\\/\\\/www.aceguarulhos.com.br\\\/blog\\\/\",\"name\":\"ACE-Guarulhos\",\"description\":\"A ACE-Guarulhos \u00e9 uma associa\u00e7\u00e3o que ap\u00f3ia os empres\u00e1rios guarulhenses atrav\u00e9s da representa\u00e7\u00e3o, da gera\u00e7\u00e3o de neg\u00f3cios e presta\u00e7\u00e3o de servi\u00e7os.\",\"publisher\":{\"@id\":\"https:\\\/\\\/www.aceguarulhos.com.br\\\/blog\\\/#organization\"},\"potentialAction\":[{\"@type\":\"SearchAction\",\"target\":{\"@type\":\"EntryPoint\",\"urlTemplate\":\"https:\\\/\\\/www.aceguarulhos.com.br\\\/blog\\\/?s={search_term_string}\"},\"query-input\":{\"@type\":\"PropertyValueSpecification\",\"valueRequired\":true,\"valueName\":\"search_term_string\"}}],\"inLanguage\":\"pt-BR\"},{\"@type\":\"Organization\",\"@id\":\"https:\\\/\\\/www.aceguarulhos.com.br\\\/blog\\\/#organization\",\"name\":\"ACE-Guarulhos\",\"url\":\"https:\\\/\\\/www.aceguarulhos.com.br\\\/blog\\\/\",\"logo\":{\"@type\":\"ImageObject\",\"inLanguage\":\"pt-BR\",\"@id\":\"https:\\\/\\\/www.aceguarulhos.com.br\\\/blog\\\/#\\\/schema\\\/logo\\\/image\\\/\",\"url\":\"https:\\\/\\\/www.aceguarulhos.com.br\\\/blog\\\/wp-content\\\/uploads\\\/2017\\\/12\\\/logo-aceguarulhos-2018.png\",\"contentUrl\":\"https:\\\/\\\/www.aceguarulhos.com.br\\\/blog\\\/wp-content\\\/uploads\\\/2017\\\/12\\\/logo-aceguarulhos-2018.png\",\"width\":419,\"height\":76,\"caption\":\"ACE-Guarulhos\"},\"image\":{\"@id\":\"https:\\\/\\\/www.aceguarulhos.com.br\\\/blog\\\/#\\\/schema\\\/logo\\\/image\\\/\"},\"sameAs\":[\"https:\\\/\\\/www.facebook.com\\\/aceguarulhos\\\/\",\"https:\\\/\\\/br.linkedin.com\\\/in\\\/ace-guarulhos-b9a97093\",\"https:\\\/\\\/www.youtube.com\\\/user\\\/aceguarulhos\"]},{\"@type\":\"Person\",\"@id\":\"https:\\\/\\\/www.aceguarulhos.com.br\\\/blog\\\/#\\\/schema\\\/person\\\/6983b51bad37489989e4f09698c26237\",\"name\":\"Assessoria de Imprensa ACE-Guarulhos\",\"image\":{\"@type\":\"ImageObject\",\"inLanguage\":\"pt-BR\",\"@id\":\"https:\\\/\\\/secure.gravatar.com\\\/avatar\\\/707f3fadd6918afeb64173ab22d8a8cb0676953098a4f31ff36dc2b4c699ef6a?s=96&d=mm&r=g\",\"url\":\"https:\\\/\\\/secure.gravatar.com\\\/avatar\\\/707f3fadd6918afeb64173ab22d8a8cb0676953098a4f31ff36dc2b4c699ef6a?s=96&d=mm&r=g\",\"contentUrl\":\"https:\\\/\\\/secure.gravatar.com\\\/avatar\\\/707f3fadd6918afeb64173ab22d8a8cb0676953098a4f31ff36dc2b4c699ef6a?s=96&d=mm&r=g\",\"caption\":\"Assessoria de Imprensa ACE-Guarulhos\"},\"url\":\"https:\\\/\\\/www.aceguarulhos.com.br\\\/blog\\\/author\\\/assessoria-de-imprensa-ace-guarulhos\\\/\"}]}<\/script>\n<!-- \/ Yoast SEO plugin. -->","yoast_head_json":{"title":"Guilherme Afif recebeu prefeitos em S\u00e3o Paulo - ACE-Guarulhos","robots":{"index":"index","follow":"follow","max-snippet":"max-snippet:-1","max-image-preview":"max-image-preview:large","max-video-preview":"max-video-preview:-1"},"canonical":"https:\/\/www.aceguarulhos.com.br\/blog\/guilherme-afif-recebeu-prefeitos-em-s\u00e3o-paulo\/","og_locale":"pt_BR","og_type":"article","og_title":"Guilherme Afif recebeu prefeitos em S\u00e3o Paulo - ACE-Guarulhos","og_description":"Prefeitos de 31 munic\u00edpios assinam conv\u00eanio com a Secretaria Estadual do Emprego e Rela\u00e7\u00f5es do Trabalho, incentivando o artesanato. O termo de coopera\u00e7\u00e3o","og_url":"https:\/\/www.aceguarulhos.com.br\/blog\/guilherme-afif-recebeu-prefeitos-em-s\u00e3o-paulo\/","og_site_name":"ACE-Guarulhos","article_publisher":"https:\/\/www.facebook.com\/aceguarulhos\/","article_published_time":"2007-05-11T08:25:27+00:00","author":"Assessoria de Imprensa ACE-Guarulhos","twitter_card":"summary_large_image","twitter_misc":{"Escrito por":"Assessoria de Imprensa ACE-Guarulhos","Est. tempo de leitura":"1 minuto"},"schema":{"@context":"https:\/\/schema.org","@graph":[{"@type":"Article","@id":"https:\/\/www.aceguarulhos.com.br\/blog\/guilherme-afif-recebeu-prefeitos-em-s%c3%a3o-paulo\/#article","isPartOf":{"@id":"https:\/\/www.aceguarulhos.com.br\/blog\/guilherme-afif-recebeu-prefeitos-em-s%c3%a3o-paulo\/"},"author":{"name":"Assessoria de Imprensa ACE-Guarulhos","@id":"https:\/\/www.aceguarulhos.com.br\/blog\/#\/schema\/person\/6983b51bad37489989e4f09698c26237"},"headline":"Guilherme Afif recebeu prefeitos em S\u00e3o Paulo","datePublished":"2007-05-11T08:25:27+00:00","mainEntityOfPage":{"@id":"https:\/\/www.aceguarulhos.com.br\/blog\/guilherme-afif-recebeu-prefeitos-em-s%c3%a3o-paulo\/"},"wordCount":245,"commentCount":0,"publisher":{"@id":"https:\/\/www.aceguarulhos.com.br\/blog\/#organization"},"articleSection":["Not\u00edcias"],"inLanguage":"pt-BR"},{"@type":"WebPage","@id":"https:\/\/www.aceguarulhos.com.br\/blog\/guilherme-afif-recebeu-prefeitos-em-s%c3%a3o-paulo\/","url":"https:\/\/www.aceguarulhos.com.br\/blog\/guilherme-afif-recebeu-prefeitos-em-s%c3%a3o-paulo\/","name":"Guilherme Afif recebeu prefeitos em S\u00e3o Paulo - ACE-Guarulhos","isPartOf":{"@id":"https:\/\/www.aceguarulhos.com.br\/blog\/#website"},"datePublished":"2007-05-11T08:25:27+00:00","breadcrumb":{"@id":"https:\/\/www.aceguarulhos.com.br\/blog\/guilherme-afif-recebeu-prefeitos-em-s%c3%a3o-paulo\/#breadcrumb"},"inLanguage":"pt-BR","potentialAction":[{"@type":"ReadAction","target":["https:\/\/www.aceguarulhos.com.br\/blog\/guilherme-afif-recebeu-prefeitos-em-s%c3%a3o-paulo\/"]}]},{"@type":"BreadcrumbList","@id":"https:\/\/www.aceguarulhos.com.br\/blog\/guilherme-afif-recebeu-prefeitos-em-s%c3%a3o-paulo\/#breadcrumb","itemListElement":[{"@type":"ListItem","position":1,"name":"In\u00edcio","item":"https:\/\/www.aceguarulhos.com.br\/blog\/"},{"@type":"ListItem","position":2,"name":"Guilherme Afif recebeu prefeitos em S\u00e3o Paulo"}]},{"@type":"WebSite","@id":"https:\/\/www.aceguarulhos.com.br\/blog\/#website","url":"https:\/\/www.aceguarulhos.com.br\/blog\/","name":"ACE-Guarulhos","description":"A ACE-Guarulhos \u00e9 uma associa\u00e7\u00e3o que ap\u00f3ia os empres\u00e1rios guarulhenses atrav\u00e9s da representa\u00e7\u00e3o, da gera\u00e7\u00e3o de neg\u00f3cios e presta\u00e7\u00e3o de servi\u00e7os.","publisher":{"@id":"https:\/\/www.aceguarulhos.com.br\/blog\/#organization"},"potentialAction":[{"@type":"SearchAction","target":{"@type":"EntryPoint","urlTemplate":"https:\/\/www.aceguarulhos.com.br\/blog\/?s={search_term_string}"},"query-input":{"@type":"PropertyValueSpecification","valueRequired":true,"valueName":"search_term_string"}}],"inLanguage":"pt-BR"},{"@type":"Organization","@id":"https:\/\/www.aceguarulhos.com.br\/blog\/#organization","name":"ACE-Guarulhos","url":"https:\/\/www.aceguarulhos.com.br\/blog\/","logo":{"@type":"ImageObject","inLanguage":"pt-BR","@id":"https:\/\/www.aceguarulhos.com.br\/blog\/#\/schema\/logo\/image\/","url":"https:\/\/www.aceguarulhos.com.br\/blog\/wp-content\/uploads\/2017\/12\/logo-aceguarulhos-2018.png","contentUrl":"https:\/\/www.aceguarulhos.com.br\/blog\/wp-content\/uploads\/2017\/12\/logo-aceguarulhos-2018.png","width":419,"height":76,"caption":"ACE-Guarulhos"},"image":{"@id":"https:\/\/www.aceguarulhos.com.br\/blog\/#\/schema\/logo\/image\/"},"sameAs":["https:\/\/www.facebook.com\/aceguarulhos\/","https:\/\/br.linkedin.com\/in\/ace-guarulhos-b9a97093","https:\/\/www.youtube.com\/user\/aceguarulhos"]},{"@type":"Person","@id":"https:\/\/www.aceguarulhos.com.br\/blog\/#\/schema\/person\/6983b51bad37489989e4f09698c26237","name":"Assessoria de Imprensa ACE-Guarulhos","image":{"@type":"ImageObject","inLanguage":"pt-BR","@id":"https:\/\/secure.gravatar.com\/avatar\/707f3fadd6918afeb64173ab22d8a8cb0676953098a4f31ff36dc2b4c699ef6a?s=96&d=mm&r=g","url":"https:\/\/secure.gravatar.com\/avatar\/707f3fadd6918afeb64173ab22d8a8cb0676953098a4f31ff36dc2b4c699ef6a?s=96&d=mm&r=g","contentUrl":"https:\/\/secure.gravatar.com\/avatar\/707f3fadd6918afeb64173ab22d8a8cb0676953098a4f31ff36dc2b4c699ef6a?s=96&d=mm&r=g","caption":"Assessoria de Imprensa ACE-Guarulhos"},"url":"https:\/\/www.aceguarulhos.com.br\/blog\/author\/assessoria-de-imprensa-ace-guarulhos\/"}]}},"wps_subtitle":"","amp_enabled":true,"_links":{"self":[{"href":"https:\/\/www.aceguarulhos.com.br\/blog\/wp-json\/wp\/v2\/posts\/31548","targetHints":{"allow":["GET"]}}],"collection":[{"href":"https:\/\/www.aceguarulhos.com.br\/blog\/wp-json\/wp\/v2\/posts"}],"about":[{"href":"https:\/\/www.aceguarulhos.com.br\/blog\/wp-json\/wp\/v2\/types\/post"}],"author":[{"embeddable":true,"href":"https:\/\/www.aceguarulhos.com.br\/blog\/wp-json\/wp\/v2\/users\/8"}],"replies":[{"embeddable":true,"href":"https:\/\/www.aceguarulhos.com.br\/blog\/wp-json\/wp\/v2\/comments?post=31548"}],"version-history":[{"count":0,"href":"https:\/\/www.aceguarulhos.com.br\/blog\/wp-json\/wp\/v2\/posts\/31548\/revisions"}],"wp:attachment":[{"href":"https:\/\/www.aceguarulhos.com.br\/blog\/wp-json\/wp\/v2\/media?parent=31548"}],"wp:term":[{"taxonomy":"category","embeddable":true,"href":"https:\/\/www.aceguarulhos.com.br\/blog\/wp-json\/wp\/v2\/categories?post=31548"},{"taxonomy":"post_tag","embeddable":true,"href":"https:\/\/www.aceguarulhos.com.br\/blog\/wp-json\/wp\/v2\/tags?post=31548"}],"curies":[{"name":"wp","href":"https:\/\/api.w.org\/{rel}","templated":true}]}}