{"id":31536,"date":"2007-05-10T08:53:37","date_gmt":"2007-05-10T08:53:37","guid":{"rendered":"http:\/\/www.aceguarulhos.com.br\/blog\/?p=31536"},"modified":"-0001-11-30T00:00:00","modified_gmt":"-0001-11-30T03:00:00","slug":"sescon-sp-aponta-injusti%c3%a7as-da-cpmf","status":"publish","type":"post","link":"https:\/\/www.aceguarulhos.com.br\/blog\/sescon-sp-aponta-injusti%c3%a7as-da-cpmf\/","title":{"rendered":"SESCON-SP aponta injusti\u00e7as da CPMF"},"content":{"rendered":"<p>Ao participar nesta quarta-feira (9\/5) de um encontro ,&nbsp; na sede da FIESP, durante o qual&nbsp; v\u00e1rios&nbsp; setores da sociedade&nbsp; lan\u00e7aram&nbsp; manifesto contra a prov\u00e1vel&nbsp; prorroga\u00e7\u00e3o da CPMF,&nbsp; o presidente do SESCON-SP, Jos\u00e9 Maria Chapina Alcazar, justificou a participa\u00e7\u00e3o do Sindicato das Empresas Cont\u00e1beis e de Assessoramento na mobiliza\u00e7\u00e3o. <\/p>\n<p>&#8220;Al\u00e9m de desrespeitar as diferentes capacidades&nbsp; contributivas do brasileiro,&nbsp; ela&nbsp; est\u00e1 embutida nos custos de tudo que se consome e, por isso, quanto menor&nbsp; o rendimento do contribuinte maior \u00e9 o impacto&nbsp; do imposto sobre o seu or\u00e7amento&#8221;, disse ele, frisando o car\u00e1ter regressivo da Contribui\u00e7\u00e3o Provis\u00f3ria Sobre Movimenta\u00e7\u00e3o Financeira. <\/p>\n<p>\u201cSe o governo se empenhasse em aplicar&nbsp; intelig\u00eancia e tecnologia para manter um&nbsp; melhor controle dos gastos p\u00fablicos, da mesma forma que tem agido ao&nbsp; aparelhar o Fisco&#8221;,&nbsp; &#8211; prosseguiu Chapina &#8211;&nbsp; &#8220;com certeza n\u00e3o&nbsp; precisaria buscar continuamente novas fontes de arrecada\u00e7\u00e3o&nbsp; e nem alegaria a impossibilidade de abrir m\u00e3o da receita gerada pela CPMF, como est\u00e1 fazendo agora\u201d.&nbsp; <\/p>\n<p>Como exemplo&nbsp; de que arrecadar mais acaba tendo pouca valia quando se gasta mal, ele aponta o caso da chamada m\u00e1fia dos sanguessugas, que lesou em mais de R$ 110 milh\u00f5es o Fundo Nacional de Sa\u00fade. <\/p>\n<p>Lembrou tamb\u00e9m&nbsp; os desvios da Previd\u00eancia Social, um rombo que,&nbsp; segundo relat\u00f3rio do Tribunal de Contas da Uni\u00e3o, consome&nbsp; uma m\u00e9dia anual de R$ 34 bilh\u00f5es,&nbsp; cifra superior aos&nbsp; R$ 32 bi&nbsp; amealhados pela pr\u00f3pria CPMF em todo o Pa\u00eds em 2006.<\/p>\n<p>Durante a&nbsp; manifesta\u00e7\u00e3o desta quarta-feira, o Depecon &#8211; Departamento de Pesquisas e Estudos Econ\u00f4micos da Fiesp divulgou um estudo revelando que o preju\u00edzo com a CMPF para a sociedade pode chegar a R$ 8 bilh\u00f5es ou 0,4% do PIB acumulado.<\/p>\n","protected":false},"excerpt":{"rendered":"Ao participar nesta quarta-feira (9\/5) de um encontro ,&nbsp; na sede da FIESP, durante o qual&nbsp; v\u00e1rios&nbsp; setores da sociedade&nbsp; lan\u00e7aram&nbsp; manifesto contra \n<a class=\"moretag\" href=\"https:\/\/www.aceguarulhos.com.br\/blog\/sescon-sp-aponta-injusti%c3%a7as-da-cpmf\/\"> [...]<\/a>","protected":false},"author":8,"featured_media":0,"comment_status":"open","ping_status":"open","sticky":false,"template":"","format":"standard","meta":{"footnotes":""},"categories":[2],"tags":[],"class_list":["post-31536","post","type-post","status-publish","format-standard","hentry","category-noticias"],"yoast_head":"<!-- This site is optimized with the Yoast SEO plugin v28.1 - https:\/\/yoast.com\/product\/yoast-seo-wordpress\/ -->\n<title>SESCON-SP aponta injusti\u00e7as da CPMF  - ACE-Guarulhos<\/title>\n<meta name=\"robots\" content=\"index, follow, max-snippet:-1, max-image-preview:large, max-video-preview:-1\" \/>\n<link rel=\"canonical\" href=\"https:\/\/www.aceguarulhos.com.br\/blog\/sescon-sp-aponta-injusti\u00e7as-da-cpmf\/\" \/>\n<meta property=\"og:locale\" content=\"pt_BR\" \/>\n<meta property=\"og:type\" content=\"article\" \/>\n<meta property=\"og:title\" content=\"SESCON-SP aponta injusti\u00e7as da CPMF  - ACE-Guarulhos\" \/>\n<meta property=\"og:description\" content=\"Ao participar nesta quarta-feira (9\/5) de um encontro ,&nbsp; na sede da FIESP, durante o qual&nbsp; v\u00e1rios&nbsp; setores da sociedade&nbsp; lan\u00e7aram&nbsp; manifesto contra\" \/>\n<meta property=\"og:url\" content=\"https:\/\/www.aceguarulhos.com.br\/blog\/sescon-sp-aponta-injusti\u00e7as-da-cpmf\/\" \/>\n<meta property=\"og:site_name\" content=\"ACE-Guarulhos\" \/>\n<meta property=\"article:publisher\" content=\"https:\/\/www.facebook.com\/aceguarulhos\/\" \/>\n<meta property=\"article:published_time\" content=\"2007-05-10T08:53:37+00:00\" \/>\n<meta name=\"author\" content=\"Assessoria de Imprensa ACE-Guarulhos\" \/>\n<meta name=\"twitter:card\" content=\"summary_large_image\" \/>\n<meta name=\"twitter:label1\" content=\"Escrito por\" \/>\n\t<meta name=\"twitter:data1\" content=\"Assessoria de Imprensa ACE-Guarulhos\" \/>\n\t<meta name=\"twitter:label2\" content=\"Est. tempo de leitura\" \/>\n\t<meta name=\"twitter:data2\" content=\"2 minutos\" \/>\n<script type=\"application\/ld+json\" class=\"yoast-schema-graph\">{\"@context\":\"https:\\\/\\\/schema.org\",\"@graph\":[{\"@type\":\"Article\",\"@id\":\"https:\\\/\\\/www.aceguarulhos.com.br\\\/blog\\\/sescon-sp-aponta-injusti%c3%a7as-da-cpmf\\\/#article\",\"isPartOf\":{\"@id\":\"https:\\\/\\\/www.aceguarulhos.com.br\\\/blog\\\/sescon-sp-aponta-injusti%c3%a7as-da-cpmf\\\/\"},\"author\":{\"name\":\"Assessoria de Imprensa ACE-Guarulhos\",\"@id\":\"https:\\\/\\\/www.aceguarulhos.com.br\\\/blog\\\/#\\\/schema\\\/person\\\/6983b51bad37489989e4f09698c26237\"},\"headline\":\"SESCON-SP aponta injusti\u00e7as da CPMF\",\"datePublished\":\"2007-05-10T08:53:37+00:00\",\"mainEntityOfPage\":{\"@id\":\"https:\\\/\\\/www.aceguarulhos.com.br\\\/blog\\\/sescon-sp-aponta-injusti%c3%a7as-da-cpmf\\\/\"},\"wordCount\":334,\"commentCount\":0,\"publisher\":{\"@id\":\"https:\\\/\\\/www.aceguarulhos.com.br\\\/blog\\\/#organization\"},\"articleSection\":[\"Not\u00edcias\"],\"inLanguage\":\"pt-BR\"},{\"@type\":\"WebPage\",\"@id\":\"https:\\\/\\\/www.aceguarulhos.com.br\\\/blog\\\/sescon-sp-aponta-injusti%c3%a7as-da-cpmf\\\/\",\"url\":\"https:\\\/\\\/www.aceguarulhos.com.br\\\/blog\\\/sescon-sp-aponta-injusti%c3%a7as-da-cpmf\\\/\",\"name\":\"SESCON-SP aponta injusti\u00e7as da CPMF - ACE-Guarulhos\",\"isPartOf\":{\"@id\":\"https:\\\/\\\/www.aceguarulhos.com.br\\\/blog\\\/#website\"},\"datePublished\":\"2007-05-10T08:53:37+00:00\",\"breadcrumb\":{\"@id\":\"https:\\\/\\\/www.aceguarulhos.com.br\\\/blog\\\/sescon-sp-aponta-injusti%c3%a7as-da-cpmf\\\/#breadcrumb\"},\"inLanguage\":\"pt-BR\",\"potentialAction\":[{\"@type\":\"ReadAction\",\"target\":[\"https:\\\/\\\/www.aceguarulhos.com.br\\\/blog\\\/sescon-sp-aponta-injusti%c3%a7as-da-cpmf\\\/\"]}]},{\"@type\":\"BreadcrumbList\",\"@id\":\"https:\\\/\\\/www.aceguarulhos.com.br\\\/blog\\\/sescon-sp-aponta-injusti%c3%a7as-da-cpmf\\\/#breadcrumb\",\"itemListElement\":[{\"@type\":\"ListItem\",\"position\":1,\"name\":\"In\u00edcio\",\"item\":\"https:\\\/\\\/www.aceguarulhos.com.br\\\/blog\\\/\"},{\"@type\":\"ListItem\",\"position\":2,\"name\":\"SESCON-SP aponta injusti\u00e7as da CPMF\"}]},{\"@type\":\"WebSite\",\"@id\":\"https:\\\/\\\/www.aceguarulhos.com.br\\\/blog\\\/#website\",\"url\":\"https:\\\/\\\/www.aceguarulhos.com.br\\\/blog\\\/\",\"name\":\"ACE-Guarulhos\",\"description\":\"A ACE-Guarulhos \u00e9 uma associa\u00e7\u00e3o que ap\u00f3ia os empres\u00e1rios guarulhenses atrav\u00e9s da representa\u00e7\u00e3o, da gera\u00e7\u00e3o de neg\u00f3cios e presta\u00e7\u00e3o de servi\u00e7os.\",\"publisher\":{\"@id\":\"https:\\\/\\\/www.aceguarulhos.com.br\\\/blog\\\/#organization\"},\"potentialAction\":[{\"@type\":\"SearchAction\",\"target\":{\"@type\":\"EntryPoint\",\"urlTemplate\":\"https:\\\/\\\/www.aceguarulhos.com.br\\\/blog\\\/?s={search_term_string}\"},\"query-input\":{\"@type\":\"PropertyValueSpecification\",\"valueRequired\":true,\"valueName\":\"search_term_string\"}}],\"inLanguage\":\"pt-BR\"},{\"@type\":\"Organization\",\"@id\":\"https:\\\/\\\/www.aceguarulhos.com.br\\\/blog\\\/#organization\",\"name\":\"ACE-Guarulhos\",\"url\":\"https:\\\/\\\/www.aceguarulhos.com.br\\\/blog\\\/\",\"logo\":{\"@type\":\"ImageObject\",\"inLanguage\":\"pt-BR\",\"@id\":\"https:\\\/\\\/www.aceguarulhos.com.br\\\/blog\\\/#\\\/schema\\\/logo\\\/image\\\/\",\"url\":\"https:\\\/\\\/www.aceguarulhos.com.br\\\/blog\\\/wp-content\\\/uploads\\\/2017\\\/12\\\/logo-aceguarulhos-2018.png\",\"contentUrl\":\"https:\\\/\\\/www.aceguarulhos.com.br\\\/blog\\\/wp-content\\\/uploads\\\/2017\\\/12\\\/logo-aceguarulhos-2018.png\",\"width\":419,\"height\":76,\"caption\":\"ACE-Guarulhos\"},\"image\":{\"@id\":\"https:\\\/\\\/www.aceguarulhos.com.br\\\/blog\\\/#\\\/schema\\\/logo\\\/image\\\/\"},\"sameAs\":[\"https:\\\/\\\/www.facebook.com\\\/aceguarulhos\\\/\",\"https:\\\/\\\/br.linkedin.com\\\/in\\\/ace-guarulhos-b9a97093\",\"https:\\\/\\\/www.youtube.com\\\/user\\\/aceguarulhos\"]},{\"@type\":\"Person\",\"@id\":\"https:\\\/\\\/www.aceguarulhos.com.br\\\/blog\\\/#\\\/schema\\\/person\\\/6983b51bad37489989e4f09698c26237\",\"name\":\"Assessoria de Imprensa ACE-Guarulhos\",\"image\":{\"@type\":\"ImageObject\",\"inLanguage\":\"pt-BR\",\"@id\":\"https:\\\/\\\/secure.gravatar.com\\\/avatar\\\/707f3fadd6918afeb64173ab22d8a8cb0676953098a4f31ff36dc2b4c699ef6a?s=96&d=mm&r=g\",\"url\":\"https:\\\/\\\/secure.gravatar.com\\\/avatar\\\/707f3fadd6918afeb64173ab22d8a8cb0676953098a4f31ff36dc2b4c699ef6a?s=96&d=mm&r=g\",\"contentUrl\":\"https:\\\/\\\/secure.gravatar.com\\\/avatar\\\/707f3fadd6918afeb64173ab22d8a8cb0676953098a4f31ff36dc2b4c699ef6a?s=96&d=mm&r=g\",\"caption\":\"Assessoria de Imprensa ACE-Guarulhos\"},\"url\":\"https:\\\/\\\/www.aceguarulhos.com.br\\\/blog\\\/author\\\/assessoria-de-imprensa-ace-guarulhos\\\/\"}]}<\/script>\n<!-- \/ Yoast SEO plugin. -->","yoast_head_json":{"title":"SESCON-SP aponta injusti\u00e7as da CPMF  - ACE-Guarulhos","robots":{"index":"index","follow":"follow","max-snippet":"max-snippet:-1","max-image-preview":"max-image-preview:large","max-video-preview":"max-video-preview:-1"},"canonical":"https:\/\/www.aceguarulhos.com.br\/blog\/sescon-sp-aponta-injusti\u00e7as-da-cpmf\/","og_locale":"pt_BR","og_type":"article","og_title":"SESCON-SP aponta injusti\u00e7as da CPMF  - ACE-Guarulhos","og_description":"Ao participar nesta quarta-feira (9\/5) de um encontro ,&nbsp; na sede da FIESP, durante o qual&nbsp; v\u00e1rios&nbsp; setores da sociedade&nbsp; lan\u00e7aram&nbsp; manifesto contra","og_url":"https:\/\/www.aceguarulhos.com.br\/blog\/sescon-sp-aponta-injusti\u00e7as-da-cpmf\/","og_site_name":"ACE-Guarulhos","article_publisher":"https:\/\/www.facebook.com\/aceguarulhos\/","article_published_time":"2007-05-10T08:53:37+00:00","author":"Assessoria de Imprensa ACE-Guarulhos","twitter_card":"summary_large_image","twitter_misc":{"Escrito por":"Assessoria de Imprensa ACE-Guarulhos","Est. tempo de leitura":"2 minutos"},"schema":{"@context":"https:\/\/schema.org","@graph":[{"@type":"Article","@id":"https:\/\/www.aceguarulhos.com.br\/blog\/sescon-sp-aponta-injusti%c3%a7as-da-cpmf\/#article","isPartOf":{"@id":"https:\/\/www.aceguarulhos.com.br\/blog\/sescon-sp-aponta-injusti%c3%a7as-da-cpmf\/"},"author":{"name":"Assessoria de Imprensa ACE-Guarulhos","@id":"https:\/\/www.aceguarulhos.com.br\/blog\/#\/schema\/person\/6983b51bad37489989e4f09698c26237"},"headline":"SESCON-SP aponta injusti\u00e7as da CPMF","datePublished":"2007-05-10T08:53:37+00:00","mainEntityOfPage":{"@id":"https:\/\/www.aceguarulhos.com.br\/blog\/sescon-sp-aponta-injusti%c3%a7as-da-cpmf\/"},"wordCount":334,"commentCount":0,"publisher":{"@id":"https:\/\/www.aceguarulhos.com.br\/blog\/#organization"},"articleSection":["Not\u00edcias"],"inLanguage":"pt-BR"},{"@type":"WebPage","@id":"https:\/\/www.aceguarulhos.com.br\/blog\/sescon-sp-aponta-injusti%c3%a7as-da-cpmf\/","url":"https:\/\/www.aceguarulhos.com.br\/blog\/sescon-sp-aponta-injusti%c3%a7as-da-cpmf\/","name":"SESCON-SP aponta injusti\u00e7as da CPMF - ACE-Guarulhos","isPartOf":{"@id":"https:\/\/www.aceguarulhos.com.br\/blog\/#website"},"datePublished":"2007-05-10T08:53:37+00:00","breadcrumb":{"@id":"https:\/\/www.aceguarulhos.com.br\/blog\/sescon-sp-aponta-injusti%c3%a7as-da-cpmf\/#breadcrumb"},"inLanguage":"pt-BR","potentialAction":[{"@type":"ReadAction","target":["https:\/\/www.aceguarulhos.com.br\/blog\/sescon-sp-aponta-injusti%c3%a7as-da-cpmf\/"]}]},{"@type":"BreadcrumbList","@id":"https:\/\/www.aceguarulhos.com.br\/blog\/sescon-sp-aponta-injusti%c3%a7as-da-cpmf\/#breadcrumb","itemListElement":[{"@type":"ListItem","position":1,"name":"In\u00edcio","item":"https:\/\/www.aceguarulhos.com.br\/blog\/"},{"@type":"ListItem","position":2,"name":"SESCON-SP aponta injusti\u00e7as da CPMF"}]},{"@type":"WebSite","@id":"https:\/\/www.aceguarulhos.com.br\/blog\/#website","url":"https:\/\/www.aceguarulhos.com.br\/blog\/","name":"ACE-Guarulhos","description":"A ACE-Guarulhos \u00e9 uma associa\u00e7\u00e3o que ap\u00f3ia os empres\u00e1rios guarulhenses atrav\u00e9s da representa\u00e7\u00e3o, da gera\u00e7\u00e3o de neg\u00f3cios e presta\u00e7\u00e3o de servi\u00e7os.","publisher":{"@id":"https:\/\/www.aceguarulhos.com.br\/blog\/#organization"},"potentialAction":[{"@type":"SearchAction","target":{"@type":"EntryPoint","urlTemplate":"https:\/\/www.aceguarulhos.com.br\/blog\/?s={search_term_string}"},"query-input":{"@type":"PropertyValueSpecification","valueRequired":true,"valueName":"search_term_string"}}],"inLanguage":"pt-BR"},{"@type":"Organization","@id":"https:\/\/www.aceguarulhos.com.br\/blog\/#organization","name":"ACE-Guarulhos","url":"https:\/\/www.aceguarulhos.com.br\/blog\/","logo":{"@type":"ImageObject","inLanguage":"pt-BR","@id":"https:\/\/www.aceguarulhos.com.br\/blog\/#\/schema\/logo\/image\/","url":"https:\/\/www.aceguarulhos.com.br\/blog\/wp-content\/uploads\/2017\/12\/logo-aceguarulhos-2018.png","contentUrl":"https:\/\/www.aceguarulhos.com.br\/blog\/wp-content\/uploads\/2017\/12\/logo-aceguarulhos-2018.png","width":419,"height":76,"caption":"ACE-Guarulhos"},"image":{"@id":"https:\/\/www.aceguarulhos.com.br\/blog\/#\/schema\/logo\/image\/"},"sameAs":["https:\/\/www.facebook.com\/aceguarulhos\/","https:\/\/br.linkedin.com\/in\/ace-guarulhos-b9a97093","https:\/\/www.youtube.com\/user\/aceguarulhos"]},{"@type":"Person","@id":"https:\/\/www.aceguarulhos.com.br\/blog\/#\/schema\/person\/6983b51bad37489989e4f09698c26237","name":"Assessoria de Imprensa ACE-Guarulhos","image":{"@type":"ImageObject","inLanguage":"pt-BR","@id":"https:\/\/secure.gravatar.com\/avatar\/707f3fadd6918afeb64173ab22d8a8cb0676953098a4f31ff36dc2b4c699ef6a?s=96&d=mm&r=g","url":"https:\/\/secure.gravatar.com\/avatar\/707f3fadd6918afeb64173ab22d8a8cb0676953098a4f31ff36dc2b4c699ef6a?s=96&d=mm&r=g","contentUrl":"https:\/\/secure.gravatar.com\/avatar\/707f3fadd6918afeb64173ab22d8a8cb0676953098a4f31ff36dc2b4c699ef6a?s=96&d=mm&r=g","caption":"Assessoria de Imprensa ACE-Guarulhos"},"url":"https:\/\/www.aceguarulhos.com.br\/blog\/author\/assessoria-de-imprensa-ace-guarulhos\/"}]}},"wps_subtitle":"","amp_enabled":true,"_links":{"self":[{"href":"https:\/\/www.aceguarulhos.com.br\/blog\/wp-json\/wp\/v2\/posts\/31536","targetHints":{"allow":["GET"]}}],"collection":[{"href":"https:\/\/www.aceguarulhos.com.br\/blog\/wp-json\/wp\/v2\/posts"}],"about":[{"href":"https:\/\/www.aceguarulhos.com.br\/blog\/wp-json\/wp\/v2\/types\/post"}],"author":[{"embeddable":true,"href":"https:\/\/www.aceguarulhos.com.br\/blog\/wp-json\/wp\/v2\/users\/8"}],"replies":[{"embeddable":true,"href":"https:\/\/www.aceguarulhos.com.br\/blog\/wp-json\/wp\/v2\/comments?post=31536"}],"version-history":[{"count":0,"href":"https:\/\/www.aceguarulhos.com.br\/blog\/wp-json\/wp\/v2\/posts\/31536\/revisions"}],"wp:attachment":[{"href":"https:\/\/www.aceguarulhos.com.br\/blog\/wp-json\/wp\/v2\/media?parent=31536"}],"wp:term":[{"taxonomy":"category","embeddable":true,"href":"https:\/\/www.aceguarulhos.com.br\/blog\/wp-json\/wp\/v2\/categories?post=31536"},{"taxonomy":"post_tag","embeddable":true,"href":"https:\/\/www.aceguarulhos.com.br\/blog\/wp-json\/wp\/v2\/tags?post=31536"}],"curies":[{"name":"wp","href":"https:\/\/api.w.org\/{rel}","templated":true}]}}