{"id":31525,"date":"2007-05-08T00:34:06","date_gmt":"2007-05-08T00:34:06","guid":{"rendered":"http:\/\/www.aceguarulhos.com.br\/blog\/?p=31525"},"modified":"-0001-11-30T00:00:00","modified_gmt":"-0001-11-30T03:00:00","slug":"dia-das-m%c3%a3es-aquece-vendas-no-com%c3%a9rcio-de-guarulhos","status":"publish","type":"post","link":"https:\/\/www.aceguarulhos.com.br\/blog\/dia-das-m%c3%a3es-aquece-vendas-no-com%c3%a9rcio-de-guarulhos\/","title":{"rendered":"Dia das M\u00e3es aquece vendas no com\u00e9rcio de Guarulhos"},"content":{"rendered":"<p><i>Movimento aumentou desde o \u00faltimo final de semana; mas Fecomercio prev\u00ea crescimento de apenas 2% no Estado<\/i><\/p>\n<p>O movimento no com\u00e9rcio de Guarulhos aumentou desde o \u00faltimo final de semana, visando \u00e0s compras para o Dia das M\u00e3es, que ser\u00e1 comemorado no pr\u00f3ximo domingo. Apesar da empolga\u00e7\u00e3o dos lojistas locais, a Federa\u00e7\u00e3o do Com\u00e9rcio do Estado de S\u00e3o Paulo (Fecomercio) prev\u00ea um crescimento nas vendas de apenas 2% em todo o Estado, \u00edndice inferior ao de 2006, que fechou em 2,3%. <\/p>\n<p>De acordo com Paula Firmino Moura, assessora econ\u00f4mica da Fecomercio, a retra\u00e7\u00e3o se deve ao grande \u00edndice de inadimpl\u00eancia, 62%, registrado no Pa\u00eds. &#8220;Jovens e mulheres com at\u00e9 35 anos, que s\u00e3o os dois grupos mais influenciados pela data, comp\u00f5em grande parte desse universo de endividados&#8221;, disse. <\/p>\n<p>Paula acredita que o com\u00e9rcio poder\u00e1 ser alavancado com as compras de \u00faltima hora, mesmo assim, o valor dos presentes dever\u00e1 ser menor. <\/p>\n<p>&#8220;A m\u00e9dia dever\u00e1 ficar em R$ 50,00&#8221;, disse. A economista aposta na compra de produtos de uso e cuidados pessoais. &#8220;A demanda por eletrodom\u00e9sticos e eletr\u00f4nicos teve seu boom em 2005 e hoje est\u00e1 estagnada&#8221;, afirmou.<\/p>\n<p>Os lojistas dos dois shopping centers de Guarulhos &#8211; Internacional e Bonsucesso &#8211; comemoraram o crescimento do movimento das vendas e j\u00e1 elegeram seu her\u00f3i: &#8220;O Homem-Aranha&#8221;. O terceiro longa-metragem com o personagem dos cartoons lotou os cinemas e impulsionou o movimento no \u00faltimo final de semana. &#8220;O Dia das M\u00e3es \u00e9 o nosso segundo Natal. Esperamos um aumento de pelo menos 30% nas vendas&#8221;, disse Priscila Nogueira, gerente de uma loja de sapatos femininos. <\/p>\n<p>No com\u00e9rcio de rua o movimento aumentou desde a \u00faltima quinta-feira. Os lojistas, esperam, por\u00e9m, um maior movimento a partir de amanh\u00e3. &#8220;Sexta e s\u00e1bado dever\u00e3o ser nossos melhores dias&#8221;, disse Marcos Andrade, gerente de uma loja de bolsas e cal\u00e7ados.<\/p>\n<p>O setor de vesti\u00e1rio \u00e9 sem d\u00favida o que registra maior aquecimento na data &#8211; 44%, segundo a Fecomercio -, mas o guarulhense promete variar na hora de escolher o presente. A ajudante de setor Lucyanna Kelly Lopes Mendes n\u00e3o vai economizar e pretende comprar uma m\u00e1quina de lavar de R$ 1 mil para a m\u00e3e. &#8220;Ela est\u00e1 precisando h\u00e1 bastante tempo&#8221;, disse. J\u00e1 o estudante Vitor Alexandre da Silva economiza para comprar um sapato para a m\u00e3e. &#8220;J\u00e1 tenho R$ 25,00. Acredito que com R$ 50,00 consigo comprar um bonito&#8221;, disse.<\/p>\n<p>Independente de receber algo, para as m\u00e3es o maior presente \u00e9 a proximidade com os filhos. &#8220;O que mais quero \u00e9 estar com as minhas filhas e netos no Dia das M\u00e3es. Esse \u00e9 meu maior presente&#8221;, disse a auxiliar-geral Cleusa Aparecida Barbosa. <\/p>\n","protected":false},"excerpt":{"rendered":"Movimento aumentou desde o \u00faltimo final de semana; mas Fecomercio prev\u00ea crescimento de apenas 2% no Estado O movimento no com\u00e9rcio de Guarulhos \n<a class=\"moretag\" href=\"https:\/\/www.aceguarulhos.com.br\/blog\/dia-das-m%c3%a3es-aquece-vendas-no-com%c3%a9rcio-de-guarulhos\/\"> [...]<\/a>","protected":false},"author":8,"featured_media":0,"comment_status":"open","ping_status":"open","sticky":false,"template":"","format":"standard","meta":{"footnotes":""},"categories":[2],"tags":[],"class_list":["post-31525","post","type-post","status-publish","format-standard","hentry","category-noticias"],"yoast_head":"<!-- This site is optimized with the Yoast SEO plugin v28.1 - https:\/\/yoast.com\/product\/yoast-seo-wordpress\/ -->\n<title>Dia das M\u00e3es aquece vendas no com\u00e9rcio de Guarulhos - ACE-Guarulhos<\/title>\n<meta name=\"robots\" content=\"index, follow, max-snippet:-1, max-image-preview:large, max-video-preview:-1\" \/>\n<link rel=\"canonical\" href=\"https:\/\/www.aceguarulhos.com.br\/blog\/dia-das-m\u00e3es-aquece-vendas-no-com\u00e9rcio-de-guarulhos\/\" \/>\n<meta property=\"og:locale\" content=\"pt_BR\" \/>\n<meta property=\"og:type\" content=\"article\" \/>\n<meta property=\"og:title\" content=\"Dia das M\u00e3es aquece vendas no com\u00e9rcio de Guarulhos - ACE-Guarulhos\" \/>\n<meta property=\"og:description\" content=\"Movimento aumentou desde o \u00faltimo final de semana; mas Fecomercio prev\u00ea crescimento de apenas 2% no Estado O movimento no com\u00e9rcio de Guarulhos\" \/>\n<meta property=\"og:url\" content=\"https:\/\/www.aceguarulhos.com.br\/blog\/dia-das-m\u00e3es-aquece-vendas-no-com\u00e9rcio-de-guarulhos\/\" \/>\n<meta property=\"og:site_name\" content=\"ACE-Guarulhos\" \/>\n<meta property=\"article:publisher\" content=\"https:\/\/www.facebook.com\/aceguarulhos\/\" \/>\n<meta property=\"article:published_time\" content=\"2007-05-08T00:34:06+00:00\" \/>\n<meta name=\"author\" content=\"Assessoria de Imprensa ACE-Guarulhos\" \/>\n<meta name=\"twitter:card\" content=\"summary_large_image\" \/>\n<meta name=\"twitter:label1\" content=\"Escrito por\" \/>\n\t<meta name=\"twitter:data1\" content=\"Assessoria de Imprensa ACE-Guarulhos\" \/>\n\t<meta name=\"twitter:label2\" content=\"Est. tempo de leitura\" \/>\n\t<meta name=\"twitter:data2\" content=\"2 minutos\" \/>\n<script type=\"application\/ld+json\" class=\"yoast-schema-graph\">{\"@context\":\"https:\\\/\\\/schema.org\",\"@graph\":[{\"@type\":\"Article\",\"@id\":\"https:\\\/\\\/www.aceguarulhos.com.br\\\/blog\\\/dia-das-m%c3%a3es-aquece-vendas-no-com%c3%a9rcio-de-guarulhos\\\/#article\",\"isPartOf\":{\"@id\":\"https:\\\/\\\/www.aceguarulhos.com.br\\\/blog\\\/dia-das-m%c3%a3es-aquece-vendas-no-com%c3%a9rcio-de-guarulhos\\\/\"},\"author\":{\"name\":\"Assessoria de Imprensa ACE-Guarulhos\",\"@id\":\"https:\\\/\\\/www.aceguarulhos.com.br\\\/blog\\\/#\\\/schema\\\/person\\\/6983b51bad37489989e4f09698c26237\"},\"headline\":\"Dia das M\u00e3es aquece vendas no com\u00e9rcio de Guarulhos\",\"datePublished\":\"2007-05-08T00:34:06+00:00\",\"mainEntityOfPage\":{\"@id\":\"https:\\\/\\\/www.aceguarulhos.com.br\\\/blog\\\/dia-das-m%c3%a3es-aquece-vendas-no-com%c3%a9rcio-de-guarulhos\\\/\"},\"wordCount\":463,\"commentCount\":0,\"publisher\":{\"@id\":\"https:\\\/\\\/www.aceguarulhos.com.br\\\/blog\\\/#organization\"},\"articleSection\":[\"Not\u00edcias\"],\"inLanguage\":\"pt-BR\"},{\"@type\":\"WebPage\",\"@id\":\"https:\\\/\\\/www.aceguarulhos.com.br\\\/blog\\\/dia-das-m%c3%a3es-aquece-vendas-no-com%c3%a9rcio-de-guarulhos\\\/\",\"url\":\"https:\\\/\\\/www.aceguarulhos.com.br\\\/blog\\\/dia-das-m%c3%a3es-aquece-vendas-no-com%c3%a9rcio-de-guarulhos\\\/\",\"name\":\"Dia das M\u00e3es aquece vendas no com\u00e9rcio de Guarulhos - ACE-Guarulhos\",\"isPartOf\":{\"@id\":\"https:\\\/\\\/www.aceguarulhos.com.br\\\/blog\\\/#website\"},\"datePublished\":\"2007-05-08T00:34:06+00:00\",\"breadcrumb\":{\"@id\":\"https:\\\/\\\/www.aceguarulhos.com.br\\\/blog\\\/dia-das-m%c3%a3es-aquece-vendas-no-com%c3%a9rcio-de-guarulhos\\\/#breadcrumb\"},\"inLanguage\":\"pt-BR\",\"potentialAction\":[{\"@type\":\"ReadAction\",\"target\":[\"https:\\\/\\\/www.aceguarulhos.com.br\\\/blog\\\/dia-das-m%c3%a3es-aquece-vendas-no-com%c3%a9rcio-de-guarulhos\\\/\"]}]},{\"@type\":\"BreadcrumbList\",\"@id\":\"https:\\\/\\\/www.aceguarulhos.com.br\\\/blog\\\/dia-das-m%c3%a3es-aquece-vendas-no-com%c3%a9rcio-de-guarulhos\\\/#breadcrumb\",\"itemListElement\":[{\"@type\":\"ListItem\",\"position\":1,\"name\":\"In\u00edcio\",\"item\":\"https:\\\/\\\/www.aceguarulhos.com.br\\\/blog\\\/\"},{\"@type\":\"ListItem\",\"position\":2,\"name\":\"Dia das M\u00e3es aquece vendas no com\u00e9rcio de Guarulhos\"}]},{\"@type\":\"WebSite\",\"@id\":\"https:\\\/\\\/www.aceguarulhos.com.br\\\/blog\\\/#website\",\"url\":\"https:\\\/\\\/www.aceguarulhos.com.br\\\/blog\\\/\",\"name\":\"ACE-Guarulhos\",\"description\":\"A ACE-Guarulhos \u00e9 uma associa\u00e7\u00e3o que ap\u00f3ia os empres\u00e1rios guarulhenses atrav\u00e9s da representa\u00e7\u00e3o, da gera\u00e7\u00e3o de neg\u00f3cios e presta\u00e7\u00e3o de servi\u00e7os.\",\"publisher\":{\"@id\":\"https:\\\/\\\/www.aceguarulhos.com.br\\\/blog\\\/#organization\"},\"potentialAction\":[{\"@type\":\"SearchAction\",\"target\":{\"@type\":\"EntryPoint\",\"urlTemplate\":\"https:\\\/\\\/www.aceguarulhos.com.br\\\/blog\\\/?s={search_term_string}\"},\"query-input\":{\"@type\":\"PropertyValueSpecification\",\"valueRequired\":true,\"valueName\":\"search_term_string\"}}],\"inLanguage\":\"pt-BR\"},{\"@type\":\"Organization\",\"@id\":\"https:\\\/\\\/www.aceguarulhos.com.br\\\/blog\\\/#organization\",\"name\":\"ACE-Guarulhos\",\"url\":\"https:\\\/\\\/www.aceguarulhos.com.br\\\/blog\\\/\",\"logo\":{\"@type\":\"ImageObject\",\"inLanguage\":\"pt-BR\",\"@id\":\"https:\\\/\\\/www.aceguarulhos.com.br\\\/blog\\\/#\\\/schema\\\/logo\\\/image\\\/\",\"url\":\"https:\\\/\\\/www.aceguarulhos.com.br\\\/blog\\\/wp-content\\\/uploads\\\/2017\\\/12\\\/logo-aceguarulhos-2018.png\",\"contentUrl\":\"https:\\\/\\\/www.aceguarulhos.com.br\\\/blog\\\/wp-content\\\/uploads\\\/2017\\\/12\\\/logo-aceguarulhos-2018.png\",\"width\":419,\"height\":76,\"caption\":\"ACE-Guarulhos\"},\"image\":{\"@id\":\"https:\\\/\\\/www.aceguarulhos.com.br\\\/blog\\\/#\\\/schema\\\/logo\\\/image\\\/\"},\"sameAs\":[\"https:\\\/\\\/www.facebook.com\\\/aceguarulhos\\\/\",\"https:\\\/\\\/br.linkedin.com\\\/in\\\/ace-guarulhos-b9a97093\",\"https:\\\/\\\/www.youtube.com\\\/user\\\/aceguarulhos\"]},{\"@type\":\"Person\",\"@id\":\"https:\\\/\\\/www.aceguarulhos.com.br\\\/blog\\\/#\\\/schema\\\/person\\\/6983b51bad37489989e4f09698c26237\",\"name\":\"Assessoria de Imprensa ACE-Guarulhos\",\"image\":{\"@type\":\"ImageObject\",\"inLanguage\":\"pt-BR\",\"@id\":\"https:\\\/\\\/secure.gravatar.com\\\/avatar\\\/707f3fadd6918afeb64173ab22d8a8cb0676953098a4f31ff36dc2b4c699ef6a?s=96&d=mm&r=g\",\"url\":\"https:\\\/\\\/secure.gravatar.com\\\/avatar\\\/707f3fadd6918afeb64173ab22d8a8cb0676953098a4f31ff36dc2b4c699ef6a?s=96&d=mm&r=g\",\"contentUrl\":\"https:\\\/\\\/secure.gravatar.com\\\/avatar\\\/707f3fadd6918afeb64173ab22d8a8cb0676953098a4f31ff36dc2b4c699ef6a?s=96&d=mm&r=g\",\"caption\":\"Assessoria de Imprensa ACE-Guarulhos\"},\"url\":\"https:\\\/\\\/www.aceguarulhos.com.br\\\/blog\\\/author\\\/assessoria-de-imprensa-ace-guarulhos\\\/\"}]}<\/script>\n<!-- \/ Yoast SEO plugin. -->","yoast_head_json":{"title":"Dia das M\u00e3es aquece vendas no com\u00e9rcio de Guarulhos - ACE-Guarulhos","robots":{"index":"index","follow":"follow","max-snippet":"max-snippet:-1","max-image-preview":"max-image-preview:large","max-video-preview":"max-video-preview:-1"},"canonical":"https:\/\/www.aceguarulhos.com.br\/blog\/dia-das-m\u00e3es-aquece-vendas-no-com\u00e9rcio-de-guarulhos\/","og_locale":"pt_BR","og_type":"article","og_title":"Dia das M\u00e3es aquece vendas no com\u00e9rcio de Guarulhos - ACE-Guarulhos","og_description":"Movimento aumentou desde o \u00faltimo final de semana; mas Fecomercio prev\u00ea crescimento de apenas 2% no Estado O movimento no com\u00e9rcio de Guarulhos","og_url":"https:\/\/www.aceguarulhos.com.br\/blog\/dia-das-m\u00e3es-aquece-vendas-no-com\u00e9rcio-de-guarulhos\/","og_site_name":"ACE-Guarulhos","article_publisher":"https:\/\/www.facebook.com\/aceguarulhos\/","article_published_time":"2007-05-08T00:34:06+00:00","author":"Assessoria de Imprensa ACE-Guarulhos","twitter_card":"summary_large_image","twitter_misc":{"Escrito por":"Assessoria de Imprensa ACE-Guarulhos","Est. tempo de leitura":"2 minutos"},"schema":{"@context":"https:\/\/schema.org","@graph":[{"@type":"Article","@id":"https:\/\/www.aceguarulhos.com.br\/blog\/dia-das-m%c3%a3es-aquece-vendas-no-com%c3%a9rcio-de-guarulhos\/#article","isPartOf":{"@id":"https:\/\/www.aceguarulhos.com.br\/blog\/dia-das-m%c3%a3es-aquece-vendas-no-com%c3%a9rcio-de-guarulhos\/"},"author":{"name":"Assessoria de Imprensa ACE-Guarulhos","@id":"https:\/\/www.aceguarulhos.com.br\/blog\/#\/schema\/person\/6983b51bad37489989e4f09698c26237"},"headline":"Dia das M\u00e3es aquece vendas no com\u00e9rcio de Guarulhos","datePublished":"2007-05-08T00:34:06+00:00","mainEntityOfPage":{"@id":"https:\/\/www.aceguarulhos.com.br\/blog\/dia-das-m%c3%a3es-aquece-vendas-no-com%c3%a9rcio-de-guarulhos\/"},"wordCount":463,"commentCount":0,"publisher":{"@id":"https:\/\/www.aceguarulhos.com.br\/blog\/#organization"},"articleSection":["Not\u00edcias"],"inLanguage":"pt-BR"},{"@type":"WebPage","@id":"https:\/\/www.aceguarulhos.com.br\/blog\/dia-das-m%c3%a3es-aquece-vendas-no-com%c3%a9rcio-de-guarulhos\/","url":"https:\/\/www.aceguarulhos.com.br\/blog\/dia-das-m%c3%a3es-aquece-vendas-no-com%c3%a9rcio-de-guarulhos\/","name":"Dia das M\u00e3es aquece vendas no com\u00e9rcio de Guarulhos - ACE-Guarulhos","isPartOf":{"@id":"https:\/\/www.aceguarulhos.com.br\/blog\/#website"},"datePublished":"2007-05-08T00:34:06+00:00","breadcrumb":{"@id":"https:\/\/www.aceguarulhos.com.br\/blog\/dia-das-m%c3%a3es-aquece-vendas-no-com%c3%a9rcio-de-guarulhos\/#breadcrumb"},"inLanguage":"pt-BR","potentialAction":[{"@type":"ReadAction","target":["https:\/\/www.aceguarulhos.com.br\/blog\/dia-das-m%c3%a3es-aquece-vendas-no-com%c3%a9rcio-de-guarulhos\/"]}]},{"@type":"BreadcrumbList","@id":"https:\/\/www.aceguarulhos.com.br\/blog\/dia-das-m%c3%a3es-aquece-vendas-no-com%c3%a9rcio-de-guarulhos\/#breadcrumb","itemListElement":[{"@type":"ListItem","position":1,"name":"In\u00edcio","item":"https:\/\/www.aceguarulhos.com.br\/blog\/"},{"@type":"ListItem","position":2,"name":"Dia das M\u00e3es aquece vendas no com\u00e9rcio de Guarulhos"}]},{"@type":"WebSite","@id":"https:\/\/www.aceguarulhos.com.br\/blog\/#website","url":"https:\/\/www.aceguarulhos.com.br\/blog\/","name":"ACE-Guarulhos","description":"A ACE-Guarulhos \u00e9 uma associa\u00e7\u00e3o que ap\u00f3ia os empres\u00e1rios guarulhenses atrav\u00e9s da representa\u00e7\u00e3o, da gera\u00e7\u00e3o de neg\u00f3cios e presta\u00e7\u00e3o de servi\u00e7os.","publisher":{"@id":"https:\/\/www.aceguarulhos.com.br\/blog\/#organization"},"potentialAction":[{"@type":"SearchAction","target":{"@type":"EntryPoint","urlTemplate":"https:\/\/www.aceguarulhos.com.br\/blog\/?s={search_term_string}"},"query-input":{"@type":"PropertyValueSpecification","valueRequired":true,"valueName":"search_term_string"}}],"inLanguage":"pt-BR"},{"@type":"Organization","@id":"https:\/\/www.aceguarulhos.com.br\/blog\/#organization","name":"ACE-Guarulhos","url":"https:\/\/www.aceguarulhos.com.br\/blog\/","logo":{"@type":"ImageObject","inLanguage":"pt-BR","@id":"https:\/\/www.aceguarulhos.com.br\/blog\/#\/schema\/logo\/image\/","url":"https:\/\/www.aceguarulhos.com.br\/blog\/wp-content\/uploads\/2017\/12\/logo-aceguarulhos-2018.png","contentUrl":"https:\/\/www.aceguarulhos.com.br\/blog\/wp-content\/uploads\/2017\/12\/logo-aceguarulhos-2018.png","width":419,"height":76,"caption":"ACE-Guarulhos"},"image":{"@id":"https:\/\/www.aceguarulhos.com.br\/blog\/#\/schema\/logo\/image\/"},"sameAs":["https:\/\/www.facebook.com\/aceguarulhos\/","https:\/\/br.linkedin.com\/in\/ace-guarulhos-b9a97093","https:\/\/www.youtube.com\/user\/aceguarulhos"]},{"@type":"Person","@id":"https:\/\/www.aceguarulhos.com.br\/blog\/#\/schema\/person\/6983b51bad37489989e4f09698c26237","name":"Assessoria de Imprensa ACE-Guarulhos","image":{"@type":"ImageObject","inLanguage":"pt-BR","@id":"https:\/\/secure.gravatar.com\/avatar\/707f3fadd6918afeb64173ab22d8a8cb0676953098a4f31ff36dc2b4c699ef6a?s=96&d=mm&r=g","url":"https:\/\/secure.gravatar.com\/avatar\/707f3fadd6918afeb64173ab22d8a8cb0676953098a4f31ff36dc2b4c699ef6a?s=96&d=mm&r=g","contentUrl":"https:\/\/secure.gravatar.com\/avatar\/707f3fadd6918afeb64173ab22d8a8cb0676953098a4f31ff36dc2b4c699ef6a?s=96&d=mm&r=g","caption":"Assessoria de Imprensa ACE-Guarulhos"},"url":"https:\/\/www.aceguarulhos.com.br\/blog\/author\/assessoria-de-imprensa-ace-guarulhos\/"}]}},"wps_subtitle":"","amp_enabled":true,"_links":{"self":[{"href":"https:\/\/www.aceguarulhos.com.br\/blog\/wp-json\/wp\/v2\/posts\/31525","targetHints":{"allow":["GET"]}}],"collection":[{"href":"https:\/\/www.aceguarulhos.com.br\/blog\/wp-json\/wp\/v2\/posts"}],"about":[{"href":"https:\/\/www.aceguarulhos.com.br\/blog\/wp-json\/wp\/v2\/types\/post"}],"author":[{"embeddable":true,"href":"https:\/\/www.aceguarulhos.com.br\/blog\/wp-json\/wp\/v2\/users\/8"}],"replies":[{"embeddable":true,"href":"https:\/\/www.aceguarulhos.com.br\/blog\/wp-json\/wp\/v2\/comments?post=31525"}],"version-history":[{"count":0,"href":"https:\/\/www.aceguarulhos.com.br\/blog\/wp-json\/wp\/v2\/posts\/31525\/revisions"}],"wp:attachment":[{"href":"https:\/\/www.aceguarulhos.com.br\/blog\/wp-json\/wp\/v2\/media?parent=31525"}],"wp:term":[{"taxonomy":"category","embeddable":true,"href":"https:\/\/www.aceguarulhos.com.br\/blog\/wp-json\/wp\/v2\/categories?post=31525"},{"taxonomy":"post_tag","embeddable":true,"href":"https:\/\/www.aceguarulhos.com.br\/blog\/wp-json\/wp\/v2\/tags?post=31525"}],"curies":[{"name":"wp","href":"https:\/\/api.w.org\/{rel}","templated":true}]}}