{"id":31480,"date":"2007-04-26T15:50:28","date_gmt":"2007-04-26T15:50:28","guid":{"rendered":"http:\/\/www.aceguarulhos.com.br\/blog\/?p=31480"},"modified":"-0001-11-30T00:00:00","modified_gmt":"-0001-11-30T03:00:00","slug":"uma-frente-em-defesa-do-contribuinte","status":"publish","type":"post","link":"https:\/\/www.aceguarulhos.com.br\/blog\/uma-frente-em-defesa-do-contribuinte\/","title":{"rendered":"Uma frente em defesa do contribuinte"},"content":{"rendered":"<p>A campanha pela transpar\u00eancia tribut\u00e1ria &#8220;De Olho no Imposto&#8221; ganhou mais um aliado. Ontem foi lan\u00e7ada a Frente Parlamentar em Defesa dos Direitos do Contribuinte, que tem por objetivo pressionar o Congresso Nacional a acelerar a aprova\u00e7\u00e3o de projetos de lei envolvendo mat\u00e9rias tribut\u00e1rias. A nova for\u00e7a-tarefa \u00e9 formada por cerca de 200 parlamentares, mas representantes da sociedade civil v\u00e3o participar ativamente do seu trabalho. <\/p>\n<p>A Frente inicia sua atua\u00e7\u00e3o com a tarefa de acompanhar a cria\u00e7\u00e3o do C\u00f3digo de Defesa do Contribuinte, previsto no Projeto de Lei Complementar n\u00ba 38\/2007, apresentado no \u00faltimo dia 4. Um dos dispositivos do PL determina a discrimina\u00e7\u00e3o dos tributos embutidos nos pre\u00e7os das mercadorias e servi\u00e7os nas notas fiscais. N\u00e3o \u00e9 a primeira vez que um projeto pede esse detalhamento. A exig\u00eancia tamb\u00e9m consta do PL apelidado de &#8220;De Olho no Imposto&#8221;. <\/p>\n<p>Segundo \u00c9dison Freitas de Siqueira, presidente do Instituto de Estudos dos Direitos dos Contribuintes (IEDC) e um dos autores do novo PL, a proposta ser\u00e1 discutida pela Frente no plen\u00e1rio da C\u00e2mara no pr\u00f3ximo dia 25. &#8220;A aprova\u00e7\u00e3o desse projeto \u00e9 um importante alicerce para a realiza\u00e7\u00e3o de uma verdadeira e justa reforma tribut\u00e1ria&#8221;, afirmou. <\/p>\n<p>Entre outras exig\u00eancias, o novo projeto pede que o Imposto de Renda (IR) retido na malha fina seja liberado no prazo de 180 dias. Tamb\u00e9m determina que sejam estipulados prazos para o recolhimento de impostos de maneira que os empres\u00e1rios paguem somente depois que receberem pelo bem ou servi\u00e7o no qual incide o tributo. <\/p>\n<p>O projeto do c\u00f3digo foi subscrito pelo deputado Sandro Mabel (PR-GO). &#8220;Com o aux\u00edlio do IEDC, procuramos elaborar um texto que reflita os anseios por mais igualdade na rela\u00e7\u00e3o entre o fisco e o cidad\u00e3o&#8221;, disse. O deputado esclareceu que o PL institui que a carga tribut\u00e1ria n\u00e3o pode ultrapassar os 35% do Produto Interno Bruto (PIB). &#8220;Tamb\u00e9m estipulamos que o fisco determine um prazo para a dura\u00e7\u00e3o da fiscaliza\u00e7\u00e3o nas empresas para proteg\u00ea-las dos abusos dos fiscais&#8221;, explicou. <\/p>\n<p><b>Transpar\u00eancia <\/b>\u2013 O movimento &#8220;De Olho no Imposto&#8221; percorreu mais de 14 munic\u00edpios no interior de S\u00e3o Paulo e de outros estados para exigir a discrimina\u00e7\u00e3o dos impostos nas notas fiscais. Comerciantes, empres\u00e1rios e representantes de entidades de classe, ligados \u00e0 iniciativa, colheram 1,5 milh\u00e3o de assinaturas de cidad\u00e3os e entregaram ao presidente do Senado, Renan Calheiros, para apoiar a apresenta\u00e7\u00e3o do projeto de lei. <\/p>\n<p>Na \u00faltima ter\u00e7a-feira, o PL estava na pauta da Comiss\u00e3o do Meio Ambiente, Defesa do Consumidor e Fiscaliza\u00e7\u00e3o e Controle (CMA), do Senado, mas n\u00e3o foi votado por falta de qu\u00f3rum. A comiss\u00e3o \u00e9 formada por 17 parlamentares titulares e 17 suplentes. <\/p>\n<p>O presidente da Associa\u00e7\u00e3o Comercial de S\u00e3o Paulo (ACSP), Alencar Burti, se reuniu com outras entidades engajadas na luta pela transpar\u00eancia tribut\u00e1ria, no dia da vota\u00e7\u00e3o, para acompanhar a aprecia\u00e7\u00e3o do PL. Como n\u00e3o houve a aprova\u00e7\u00e3o, eles decidiram que v\u00e3o a Bras\u00edlia se juntar \u00e0 nova Frente para pressionar o Congresso a aprovar este e outros projetos tribut\u00e1rios. &#8220;Vamos mostrar ao Congresso que a n\u00e3o aprova\u00e7\u00e3o de mat\u00e9rias tribut\u00e1rias impede o crescimento da atividade empresarial.&#8221; <\/p>\n","protected":false},"excerpt":{"rendered":"A campanha pela transpar\u00eancia tribut\u00e1ria &#8220;De Olho no Imposto&#8221; ganhou mais um aliado. Ontem foi lan\u00e7ada a Frente Parlamentar em Defesa dos Direitos \n<a class=\"moretag\" href=\"https:\/\/www.aceguarulhos.com.br\/blog\/uma-frente-em-defesa-do-contribuinte\/\"> [...]<\/a>","protected":false},"author":8,"featured_media":0,"comment_status":"open","ping_status":"open","sticky":false,"template":"","format":"standard","meta":{"footnotes":""},"categories":[2],"tags":[],"class_list":["post-31480","post","type-post","status-publish","format-standard","hentry","category-noticias"],"yoast_head":"<!-- This site is optimized with the Yoast SEO plugin v28.1 - https:\/\/yoast.com\/product\/yoast-seo-wordpress\/ -->\n<title>Uma frente em defesa do contribuinte  - ACE-Guarulhos<\/title>\n<meta name=\"robots\" content=\"index, follow, max-snippet:-1, max-image-preview:large, max-video-preview:-1\" \/>\n<link rel=\"canonical\" href=\"https:\/\/www.aceguarulhos.com.br\/blog\/uma-frente-em-defesa-do-contribuinte\/\" \/>\n<meta property=\"og:locale\" content=\"pt_BR\" \/>\n<meta property=\"og:type\" content=\"article\" \/>\n<meta property=\"og:title\" content=\"Uma frente em defesa do contribuinte  - ACE-Guarulhos\" \/>\n<meta property=\"og:description\" content=\"A campanha pela transpar\u00eancia tribut\u00e1ria &#8220;De Olho no Imposto&#8221; ganhou mais um aliado. Ontem foi lan\u00e7ada a Frente Parlamentar em Defesa dos Direitos\" \/>\n<meta property=\"og:url\" content=\"https:\/\/www.aceguarulhos.com.br\/blog\/uma-frente-em-defesa-do-contribuinte\/\" \/>\n<meta property=\"og:site_name\" content=\"ACE-Guarulhos\" \/>\n<meta property=\"article:publisher\" content=\"https:\/\/www.facebook.com\/aceguarulhos\/\" \/>\n<meta property=\"article:published_time\" content=\"2007-04-26T15:50:28+00:00\" \/>\n<meta name=\"author\" content=\"Assessoria de Imprensa ACE-Guarulhos\" \/>\n<meta name=\"twitter:card\" content=\"summary_large_image\" \/>\n<meta name=\"twitter:label1\" content=\"Escrito por\" \/>\n\t<meta name=\"twitter:data1\" content=\"Assessoria de Imprensa ACE-Guarulhos\" \/>\n\t<meta name=\"twitter:label2\" content=\"Est. tempo de leitura\" \/>\n\t<meta name=\"twitter:data2\" content=\"3 minutos\" \/>\n<script type=\"application\/ld+json\" class=\"yoast-schema-graph\">{\"@context\":\"https:\\\/\\\/schema.org\",\"@graph\":[{\"@type\":\"Article\",\"@id\":\"https:\\\/\\\/www.aceguarulhos.com.br\\\/blog\\\/uma-frente-em-defesa-do-contribuinte\\\/#article\",\"isPartOf\":{\"@id\":\"https:\\\/\\\/www.aceguarulhos.com.br\\\/blog\\\/uma-frente-em-defesa-do-contribuinte\\\/\"},\"author\":{\"name\":\"Assessoria de Imprensa ACE-Guarulhos\",\"@id\":\"https:\\\/\\\/www.aceguarulhos.com.br\\\/blog\\\/#\\\/schema\\\/person\\\/6983b51bad37489989e4f09698c26237\"},\"headline\":\"Uma frente em defesa do contribuinte\",\"datePublished\":\"2007-04-26T15:50:28+00:00\",\"mainEntityOfPage\":{\"@id\":\"https:\\\/\\\/www.aceguarulhos.com.br\\\/blog\\\/uma-frente-em-defesa-do-contribuinte\\\/\"},\"wordCount\":565,\"commentCount\":0,\"publisher\":{\"@id\":\"https:\\\/\\\/www.aceguarulhos.com.br\\\/blog\\\/#organization\"},\"articleSection\":[\"Not\u00edcias\"],\"inLanguage\":\"pt-BR\"},{\"@type\":\"WebPage\",\"@id\":\"https:\\\/\\\/www.aceguarulhos.com.br\\\/blog\\\/uma-frente-em-defesa-do-contribuinte\\\/\",\"url\":\"https:\\\/\\\/www.aceguarulhos.com.br\\\/blog\\\/uma-frente-em-defesa-do-contribuinte\\\/\",\"name\":\"Uma frente em defesa do contribuinte - ACE-Guarulhos\",\"isPartOf\":{\"@id\":\"https:\\\/\\\/www.aceguarulhos.com.br\\\/blog\\\/#website\"},\"datePublished\":\"2007-04-26T15:50:28+00:00\",\"breadcrumb\":{\"@id\":\"https:\\\/\\\/www.aceguarulhos.com.br\\\/blog\\\/uma-frente-em-defesa-do-contribuinte\\\/#breadcrumb\"},\"inLanguage\":\"pt-BR\",\"potentialAction\":[{\"@type\":\"ReadAction\",\"target\":[\"https:\\\/\\\/www.aceguarulhos.com.br\\\/blog\\\/uma-frente-em-defesa-do-contribuinte\\\/\"]}]},{\"@type\":\"BreadcrumbList\",\"@id\":\"https:\\\/\\\/www.aceguarulhos.com.br\\\/blog\\\/uma-frente-em-defesa-do-contribuinte\\\/#breadcrumb\",\"itemListElement\":[{\"@type\":\"ListItem\",\"position\":1,\"name\":\"In\u00edcio\",\"item\":\"https:\\\/\\\/www.aceguarulhos.com.br\\\/blog\\\/\"},{\"@type\":\"ListItem\",\"position\":2,\"name\":\"Uma frente em defesa do contribuinte\"}]},{\"@type\":\"WebSite\",\"@id\":\"https:\\\/\\\/www.aceguarulhos.com.br\\\/blog\\\/#website\",\"url\":\"https:\\\/\\\/www.aceguarulhos.com.br\\\/blog\\\/\",\"name\":\"ACE-Guarulhos\",\"description\":\"A ACE-Guarulhos \u00e9 uma associa\u00e7\u00e3o que ap\u00f3ia os empres\u00e1rios guarulhenses atrav\u00e9s da representa\u00e7\u00e3o, da gera\u00e7\u00e3o de neg\u00f3cios e presta\u00e7\u00e3o de servi\u00e7os.\",\"publisher\":{\"@id\":\"https:\\\/\\\/www.aceguarulhos.com.br\\\/blog\\\/#organization\"},\"potentialAction\":[{\"@type\":\"SearchAction\",\"target\":{\"@type\":\"EntryPoint\",\"urlTemplate\":\"https:\\\/\\\/www.aceguarulhos.com.br\\\/blog\\\/?s={search_term_string}\"},\"query-input\":{\"@type\":\"PropertyValueSpecification\",\"valueRequired\":true,\"valueName\":\"search_term_string\"}}],\"inLanguage\":\"pt-BR\"},{\"@type\":\"Organization\",\"@id\":\"https:\\\/\\\/www.aceguarulhos.com.br\\\/blog\\\/#organization\",\"name\":\"ACE-Guarulhos\",\"url\":\"https:\\\/\\\/www.aceguarulhos.com.br\\\/blog\\\/\",\"logo\":{\"@type\":\"ImageObject\",\"inLanguage\":\"pt-BR\",\"@id\":\"https:\\\/\\\/www.aceguarulhos.com.br\\\/blog\\\/#\\\/schema\\\/logo\\\/image\\\/\",\"url\":\"https:\\\/\\\/www.aceguarulhos.com.br\\\/blog\\\/wp-content\\\/uploads\\\/2017\\\/12\\\/logo-aceguarulhos-2018.png\",\"contentUrl\":\"https:\\\/\\\/www.aceguarulhos.com.br\\\/blog\\\/wp-content\\\/uploads\\\/2017\\\/12\\\/logo-aceguarulhos-2018.png\",\"width\":419,\"height\":76,\"caption\":\"ACE-Guarulhos\"},\"image\":{\"@id\":\"https:\\\/\\\/www.aceguarulhos.com.br\\\/blog\\\/#\\\/schema\\\/logo\\\/image\\\/\"},\"sameAs\":[\"https:\\\/\\\/www.facebook.com\\\/aceguarulhos\\\/\",\"https:\\\/\\\/br.linkedin.com\\\/in\\\/ace-guarulhos-b9a97093\",\"https:\\\/\\\/www.youtube.com\\\/user\\\/aceguarulhos\"]},{\"@type\":\"Person\",\"@id\":\"https:\\\/\\\/www.aceguarulhos.com.br\\\/blog\\\/#\\\/schema\\\/person\\\/6983b51bad37489989e4f09698c26237\",\"name\":\"Assessoria de Imprensa ACE-Guarulhos\",\"image\":{\"@type\":\"ImageObject\",\"inLanguage\":\"pt-BR\",\"@id\":\"https:\\\/\\\/secure.gravatar.com\\\/avatar\\\/707f3fadd6918afeb64173ab22d8a8cb0676953098a4f31ff36dc2b4c699ef6a?s=96&d=mm&r=g\",\"url\":\"https:\\\/\\\/secure.gravatar.com\\\/avatar\\\/707f3fadd6918afeb64173ab22d8a8cb0676953098a4f31ff36dc2b4c699ef6a?s=96&d=mm&r=g\",\"contentUrl\":\"https:\\\/\\\/secure.gravatar.com\\\/avatar\\\/707f3fadd6918afeb64173ab22d8a8cb0676953098a4f31ff36dc2b4c699ef6a?s=96&d=mm&r=g\",\"caption\":\"Assessoria de Imprensa ACE-Guarulhos\"},\"url\":\"https:\\\/\\\/www.aceguarulhos.com.br\\\/blog\\\/author\\\/assessoria-de-imprensa-ace-guarulhos\\\/\"}]}<\/script>\n<!-- \/ Yoast SEO plugin. -->","yoast_head_json":{"title":"Uma frente em defesa do contribuinte  - ACE-Guarulhos","robots":{"index":"index","follow":"follow","max-snippet":"max-snippet:-1","max-image-preview":"max-image-preview:large","max-video-preview":"max-video-preview:-1"},"canonical":"https:\/\/www.aceguarulhos.com.br\/blog\/uma-frente-em-defesa-do-contribuinte\/","og_locale":"pt_BR","og_type":"article","og_title":"Uma frente em defesa do contribuinte  - ACE-Guarulhos","og_description":"A campanha pela transpar\u00eancia tribut\u00e1ria &#8220;De Olho no Imposto&#8221; ganhou mais um aliado. Ontem foi lan\u00e7ada a Frente Parlamentar em Defesa dos Direitos","og_url":"https:\/\/www.aceguarulhos.com.br\/blog\/uma-frente-em-defesa-do-contribuinte\/","og_site_name":"ACE-Guarulhos","article_publisher":"https:\/\/www.facebook.com\/aceguarulhos\/","article_published_time":"2007-04-26T15:50:28+00:00","author":"Assessoria de Imprensa ACE-Guarulhos","twitter_card":"summary_large_image","twitter_misc":{"Escrito por":"Assessoria de Imprensa ACE-Guarulhos","Est. tempo de leitura":"3 minutos"},"schema":{"@context":"https:\/\/schema.org","@graph":[{"@type":"Article","@id":"https:\/\/www.aceguarulhos.com.br\/blog\/uma-frente-em-defesa-do-contribuinte\/#article","isPartOf":{"@id":"https:\/\/www.aceguarulhos.com.br\/blog\/uma-frente-em-defesa-do-contribuinte\/"},"author":{"name":"Assessoria de Imprensa ACE-Guarulhos","@id":"https:\/\/www.aceguarulhos.com.br\/blog\/#\/schema\/person\/6983b51bad37489989e4f09698c26237"},"headline":"Uma frente em defesa do contribuinte","datePublished":"2007-04-26T15:50:28+00:00","mainEntityOfPage":{"@id":"https:\/\/www.aceguarulhos.com.br\/blog\/uma-frente-em-defesa-do-contribuinte\/"},"wordCount":565,"commentCount":0,"publisher":{"@id":"https:\/\/www.aceguarulhos.com.br\/blog\/#organization"},"articleSection":["Not\u00edcias"],"inLanguage":"pt-BR"},{"@type":"WebPage","@id":"https:\/\/www.aceguarulhos.com.br\/blog\/uma-frente-em-defesa-do-contribuinte\/","url":"https:\/\/www.aceguarulhos.com.br\/blog\/uma-frente-em-defesa-do-contribuinte\/","name":"Uma frente em defesa do contribuinte - ACE-Guarulhos","isPartOf":{"@id":"https:\/\/www.aceguarulhos.com.br\/blog\/#website"},"datePublished":"2007-04-26T15:50:28+00:00","breadcrumb":{"@id":"https:\/\/www.aceguarulhos.com.br\/blog\/uma-frente-em-defesa-do-contribuinte\/#breadcrumb"},"inLanguage":"pt-BR","potentialAction":[{"@type":"ReadAction","target":["https:\/\/www.aceguarulhos.com.br\/blog\/uma-frente-em-defesa-do-contribuinte\/"]}]},{"@type":"BreadcrumbList","@id":"https:\/\/www.aceguarulhos.com.br\/blog\/uma-frente-em-defesa-do-contribuinte\/#breadcrumb","itemListElement":[{"@type":"ListItem","position":1,"name":"In\u00edcio","item":"https:\/\/www.aceguarulhos.com.br\/blog\/"},{"@type":"ListItem","position":2,"name":"Uma frente em defesa do contribuinte"}]},{"@type":"WebSite","@id":"https:\/\/www.aceguarulhos.com.br\/blog\/#website","url":"https:\/\/www.aceguarulhos.com.br\/blog\/","name":"ACE-Guarulhos","description":"A ACE-Guarulhos \u00e9 uma associa\u00e7\u00e3o que ap\u00f3ia os empres\u00e1rios guarulhenses atrav\u00e9s da representa\u00e7\u00e3o, da gera\u00e7\u00e3o de neg\u00f3cios e presta\u00e7\u00e3o de servi\u00e7os.","publisher":{"@id":"https:\/\/www.aceguarulhos.com.br\/blog\/#organization"},"potentialAction":[{"@type":"SearchAction","target":{"@type":"EntryPoint","urlTemplate":"https:\/\/www.aceguarulhos.com.br\/blog\/?s={search_term_string}"},"query-input":{"@type":"PropertyValueSpecification","valueRequired":true,"valueName":"search_term_string"}}],"inLanguage":"pt-BR"},{"@type":"Organization","@id":"https:\/\/www.aceguarulhos.com.br\/blog\/#organization","name":"ACE-Guarulhos","url":"https:\/\/www.aceguarulhos.com.br\/blog\/","logo":{"@type":"ImageObject","inLanguage":"pt-BR","@id":"https:\/\/www.aceguarulhos.com.br\/blog\/#\/schema\/logo\/image\/","url":"https:\/\/www.aceguarulhos.com.br\/blog\/wp-content\/uploads\/2017\/12\/logo-aceguarulhos-2018.png","contentUrl":"https:\/\/www.aceguarulhos.com.br\/blog\/wp-content\/uploads\/2017\/12\/logo-aceguarulhos-2018.png","width":419,"height":76,"caption":"ACE-Guarulhos"},"image":{"@id":"https:\/\/www.aceguarulhos.com.br\/blog\/#\/schema\/logo\/image\/"},"sameAs":["https:\/\/www.facebook.com\/aceguarulhos\/","https:\/\/br.linkedin.com\/in\/ace-guarulhos-b9a97093","https:\/\/www.youtube.com\/user\/aceguarulhos"]},{"@type":"Person","@id":"https:\/\/www.aceguarulhos.com.br\/blog\/#\/schema\/person\/6983b51bad37489989e4f09698c26237","name":"Assessoria de Imprensa ACE-Guarulhos","image":{"@type":"ImageObject","inLanguage":"pt-BR","@id":"https:\/\/secure.gravatar.com\/avatar\/707f3fadd6918afeb64173ab22d8a8cb0676953098a4f31ff36dc2b4c699ef6a?s=96&d=mm&r=g","url":"https:\/\/secure.gravatar.com\/avatar\/707f3fadd6918afeb64173ab22d8a8cb0676953098a4f31ff36dc2b4c699ef6a?s=96&d=mm&r=g","contentUrl":"https:\/\/secure.gravatar.com\/avatar\/707f3fadd6918afeb64173ab22d8a8cb0676953098a4f31ff36dc2b4c699ef6a?s=96&d=mm&r=g","caption":"Assessoria de Imprensa ACE-Guarulhos"},"url":"https:\/\/www.aceguarulhos.com.br\/blog\/author\/assessoria-de-imprensa-ace-guarulhos\/"}]}},"wps_subtitle":"","amp_enabled":true,"_links":{"self":[{"href":"https:\/\/www.aceguarulhos.com.br\/blog\/wp-json\/wp\/v2\/posts\/31480","targetHints":{"allow":["GET"]}}],"collection":[{"href":"https:\/\/www.aceguarulhos.com.br\/blog\/wp-json\/wp\/v2\/posts"}],"about":[{"href":"https:\/\/www.aceguarulhos.com.br\/blog\/wp-json\/wp\/v2\/types\/post"}],"author":[{"embeddable":true,"href":"https:\/\/www.aceguarulhos.com.br\/blog\/wp-json\/wp\/v2\/users\/8"}],"replies":[{"embeddable":true,"href":"https:\/\/www.aceguarulhos.com.br\/blog\/wp-json\/wp\/v2\/comments?post=31480"}],"version-history":[{"count":0,"href":"https:\/\/www.aceguarulhos.com.br\/blog\/wp-json\/wp\/v2\/posts\/31480\/revisions"}],"wp:attachment":[{"href":"https:\/\/www.aceguarulhos.com.br\/blog\/wp-json\/wp\/v2\/media?parent=31480"}],"wp:term":[{"taxonomy":"category","embeddable":true,"href":"https:\/\/www.aceguarulhos.com.br\/blog\/wp-json\/wp\/v2\/categories?post=31480"},{"taxonomy":"post_tag","embeddable":true,"href":"https:\/\/www.aceguarulhos.com.br\/blog\/wp-json\/wp\/v2\/tags?post=31480"}],"curies":[{"name":"wp","href":"https:\/\/api.w.org\/{rel}","templated":true}]}}