{"id":31408,"date":"2007-04-11T10:01:34","date_gmt":"2007-04-11T10:01:34","guid":{"rendered":"http:\/\/www.aceguarulhos.com.br\/blog\/?p=31408"},"modified":"-0001-11-30T00:00:00","modified_gmt":"-0001-11-30T03:00:00","slug":"passado-na-m%c3%a3o-de-jovens-carentes","status":"publish","type":"post","link":"https:\/\/www.aceguarulhos.com.br\/blog\/passado-na-m%c3%a3o-de-jovens-carentes\/","title":{"rendered":"Passado na m\u00e3o de jovens carentes"},"content":{"rendered":"<p><i><b>Adolescentes recebem treinamento para trabalhar na preserva\u00e7\u00e3o do patrim\u00f4nio hist\u00f3rico das cidades mineiras de Ouro Preto <\/b><b>e Mariana<\/p>\n<p><\/b><\/i>Clara de ovo, \u00f3leo de linha\u00e7a, barro, madeira e capim. O estudante Eduardo Ribeiro da Silva, de 19 anos, n\u00e3o sabia que essa era a mat\u00e9ria-prima utilizada no s\u00e9culo 18 para a constru\u00e7\u00e3o dos casar\u00f5es e igrejas de Ouro Preto e Mariana, em Minas Gerais. Ele tamb\u00e9m n\u00e3o podia imaginar que, apesar dos in\u00fameros avan\u00e7os tecnol\u00f3gicos da constru\u00e7\u00e3o civil ao longo dos s\u00e9culos, vai utilizar esses mesmos materiais para ganhar a vida como restaurador de pr\u00e9dios hist\u00f3ricos.<\/p>\n<p>Silva \u00e9 um dos 40 alunos do curso de pintor-restaurador oferecido pela Escola Senai de Conserva\u00e7\u00e3o e Restaura\u00e7\u00e3o de Bens Im\u00f3veis, em Ouro Preto. O projeto, uma parceria entre o Servi\u00e7o Nacional de Aprendizagem Industrial de Minas Gerais (Senai) e a Funda\u00e7\u00e3o Aleijadinho, prepara jovens carentes para trabalhar na preserva\u00e7\u00e3o do patrim\u00f4nio hist\u00f3rico brasileiro. Desde o ano passado, quando o curso foi inaugurado, 112 jovens de Ouro Preto e Mariana tornaram-se carpinteiros, pintores, eletricistas e pedreiros especializados em restaura\u00e7\u00e3o de edif\u00edcios hist\u00f3ricos.<\/p>\n<p>&#8220;Apesar do nosso vasto patrim\u00f4nio, a regi\u00e3o \u00e9 carente de profissionais para esse tipo de trabalho&#8221;, diz o gerente do Senai respons\u00e1vel pelo curso, Helder Marques. Segundo ele, o p\u00fablico alvo \u00e9 formado por jovens de baixa renda de Ouro Preto e Mariana, maiores de 17 anos e sem nenhuma experi\u00eancia profissional. &#8220;\u00c9 muito importante formar pessoas do pr\u00f3prio munic\u00edpio, para que eles sejam preparados para cuidar do patrim\u00f4nio da sua cidade&#8221;, completa. O investimento para execu\u00e7\u00e3o do projeto \u00e9 de cerca de R$ 150 mil por ano, rateados entre o Banco Interamericano de Desenvolvimento (BID), prefeituras e empresas privadas.<\/p>\n<p>No total, s\u00e3o oferecidas 120 vagas por ano e as turmas s\u00e3o separadas em pedreiros, carpinteiros, pintores e eletricistas, todos com especializa\u00e7\u00e3o em restauro. A carga hor\u00e1ria varia entre 200 e 400 horas, conforme a modalidade, e \u00e9 dividida em aulas te\u00f3ricas e pr\u00e1ticas. &#8220;Na parte te\u00f3rica eles aprendem hist\u00f3ria da arquitetura, teoria do restauro e t\u00e9cnicas utilizadas na constru\u00e7\u00e3o dos edif\u00edcios&#8221;, diz Marques. Os alunos n\u00e3o recebem bolsa, apenas um lanche. &#8220;Pelo fato de n\u00e3o oferecermos bolsa, \u00e9 uma vit\u00f3ria conseguir mant\u00ea-los na escola, j\u00e1 que muitos precisam trabalhar&#8221;, salienta Marques. <\/p>\n<p>As aulas pr\u00e1ticas acontecem em um galp\u00e3o de quatro mil metros quadrados da Funda\u00e7\u00e3o Aleijadinho. Ali os alunos realizam uma verdadeira viagem no tempo e aprendem a restaurar edif\u00edcios com t\u00e9cnicas construtivas utilizadas no s\u00e9culo 18. <\/p>\n<p>&#8220;Naquela \u00e9poca, eles buscavam a mat\u00e9ria-prima na terra, como o barro, o capim e a madeira&#8221;, diz Marques. Atrav\u00e9s de prot\u00f3tipos, os alunos aprendem a manusear o pau-a-pique (paredes de barro entrela\u00e7adas com madeira), construir bases sobre pedras e pinturas feitas com \u00f3leo de linha\u00e7a e cal. A igreja de S\u00e3o Miguel Arcanjo, em frente \u00e0 Funda\u00e7\u00e3o, serve como um &#8220;laborat\u00f3rio&#8221; dos erros cometidos em reformas realizadas no passado, como as v\u00e1rias camadas de tinta nas paredes. <\/p>\n<p>&#8220;Mostramos como s\u00e3o comuns os erros em interven\u00e7\u00f5es&#8221;, diz Marques. &#8220;Eles nem imaginavam que as paredes de um casar\u00e3o s\u00e3o de barro e capim&#8221;, diz o instrutor Mauro L\u00facio de Jesus, apontando <br \/>para um dos prot\u00f3tipos no galp\u00e3o. Outra curiosidade refere-se \u00e0 pintura das casas, a base de cal, \u00f3leo de linha\u00e7a e clara de ovo. &#8220;A clara de ovo serve como fixador da pintura em cal&#8221;, explica o instrutor. Para a argamassa, s\u00f3 areia e cal. &#8220;No interior dos im\u00f3veis \u00e9 permitida a tinta l\u00e1tex, mas para a pintura das fachadas s\u00f3 pode ser utilizada tinta feita de cal.&#8221;<\/p>\n<p>No final do curso, os alunos recebem um certificado e seus curr\u00edculos s\u00e3o enviados para bancos de dados, construtoras e um cadastro do BID. Ainda n\u00e3o h\u00e1 um levantamento de quantos est\u00e3o empregados, mas o diretor do Senai \u00e9 otimista. &#8220;H\u00e1 muitos propriet\u00e1rios de casas em Ouro Preto interessados nesses jovens para reformas em suas propriedades.&#8221;<\/p>\n<p>Entre os jovens, a expectativa de uma forma\u00e7\u00e3o profissional diferenciada \u00e9 grande. A primeira op\u00e7\u00e3o do estudante Wellyson <br \/>J\u00fanior, de 20 anos, era o curso de el\u00e9trica tradicional do Senai, mas como n\u00e3o havia vagas se inscreveu no curso de pintor-restaurador. &#8220;Agora quero ser restaurador&#8221;, diz J\u00fanior, que est\u00e1 ansioso para arrumar emprego em qualquer cidade hist\u00f3rica do Brasil. &#8220;Onde houver servi\u00e7o est\u00e1 muito bom&#8221;, afirma. J\u00e1 Eduardo da Silva quer permanecer em Mariana, cidade onde nasceu e cresceu. &#8220;Quero trabalhar no patrim\u00f4nio de Ouro Preto e Mariana.&#8221;<\/p>\n","protected":false},"excerpt":{"rendered":"Adolescentes recebem treinamento para trabalhar na preserva\u00e7\u00e3o do patrim\u00f4nio hist\u00f3rico das cidades mineiras de Ouro Preto e Mariana Clara de ovo, \u00f3leo de \n<a class=\"moretag\" href=\"https:\/\/www.aceguarulhos.com.br\/blog\/passado-na-m%c3%a3o-de-jovens-carentes\/\"> [...]<\/a>","protected":false},"author":8,"featured_media":0,"comment_status":"open","ping_status":"open","sticky":false,"template":"","format":"standard","meta":{"footnotes":""},"categories":[2],"tags":[],"class_list":["post-31408","post","type-post","status-publish","format-standard","hentry","category-noticias"],"yoast_head":"<!-- This site is optimized with the Yoast SEO plugin v28.1 - https:\/\/yoast.com\/product\/yoast-seo-wordpress\/ -->\n<title>Passado na m\u00e3o de jovens carentes - ACE-Guarulhos<\/title>\n<meta name=\"robots\" content=\"index, follow, max-snippet:-1, max-image-preview:large, max-video-preview:-1\" \/>\n<link rel=\"canonical\" href=\"https:\/\/www.aceguarulhos.com.br\/blog\/passado-na-m\u00e3o-de-jovens-carentes\/\" \/>\n<meta property=\"og:locale\" content=\"pt_BR\" \/>\n<meta property=\"og:type\" content=\"article\" \/>\n<meta property=\"og:title\" content=\"Passado na m\u00e3o de jovens carentes - ACE-Guarulhos\" \/>\n<meta property=\"og:description\" content=\"Adolescentes recebem treinamento para trabalhar na preserva\u00e7\u00e3o do patrim\u00f4nio hist\u00f3rico das cidades mineiras de Ouro Preto e Mariana Clara de ovo, \u00f3leo de\" \/>\n<meta property=\"og:url\" content=\"https:\/\/www.aceguarulhos.com.br\/blog\/passado-na-m\u00e3o-de-jovens-carentes\/\" \/>\n<meta property=\"og:site_name\" content=\"ACE-Guarulhos\" \/>\n<meta property=\"article:publisher\" content=\"https:\/\/www.facebook.com\/aceguarulhos\/\" \/>\n<meta property=\"article:published_time\" content=\"2007-04-11T10:01:34+00:00\" \/>\n<meta name=\"author\" content=\"Assessoria de Imprensa ACE-Guarulhos\" \/>\n<meta name=\"twitter:card\" content=\"summary_large_image\" \/>\n<meta name=\"twitter:label1\" content=\"Escrito por\" \/>\n\t<meta name=\"twitter:data1\" content=\"Assessoria de Imprensa ACE-Guarulhos\" \/>\n\t<meta name=\"twitter:label2\" content=\"Est. tempo de leitura\" \/>\n\t<meta name=\"twitter:data2\" content=\"4 minutos\" \/>\n<script type=\"application\/ld+json\" class=\"yoast-schema-graph\">{\"@context\":\"https:\\\/\\\/schema.org\",\"@graph\":[{\"@type\":\"Article\",\"@id\":\"https:\\\/\\\/www.aceguarulhos.com.br\\\/blog\\\/passado-na-m%c3%a3o-de-jovens-carentes\\\/#article\",\"isPartOf\":{\"@id\":\"https:\\\/\\\/www.aceguarulhos.com.br\\\/blog\\\/passado-na-m%c3%a3o-de-jovens-carentes\\\/\"},\"author\":{\"name\":\"Assessoria de Imprensa ACE-Guarulhos\",\"@id\":\"https:\\\/\\\/www.aceguarulhos.com.br\\\/blog\\\/#\\\/schema\\\/person\\\/6983b51bad37489989e4f09698c26237\"},\"headline\":\"Passado na m\u00e3o de jovens carentes\",\"datePublished\":\"2007-04-11T10:01:34+00:00\",\"mainEntityOfPage\":{\"@id\":\"https:\\\/\\\/www.aceguarulhos.com.br\\\/blog\\\/passado-na-m%c3%a3o-de-jovens-carentes\\\/\"},\"wordCount\":802,\"commentCount\":0,\"publisher\":{\"@id\":\"https:\\\/\\\/www.aceguarulhos.com.br\\\/blog\\\/#organization\"},\"articleSection\":[\"Not\u00edcias\"],\"inLanguage\":\"pt-BR\"},{\"@type\":\"WebPage\",\"@id\":\"https:\\\/\\\/www.aceguarulhos.com.br\\\/blog\\\/passado-na-m%c3%a3o-de-jovens-carentes\\\/\",\"url\":\"https:\\\/\\\/www.aceguarulhos.com.br\\\/blog\\\/passado-na-m%c3%a3o-de-jovens-carentes\\\/\",\"name\":\"Passado na m\u00e3o de jovens carentes - ACE-Guarulhos\",\"isPartOf\":{\"@id\":\"https:\\\/\\\/www.aceguarulhos.com.br\\\/blog\\\/#website\"},\"datePublished\":\"2007-04-11T10:01:34+00:00\",\"breadcrumb\":{\"@id\":\"https:\\\/\\\/www.aceguarulhos.com.br\\\/blog\\\/passado-na-m%c3%a3o-de-jovens-carentes\\\/#breadcrumb\"},\"inLanguage\":\"pt-BR\",\"potentialAction\":[{\"@type\":\"ReadAction\",\"target\":[\"https:\\\/\\\/www.aceguarulhos.com.br\\\/blog\\\/passado-na-m%c3%a3o-de-jovens-carentes\\\/\"]}]},{\"@type\":\"BreadcrumbList\",\"@id\":\"https:\\\/\\\/www.aceguarulhos.com.br\\\/blog\\\/passado-na-m%c3%a3o-de-jovens-carentes\\\/#breadcrumb\",\"itemListElement\":[{\"@type\":\"ListItem\",\"position\":1,\"name\":\"In\u00edcio\",\"item\":\"https:\\\/\\\/www.aceguarulhos.com.br\\\/blog\\\/\"},{\"@type\":\"ListItem\",\"position\":2,\"name\":\"Passado na m\u00e3o de jovens carentes\"}]},{\"@type\":\"WebSite\",\"@id\":\"https:\\\/\\\/www.aceguarulhos.com.br\\\/blog\\\/#website\",\"url\":\"https:\\\/\\\/www.aceguarulhos.com.br\\\/blog\\\/\",\"name\":\"ACE-Guarulhos\",\"description\":\"A ACE-Guarulhos \u00e9 uma associa\u00e7\u00e3o que ap\u00f3ia os empres\u00e1rios guarulhenses atrav\u00e9s da representa\u00e7\u00e3o, da gera\u00e7\u00e3o de neg\u00f3cios e presta\u00e7\u00e3o de servi\u00e7os.\",\"publisher\":{\"@id\":\"https:\\\/\\\/www.aceguarulhos.com.br\\\/blog\\\/#organization\"},\"potentialAction\":[{\"@type\":\"SearchAction\",\"target\":{\"@type\":\"EntryPoint\",\"urlTemplate\":\"https:\\\/\\\/www.aceguarulhos.com.br\\\/blog\\\/?s={search_term_string}\"},\"query-input\":{\"@type\":\"PropertyValueSpecification\",\"valueRequired\":true,\"valueName\":\"search_term_string\"}}],\"inLanguage\":\"pt-BR\"},{\"@type\":\"Organization\",\"@id\":\"https:\\\/\\\/www.aceguarulhos.com.br\\\/blog\\\/#organization\",\"name\":\"ACE-Guarulhos\",\"url\":\"https:\\\/\\\/www.aceguarulhos.com.br\\\/blog\\\/\",\"logo\":{\"@type\":\"ImageObject\",\"inLanguage\":\"pt-BR\",\"@id\":\"https:\\\/\\\/www.aceguarulhos.com.br\\\/blog\\\/#\\\/schema\\\/logo\\\/image\\\/\",\"url\":\"https:\\\/\\\/www.aceguarulhos.com.br\\\/blog\\\/wp-content\\\/uploads\\\/2017\\\/12\\\/logo-aceguarulhos-2018.png\",\"contentUrl\":\"https:\\\/\\\/www.aceguarulhos.com.br\\\/blog\\\/wp-content\\\/uploads\\\/2017\\\/12\\\/logo-aceguarulhos-2018.png\",\"width\":419,\"height\":76,\"caption\":\"ACE-Guarulhos\"},\"image\":{\"@id\":\"https:\\\/\\\/www.aceguarulhos.com.br\\\/blog\\\/#\\\/schema\\\/logo\\\/image\\\/\"},\"sameAs\":[\"https:\\\/\\\/www.facebook.com\\\/aceguarulhos\\\/\",\"https:\\\/\\\/br.linkedin.com\\\/in\\\/ace-guarulhos-b9a97093\",\"https:\\\/\\\/www.youtube.com\\\/user\\\/aceguarulhos\"]},{\"@type\":\"Person\",\"@id\":\"https:\\\/\\\/www.aceguarulhos.com.br\\\/blog\\\/#\\\/schema\\\/person\\\/6983b51bad37489989e4f09698c26237\",\"name\":\"Assessoria de Imprensa ACE-Guarulhos\",\"image\":{\"@type\":\"ImageObject\",\"inLanguage\":\"pt-BR\",\"@id\":\"https:\\\/\\\/secure.gravatar.com\\\/avatar\\\/707f3fadd6918afeb64173ab22d8a8cb0676953098a4f31ff36dc2b4c699ef6a?s=96&d=mm&r=g\",\"url\":\"https:\\\/\\\/secure.gravatar.com\\\/avatar\\\/707f3fadd6918afeb64173ab22d8a8cb0676953098a4f31ff36dc2b4c699ef6a?s=96&d=mm&r=g\",\"contentUrl\":\"https:\\\/\\\/secure.gravatar.com\\\/avatar\\\/707f3fadd6918afeb64173ab22d8a8cb0676953098a4f31ff36dc2b4c699ef6a?s=96&d=mm&r=g\",\"caption\":\"Assessoria de Imprensa ACE-Guarulhos\"},\"url\":\"https:\\\/\\\/www.aceguarulhos.com.br\\\/blog\\\/author\\\/assessoria-de-imprensa-ace-guarulhos\\\/\"}]}<\/script>\n<!-- \/ Yoast SEO plugin. -->","yoast_head_json":{"title":"Passado na m\u00e3o de jovens carentes - ACE-Guarulhos","robots":{"index":"index","follow":"follow","max-snippet":"max-snippet:-1","max-image-preview":"max-image-preview:large","max-video-preview":"max-video-preview:-1"},"canonical":"https:\/\/www.aceguarulhos.com.br\/blog\/passado-na-m\u00e3o-de-jovens-carentes\/","og_locale":"pt_BR","og_type":"article","og_title":"Passado na m\u00e3o de jovens carentes - ACE-Guarulhos","og_description":"Adolescentes recebem treinamento para trabalhar na preserva\u00e7\u00e3o do patrim\u00f4nio hist\u00f3rico das cidades mineiras de Ouro Preto e Mariana Clara de ovo, \u00f3leo de","og_url":"https:\/\/www.aceguarulhos.com.br\/blog\/passado-na-m\u00e3o-de-jovens-carentes\/","og_site_name":"ACE-Guarulhos","article_publisher":"https:\/\/www.facebook.com\/aceguarulhos\/","article_published_time":"2007-04-11T10:01:34+00:00","author":"Assessoria de Imprensa ACE-Guarulhos","twitter_card":"summary_large_image","twitter_misc":{"Escrito por":"Assessoria de Imprensa ACE-Guarulhos","Est. tempo de leitura":"4 minutos"},"schema":{"@context":"https:\/\/schema.org","@graph":[{"@type":"Article","@id":"https:\/\/www.aceguarulhos.com.br\/blog\/passado-na-m%c3%a3o-de-jovens-carentes\/#article","isPartOf":{"@id":"https:\/\/www.aceguarulhos.com.br\/blog\/passado-na-m%c3%a3o-de-jovens-carentes\/"},"author":{"name":"Assessoria de Imprensa ACE-Guarulhos","@id":"https:\/\/www.aceguarulhos.com.br\/blog\/#\/schema\/person\/6983b51bad37489989e4f09698c26237"},"headline":"Passado na m\u00e3o de jovens carentes","datePublished":"2007-04-11T10:01:34+00:00","mainEntityOfPage":{"@id":"https:\/\/www.aceguarulhos.com.br\/blog\/passado-na-m%c3%a3o-de-jovens-carentes\/"},"wordCount":802,"commentCount":0,"publisher":{"@id":"https:\/\/www.aceguarulhos.com.br\/blog\/#organization"},"articleSection":["Not\u00edcias"],"inLanguage":"pt-BR"},{"@type":"WebPage","@id":"https:\/\/www.aceguarulhos.com.br\/blog\/passado-na-m%c3%a3o-de-jovens-carentes\/","url":"https:\/\/www.aceguarulhos.com.br\/blog\/passado-na-m%c3%a3o-de-jovens-carentes\/","name":"Passado na m\u00e3o de jovens carentes - ACE-Guarulhos","isPartOf":{"@id":"https:\/\/www.aceguarulhos.com.br\/blog\/#website"},"datePublished":"2007-04-11T10:01:34+00:00","breadcrumb":{"@id":"https:\/\/www.aceguarulhos.com.br\/blog\/passado-na-m%c3%a3o-de-jovens-carentes\/#breadcrumb"},"inLanguage":"pt-BR","potentialAction":[{"@type":"ReadAction","target":["https:\/\/www.aceguarulhos.com.br\/blog\/passado-na-m%c3%a3o-de-jovens-carentes\/"]}]},{"@type":"BreadcrumbList","@id":"https:\/\/www.aceguarulhos.com.br\/blog\/passado-na-m%c3%a3o-de-jovens-carentes\/#breadcrumb","itemListElement":[{"@type":"ListItem","position":1,"name":"In\u00edcio","item":"https:\/\/www.aceguarulhos.com.br\/blog\/"},{"@type":"ListItem","position":2,"name":"Passado na m\u00e3o de jovens carentes"}]},{"@type":"WebSite","@id":"https:\/\/www.aceguarulhos.com.br\/blog\/#website","url":"https:\/\/www.aceguarulhos.com.br\/blog\/","name":"ACE-Guarulhos","description":"A ACE-Guarulhos \u00e9 uma associa\u00e7\u00e3o que ap\u00f3ia os empres\u00e1rios guarulhenses atrav\u00e9s da representa\u00e7\u00e3o, da gera\u00e7\u00e3o de neg\u00f3cios e presta\u00e7\u00e3o de servi\u00e7os.","publisher":{"@id":"https:\/\/www.aceguarulhos.com.br\/blog\/#organization"},"potentialAction":[{"@type":"SearchAction","target":{"@type":"EntryPoint","urlTemplate":"https:\/\/www.aceguarulhos.com.br\/blog\/?s={search_term_string}"},"query-input":{"@type":"PropertyValueSpecification","valueRequired":true,"valueName":"search_term_string"}}],"inLanguage":"pt-BR"},{"@type":"Organization","@id":"https:\/\/www.aceguarulhos.com.br\/blog\/#organization","name":"ACE-Guarulhos","url":"https:\/\/www.aceguarulhos.com.br\/blog\/","logo":{"@type":"ImageObject","inLanguage":"pt-BR","@id":"https:\/\/www.aceguarulhos.com.br\/blog\/#\/schema\/logo\/image\/","url":"https:\/\/www.aceguarulhos.com.br\/blog\/wp-content\/uploads\/2017\/12\/logo-aceguarulhos-2018.png","contentUrl":"https:\/\/www.aceguarulhos.com.br\/blog\/wp-content\/uploads\/2017\/12\/logo-aceguarulhos-2018.png","width":419,"height":76,"caption":"ACE-Guarulhos"},"image":{"@id":"https:\/\/www.aceguarulhos.com.br\/blog\/#\/schema\/logo\/image\/"},"sameAs":["https:\/\/www.facebook.com\/aceguarulhos\/","https:\/\/br.linkedin.com\/in\/ace-guarulhos-b9a97093","https:\/\/www.youtube.com\/user\/aceguarulhos"]},{"@type":"Person","@id":"https:\/\/www.aceguarulhos.com.br\/blog\/#\/schema\/person\/6983b51bad37489989e4f09698c26237","name":"Assessoria de Imprensa ACE-Guarulhos","image":{"@type":"ImageObject","inLanguage":"pt-BR","@id":"https:\/\/secure.gravatar.com\/avatar\/707f3fadd6918afeb64173ab22d8a8cb0676953098a4f31ff36dc2b4c699ef6a?s=96&d=mm&r=g","url":"https:\/\/secure.gravatar.com\/avatar\/707f3fadd6918afeb64173ab22d8a8cb0676953098a4f31ff36dc2b4c699ef6a?s=96&d=mm&r=g","contentUrl":"https:\/\/secure.gravatar.com\/avatar\/707f3fadd6918afeb64173ab22d8a8cb0676953098a4f31ff36dc2b4c699ef6a?s=96&d=mm&r=g","caption":"Assessoria de Imprensa ACE-Guarulhos"},"url":"https:\/\/www.aceguarulhos.com.br\/blog\/author\/assessoria-de-imprensa-ace-guarulhos\/"}]}},"wps_subtitle":"","amp_enabled":true,"_links":{"self":[{"href":"https:\/\/www.aceguarulhos.com.br\/blog\/wp-json\/wp\/v2\/posts\/31408","targetHints":{"allow":["GET"]}}],"collection":[{"href":"https:\/\/www.aceguarulhos.com.br\/blog\/wp-json\/wp\/v2\/posts"}],"about":[{"href":"https:\/\/www.aceguarulhos.com.br\/blog\/wp-json\/wp\/v2\/types\/post"}],"author":[{"embeddable":true,"href":"https:\/\/www.aceguarulhos.com.br\/blog\/wp-json\/wp\/v2\/users\/8"}],"replies":[{"embeddable":true,"href":"https:\/\/www.aceguarulhos.com.br\/blog\/wp-json\/wp\/v2\/comments?post=31408"}],"version-history":[{"count":0,"href":"https:\/\/www.aceguarulhos.com.br\/blog\/wp-json\/wp\/v2\/posts\/31408\/revisions"}],"wp:attachment":[{"href":"https:\/\/www.aceguarulhos.com.br\/blog\/wp-json\/wp\/v2\/media?parent=31408"}],"wp:term":[{"taxonomy":"category","embeddable":true,"href":"https:\/\/www.aceguarulhos.com.br\/blog\/wp-json\/wp\/v2\/categories?post=31408"},{"taxonomy":"post_tag","embeddable":true,"href":"https:\/\/www.aceguarulhos.com.br\/blog\/wp-json\/wp\/v2\/tags?post=31408"}],"curies":[{"name":"wp","href":"https:\/\/api.w.org\/{rel}","templated":true}]}}