{"id":31367,"date":"2007-04-02T17:54:09","date_gmt":"2007-04-02T17:54:09","guid":{"rendered":"http:\/\/www.aceguarulhos.com.br\/blog\/?p=31367"},"modified":"-0001-11-30T00:00:00","modified_gmt":"-0001-11-30T03:00:00","slug":"ace-convoca-associados-para-a-elei%c3%a7%c3%a3o-da-entidade","status":"publish","type":"post","link":"https:\/\/www.aceguarulhos.com.br\/blog\/ace-convoca-associados-para-a-elei%c3%a7%c3%a3o-da-entidade\/","title":{"rendered":"ACE convoca associados para a elei\u00e7\u00e3o da entidade"},"content":{"rendered":"<p>O presidente da ACE-Guarulhos, Decio Pomp\u00eao Junior convoca a todos os associados para participarem da elei\u00e7\u00e3o que ir\u00e1 definir o pr\u00f3ximo Presidente da Diretoria Executiva da entidade \u2013 Bi\u00eanio 2007\/2009.<\/p>\n<p>O pleito acontece no pr\u00f3ximo dia 19 de abril, das 10h \u00e0s 17h nos seguintes locais:<\/p>\n<ol>\n<li><b>Regi\u00e3o Centro<\/b>:&nbsp; na sede social da entidade, \u00e0 Rua Quinze de Novembro, n\u00ba 85, 11\u00b0 andar, Centro;<\/li>\n<li><b>Regi\u00e3o Cumbica<\/b>: na sede distrital do bairro de Cumbica, \u00e0 Rua Capit\u00e3o Walter Ribeiro, 211, salas 4\/5, Cumbica;<\/li>\n<li><b>Regi\u00e3o Vila Galv\u00e3o<\/b>: no estabelecimento da associada Esportes Galvila Artigos Esportivos Ltda, \u00e0 Rua Treze de Maio, n\u00ba 368, Vila Galv\u00e3o.<\/li>\n<\/ol>\n<p>Em cada um destes locais, haver\u00e1 uma mesa coletora de votos.<\/p>\n<p>Decio Pomp\u00eao Junior solicita que todos os associados demonstrem sua cidadania e cumpram com o seu papel de eleitor. O voto \u00e9 secreto e n\u00e3o ser\u00e1 permitido voto por procura\u00e7\u00e3o. As empresas associadas exercer\u00e3o o direito de voto por interm\u00e9dio de seus representantes legais (titulares, s\u00f3cios-gerentes ou diretores) que constam em nosso cadastro.<\/p>\n<p><b>Desta forma, a ACE-Guarulhos solicitou aos seus associados atrav\u00e9s de informe no boleto banc\u00e1rio, carta, informa\u00e7\u00e3o no site, e-mail mkt e telemarketing a atualiza\u00e7\u00e3o destes dados no nosso cadastro. Voc\u00ea associado que ainda n\u00e3o fez esta atualiza\u00e7\u00e3o, fa\u00e7a at\u00e9 17 de abril, \u00e0s 12h.<\/b><\/p>\n<p>Votar\u00e3o os associados que foram admitidos na entidade at\u00e9 20\/09\/2006. Todos t\u00eam a obriga\u00e7\u00e3o de estarem, na data da elei\u00e7\u00e3o, em dia com suas obriga\u00e7\u00f5es sociais.<\/p>\n<p>Inscreveram-se para a elei\u00e7\u00e3o duas chapas: \u201cAvan\u00e7a ACE \u2013 Experi\u00eancia e Resultado\u201d liderada pelo empres\u00e1rio e atual vice-presidente de Servi\u00e7os da entidade, Wilson Louren\u00e7o e \u201cRenova\u00e7\u00e3o\u201d, chapa de oposi\u00e7\u00e3o que tem a frente o empres\u00e1rio F\u00e1bio Carleto.<\/p>\n<p>A rela\u00e7\u00e3o dos associados eleitores, com nomes e endere\u00e7os, ser\u00e1 afixada no dia da elei\u00e7\u00e3o nos locais designados para vota\u00e7\u00e3o e foi fornecida a um representante autorizado de cada chapa registrada.<\/p>\n<p>A entidade est\u00e1 encaminhando mala direta aos associados convocando a participar das elei\u00e7\u00f5es. Nesta convoca\u00e7\u00e3o est\u00e3o sendo informados os locais de vota\u00e7\u00e3o.<\/p>\n<p>A apura\u00e7\u00e3o dos votos ser\u00e1 feita pela mesa apuradora imediatamente ap\u00f3s o encerramento da vota\u00e7\u00e3o, assim que todas as 3 (tr\u00eas) urnas estiverem na sede social da entidade. <\/p>\n<p>Mais informa\u00e7\u00f5es no site www.aceguarulhos.com.br ou pelo telefone (11) 2137-9333. <\/p>\n","protected":false},"excerpt":{"rendered":"O presidente da ACE-Guarulhos, Decio Pomp\u00eao Junior convoca a todos os associados para participarem da elei\u00e7\u00e3o que ir\u00e1 definir o pr\u00f3ximo Presidente da \n<a class=\"moretag\" href=\"https:\/\/www.aceguarulhos.com.br\/blog\/ace-convoca-associados-para-a-elei%c3%a7%c3%a3o-da-entidade\/\"> [...]<\/a>","protected":false},"author":8,"featured_media":0,"comment_status":"open","ping_status":"open","sticky":false,"template":"","format":"standard","meta":{"footnotes":""},"categories":[2],"tags":[],"class_list":["post-31367","post","type-post","status-publish","format-standard","hentry","category-noticias"],"yoast_head":"<!-- This site is optimized with the Yoast SEO plugin v28.1 - https:\/\/yoast.com\/product\/yoast-seo-wordpress\/ -->\n<title>ACE convoca associados para a elei\u00e7\u00e3o da entidade - ACE-Guarulhos<\/title>\n<meta name=\"robots\" content=\"index, follow, max-snippet:-1, max-image-preview:large, max-video-preview:-1\" \/>\n<link rel=\"canonical\" href=\"https:\/\/www.aceguarulhos.com.br\/blog\/ace-convoca-associados-para-a-elei\u00e7\u00e3o-da-entidade\/\" \/>\n<meta property=\"og:locale\" content=\"pt_BR\" \/>\n<meta property=\"og:type\" content=\"article\" \/>\n<meta property=\"og:title\" content=\"ACE convoca associados para a elei\u00e7\u00e3o da entidade - ACE-Guarulhos\" \/>\n<meta property=\"og:description\" content=\"O presidente da ACE-Guarulhos, Decio Pomp\u00eao Junior convoca a todos os associados para participarem da elei\u00e7\u00e3o que ir\u00e1 definir o pr\u00f3ximo Presidente da\" \/>\n<meta property=\"og:url\" content=\"https:\/\/www.aceguarulhos.com.br\/blog\/ace-convoca-associados-para-a-elei\u00e7\u00e3o-da-entidade\/\" \/>\n<meta property=\"og:site_name\" content=\"ACE-Guarulhos\" \/>\n<meta property=\"article:publisher\" content=\"https:\/\/www.facebook.com\/aceguarulhos\/\" \/>\n<meta property=\"article:published_time\" content=\"2007-04-02T17:54:09+00:00\" \/>\n<meta name=\"author\" content=\"Assessoria de Imprensa ACE-Guarulhos\" \/>\n<meta name=\"twitter:card\" content=\"summary_large_image\" \/>\n<meta name=\"twitter:label1\" content=\"Escrito por\" \/>\n\t<meta name=\"twitter:data1\" content=\"Assessoria de Imprensa ACE-Guarulhos\" \/>\n\t<meta name=\"twitter:label2\" content=\"Est. tempo de leitura\" \/>\n\t<meta name=\"twitter:data2\" content=\"2 minutos\" \/>\n<script type=\"application\/ld+json\" class=\"yoast-schema-graph\">{\"@context\":\"https:\\\/\\\/schema.org\",\"@graph\":[{\"@type\":\"Article\",\"@id\":\"https:\\\/\\\/www.aceguarulhos.com.br\\\/blog\\\/ace-convoca-associados-para-a-elei%c3%a7%c3%a3o-da-entidade\\\/#article\",\"isPartOf\":{\"@id\":\"https:\\\/\\\/www.aceguarulhos.com.br\\\/blog\\\/ace-convoca-associados-para-a-elei%c3%a7%c3%a3o-da-entidade\\\/\"},\"author\":{\"name\":\"Assessoria de Imprensa ACE-Guarulhos\",\"@id\":\"https:\\\/\\\/www.aceguarulhos.com.br\\\/blog\\\/#\\\/schema\\\/person\\\/6983b51bad37489989e4f09698c26237\"},\"headline\":\"ACE convoca associados para a elei\u00e7\u00e3o da entidade\",\"datePublished\":\"2007-04-02T17:54:09+00:00\",\"mainEntityOfPage\":{\"@id\":\"https:\\\/\\\/www.aceguarulhos.com.br\\\/blog\\\/ace-convoca-associados-para-a-elei%c3%a7%c3%a3o-da-entidade\\\/\"},\"wordCount\":412,\"commentCount\":0,\"publisher\":{\"@id\":\"https:\\\/\\\/www.aceguarulhos.com.br\\\/blog\\\/#organization\"},\"articleSection\":[\"Not\u00edcias\"],\"inLanguage\":\"pt-BR\"},{\"@type\":\"WebPage\",\"@id\":\"https:\\\/\\\/www.aceguarulhos.com.br\\\/blog\\\/ace-convoca-associados-para-a-elei%c3%a7%c3%a3o-da-entidade\\\/\",\"url\":\"https:\\\/\\\/www.aceguarulhos.com.br\\\/blog\\\/ace-convoca-associados-para-a-elei%c3%a7%c3%a3o-da-entidade\\\/\",\"name\":\"ACE convoca associados para a elei\u00e7\u00e3o da entidade - ACE-Guarulhos\",\"isPartOf\":{\"@id\":\"https:\\\/\\\/www.aceguarulhos.com.br\\\/blog\\\/#website\"},\"datePublished\":\"2007-04-02T17:54:09+00:00\",\"breadcrumb\":{\"@id\":\"https:\\\/\\\/www.aceguarulhos.com.br\\\/blog\\\/ace-convoca-associados-para-a-elei%c3%a7%c3%a3o-da-entidade\\\/#breadcrumb\"},\"inLanguage\":\"pt-BR\",\"potentialAction\":[{\"@type\":\"ReadAction\",\"target\":[\"https:\\\/\\\/www.aceguarulhos.com.br\\\/blog\\\/ace-convoca-associados-para-a-elei%c3%a7%c3%a3o-da-entidade\\\/\"]}]},{\"@type\":\"BreadcrumbList\",\"@id\":\"https:\\\/\\\/www.aceguarulhos.com.br\\\/blog\\\/ace-convoca-associados-para-a-elei%c3%a7%c3%a3o-da-entidade\\\/#breadcrumb\",\"itemListElement\":[{\"@type\":\"ListItem\",\"position\":1,\"name\":\"In\u00edcio\",\"item\":\"https:\\\/\\\/www.aceguarulhos.com.br\\\/blog\\\/\"},{\"@type\":\"ListItem\",\"position\":2,\"name\":\"ACE convoca associados para a elei\u00e7\u00e3o da entidade\"}]},{\"@type\":\"WebSite\",\"@id\":\"https:\\\/\\\/www.aceguarulhos.com.br\\\/blog\\\/#website\",\"url\":\"https:\\\/\\\/www.aceguarulhos.com.br\\\/blog\\\/\",\"name\":\"ACE-Guarulhos\",\"description\":\"A ACE-Guarulhos \u00e9 uma associa\u00e7\u00e3o que ap\u00f3ia os empres\u00e1rios guarulhenses atrav\u00e9s da representa\u00e7\u00e3o, da gera\u00e7\u00e3o de neg\u00f3cios e presta\u00e7\u00e3o de servi\u00e7os.\",\"publisher\":{\"@id\":\"https:\\\/\\\/www.aceguarulhos.com.br\\\/blog\\\/#organization\"},\"potentialAction\":[{\"@type\":\"SearchAction\",\"target\":{\"@type\":\"EntryPoint\",\"urlTemplate\":\"https:\\\/\\\/www.aceguarulhos.com.br\\\/blog\\\/?s={search_term_string}\"},\"query-input\":{\"@type\":\"PropertyValueSpecification\",\"valueRequired\":true,\"valueName\":\"search_term_string\"}}],\"inLanguage\":\"pt-BR\"},{\"@type\":\"Organization\",\"@id\":\"https:\\\/\\\/www.aceguarulhos.com.br\\\/blog\\\/#organization\",\"name\":\"ACE-Guarulhos\",\"url\":\"https:\\\/\\\/www.aceguarulhos.com.br\\\/blog\\\/\",\"logo\":{\"@type\":\"ImageObject\",\"inLanguage\":\"pt-BR\",\"@id\":\"https:\\\/\\\/www.aceguarulhos.com.br\\\/blog\\\/#\\\/schema\\\/logo\\\/image\\\/\",\"url\":\"https:\\\/\\\/www.aceguarulhos.com.br\\\/blog\\\/wp-content\\\/uploads\\\/2017\\\/12\\\/logo-aceguarulhos-2018.png\",\"contentUrl\":\"https:\\\/\\\/www.aceguarulhos.com.br\\\/blog\\\/wp-content\\\/uploads\\\/2017\\\/12\\\/logo-aceguarulhos-2018.png\",\"width\":419,\"height\":76,\"caption\":\"ACE-Guarulhos\"},\"image\":{\"@id\":\"https:\\\/\\\/www.aceguarulhos.com.br\\\/blog\\\/#\\\/schema\\\/logo\\\/image\\\/\"},\"sameAs\":[\"https:\\\/\\\/www.facebook.com\\\/aceguarulhos\\\/\",\"https:\\\/\\\/br.linkedin.com\\\/in\\\/ace-guarulhos-b9a97093\",\"https:\\\/\\\/www.youtube.com\\\/user\\\/aceguarulhos\"]},{\"@type\":\"Person\",\"@id\":\"https:\\\/\\\/www.aceguarulhos.com.br\\\/blog\\\/#\\\/schema\\\/person\\\/6983b51bad37489989e4f09698c26237\",\"name\":\"Assessoria de Imprensa ACE-Guarulhos\",\"image\":{\"@type\":\"ImageObject\",\"inLanguage\":\"pt-BR\",\"@id\":\"https:\\\/\\\/secure.gravatar.com\\\/avatar\\\/707f3fadd6918afeb64173ab22d8a8cb0676953098a4f31ff36dc2b4c699ef6a?s=96&d=mm&r=g\",\"url\":\"https:\\\/\\\/secure.gravatar.com\\\/avatar\\\/707f3fadd6918afeb64173ab22d8a8cb0676953098a4f31ff36dc2b4c699ef6a?s=96&d=mm&r=g\",\"contentUrl\":\"https:\\\/\\\/secure.gravatar.com\\\/avatar\\\/707f3fadd6918afeb64173ab22d8a8cb0676953098a4f31ff36dc2b4c699ef6a?s=96&d=mm&r=g\",\"caption\":\"Assessoria de Imprensa ACE-Guarulhos\"},\"url\":\"https:\\\/\\\/www.aceguarulhos.com.br\\\/blog\\\/author\\\/assessoria-de-imprensa-ace-guarulhos\\\/\"}]}<\/script>\n<!-- \/ Yoast SEO plugin. -->","yoast_head_json":{"title":"ACE convoca associados para a elei\u00e7\u00e3o da entidade - ACE-Guarulhos","robots":{"index":"index","follow":"follow","max-snippet":"max-snippet:-1","max-image-preview":"max-image-preview:large","max-video-preview":"max-video-preview:-1"},"canonical":"https:\/\/www.aceguarulhos.com.br\/blog\/ace-convoca-associados-para-a-elei\u00e7\u00e3o-da-entidade\/","og_locale":"pt_BR","og_type":"article","og_title":"ACE convoca associados para a elei\u00e7\u00e3o da entidade - ACE-Guarulhos","og_description":"O presidente da ACE-Guarulhos, Decio Pomp\u00eao Junior convoca a todos os associados para participarem da elei\u00e7\u00e3o que ir\u00e1 definir o pr\u00f3ximo Presidente da","og_url":"https:\/\/www.aceguarulhos.com.br\/blog\/ace-convoca-associados-para-a-elei\u00e7\u00e3o-da-entidade\/","og_site_name":"ACE-Guarulhos","article_publisher":"https:\/\/www.facebook.com\/aceguarulhos\/","article_published_time":"2007-04-02T17:54:09+00:00","author":"Assessoria de Imprensa ACE-Guarulhos","twitter_card":"summary_large_image","twitter_misc":{"Escrito por":"Assessoria de Imprensa ACE-Guarulhos","Est. tempo de leitura":"2 minutos"},"schema":{"@context":"https:\/\/schema.org","@graph":[{"@type":"Article","@id":"https:\/\/www.aceguarulhos.com.br\/blog\/ace-convoca-associados-para-a-elei%c3%a7%c3%a3o-da-entidade\/#article","isPartOf":{"@id":"https:\/\/www.aceguarulhos.com.br\/blog\/ace-convoca-associados-para-a-elei%c3%a7%c3%a3o-da-entidade\/"},"author":{"name":"Assessoria de Imprensa ACE-Guarulhos","@id":"https:\/\/www.aceguarulhos.com.br\/blog\/#\/schema\/person\/6983b51bad37489989e4f09698c26237"},"headline":"ACE convoca associados para a elei\u00e7\u00e3o da entidade","datePublished":"2007-04-02T17:54:09+00:00","mainEntityOfPage":{"@id":"https:\/\/www.aceguarulhos.com.br\/blog\/ace-convoca-associados-para-a-elei%c3%a7%c3%a3o-da-entidade\/"},"wordCount":412,"commentCount":0,"publisher":{"@id":"https:\/\/www.aceguarulhos.com.br\/blog\/#organization"},"articleSection":["Not\u00edcias"],"inLanguage":"pt-BR"},{"@type":"WebPage","@id":"https:\/\/www.aceguarulhos.com.br\/blog\/ace-convoca-associados-para-a-elei%c3%a7%c3%a3o-da-entidade\/","url":"https:\/\/www.aceguarulhos.com.br\/blog\/ace-convoca-associados-para-a-elei%c3%a7%c3%a3o-da-entidade\/","name":"ACE convoca associados para a elei\u00e7\u00e3o da entidade - ACE-Guarulhos","isPartOf":{"@id":"https:\/\/www.aceguarulhos.com.br\/blog\/#website"},"datePublished":"2007-04-02T17:54:09+00:00","breadcrumb":{"@id":"https:\/\/www.aceguarulhos.com.br\/blog\/ace-convoca-associados-para-a-elei%c3%a7%c3%a3o-da-entidade\/#breadcrumb"},"inLanguage":"pt-BR","potentialAction":[{"@type":"ReadAction","target":["https:\/\/www.aceguarulhos.com.br\/blog\/ace-convoca-associados-para-a-elei%c3%a7%c3%a3o-da-entidade\/"]}]},{"@type":"BreadcrumbList","@id":"https:\/\/www.aceguarulhos.com.br\/blog\/ace-convoca-associados-para-a-elei%c3%a7%c3%a3o-da-entidade\/#breadcrumb","itemListElement":[{"@type":"ListItem","position":1,"name":"In\u00edcio","item":"https:\/\/www.aceguarulhos.com.br\/blog\/"},{"@type":"ListItem","position":2,"name":"ACE convoca associados para a elei\u00e7\u00e3o da entidade"}]},{"@type":"WebSite","@id":"https:\/\/www.aceguarulhos.com.br\/blog\/#website","url":"https:\/\/www.aceguarulhos.com.br\/blog\/","name":"ACE-Guarulhos","description":"A ACE-Guarulhos \u00e9 uma associa\u00e7\u00e3o que ap\u00f3ia os empres\u00e1rios guarulhenses atrav\u00e9s da representa\u00e7\u00e3o, da gera\u00e7\u00e3o de neg\u00f3cios e presta\u00e7\u00e3o de servi\u00e7os.","publisher":{"@id":"https:\/\/www.aceguarulhos.com.br\/blog\/#organization"},"potentialAction":[{"@type":"SearchAction","target":{"@type":"EntryPoint","urlTemplate":"https:\/\/www.aceguarulhos.com.br\/blog\/?s={search_term_string}"},"query-input":{"@type":"PropertyValueSpecification","valueRequired":true,"valueName":"search_term_string"}}],"inLanguage":"pt-BR"},{"@type":"Organization","@id":"https:\/\/www.aceguarulhos.com.br\/blog\/#organization","name":"ACE-Guarulhos","url":"https:\/\/www.aceguarulhos.com.br\/blog\/","logo":{"@type":"ImageObject","inLanguage":"pt-BR","@id":"https:\/\/www.aceguarulhos.com.br\/blog\/#\/schema\/logo\/image\/","url":"https:\/\/www.aceguarulhos.com.br\/blog\/wp-content\/uploads\/2017\/12\/logo-aceguarulhos-2018.png","contentUrl":"https:\/\/www.aceguarulhos.com.br\/blog\/wp-content\/uploads\/2017\/12\/logo-aceguarulhos-2018.png","width":419,"height":76,"caption":"ACE-Guarulhos"},"image":{"@id":"https:\/\/www.aceguarulhos.com.br\/blog\/#\/schema\/logo\/image\/"},"sameAs":["https:\/\/www.facebook.com\/aceguarulhos\/","https:\/\/br.linkedin.com\/in\/ace-guarulhos-b9a97093","https:\/\/www.youtube.com\/user\/aceguarulhos"]},{"@type":"Person","@id":"https:\/\/www.aceguarulhos.com.br\/blog\/#\/schema\/person\/6983b51bad37489989e4f09698c26237","name":"Assessoria de Imprensa ACE-Guarulhos","image":{"@type":"ImageObject","inLanguage":"pt-BR","@id":"https:\/\/secure.gravatar.com\/avatar\/707f3fadd6918afeb64173ab22d8a8cb0676953098a4f31ff36dc2b4c699ef6a?s=96&d=mm&r=g","url":"https:\/\/secure.gravatar.com\/avatar\/707f3fadd6918afeb64173ab22d8a8cb0676953098a4f31ff36dc2b4c699ef6a?s=96&d=mm&r=g","contentUrl":"https:\/\/secure.gravatar.com\/avatar\/707f3fadd6918afeb64173ab22d8a8cb0676953098a4f31ff36dc2b4c699ef6a?s=96&d=mm&r=g","caption":"Assessoria de Imprensa ACE-Guarulhos"},"url":"https:\/\/www.aceguarulhos.com.br\/blog\/author\/assessoria-de-imprensa-ace-guarulhos\/"}]}},"wps_subtitle":"","amp_enabled":true,"_links":{"self":[{"href":"https:\/\/www.aceguarulhos.com.br\/blog\/wp-json\/wp\/v2\/posts\/31367","targetHints":{"allow":["GET"]}}],"collection":[{"href":"https:\/\/www.aceguarulhos.com.br\/blog\/wp-json\/wp\/v2\/posts"}],"about":[{"href":"https:\/\/www.aceguarulhos.com.br\/blog\/wp-json\/wp\/v2\/types\/post"}],"author":[{"embeddable":true,"href":"https:\/\/www.aceguarulhos.com.br\/blog\/wp-json\/wp\/v2\/users\/8"}],"replies":[{"embeddable":true,"href":"https:\/\/www.aceguarulhos.com.br\/blog\/wp-json\/wp\/v2\/comments?post=31367"}],"version-history":[{"count":0,"href":"https:\/\/www.aceguarulhos.com.br\/blog\/wp-json\/wp\/v2\/posts\/31367\/revisions"}],"wp:attachment":[{"href":"https:\/\/www.aceguarulhos.com.br\/blog\/wp-json\/wp\/v2\/media?parent=31367"}],"wp:term":[{"taxonomy":"category","embeddable":true,"href":"https:\/\/www.aceguarulhos.com.br\/blog\/wp-json\/wp\/v2\/categories?post=31367"},{"taxonomy":"post_tag","embeddable":true,"href":"https:\/\/www.aceguarulhos.com.br\/blog\/wp-json\/wp\/v2\/tags?post=31367"}],"curies":[{"name":"wp","href":"https:\/\/api.w.org\/{rel}","templated":true}]}}