{"id":31357,"date":"2007-03-30T00:42:09","date_gmt":"2007-03-30T00:42:09","guid":{"rendered":"http:\/\/www.aceguarulhos.com.br\/blog\/?p=31357"},"modified":"-0001-11-30T00:00:00","modified_gmt":"-0001-11-30T03:00:00","slug":"deficientes-visuais-v%c3%a3o-ao-teatro-com-tecnologia","status":"publish","type":"post","link":"https:\/\/www.aceguarulhos.com.br\/blog\/deficientes-visuais-v%c3%a3o-ao-teatro-com-tecnologia\/","title":{"rendered":"Deficientes visuais v\u00e3o ao teatro. Com tecnologia!"},"content":{"rendered":"<p><i><b>Lan\u00e7ado na pe\u00e7a Andaime, sistema de audiodescri\u00e7\u00e3o \u00e9 empregado pela primeira vez na Am\u00e9rica Latina<\/b><\/i><\/p>\n<p>O dedo indicador direito de Roger Martins Marques, 32 anos, desliza com agilidade sobre as seis p\u00e1ginas impressas em braile com o programa da pe\u00e7a Andaime, uma com\u00e9dia sobre a rotina melanc\u00f3lica de dois limpadores de janelas de um grande edif\u00edcio de S\u00e3o Paulo, em cartaz no Teatro Vivo. Deficiente visual desde o nascimento, Roger foi alfabetizado em braile e adquiriu uma velocidade de leitura semelhante \u00e0 de uma pessoa com os olhos saud\u00e1veis. <\/p>\n<p>A esta conquista, pacientemente lapidada ao longo de anos de esfor\u00e7o pessoal, soma-se agora uma mais recente: Roger p\u00f4de, na semana passada, ir ao teatro sem o aux\u00edlio at\u00e9 ent\u00e3o indispens\u00e1vel de um acompanhante que lhe sussurrasse no ouvido as a\u00e7\u00f5es do espet\u00e1culo.<\/p>\n<p>Desenvolvido pela Vivo e lan\u00e7ado comercialmente na estr\u00e9ia da pe\u00e7a Andaime, um sistema de audiodescri\u00e7\u00e3o garante ao deficiente visual uma compreens\u00e3o muito maior do que se passa no palco. Na entrada do teatro, eles recebem um fone de ouvido que ir\u00e1 transmitir, durante a encena\u00e7\u00e3o, a voz de uma volunt\u00e1ria com todas as informa\u00e7\u00f5es sobre figurino e express\u00e3o dos atores, movimenta\u00e7\u00e3o de cena, requintes do cen\u00e1rio e at\u00e9 nuances sobre a mudan\u00e7a de luz.<\/p>\n<p>\u00c9 a primeira vez que o sistema est\u00e1 sendo empregado em um teatro da Am\u00e9rica Latina. E acredito que ter uma pe\u00e7a de minha autoria escolhida para a implanta\u00e7\u00e3o deste servi\u00e7o foi um desses golpes de sorte aos quais o povo de teatro costuma se referir como uma ben\u00e7\u00e3o dos deuses, um afago de Dion\u00edsio. Na estr\u00e9ia da pe\u00e7a, foi comovente ver, ao lado de Paulo Autran, Adriane Galisteu e Patr\u00edcia Travassos, entre outros atores e amigos que circulavam pelo sagu\u00e3o, um grande grupo de deficientes visuais, acompanhados de seus c\u00e3es-guia, \u00e0 espera do in\u00edcio da sess\u00e3o. Mais do que uma simples estr\u00e9ia, aquela noite representou, para todos que estavam ali, um comovente exerc\u00edcio de cidadania e inser\u00e7\u00e3o social promovido pela cultura.<\/p>\n<p>O sistema de audiodescri\u00e7\u00e3o \u00e9 uma dessas id\u00e9ias que, de t\u00e3o simples e essenciais, remetem \u00e0 pergunta imediata: como \u00e9 que ningu\u00e9m pensou nisso antes? Os volunt\u00e1rios treinados pela Vivo assistiram aos cinco \u00faltimos ensaios de Andaime antes da estr\u00e9ia \u2013 mais do que eu, que vi apenas um. Com a meticulosidade de um perito forense, eles anotaram todos os gestos dos atores, as express\u00f5es faciais, os muxoxos, o desenho da ilumina\u00e7\u00e3o, a movimenta\u00e7\u00e3o das cortinas e objetos c\u00eanicos. Esta radiografia minuciosa dos movimentos do espet\u00e1culo resultou em 17 p\u00e1ginas datilografadas \u2013 contra as 32 da pe\u00e7a propriamente dita. De posse destas anota\u00e7\u00f5es, os volunt\u00e1rios passaram v\u00e1rios dias envolvidos na complicada alquimia de encontrar, entre as pausas dos di\u00e1logos, o momento exato para encaixar cada sinaliza\u00e7\u00e3o. &#8220;N\u00f3s n\u00e3o podemos prejudicar os di\u00e1logos do espet\u00e1culo&#8221;, diz a volunt\u00e1ria Rosilene Cotes de Almeida, que hoje deve saber bem mais da pe\u00e7a do que eu mesmo. &#8220;Temos de ser t\u00e3o afinados quanto o elenco. Dizemos nossas falas no intervalo entre as falas deles. O deficiente n\u00e3o pode receber duas informa\u00e7\u00f5es diferentes ao mesmo tempo&#8221;.<\/p>\n<p>Na noite de estr\u00e9ia eu n\u00e3o testei o equipamento. Preferi ficar observando o comportamento dos deficientes. Eles riam tanto que cheguei a ficar na d\u00favida: ser\u00e1 que a pe\u00e7a \u00e9 mesmo boa ou \u00e9 o servi\u00e7o dos volunt\u00e1rios que est\u00e1 dando uma ajuda e tanto? S\u00f3 experimentei o servi\u00e7o no terceiro dia da temporada. Foi uma experi\u00eancia sensorial surpreendente: \u00e9 muito estranho receber pelo ouvido toda a informa\u00e7\u00e3o que, ao longo da vida, aprendemos a captar pelo olhar. O desejo de abrir os olhos e voltar ao nosso universo conhecido, o mundo da luz, foi incontrol\u00e1vel. Confesso, por mais ego\u00edsta que isso possa parecer, que \u00e9 uma d\u00e1diva poder captar todas as informa\u00e7\u00f5es deste mundo com os sentidos perfeitos com os quais Deus nos dotou. <\/p>\n<p>Alguns dias depois da estr\u00e9ia, recebi o e-mail de um deficiente visual. Na mensagem, que guardo no arquivo do meu computador, ele elogiava muito a pe\u00e7a e a iniciativa da Vivo. Mas n\u00e3o foi o elogio que me seduziu. De tudo que ele escreveu, uma frase n\u00e3o sai da minha cabe\u00e7a: &#8220;Depois de 30 anos de escurid\u00e3o, naquela noite eu voltei a ser um cidad\u00e3o de novo. \u00c9 o tipo de mensagem que faz tudo valer a pena&#8221;. <\/p>\n","protected":false},"excerpt":{"rendered":"Lan\u00e7ado na pe\u00e7a Andaime, sistema de audiodescri\u00e7\u00e3o \u00e9 empregado pela primeira vez na Am\u00e9rica Latina O dedo indicador direito de Roger Martins Marques, \n<a class=\"moretag\" href=\"https:\/\/www.aceguarulhos.com.br\/blog\/deficientes-visuais-v%c3%a3o-ao-teatro-com-tecnologia\/\"> [...]<\/a>","protected":false},"author":8,"featured_media":0,"comment_status":"open","ping_status":"open","sticky":false,"template":"","format":"standard","meta":{"footnotes":""},"categories":[2],"tags":[],"class_list":["post-31357","post","type-post","status-publish","format-standard","hentry","category-noticias"],"yoast_head":"<!-- This site is optimized with the Yoast SEO plugin v28.1 - https:\/\/yoast.com\/product\/yoast-seo-wordpress\/ -->\n<title>Deficientes visuais v\u00e3o ao teatro. Com tecnologia! - ACE-Guarulhos<\/title>\n<meta name=\"robots\" content=\"index, follow, max-snippet:-1, max-image-preview:large, max-video-preview:-1\" \/>\n<link rel=\"canonical\" href=\"https:\/\/www.aceguarulhos.com.br\/blog\/deficientes-visuais-v\u00e3o-ao-teatro-com-tecnologia\/\" \/>\n<meta property=\"og:locale\" content=\"pt_BR\" \/>\n<meta property=\"og:type\" content=\"article\" \/>\n<meta property=\"og:title\" content=\"Deficientes visuais v\u00e3o ao teatro. Com tecnologia! - ACE-Guarulhos\" \/>\n<meta property=\"og:description\" content=\"Lan\u00e7ado na pe\u00e7a Andaime, sistema de audiodescri\u00e7\u00e3o \u00e9 empregado pela primeira vez na Am\u00e9rica Latina O dedo indicador direito de Roger Martins Marques,\" \/>\n<meta property=\"og:url\" content=\"https:\/\/www.aceguarulhos.com.br\/blog\/deficientes-visuais-v\u00e3o-ao-teatro-com-tecnologia\/\" \/>\n<meta property=\"og:site_name\" content=\"ACE-Guarulhos\" \/>\n<meta property=\"article:publisher\" content=\"https:\/\/www.facebook.com\/aceguarulhos\/\" \/>\n<meta property=\"article:published_time\" content=\"2007-03-30T00:42:09+00:00\" \/>\n<meta name=\"author\" content=\"Assessoria de Imprensa ACE-Guarulhos\" \/>\n<meta name=\"twitter:card\" content=\"summary_large_image\" \/>\n<meta name=\"twitter:label1\" content=\"Escrito por\" \/>\n\t<meta name=\"twitter:data1\" content=\"Assessoria de Imprensa ACE-Guarulhos\" \/>\n\t<meta name=\"twitter:label2\" content=\"Est. tempo de leitura\" \/>\n\t<meta name=\"twitter:data2\" content=\"4 minutos\" \/>\n<script type=\"application\/ld+json\" class=\"yoast-schema-graph\">{\"@context\":\"https:\\\/\\\/schema.org\",\"@graph\":[{\"@type\":\"Article\",\"@id\":\"https:\\\/\\\/www.aceguarulhos.com.br\\\/blog\\\/deficientes-visuais-v%c3%a3o-ao-teatro-com-tecnologia\\\/#article\",\"isPartOf\":{\"@id\":\"https:\\\/\\\/www.aceguarulhos.com.br\\\/blog\\\/deficientes-visuais-v%c3%a3o-ao-teatro-com-tecnologia\\\/\"},\"author\":{\"name\":\"Assessoria de Imprensa ACE-Guarulhos\",\"@id\":\"https:\\\/\\\/www.aceguarulhos.com.br\\\/blog\\\/#\\\/schema\\\/person\\\/6983b51bad37489989e4f09698c26237\"},\"headline\":\"Deficientes visuais v\u00e3o ao teatro. Com tecnologia!\",\"datePublished\":\"2007-03-30T00:42:09+00:00\",\"mainEntityOfPage\":{\"@id\":\"https:\\\/\\\/www.aceguarulhos.com.br\\\/blog\\\/deficientes-visuais-v%c3%a3o-ao-teatro-com-tecnologia\\\/\"},\"wordCount\":795,\"commentCount\":0,\"publisher\":{\"@id\":\"https:\\\/\\\/www.aceguarulhos.com.br\\\/blog\\\/#organization\"},\"articleSection\":[\"Not\u00edcias\"],\"inLanguage\":\"pt-BR\"},{\"@type\":\"WebPage\",\"@id\":\"https:\\\/\\\/www.aceguarulhos.com.br\\\/blog\\\/deficientes-visuais-v%c3%a3o-ao-teatro-com-tecnologia\\\/\",\"url\":\"https:\\\/\\\/www.aceguarulhos.com.br\\\/blog\\\/deficientes-visuais-v%c3%a3o-ao-teatro-com-tecnologia\\\/\",\"name\":\"Deficientes visuais v\u00e3o ao teatro. Com tecnologia! - ACE-Guarulhos\",\"isPartOf\":{\"@id\":\"https:\\\/\\\/www.aceguarulhos.com.br\\\/blog\\\/#website\"},\"datePublished\":\"2007-03-30T00:42:09+00:00\",\"breadcrumb\":{\"@id\":\"https:\\\/\\\/www.aceguarulhos.com.br\\\/blog\\\/deficientes-visuais-v%c3%a3o-ao-teatro-com-tecnologia\\\/#breadcrumb\"},\"inLanguage\":\"pt-BR\",\"potentialAction\":[{\"@type\":\"ReadAction\",\"target\":[\"https:\\\/\\\/www.aceguarulhos.com.br\\\/blog\\\/deficientes-visuais-v%c3%a3o-ao-teatro-com-tecnologia\\\/\"]}]},{\"@type\":\"BreadcrumbList\",\"@id\":\"https:\\\/\\\/www.aceguarulhos.com.br\\\/blog\\\/deficientes-visuais-v%c3%a3o-ao-teatro-com-tecnologia\\\/#breadcrumb\",\"itemListElement\":[{\"@type\":\"ListItem\",\"position\":1,\"name\":\"In\u00edcio\",\"item\":\"https:\\\/\\\/www.aceguarulhos.com.br\\\/blog\\\/\"},{\"@type\":\"ListItem\",\"position\":2,\"name\":\"Deficientes visuais v\u00e3o ao teatro. Com tecnologia!\"}]},{\"@type\":\"WebSite\",\"@id\":\"https:\\\/\\\/www.aceguarulhos.com.br\\\/blog\\\/#website\",\"url\":\"https:\\\/\\\/www.aceguarulhos.com.br\\\/blog\\\/\",\"name\":\"ACE-Guarulhos\",\"description\":\"A ACE-Guarulhos \u00e9 uma associa\u00e7\u00e3o que ap\u00f3ia os empres\u00e1rios guarulhenses atrav\u00e9s da representa\u00e7\u00e3o, da gera\u00e7\u00e3o de neg\u00f3cios e presta\u00e7\u00e3o de servi\u00e7os.\",\"publisher\":{\"@id\":\"https:\\\/\\\/www.aceguarulhos.com.br\\\/blog\\\/#organization\"},\"potentialAction\":[{\"@type\":\"SearchAction\",\"target\":{\"@type\":\"EntryPoint\",\"urlTemplate\":\"https:\\\/\\\/www.aceguarulhos.com.br\\\/blog\\\/?s={search_term_string}\"},\"query-input\":{\"@type\":\"PropertyValueSpecification\",\"valueRequired\":true,\"valueName\":\"search_term_string\"}}],\"inLanguage\":\"pt-BR\"},{\"@type\":\"Organization\",\"@id\":\"https:\\\/\\\/www.aceguarulhos.com.br\\\/blog\\\/#organization\",\"name\":\"ACE-Guarulhos\",\"url\":\"https:\\\/\\\/www.aceguarulhos.com.br\\\/blog\\\/\",\"logo\":{\"@type\":\"ImageObject\",\"inLanguage\":\"pt-BR\",\"@id\":\"https:\\\/\\\/www.aceguarulhos.com.br\\\/blog\\\/#\\\/schema\\\/logo\\\/image\\\/\",\"url\":\"https:\\\/\\\/www.aceguarulhos.com.br\\\/blog\\\/wp-content\\\/uploads\\\/2017\\\/12\\\/logo-aceguarulhos-2018.png\",\"contentUrl\":\"https:\\\/\\\/www.aceguarulhos.com.br\\\/blog\\\/wp-content\\\/uploads\\\/2017\\\/12\\\/logo-aceguarulhos-2018.png\",\"width\":419,\"height\":76,\"caption\":\"ACE-Guarulhos\"},\"image\":{\"@id\":\"https:\\\/\\\/www.aceguarulhos.com.br\\\/blog\\\/#\\\/schema\\\/logo\\\/image\\\/\"},\"sameAs\":[\"https:\\\/\\\/www.facebook.com\\\/aceguarulhos\\\/\",\"https:\\\/\\\/br.linkedin.com\\\/in\\\/ace-guarulhos-b9a97093\",\"https:\\\/\\\/www.youtube.com\\\/user\\\/aceguarulhos\"]},{\"@type\":\"Person\",\"@id\":\"https:\\\/\\\/www.aceguarulhos.com.br\\\/blog\\\/#\\\/schema\\\/person\\\/6983b51bad37489989e4f09698c26237\",\"name\":\"Assessoria de Imprensa ACE-Guarulhos\",\"image\":{\"@type\":\"ImageObject\",\"inLanguage\":\"pt-BR\",\"@id\":\"https:\\\/\\\/secure.gravatar.com\\\/avatar\\\/707f3fadd6918afeb64173ab22d8a8cb0676953098a4f31ff36dc2b4c699ef6a?s=96&d=mm&r=g\",\"url\":\"https:\\\/\\\/secure.gravatar.com\\\/avatar\\\/707f3fadd6918afeb64173ab22d8a8cb0676953098a4f31ff36dc2b4c699ef6a?s=96&d=mm&r=g\",\"contentUrl\":\"https:\\\/\\\/secure.gravatar.com\\\/avatar\\\/707f3fadd6918afeb64173ab22d8a8cb0676953098a4f31ff36dc2b4c699ef6a?s=96&d=mm&r=g\",\"caption\":\"Assessoria de Imprensa ACE-Guarulhos\"},\"url\":\"https:\\\/\\\/www.aceguarulhos.com.br\\\/blog\\\/author\\\/assessoria-de-imprensa-ace-guarulhos\\\/\"}]}<\/script>\n<!-- \/ Yoast SEO plugin. -->","yoast_head_json":{"title":"Deficientes visuais v\u00e3o ao teatro. Com tecnologia! - ACE-Guarulhos","robots":{"index":"index","follow":"follow","max-snippet":"max-snippet:-1","max-image-preview":"max-image-preview:large","max-video-preview":"max-video-preview:-1"},"canonical":"https:\/\/www.aceguarulhos.com.br\/blog\/deficientes-visuais-v\u00e3o-ao-teatro-com-tecnologia\/","og_locale":"pt_BR","og_type":"article","og_title":"Deficientes visuais v\u00e3o ao teatro. Com tecnologia! - ACE-Guarulhos","og_description":"Lan\u00e7ado na pe\u00e7a Andaime, sistema de audiodescri\u00e7\u00e3o \u00e9 empregado pela primeira vez na Am\u00e9rica Latina O dedo indicador direito de Roger Martins Marques,","og_url":"https:\/\/www.aceguarulhos.com.br\/blog\/deficientes-visuais-v\u00e3o-ao-teatro-com-tecnologia\/","og_site_name":"ACE-Guarulhos","article_publisher":"https:\/\/www.facebook.com\/aceguarulhos\/","article_published_time":"2007-03-30T00:42:09+00:00","author":"Assessoria de Imprensa ACE-Guarulhos","twitter_card":"summary_large_image","twitter_misc":{"Escrito por":"Assessoria de Imprensa ACE-Guarulhos","Est. tempo de leitura":"4 minutos"},"schema":{"@context":"https:\/\/schema.org","@graph":[{"@type":"Article","@id":"https:\/\/www.aceguarulhos.com.br\/blog\/deficientes-visuais-v%c3%a3o-ao-teatro-com-tecnologia\/#article","isPartOf":{"@id":"https:\/\/www.aceguarulhos.com.br\/blog\/deficientes-visuais-v%c3%a3o-ao-teatro-com-tecnologia\/"},"author":{"name":"Assessoria de Imprensa ACE-Guarulhos","@id":"https:\/\/www.aceguarulhos.com.br\/blog\/#\/schema\/person\/6983b51bad37489989e4f09698c26237"},"headline":"Deficientes visuais v\u00e3o ao teatro. Com tecnologia!","datePublished":"2007-03-30T00:42:09+00:00","mainEntityOfPage":{"@id":"https:\/\/www.aceguarulhos.com.br\/blog\/deficientes-visuais-v%c3%a3o-ao-teatro-com-tecnologia\/"},"wordCount":795,"commentCount":0,"publisher":{"@id":"https:\/\/www.aceguarulhos.com.br\/blog\/#organization"},"articleSection":["Not\u00edcias"],"inLanguage":"pt-BR"},{"@type":"WebPage","@id":"https:\/\/www.aceguarulhos.com.br\/blog\/deficientes-visuais-v%c3%a3o-ao-teatro-com-tecnologia\/","url":"https:\/\/www.aceguarulhos.com.br\/blog\/deficientes-visuais-v%c3%a3o-ao-teatro-com-tecnologia\/","name":"Deficientes visuais v\u00e3o ao teatro. Com tecnologia! - ACE-Guarulhos","isPartOf":{"@id":"https:\/\/www.aceguarulhos.com.br\/blog\/#website"},"datePublished":"2007-03-30T00:42:09+00:00","breadcrumb":{"@id":"https:\/\/www.aceguarulhos.com.br\/blog\/deficientes-visuais-v%c3%a3o-ao-teatro-com-tecnologia\/#breadcrumb"},"inLanguage":"pt-BR","potentialAction":[{"@type":"ReadAction","target":["https:\/\/www.aceguarulhos.com.br\/blog\/deficientes-visuais-v%c3%a3o-ao-teatro-com-tecnologia\/"]}]},{"@type":"BreadcrumbList","@id":"https:\/\/www.aceguarulhos.com.br\/blog\/deficientes-visuais-v%c3%a3o-ao-teatro-com-tecnologia\/#breadcrumb","itemListElement":[{"@type":"ListItem","position":1,"name":"In\u00edcio","item":"https:\/\/www.aceguarulhos.com.br\/blog\/"},{"@type":"ListItem","position":2,"name":"Deficientes visuais v\u00e3o ao teatro. Com tecnologia!"}]},{"@type":"WebSite","@id":"https:\/\/www.aceguarulhos.com.br\/blog\/#website","url":"https:\/\/www.aceguarulhos.com.br\/blog\/","name":"ACE-Guarulhos","description":"A ACE-Guarulhos \u00e9 uma associa\u00e7\u00e3o que ap\u00f3ia os empres\u00e1rios guarulhenses atrav\u00e9s da representa\u00e7\u00e3o, da gera\u00e7\u00e3o de neg\u00f3cios e presta\u00e7\u00e3o de servi\u00e7os.","publisher":{"@id":"https:\/\/www.aceguarulhos.com.br\/blog\/#organization"},"potentialAction":[{"@type":"SearchAction","target":{"@type":"EntryPoint","urlTemplate":"https:\/\/www.aceguarulhos.com.br\/blog\/?s={search_term_string}"},"query-input":{"@type":"PropertyValueSpecification","valueRequired":true,"valueName":"search_term_string"}}],"inLanguage":"pt-BR"},{"@type":"Organization","@id":"https:\/\/www.aceguarulhos.com.br\/blog\/#organization","name":"ACE-Guarulhos","url":"https:\/\/www.aceguarulhos.com.br\/blog\/","logo":{"@type":"ImageObject","inLanguage":"pt-BR","@id":"https:\/\/www.aceguarulhos.com.br\/blog\/#\/schema\/logo\/image\/","url":"https:\/\/www.aceguarulhos.com.br\/blog\/wp-content\/uploads\/2017\/12\/logo-aceguarulhos-2018.png","contentUrl":"https:\/\/www.aceguarulhos.com.br\/blog\/wp-content\/uploads\/2017\/12\/logo-aceguarulhos-2018.png","width":419,"height":76,"caption":"ACE-Guarulhos"},"image":{"@id":"https:\/\/www.aceguarulhos.com.br\/blog\/#\/schema\/logo\/image\/"},"sameAs":["https:\/\/www.facebook.com\/aceguarulhos\/","https:\/\/br.linkedin.com\/in\/ace-guarulhos-b9a97093","https:\/\/www.youtube.com\/user\/aceguarulhos"]},{"@type":"Person","@id":"https:\/\/www.aceguarulhos.com.br\/blog\/#\/schema\/person\/6983b51bad37489989e4f09698c26237","name":"Assessoria de Imprensa ACE-Guarulhos","image":{"@type":"ImageObject","inLanguage":"pt-BR","@id":"https:\/\/secure.gravatar.com\/avatar\/707f3fadd6918afeb64173ab22d8a8cb0676953098a4f31ff36dc2b4c699ef6a?s=96&d=mm&r=g","url":"https:\/\/secure.gravatar.com\/avatar\/707f3fadd6918afeb64173ab22d8a8cb0676953098a4f31ff36dc2b4c699ef6a?s=96&d=mm&r=g","contentUrl":"https:\/\/secure.gravatar.com\/avatar\/707f3fadd6918afeb64173ab22d8a8cb0676953098a4f31ff36dc2b4c699ef6a?s=96&d=mm&r=g","caption":"Assessoria de Imprensa ACE-Guarulhos"},"url":"https:\/\/www.aceguarulhos.com.br\/blog\/author\/assessoria-de-imprensa-ace-guarulhos\/"}]}},"wps_subtitle":"","amp_enabled":true,"_links":{"self":[{"href":"https:\/\/www.aceguarulhos.com.br\/blog\/wp-json\/wp\/v2\/posts\/31357","targetHints":{"allow":["GET"]}}],"collection":[{"href":"https:\/\/www.aceguarulhos.com.br\/blog\/wp-json\/wp\/v2\/posts"}],"about":[{"href":"https:\/\/www.aceguarulhos.com.br\/blog\/wp-json\/wp\/v2\/types\/post"}],"author":[{"embeddable":true,"href":"https:\/\/www.aceguarulhos.com.br\/blog\/wp-json\/wp\/v2\/users\/8"}],"replies":[{"embeddable":true,"href":"https:\/\/www.aceguarulhos.com.br\/blog\/wp-json\/wp\/v2\/comments?post=31357"}],"version-history":[{"count":0,"href":"https:\/\/www.aceguarulhos.com.br\/blog\/wp-json\/wp\/v2\/posts\/31357\/revisions"}],"wp:attachment":[{"href":"https:\/\/www.aceguarulhos.com.br\/blog\/wp-json\/wp\/v2\/media?parent=31357"}],"wp:term":[{"taxonomy":"category","embeddable":true,"href":"https:\/\/www.aceguarulhos.com.br\/blog\/wp-json\/wp\/v2\/categories?post=31357"},{"taxonomy":"post_tag","embeddable":true,"href":"https:\/\/www.aceguarulhos.com.br\/blog\/wp-json\/wp\/v2\/tags?post=31357"}],"curies":[{"name":"wp","href":"https:\/\/api.w.org\/{rel}","templated":true}]}}