{"id":31277,"date":"2007-03-13T16:00:08","date_gmt":"2007-03-13T16:00:08","guid":{"rendered":"http:\/\/www.aceguarulhos.com.br\/blog\/?p=31277"},"modified":"-0001-11-30T00:00:00","modified_gmt":"-0001-11-30T03:00:00","slug":"ace-divulga-data-da-elei%c3%a7%c3%a3o-em-coletiva-de-imprensa","status":"publish","type":"post","link":"https:\/\/www.aceguarulhos.com.br\/blog\/ace-divulga-data-da-elei%c3%a7%c3%a3o-em-coletiva-de-imprensa\/","title":{"rendered":"ACE divulga data da elei\u00e7\u00e3o em coletiva de imprensa"},"content":{"rendered":"<p><i><b>Raio X da entidade e regras da elei\u00e7\u00e3o foram apresentados \u00e0 m\u00eddia guarulhense<\/b><\/i><\/p>\n<p><\/p>\n<p class=\"midia\" style=\"margin: 5px 10px 10px 0pt; float: left; width: 440px;\"><img loading=\"lazy\" decoding=\"async\" src=\"\/blog\/wp-content\/uploads\/image.php?x=i&amp;i1=100&amp;i2=20070313155212\" title=\"S\u00e9rgio Lessa\" height=\"330\" width=\"440\"><br \/>Jornalistas acompanham o balan\u00e7o da entidade e as regras da elei\u00e7\u00e3o<\/p>\n<p>Com o objetivo de deixar transparente o processo eleitoral da entidade foi realizada nesta segunda-feira, 12 de mar\u00e7o, uma coletiva de imprensa, na sede da ACE, reunindo os ve\u00edculos de comunica\u00e7\u00e3o da cidade para mostrar as regras do pleito conforme o estatuto e os resultados das duas \u00faltimas gest\u00f5es (2003 a 2007). <\/p>\n<p>Al\u00e9m da m\u00eddia guarulhense, participaram tamb\u00e9m da coletiva o presidente da entidade, Decio Pomp\u00eao Junior; o superintende da ACE, Maurici Dias Gomes; o diretor jur\u00eddico, Manoel Marcelo Camargo de Laet; o respons\u00e1vel pela comiss\u00e3o de obras, \u00c1lvaro Bernardino, e o presidente da OAB-Guarulhos, Dr. Airton Trevisan, que esteve presente para a leitura do estatuto e para algum esclarecimento que se fizesse necess\u00e1rio. <\/p>\n<p><b>Efici\u00eancia de gest\u00e3o<\/b> &#8211; Na primeira parte da coletiva, o presidente da entidade mostrou um balan\u00e7o geral das a\u00e7\u00f5es desenvolvidas nas duas \u00faltimas gest\u00f5es. Os n\u00fameros mostram o aumento dos servi\u00e7os oferecidos aos associados, al\u00e9m da arrecada\u00e7\u00e3o da entidade, que tamb\u00e9m aumentou, alcan\u00e7ando um super\u00e1vit de R$ 272.415,00 em 2006. <\/p>\n<p>\u201cA consulta de pessoa jur\u00eddica \u00e9 um dos servi\u00e7os de maior valor agregado da entidade. A amplia\u00e7\u00e3o deste servi\u00e7o traz mais receita para a ACE. Al\u00e9m disso, o atendimento \u00e0s consultas do consumidor tamb\u00e9m foi incrementado. Este \u00e9 um servi\u00e7o que beneficia o associado, pois na medida em que o consumidor restabelece seu cr\u00e9dito, volta a consumir na cidade\u201d, explicou Decio Pomp\u00eao J\u00fanior, presidente da ACE \u2013 Guarulhos.&nbsp; <\/p>\n<div align=\"center\"><i><b>RESULTADOS DAS DUAS \u00daLTIMAS GEST\u00d5ES <\/b><\/i><\/div>\n<p><b>Item&nbsp;&nbsp;&nbsp; &nbsp;&nbsp;&nbsp; &nbsp;&nbsp;&nbsp; &nbsp;&nbsp;&nbsp; &nbsp;&nbsp;&nbsp; &nbsp;&nbsp;&nbsp; &nbsp;&nbsp;&nbsp; &nbsp;&nbsp; &nbsp;&nbsp; &nbsp; Mar\u00e7o \/ 2003&nbsp;&nbsp;&nbsp; Janeiro \/ 2007<\/b><br \/>Consultas ao SCPC&nbsp;&nbsp;&nbsp; &nbsp;&nbsp;&nbsp; &nbsp;&nbsp;&nbsp; &nbsp;&nbsp;&nbsp; &nbsp;&nbsp;&nbsp;&nbsp; 75.597&nbsp;&nbsp;&nbsp; &nbsp;&nbsp;&nbsp; &nbsp;&nbsp;&nbsp; &nbsp;&nbsp; 81.412<br \/>USE CHEQUE&nbsp;&nbsp;&nbsp; &nbsp;&nbsp;&nbsp; &nbsp;&nbsp;&nbsp; &nbsp;&nbsp;&nbsp; &nbsp;&nbsp;&nbsp; &nbsp;&nbsp;&nbsp; &nbsp;&nbsp;&nbsp;&nbsp; 50.879&nbsp;&nbsp;&nbsp; &nbsp;&nbsp;&nbsp; &nbsp;&nbsp;&nbsp; &nbsp;&nbsp; 57.763<br \/>Consulta Pessoa Jur\u00eddica&nbsp;&nbsp;&nbsp; &nbsp;&nbsp;&nbsp; &nbsp;&nbsp;&nbsp; &nbsp;&nbsp; 5.718&nbsp;&nbsp;&nbsp; &nbsp;&nbsp;&nbsp; &nbsp;&nbsp;&nbsp; &nbsp;&nbsp; &nbsp; 7.011<br \/>Consultas ao Consumidor&nbsp;&nbsp;&nbsp;&nbsp;&nbsp;&nbsp;&nbsp;&nbsp;&nbsp;&nbsp;&nbsp;&nbsp;&nbsp;&nbsp; 2.113&nbsp;&nbsp;&nbsp;&nbsp;&nbsp;&nbsp;&nbsp;&nbsp;&nbsp;&nbsp;&nbsp;&nbsp;&nbsp;&nbsp;&nbsp;&nbsp; 5.716<br \/>Faturamento Bruto &nbsp;&nbsp;&nbsp; &nbsp;&nbsp;&nbsp; &nbsp;&nbsp;&nbsp; 2.156.000,00&nbsp;&nbsp; R$ 2.803.000,00<br \/>&nbsp;&nbsp;&nbsp; &nbsp;&nbsp;&nbsp; &nbsp;&nbsp;&nbsp; &nbsp;&nbsp;&nbsp; &nbsp;&nbsp;&nbsp; &nbsp;&nbsp;&nbsp; &nbsp;&nbsp;&nbsp; &nbsp;&nbsp;&nbsp; &nbsp;&nbsp;&nbsp; &nbsp;&nbsp;&nbsp; (Ref. 2003)&nbsp;&nbsp;&nbsp;&nbsp;&nbsp;&nbsp;&nbsp;&nbsp;&nbsp; (Ref. 2006)<br \/><i>*Resultados das Gest\u00f5es 2003 a 2005 e 2005 a 2007<\/i><\/p>\n<p><b>Transpar\u00eancia&nbsp; <\/b>&#8211; Ainda no quesito balan\u00e7o, o presidente da entidade esclareceu todas as a\u00e7\u00f5es que foram tomadas para que a administra\u00e7\u00e3o fosse mais acess\u00edvel \u00e0 todos: \u201cConforme o estatuto, o balan\u00e7o mensal \u00e9 publicado no jornal da entidade. S\u00e3o utilizados os servi\u00e7os de uma contabilidade externa, a Flaumar, uma das mais respeitadas da cidade. H\u00e1 um quadro de conselheiros que podem conferir qualquer informa\u00e7\u00e3o\u201d, explicou Decio Pomp\u00eao Junior. <\/p>\n<p>Outro quesito importante apresentado refere-se a profissionaliza\u00e7\u00e3o da entidade, que conta hoje com 35 profissionais, contra 43 existentes anteriormente, mesmo com a implanta\u00e7\u00e3o da distrital Cumbica, que conta com 3 colaboradores. Dos n\u00fameros apresentados, onze colaboradores t\u00eam o segundo grau completo, sete cursam o ensino superior, oito possuem o superior completo, um est\u00e1 cursando o MBA e outro j\u00e1 concluiu. <\/p>\n<p><b>Sa\u00fade Financeira<\/b> &#8211; Al\u00e9m dos n\u00fameros positivos no faturamento e na amplia\u00e7\u00e3o dos servi\u00e7os prestados aos associados, outro \u00edndice informado refere-se ao n\u00famero gasto na obra da nova sede pr\u00f3pria. At\u00e9 o momento foram gastos aproximadamente R$ 746.000,00 equivalentes a recursos pr\u00f3prios. Foi realizada a abertura de um cr\u00e9dito rotativo na Cooperativa de Cr\u00e9dito de Guarulhos, no valor de R$ 150.000,00, mas at\u00e9 o momento n\u00e3o foi utilizado. Essa verba assegurar\u00e1 a conclus\u00e3o da obra.<\/p>\n<p>Segundo o presidente Decio Pomp\u00eao Junior, a obra contempla 4 pavimentos de cerca de 880m2, espa\u00e7o para a Cooperativa de Cr\u00e9dito, estrutura moderna, localiza\u00e7\u00e3o privilegiada em frente ao F\u00e1cil do Bom Clima, atendimento personalizado e acesso \u00e0 deficientes, entre outras facilidades e benef\u00edcios aos associados. <\/p>\n<p>\u201cN\u00e3o \u00e9 uma obra eleitoreira, sen\u00e3o ter\u00edamos entregado em dezembro com apenas dois pavimentos. Quanto mais demorada, mais cara fica a constru\u00e7\u00e3o. Toda a estrutura montada ser\u00e1 utilizada pela pr\u00f3xima gest\u00e3o. Escolhemos economizar e satisfazer ao associado ao mesmo tempo\u201d, afirmou. <\/p>\n<p><b>Elei\u00e7\u00e3o para a nova diretoria<\/b> &#8211; Todo o processo eleitoral da ACE \u00e9 regulamentado pelo estatuto da entidade. Desse modo \u00e9 obrigat\u00f3rio que algumas regras sejam cumpridas. De acordo com o artigo 55\u00ba do estatuto, que trata da regulamenta\u00e7\u00e3o da comiss\u00e3o eleitoral, somente 3 diretores da diretoria executiva podem fazer parte desta comiss\u00e3o. <\/p>\n<p>Os nomes escolhidos para tal fun\u00e7\u00e3o foram: Manoel Marcelo Camargo de Laet, diretor jur\u00eddico; Ednei Alexandre Fontana, 2\u00ba tesoureiro e Jorge Alberto Taiar, vice-presidente de com\u00e9rcio. Devido a este artigo, o presidente da OAB-Guarulhos, Airton Trevisan, que chegou a ser cogitado para conduzir o processo, agradeceu o convite para ser o observador da elei\u00e7\u00e3o, mas declinou da proposta. <\/p>\n<p>\u201cRecebi com muita honra o convite para presidir a comiss\u00e3o, mas vendo o estatuto que determina que s\u00f3 podem participar membros da diretoria executiva percebi que seria apenas um mero observador, ou seja, caso ocorresse algum impasse, minha opini\u00e3o n\u00e3o alteraria nada\u201d, explicou. <\/p>\n<p>Al\u00e9m desta especifica\u00e7\u00e3o referente \u00e0 comiss\u00e3o eleitoral, o estatuto tamb\u00e9m traz as regras para o eleitorado, de acordo com o artigo 53. Segundo ele, podem votar somente os associados em dia com suas obriga\u00e7\u00f5es e associados que ingressaram nos quadros da entidade h\u00e1 180 dias da elei\u00e7\u00e3o (a partir de 20\/09\/06).<\/p>\n<p>Ser\u00e1 publicado nos jornais da cidade, no pr\u00f3ximo dia 19 de mar\u00e7o, o edital de convoca\u00e7\u00e3o da elei\u00e7\u00e3o. A partir desta publica\u00e7\u00e3o as chapas interessadas em concorrer ao pleito dever\u00e3o se manifestar.&nbsp; A data da elei\u00e7\u00e3o est\u00e1 marcada para 19 de abril, das 10h \u00e0s 17h, com uma inova\u00e7\u00e3o: haver\u00e1 tr\u00eas pontos de vota\u00e7\u00e3o. Um ser\u00e1 na atual sede localizada na regi\u00e3o central. As outras ficar\u00e3o na distrital Cumbica e em Vila Galv\u00e3o. Os endere\u00e7os dos postos de vota\u00e7\u00e3o ser\u00e3o divulgados no edital. <\/p>\n<p class=\"midia\" style=\"margin: 5px 10px 10px 0pt; float: left; width: 440px;\"><img loading=\"lazy\" decoding=\"async\" src=\"\/blog\/wp-content\/uploads\/image.php?x=i&amp;i1=100&amp;i2=20070313165307\" title=\"S\u00e9rgio Lessa\" height=\"330\" width=\"440\"><br \/>Jornalistas de diversos ve\u00edculos acompanharam a coletiva<\/p>\n","protected":false},"excerpt":{"rendered":"Raio X da entidade e regras da elei\u00e7\u00e3o foram apresentados \u00e0 m\u00eddia guarulhense Jornalistas acompanham o balan\u00e7o da entidade e as regras da \n<a class=\"moretag\" href=\"https:\/\/www.aceguarulhos.com.br\/blog\/ace-divulga-data-da-elei%c3%a7%c3%a3o-em-coletiva-de-imprensa\/\"> [...]<\/a>","protected":false},"author":8,"featured_media":0,"comment_status":"open","ping_status":"open","sticky":false,"template":"","format":"standard","meta":{"footnotes":""},"categories":[2],"tags":[],"class_list":["post-31277","post","type-post","status-publish","format-standard","hentry","category-noticias"],"yoast_head":"<!-- This site is optimized with the Yoast SEO plugin v28.1 - https:\/\/yoast.com\/product\/yoast-seo-wordpress\/ -->\n<title>ACE divulga data da elei\u00e7\u00e3o em coletiva de imprensa - ACE-Guarulhos<\/title>\n<meta name=\"robots\" content=\"index, follow, max-snippet:-1, max-image-preview:large, max-video-preview:-1\" \/>\n<link rel=\"canonical\" href=\"https:\/\/www.aceguarulhos.com.br\/blog\/ace-divulga-data-da-elei\u00e7\u00e3o-em-coletiva-de-imprensa\/\" \/>\n<meta property=\"og:locale\" content=\"pt_BR\" \/>\n<meta property=\"og:type\" content=\"article\" \/>\n<meta property=\"og:title\" content=\"ACE divulga data da elei\u00e7\u00e3o em coletiva de imprensa - ACE-Guarulhos\" \/>\n<meta property=\"og:description\" content=\"Raio X da entidade e regras da elei\u00e7\u00e3o foram apresentados \u00e0 m\u00eddia guarulhense Jornalistas acompanham o balan\u00e7o da entidade e as regras da\" \/>\n<meta property=\"og:url\" content=\"https:\/\/www.aceguarulhos.com.br\/blog\/ace-divulga-data-da-elei\u00e7\u00e3o-em-coletiva-de-imprensa\/\" \/>\n<meta property=\"og:site_name\" content=\"ACE-Guarulhos\" \/>\n<meta property=\"article:publisher\" content=\"https:\/\/www.facebook.com\/aceguarulhos\/\" \/>\n<meta property=\"article:published_time\" content=\"2007-03-13T16:00:08+00:00\" \/>\n<meta property=\"og:image\" content=\"https:\/\/www.aceguarulhos.com.br\/blog\/wp-content\/uploads\/image.php\" \/>\n<meta name=\"author\" content=\"Assessoria de Imprensa ACE-Guarulhos\" \/>\n<meta name=\"twitter:card\" content=\"summary_large_image\" \/>\n<meta name=\"twitter:label1\" content=\"Escrito por\" \/>\n\t<meta name=\"twitter:data1\" content=\"Assessoria de Imprensa ACE-Guarulhos\" \/>\n\t<meta name=\"twitter:label2\" content=\"Est. tempo de leitura\" \/>\n\t<meta name=\"twitter:data2\" content=\"6 minutos\" \/>\n<script type=\"application\/ld+json\" class=\"yoast-schema-graph\">{\"@context\":\"https:\\\/\\\/schema.org\",\"@graph\":[{\"@type\":\"Article\",\"@id\":\"https:\\\/\\\/www.aceguarulhos.com.br\\\/blog\\\/ace-divulga-data-da-elei%c3%a7%c3%a3o-em-coletiva-de-imprensa\\\/#article\",\"isPartOf\":{\"@id\":\"https:\\\/\\\/www.aceguarulhos.com.br\\\/blog\\\/ace-divulga-data-da-elei%c3%a7%c3%a3o-em-coletiva-de-imprensa\\\/\"},\"author\":{\"name\":\"Assessoria de Imprensa ACE-Guarulhos\",\"@id\":\"https:\\\/\\\/www.aceguarulhos.com.br\\\/blog\\\/#\\\/schema\\\/person\\\/6983b51bad37489989e4f09698c26237\"},\"headline\":\"ACE divulga data da elei\u00e7\u00e3o em coletiva de imprensa\",\"datePublished\":\"2007-03-13T16:00:08+00:00\",\"mainEntityOfPage\":{\"@id\":\"https:\\\/\\\/www.aceguarulhos.com.br\\\/blog\\\/ace-divulga-data-da-elei%c3%a7%c3%a3o-em-coletiva-de-imprensa\\\/\"},\"wordCount\":1160,\"commentCount\":0,\"publisher\":{\"@id\":\"https:\\\/\\\/www.aceguarulhos.com.br\\\/blog\\\/#organization\"},\"articleSection\":[\"Not\u00edcias\"],\"inLanguage\":\"pt-BR\"},{\"@type\":\"WebPage\",\"@id\":\"https:\\\/\\\/www.aceguarulhos.com.br\\\/blog\\\/ace-divulga-data-da-elei%c3%a7%c3%a3o-em-coletiva-de-imprensa\\\/\",\"url\":\"https:\\\/\\\/www.aceguarulhos.com.br\\\/blog\\\/ace-divulga-data-da-elei%c3%a7%c3%a3o-em-coletiva-de-imprensa\\\/\",\"name\":\"ACE divulga data da elei\u00e7\u00e3o em coletiva de imprensa - ACE-Guarulhos\",\"isPartOf\":{\"@id\":\"https:\\\/\\\/www.aceguarulhos.com.br\\\/blog\\\/#website\"},\"datePublished\":\"2007-03-13T16:00:08+00:00\",\"breadcrumb\":{\"@id\":\"https:\\\/\\\/www.aceguarulhos.com.br\\\/blog\\\/ace-divulga-data-da-elei%c3%a7%c3%a3o-em-coletiva-de-imprensa\\\/#breadcrumb\"},\"inLanguage\":\"pt-BR\",\"potentialAction\":[{\"@type\":\"ReadAction\",\"target\":[\"https:\\\/\\\/www.aceguarulhos.com.br\\\/blog\\\/ace-divulga-data-da-elei%c3%a7%c3%a3o-em-coletiva-de-imprensa\\\/\"]}]},{\"@type\":\"BreadcrumbList\",\"@id\":\"https:\\\/\\\/www.aceguarulhos.com.br\\\/blog\\\/ace-divulga-data-da-elei%c3%a7%c3%a3o-em-coletiva-de-imprensa\\\/#breadcrumb\",\"itemListElement\":[{\"@type\":\"ListItem\",\"position\":1,\"name\":\"In\u00edcio\",\"item\":\"https:\\\/\\\/www.aceguarulhos.com.br\\\/blog\\\/\"},{\"@type\":\"ListItem\",\"position\":2,\"name\":\"ACE divulga data da elei\u00e7\u00e3o em coletiva de imprensa\"}]},{\"@type\":\"WebSite\",\"@id\":\"https:\\\/\\\/www.aceguarulhos.com.br\\\/blog\\\/#website\",\"url\":\"https:\\\/\\\/www.aceguarulhos.com.br\\\/blog\\\/\",\"name\":\"ACE-Guarulhos\",\"description\":\"A ACE-Guarulhos \u00e9 uma associa\u00e7\u00e3o que ap\u00f3ia os empres\u00e1rios guarulhenses atrav\u00e9s da representa\u00e7\u00e3o, da gera\u00e7\u00e3o de neg\u00f3cios e presta\u00e7\u00e3o de servi\u00e7os.\",\"publisher\":{\"@id\":\"https:\\\/\\\/www.aceguarulhos.com.br\\\/blog\\\/#organization\"},\"potentialAction\":[{\"@type\":\"SearchAction\",\"target\":{\"@type\":\"EntryPoint\",\"urlTemplate\":\"https:\\\/\\\/www.aceguarulhos.com.br\\\/blog\\\/?s={search_term_string}\"},\"query-input\":{\"@type\":\"PropertyValueSpecification\",\"valueRequired\":true,\"valueName\":\"search_term_string\"}}],\"inLanguage\":\"pt-BR\"},{\"@type\":\"Organization\",\"@id\":\"https:\\\/\\\/www.aceguarulhos.com.br\\\/blog\\\/#organization\",\"name\":\"ACE-Guarulhos\",\"url\":\"https:\\\/\\\/www.aceguarulhos.com.br\\\/blog\\\/\",\"logo\":{\"@type\":\"ImageObject\",\"inLanguage\":\"pt-BR\",\"@id\":\"https:\\\/\\\/www.aceguarulhos.com.br\\\/blog\\\/#\\\/schema\\\/logo\\\/image\\\/\",\"url\":\"https:\\\/\\\/www.aceguarulhos.com.br\\\/blog\\\/wp-content\\\/uploads\\\/2017\\\/12\\\/logo-aceguarulhos-2018.png\",\"contentUrl\":\"https:\\\/\\\/www.aceguarulhos.com.br\\\/blog\\\/wp-content\\\/uploads\\\/2017\\\/12\\\/logo-aceguarulhos-2018.png\",\"width\":419,\"height\":76,\"caption\":\"ACE-Guarulhos\"},\"image\":{\"@id\":\"https:\\\/\\\/www.aceguarulhos.com.br\\\/blog\\\/#\\\/schema\\\/logo\\\/image\\\/\"},\"sameAs\":[\"https:\\\/\\\/www.facebook.com\\\/aceguarulhos\\\/\",\"https:\\\/\\\/br.linkedin.com\\\/in\\\/ace-guarulhos-b9a97093\",\"https:\\\/\\\/www.youtube.com\\\/user\\\/aceguarulhos\"]},{\"@type\":\"Person\",\"@id\":\"https:\\\/\\\/www.aceguarulhos.com.br\\\/blog\\\/#\\\/schema\\\/person\\\/6983b51bad37489989e4f09698c26237\",\"name\":\"Assessoria de Imprensa ACE-Guarulhos\",\"image\":{\"@type\":\"ImageObject\",\"inLanguage\":\"pt-BR\",\"@id\":\"https:\\\/\\\/secure.gravatar.com\\\/avatar\\\/707f3fadd6918afeb64173ab22d8a8cb0676953098a4f31ff36dc2b4c699ef6a?s=96&d=mm&r=g\",\"url\":\"https:\\\/\\\/secure.gravatar.com\\\/avatar\\\/707f3fadd6918afeb64173ab22d8a8cb0676953098a4f31ff36dc2b4c699ef6a?s=96&d=mm&r=g\",\"contentUrl\":\"https:\\\/\\\/secure.gravatar.com\\\/avatar\\\/707f3fadd6918afeb64173ab22d8a8cb0676953098a4f31ff36dc2b4c699ef6a?s=96&d=mm&r=g\",\"caption\":\"Assessoria de Imprensa ACE-Guarulhos\"},\"url\":\"https:\\\/\\\/www.aceguarulhos.com.br\\\/blog\\\/author\\\/assessoria-de-imprensa-ace-guarulhos\\\/\"}]}<\/script>\n<!-- \/ Yoast SEO plugin. -->","yoast_head_json":{"title":"ACE divulga data da elei\u00e7\u00e3o em coletiva de imprensa - ACE-Guarulhos","robots":{"index":"index","follow":"follow","max-snippet":"max-snippet:-1","max-image-preview":"max-image-preview:large","max-video-preview":"max-video-preview:-1"},"canonical":"https:\/\/www.aceguarulhos.com.br\/blog\/ace-divulga-data-da-elei\u00e7\u00e3o-em-coletiva-de-imprensa\/","og_locale":"pt_BR","og_type":"article","og_title":"ACE divulga data da elei\u00e7\u00e3o em coletiva de imprensa - ACE-Guarulhos","og_description":"Raio X da entidade e regras da elei\u00e7\u00e3o foram apresentados \u00e0 m\u00eddia guarulhense Jornalistas acompanham o balan\u00e7o da entidade e as regras da","og_url":"https:\/\/www.aceguarulhos.com.br\/blog\/ace-divulga-data-da-elei\u00e7\u00e3o-em-coletiva-de-imprensa\/","og_site_name":"ACE-Guarulhos","article_publisher":"https:\/\/www.facebook.com\/aceguarulhos\/","article_published_time":"2007-03-13T16:00:08+00:00","og_image":[{"url":"https:\/\/www.aceguarulhos.com.br\/blog\/wp-content\/uploads\/image.php","type":"","width":"","height":""}],"author":"Assessoria de Imprensa ACE-Guarulhos","twitter_card":"summary_large_image","twitter_misc":{"Escrito por":"Assessoria de Imprensa ACE-Guarulhos","Est. tempo de leitura":"6 minutos"},"schema":{"@context":"https:\/\/schema.org","@graph":[{"@type":"Article","@id":"https:\/\/www.aceguarulhos.com.br\/blog\/ace-divulga-data-da-elei%c3%a7%c3%a3o-em-coletiva-de-imprensa\/#article","isPartOf":{"@id":"https:\/\/www.aceguarulhos.com.br\/blog\/ace-divulga-data-da-elei%c3%a7%c3%a3o-em-coletiva-de-imprensa\/"},"author":{"name":"Assessoria de Imprensa ACE-Guarulhos","@id":"https:\/\/www.aceguarulhos.com.br\/blog\/#\/schema\/person\/6983b51bad37489989e4f09698c26237"},"headline":"ACE divulga data da elei\u00e7\u00e3o em coletiva de imprensa","datePublished":"2007-03-13T16:00:08+00:00","mainEntityOfPage":{"@id":"https:\/\/www.aceguarulhos.com.br\/blog\/ace-divulga-data-da-elei%c3%a7%c3%a3o-em-coletiva-de-imprensa\/"},"wordCount":1160,"commentCount":0,"publisher":{"@id":"https:\/\/www.aceguarulhos.com.br\/blog\/#organization"},"articleSection":["Not\u00edcias"],"inLanguage":"pt-BR"},{"@type":"WebPage","@id":"https:\/\/www.aceguarulhos.com.br\/blog\/ace-divulga-data-da-elei%c3%a7%c3%a3o-em-coletiva-de-imprensa\/","url":"https:\/\/www.aceguarulhos.com.br\/blog\/ace-divulga-data-da-elei%c3%a7%c3%a3o-em-coletiva-de-imprensa\/","name":"ACE divulga data da elei\u00e7\u00e3o em coletiva de imprensa - ACE-Guarulhos","isPartOf":{"@id":"https:\/\/www.aceguarulhos.com.br\/blog\/#website"},"datePublished":"2007-03-13T16:00:08+00:00","breadcrumb":{"@id":"https:\/\/www.aceguarulhos.com.br\/blog\/ace-divulga-data-da-elei%c3%a7%c3%a3o-em-coletiva-de-imprensa\/#breadcrumb"},"inLanguage":"pt-BR","potentialAction":[{"@type":"ReadAction","target":["https:\/\/www.aceguarulhos.com.br\/blog\/ace-divulga-data-da-elei%c3%a7%c3%a3o-em-coletiva-de-imprensa\/"]}]},{"@type":"BreadcrumbList","@id":"https:\/\/www.aceguarulhos.com.br\/blog\/ace-divulga-data-da-elei%c3%a7%c3%a3o-em-coletiva-de-imprensa\/#breadcrumb","itemListElement":[{"@type":"ListItem","position":1,"name":"In\u00edcio","item":"https:\/\/www.aceguarulhos.com.br\/blog\/"},{"@type":"ListItem","position":2,"name":"ACE divulga data da elei\u00e7\u00e3o em coletiva de imprensa"}]},{"@type":"WebSite","@id":"https:\/\/www.aceguarulhos.com.br\/blog\/#website","url":"https:\/\/www.aceguarulhos.com.br\/blog\/","name":"ACE-Guarulhos","description":"A ACE-Guarulhos \u00e9 uma associa\u00e7\u00e3o que ap\u00f3ia os empres\u00e1rios guarulhenses atrav\u00e9s da representa\u00e7\u00e3o, da gera\u00e7\u00e3o de neg\u00f3cios e presta\u00e7\u00e3o de servi\u00e7os.","publisher":{"@id":"https:\/\/www.aceguarulhos.com.br\/blog\/#organization"},"potentialAction":[{"@type":"SearchAction","target":{"@type":"EntryPoint","urlTemplate":"https:\/\/www.aceguarulhos.com.br\/blog\/?s={search_term_string}"},"query-input":{"@type":"PropertyValueSpecification","valueRequired":true,"valueName":"search_term_string"}}],"inLanguage":"pt-BR"},{"@type":"Organization","@id":"https:\/\/www.aceguarulhos.com.br\/blog\/#organization","name":"ACE-Guarulhos","url":"https:\/\/www.aceguarulhos.com.br\/blog\/","logo":{"@type":"ImageObject","inLanguage":"pt-BR","@id":"https:\/\/www.aceguarulhos.com.br\/blog\/#\/schema\/logo\/image\/","url":"https:\/\/www.aceguarulhos.com.br\/blog\/wp-content\/uploads\/2017\/12\/logo-aceguarulhos-2018.png","contentUrl":"https:\/\/www.aceguarulhos.com.br\/blog\/wp-content\/uploads\/2017\/12\/logo-aceguarulhos-2018.png","width":419,"height":76,"caption":"ACE-Guarulhos"},"image":{"@id":"https:\/\/www.aceguarulhos.com.br\/blog\/#\/schema\/logo\/image\/"},"sameAs":["https:\/\/www.facebook.com\/aceguarulhos\/","https:\/\/br.linkedin.com\/in\/ace-guarulhos-b9a97093","https:\/\/www.youtube.com\/user\/aceguarulhos"]},{"@type":"Person","@id":"https:\/\/www.aceguarulhos.com.br\/blog\/#\/schema\/person\/6983b51bad37489989e4f09698c26237","name":"Assessoria de Imprensa ACE-Guarulhos","image":{"@type":"ImageObject","inLanguage":"pt-BR","@id":"https:\/\/secure.gravatar.com\/avatar\/707f3fadd6918afeb64173ab22d8a8cb0676953098a4f31ff36dc2b4c699ef6a?s=96&d=mm&r=g","url":"https:\/\/secure.gravatar.com\/avatar\/707f3fadd6918afeb64173ab22d8a8cb0676953098a4f31ff36dc2b4c699ef6a?s=96&d=mm&r=g","contentUrl":"https:\/\/secure.gravatar.com\/avatar\/707f3fadd6918afeb64173ab22d8a8cb0676953098a4f31ff36dc2b4c699ef6a?s=96&d=mm&r=g","caption":"Assessoria de Imprensa ACE-Guarulhos"},"url":"https:\/\/www.aceguarulhos.com.br\/blog\/author\/assessoria-de-imprensa-ace-guarulhos\/"}]}},"wps_subtitle":"","amp_enabled":true,"_links":{"self":[{"href":"https:\/\/www.aceguarulhos.com.br\/blog\/wp-json\/wp\/v2\/posts\/31277","targetHints":{"allow":["GET"]}}],"collection":[{"href":"https:\/\/www.aceguarulhos.com.br\/blog\/wp-json\/wp\/v2\/posts"}],"about":[{"href":"https:\/\/www.aceguarulhos.com.br\/blog\/wp-json\/wp\/v2\/types\/post"}],"author":[{"embeddable":true,"href":"https:\/\/www.aceguarulhos.com.br\/blog\/wp-json\/wp\/v2\/users\/8"}],"replies":[{"embeddable":true,"href":"https:\/\/www.aceguarulhos.com.br\/blog\/wp-json\/wp\/v2\/comments?post=31277"}],"version-history":[{"count":0,"href":"https:\/\/www.aceguarulhos.com.br\/blog\/wp-json\/wp\/v2\/posts\/31277\/revisions"}],"wp:attachment":[{"href":"https:\/\/www.aceguarulhos.com.br\/blog\/wp-json\/wp\/v2\/media?parent=31277"}],"wp:term":[{"taxonomy":"category","embeddable":true,"href":"https:\/\/www.aceguarulhos.com.br\/blog\/wp-json\/wp\/v2\/categories?post=31277"},{"taxonomy":"post_tag","embeddable":true,"href":"https:\/\/www.aceguarulhos.com.br\/blog\/wp-json\/wp\/v2\/tags?post=31277"}],"curies":[{"name":"wp","href":"https:\/\/api.w.org\/{rel}","templated":true}]}}