{"id":31265,"date":"2007-03-07T15:20:47","date_gmt":"2007-03-07T15:20:47","guid":{"rendered":"http:\/\/www.aceguarulhos.com.br\/blog\/?p=31265"},"modified":"-0001-11-30T00:00:00","modified_gmt":"-0001-11-30T03:00:00","slug":"campus-da-unifesp-em-guarulhos-%c3%a9-inaugurado","status":"publish","type":"post","link":"https:\/\/www.aceguarulhos.com.br\/blog\/campus-da-unifesp-em-guarulhos-%c3%a9-inaugurado\/","title":{"rendered":"Campus da Unifesp em Guarulhos \u00e9 inaugurado"},"content":{"rendered":"<p>O campus da primeira universidade federal p\u00fablica de Guarulhos teve sua aula inaugural na noite desta segunda-feira (05). Os 400 alunos dos cursos de Pedagogia, Hist\u00f3ria, Ci\u00eancias Sociais e Filosofia da Universidade Federal de S\u00e3o Paulo (Unifesp) participaram da solenidade, iniciada \u00e0s 18 horas. At\u00e9 a pr\u00f3xima sexta-feira (09), acontece a Semana de Calouros, com palestras, apresenta\u00e7\u00e3o musical e exibi\u00e7\u00e3o de filmes.<\/p>\n<p>O campus est\u00e1 instalado no pr\u00e9dio do Centro Municipal de Educa\u00e7\u00e3o do Pimentas, na Estrada do Caminho Velho, 333, Pimentas, que foi doado \u00e0 reitoria da universidade pela Prefeitura de Guarulhos, concretizando um sonho dos jovens da cidade.<\/p>\n<p>O prefeito El\u00f3i Piet\u00e1 fez agradecimento especial aos primeiros alunos da institui\u00e7\u00e3o, lembrando que &#8220;a vinda do campus para Guarulhos \u00e9 o resultado de um trabalho coletivo, cuja hist\u00f3ria teve in\u00edcio h\u00e1 muito tempo, com muitas negocia\u00e7\u00f5es entre a reitoria da Unifesp, a Prefeitura e o Minist\u00e9rio da Educa\u00e7\u00e3o&#8221;.<\/p>\n<p>Piet\u00e1 enfatizou ainda que a universidade significa a busca de igualdade entre as regi\u00f5es da cidade. &#8220;O campus far\u00e1 com que esta regi\u00e3o perca seu jeito de periferia e assuma sua personalidade de centro urbano&#8221;, afirmou o prefeito, que apresentou aos alunos um teatro constru\u00eddo pela Prefeitura dentro do campus. O espa\u00e7o, a ser inaugurado no pr\u00f3ximo dia 23, tem quase 800 lugares (incluindo as galerias), 1.330 metros quadrados, um palco de 200 metros quadrados, mezanino, camarotes, fosso, camarins e outros setores.<\/p>\n<p>O reitor da Unifesp, professor Ulysses Fagundes Neto, relatou a hist\u00f3ria da universidade, agradeceu o apoio da Prefeitura de Guarulhos ao viabilizar o campus e afirmou que a pretens\u00e3o \u00e9 atender 4.500 alunos em todos o Estado. &#8220;Passamos de cinco cursos, na \u00e1rea de sa\u00fade, para 19, na \u00e1rea de humanas. De 300 alunos para 1.200. Agora, vamos querer atingir 4.500&#8221;, disse o reitor, aplaudido pelos estudantes.<\/p>\n<p>Ap\u00f3s a cerim\u00f4nia, que contou com a aula magna &#8220;Unifesp, os desafios da humanidade&#8221;, com o pr\u00f3-reitor de gradua\u00e7\u00e3o, Luiz Eug\u00eanio Ara\u00fajo Moraes Mello, o reitor e o prefeito plantaram uma muda de Jequitib\u00e1, \u00e1rvore nativa da mata atl\u00e2ntica brasileira.<\/p>\n<p>Participaram tamb\u00e9m da solenidade, a vice-prefeita Eneide Maria Moreira de Lima, secret\u00e1rios municipais, vereadores, professores da Unifesp, pais e a comunidade escolar.<\/p>\n","protected":false},"excerpt":{"rendered":"O campus da primeira universidade federal p\u00fablica de Guarulhos teve sua aula inaugural na noite desta segunda-feira (05). Os 400 alunos dos cursos \n<a class=\"moretag\" href=\"https:\/\/www.aceguarulhos.com.br\/blog\/campus-da-unifesp-em-guarulhos-%c3%a9-inaugurado\/\"> [...]<\/a>","protected":false},"author":8,"featured_media":0,"comment_status":"open","ping_status":"open","sticky":false,"template":"","format":"standard","meta":{"footnotes":""},"categories":[2],"tags":[],"class_list":["post-31265","post","type-post","status-publish","format-standard","hentry","category-noticias"],"yoast_head":"<!-- This site is optimized with the Yoast SEO plugin v28.1 - https:\/\/yoast.com\/product\/yoast-seo-wordpress\/ -->\n<title>Campus da Unifesp em Guarulhos \u00e9 inaugurado - ACE-Guarulhos<\/title>\n<meta name=\"robots\" content=\"index, follow, max-snippet:-1, max-image-preview:large, max-video-preview:-1\" \/>\n<link rel=\"canonical\" href=\"https:\/\/www.aceguarulhos.com.br\/blog\/campus-da-unifesp-em-guarulhos-\u00e9-inaugurado\/\" \/>\n<meta property=\"og:locale\" content=\"pt_BR\" \/>\n<meta property=\"og:type\" content=\"article\" \/>\n<meta property=\"og:title\" content=\"Campus da Unifesp em Guarulhos \u00e9 inaugurado - ACE-Guarulhos\" \/>\n<meta property=\"og:description\" content=\"O campus da primeira universidade federal p\u00fablica de Guarulhos teve sua aula inaugural na noite desta segunda-feira (05). Os 400 alunos dos cursos\" \/>\n<meta property=\"og:url\" content=\"https:\/\/www.aceguarulhos.com.br\/blog\/campus-da-unifesp-em-guarulhos-\u00e9-inaugurado\/\" \/>\n<meta property=\"og:site_name\" content=\"ACE-Guarulhos\" \/>\n<meta property=\"article:publisher\" content=\"https:\/\/www.facebook.com\/aceguarulhos\/\" \/>\n<meta property=\"article:published_time\" content=\"2007-03-07T15:20:47+00:00\" \/>\n<meta name=\"author\" content=\"Assessoria de Imprensa ACE-Guarulhos\" \/>\n<meta name=\"twitter:card\" content=\"summary_large_image\" \/>\n<meta name=\"twitter:label1\" content=\"Escrito por\" \/>\n\t<meta name=\"twitter:data1\" content=\"Assessoria de Imprensa ACE-Guarulhos\" \/>\n\t<meta name=\"twitter:label2\" content=\"Est. tempo de leitura\" \/>\n\t<meta name=\"twitter:data2\" content=\"2 minutos\" \/>\n<script type=\"application\/ld+json\" class=\"yoast-schema-graph\">{\"@context\":\"https:\\\/\\\/schema.org\",\"@graph\":[{\"@type\":\"Article\",\"@id\":\"https:\\\/\\\/www.aceguarulhos.com.br\\\/blog\\\/campus-da-unifesp-em-guarulhos-%c3%a9-inaugurado\\\/#article\",\"isPartOf\":{\"@id\":\"https:\\\/\\\/www.aceguarulhos.com.br\\\/blog\\\/campus-da-unifesp-em-guarulhos-%c3%a9-inaugurado\\\/\"},\"author\":{\"name\":\"Assessoria de Imprensa ACE-Guarulhos\",\"@id\":\"https:\\\/\\\/www.aceguarulhos.com.br\\\/blog\\\/#\\\/schema\\\/person\\\/6983b51bad37489989e4f09698c26237\"},\"headline\":\"Campus da Unifesp em Guarulhos \u00e9 inaugurado\",\"datePublished\":\"2007-03-07T15:20:47+00:00\",\"mainEntityOfPage\":{\"@id\":\"https:\\\/\\\/www.aceguarulhos.com.br\\\/blog\\\/campus-da-unifesp-em-guarulhos-%c3%a9-inaugurado\\\/\"},\"wordCount\":382,\"commentCount\":0,\"publisher\":{\"@id\":\"https:\\\/\\\/www.aceguarulhos.com.br\\\/blog\\\/#organization\"},\"articleSection\":[\"Not\u00edcias\"],\"inLanguage\":\"pt-BR\"},{\"@type\":\"WebPage\",\"@id\":\"https:\\\/\\\/www.aceguarulhos.com.br\\\/blog\\\/campus-da-unifesp-em-guarulhos-%c3%a9-inaugurado\\\/\",\"url\":\"https:\\\/\\\/www.aceguarulhos.com.br\\\/blog\\\/campus-da-unifesp-em-guarulhos-%c3%a9-inaugurado\\\/\",\"name\":\"Campus da Unifesp em Guarulhos \u00e9 inaugurado - ACE-Guarulhos\",\"isPartOf\":{\"@id\":\"https:\\\/\\\/www.aceguarulhos.com.br\\\/blog\\\/#website\"},\"datePublished\":\"2007-03-07T15:20:47+00:00\",\"breadcrumb\":{\"@id\":\"https:\\\/\\\/www.aceguarulhos.com.br\\\/blog\\\/campus-da-unifesp-em-guarulhos-%c3%a9-inaugurado\\\/#breadcrumb\"},\"inLanguage\":\"pt-BR\",\"potentialAction\":[{\"@type\":\"ReadAction\",\"target\":[\"https:\\\/\\\/www.aceguarulhos.com.br\\\/blog\\\/campus-da-unifesp-em-guarulhos-%c3%a9-inaugurado\\\/\"]}]},{\"@type\":\"BreadcrumbList\",\"@id\":\"https:\\\/\\\/www.aceguarulhos.com.br\\\/blog\\\/campus-da-unifesp-em-guarulhos-%c3%a9-inaugurado\\\/#breadcrumb\",\"itemListElement\":[{\"@type\":\"ListItem\",\"position\":1,\"name\":\"In\u00edcio\",\"item\":\"https:\\\/\\\/www.aceguarulhos.com.br\\\/blog\\\/\"},{\"@type\":\"ListItem\",\"position\":2,\"name\":\"Campus da Unifesp em Guarulhos \u00e9 inaugurado\"}]},{\"@type\":\"WebSite\",\"@id\":\"https:\\\/\\\/www.aceguarulhos.com.br\\\/blog\\\/#website\",\"url\":\"https:\\\/\\\/www.aceguarulhos.com.br\\\/blog\\\/\",\"name\":\"ACE-Guarulhos\",\"description\":\"A ACE-Guarulhos \u00e9 uma associa\u00e7\u00e3o que ap\u00f3ia os empres\u00e1rios guarulhenses atrav\u00e9s da representa\u00e7\u00e3o, da gera\u00e7\u00e3o de neg\u00f3cios e presta\u00e7\u00e3o de servi\u00e7os.\",\"publisher\":{\"@id\":\"https:\\\/\\\/www.aceguarulhos.com.br\\\/blog\\\/#organization\"},\"potentialAction\":[{\"@type\":\"SearchAction\",\"target\":{\"@type\":\"EntryPoint\",\"urlTemplate\":\"https:\\\/\\\/www.aceguarulhos.com.br\\\/blog\\\/?s={search_term_string}\"},\"query-input\":{\"@type\":\"PropertyValueSpecification\",\"valueRequired\":true,\"valueName\":\"search_term_string\"}}],\"inLanguage\":\"pt-BR\"},{\"@type\":\"Organization\",\"@id\":\"https:\\\/\\\/www.aceguarulhos.com.br\\\/blog\\\/#organization\",\"name\":\"ACE-Guarulhos\",\"url\":\"https:\\\/\\\/www.aceguarulhos.com.br\\\/blog\\\/\",\"logo\":{\"@type\":\"ImageObject\",\"inLanguage\":\"pt-BR\",\"@id\":\"https:\\\/\\\/www.aceguarulhos.com.br\\\/blog\\\/#\\\/schema\\\/logo\\\/image\\\/\",\"url\":\"https:\\\/\\\/www.aceguarulhos.com.br\\\/blog\\\/wp-content\\\/uploads\\\/2017\\\/12\\\/logo-aceguarulhos-2018.png\",\"contentUrl\":\"https:\\\/\\\/www.aceguarulhos.com.br\\\/blog\\\/wp-content\\\/uploads\\\/2017\\\/12\\\/logo-aceguarulhos-2018.png\",\"width\":419,\"height\":76,\"caption\":\"ACE-Guarulhos\"},\"image\":{\"@id\":\"https:\\\/\\\/www.aceguarulhos.com.br\\\/blog\\\/#\\\/schema\\\/logo\\\/image\\\/\"},\"sameAs\":[\"https:\\\/\\\/www.facebook.com\\\/aceguarulhos\\\/\",\"https:\\\/\\\/br.linkedin.com\\\/in\\\/ace-guarulhos-b9a97093\",\"https:\\\/\\\/www.youtube.com\\\/user\\\/aceguarulhos\"]},{\"@type\":\"Person\",\"@id\":\"https:\\\/\\\/www.aceguarulhos.com.br\\\/blog\\\/#\\\/schema\\\/person\\\/6983b51bad37489989e4f09698c26237\",\"name\":\"Assessoria de Imprensa ACE-Guarulhos\",\"image\":{\"@type\":\"ImageObject\",\"inLanguage\":\"pt-BR\",\"@id\":\"https:\\\/\\\/secure.gravatar.com\\\/avatar\\\/707f3fadd6918afeb64173ab22d8a8cb0676953098a4f31ff36dc2b4c699ef6a?s=96&d=mm&r=g\",\"url\":\"https:\\\/\\\/secure.gravatar.com\\\/avatar\\\/707f3fadd6918afeb64173ab22d8a8cb0676953098a4f31ff36dc2b4c699ef6a?s=96&d=mm&r=g\",\"contentUrl\":\"https:\\\/\\\/secure.gravatar.com\\\/avatar\\\/707f3fadd6918afeb64173ab22d8a8cb0676953098a4f31ff36dc2b4c699ef6a?s=96&d=mm&r=g\",\"caption\":\"Assessoria de Imprensa ACE-Guarulhos\"},\"url\":\"https:\\\/\\\/www.aceguarulhos.com.br\\\/blog\\\/author\\\/assessoria-de-imprensa-ace-guarulhos\\\/\"}]}<\/script>\n<!-- \/ Yoast SEO plugin. -->","yoast_head_json":{"title":"Campus da Unifesp em Guarulhos \u00e9 inaugurado - ACE-Guarulhos","robots":{"index":"index","follow":"follow","max-snippet":"max-snippet:-1","max-image-preview":"max-image-preview:large","max-video-preview":"max-video-preview:-1"},"canonical":"https:\/\/www.aceguarulhos.com.br\/blog\/campus-da-unifesp-em-guarulhos-\u00e9-inaugurado\/","og_locale":"pt_BR","og_type":"article","og_title":"Campus da Unifesp em Guarulhos \u00e9 inaugurado - ACE-Guarulhos","og_description":"O campus da primeira universidade federal p\u00fablica de Guarulhos teve sua aula inaugural na noite desta segunda-feira (05). Os 400 alunos dos cursos","og_url":"https:\/\/www.aceguarulhos.com.br\/blog\/campus-da-unifesp-em-guarulhos-\u00e9-inaugurado\/","og_site_name":"ACE-Guarulhos","article_publisher":"https:\/\/www.facebook.com\/aceguarulhos\/","article_published_time":"2007-03-07T15:20:47+00:00","author":"Assessoria de Imprensa ACE-Guarulhos","twitter_card":"summary_large_image","twitter_misc":{"Escrito por":"Assessoria de Imprensa ACE-Guarulhos","Est. tempo de leitura":"2 minutos"},"schema":{"@context":"https:\/\/schema.org","@graph":[{"@type":"Article","@id":"https:\/\/www.aceguarulhos.com.br\/blog\/campus-da-unifesp-em-guarulhos-%c3%a9-inaugurado\/#article","isPartOf":{"@id":"https:\/\/www.aceguarulhos.com.br\/blog\/campus-da-unifesp-em-guarulhos-%c3%a9-inaugurado\/"},"author":{"name":"Assessoria de Imprensa ACE-Guarulhos","@id":"https:\/\/www.aceguarulhos.com.br\/blog\/#\/schema\/person\/6983b51bad37489989e4f09698c26237"},"headline":"Campus da Unifesp em Guarulhos \u00e9 inaugurado","datePublished":"2007-03-07T15:20:47+00:00","mainEntityOfPage":{"@id":"https:\/\/www.aceguarulhos.com.br\/blog\/campus-da-unifesp-em-guarulhos-%c3%a9-inaugurado\/"},"wordCount":382,"commentCount":0,"publisher":{"@id":"https:\/\/www.aceguarulhos.com.br\/blog\/#organization"},"articleSection":["Not\u00edcias"],"inLanguage":"pt-BR"},{"@type":"WebPage","@id":"https:\/\/www.aceguarulhos.com.br\/blog\/campus-da-unifesp-em-guarulhos-%c3%a9-inaugurado\/","url":"https:\/\/www.aceguarulhos.com.br\/blog\/campus-da-unifesp-em-guarulhos-%c3%a9-inaugurado\/","name":"Campus da Unifesp em Guarulhos \u00e9 inaugurado - ACE-Guarulhos","isPartOf":{"@id":"https:\/\/www.aceguarulhos.com.br\/blog\/#website"},"datePublished":"2007-03-07T15:20:47+00:00","breadcrumb":{"@id":"https:\/\/www.aceguarulhos.com.br\/blog\/campus-da-unifesp-em-guarulhos-%c3%a9-inaugurado\/#breadcrumb"},"inLanguage":"pt-BR","potentialAction":[{"@type":"ReadAction","target":["https:\/\/www.aceguarulhos.com.br\/blog\/campus-da-unifesp-em-guarulhos-%c3%a9-inaugurado\/"]}]},{"@type":"BreadcrumbList","@id":"https:\/\/www.aceguarulhos.com.br\/blog\/campus-da-unifesp-em-guarulhos-%c3%a9-inaugurado\/#breadcrumb","itemListElement":[{"@type":"ListItem","position":1,"name":"In\u00edcio","item":"https:\/\/www.aceguarulhos.com.br\/blog\/"},{"@type":"ListItem","position":2,"name":"Campus da Unifesp em Guarulhos \u00e9 inaugurado"}]},{"@type":"WebSite","@id":"https:\/\/www.aceguarulhos.com.br\/blog\/#website","url":"https:\/\/www.aceguarulhos.com.br\/blog\/","name":"ACE-Guarulhos","description":"A ACE-Guarulhos \u00e9 uma associa\u00e7\u00e3o que ap\u00f3ia os empres\u00e1rios guarulhenses atrav\u00e9s da representa\u00e7\u00e3o, da gera\u00e7\u00e3o de neg\u00f3cios e presta\u00e7\u00e3o de servi\u00e7os.","publisher":{"@id":"https:\/\/www.aceguarulhos.com.br\/blog\/#organization"},"potentialAction":[{"@type":"SearchAction","target":{"@type":"EntryPoint","urlTemplate":"https:\/\/www.aceguarulhos.com.br\/blog\/?s={search_term_string}"},"query-input":{"@type":"PropertyValueSpecification","valueRequired":true,"valueName":"search_term_string"}}],"inLanguage":"pt-BR"},{"@type":"Organization","@id":"https:\/\/www.aceguarulhos.com.br\/blog\/#organization","name":"ACE-Guarulhos","url":"https:\/\/www.aceguarulhos.com.br\/blog\/","logo":{"@type":"ImageObject","inLanguage":"pt-BR","@id":"https:\/\/www.aceguarulhos.com.br\/blog\/#\/schema\/logo\/image\/","url":"https:\/\/www.aceguarulhos.com.br\/blog\/wp-content\/uploads\/2017\/12\/logo-aceguarulhos-2018.png","contentUrl":"https:\/\/www.aceguarulhos.com.br\/blog\/wp-content\/uploads\/2017\/12\/logo-aceguarulhos-2018.png","width":419,"height":76,"caption":"ACE-Guarulhos"},"image":{"@id":"https:\/\/www.aceguarulhos.com.br\/blog\/#\/schema\/logo\/image\/"},"sameAs":["https:\/\/www.facebook.com\/aceguarulhos\/","https:\/\/br.linkedin.com\/in\/ace-guarulhos-b9a97093","https:\/\/www.youtube.com\/user\/aceguarulhos"]},{"@type":"Person","@id":"https:\/\/www.aceguarulhos.com.br\/blog\/#\/schema\/person\/6983b51bad37489989e4f09698c26237","name":"Assessoria de Imprensa ACE-Guarulhos","image":{"@type":"ImageObject","inLanguage":"pt-BR","@id":"https:\/\/secure.gravatar.com\/avatar\/707f3fadd6918afeb64173ab22d8a8cb0676953098a4f31ff36dc2b4c699ef6a?s=96&d=mm&r=g","url":"https:\/\/secure.gravatar.com\/avatar\/707f3fadd6918afeb64173ab22d8a8cb0676953098a4f31ff36dc2b4c699ef6a?s=96&d=mm&r=g","contentUrl":"https:\/\/secure.gravatar.com\/avatar\/707f3fadd6918afeb64173ab22d8a8cb0676953098a4f31ff36dc2b4c699ef6a?s=96&d=mm&r=g","caption":"Assessoria de Imprensa ACE-Guarulhos"},"url":"https:\/\/www.aceguarulhos.com.br\/blog\/author\/assessoria-de-imprensa-ace-guarulhos\/"}]}},"wps_subtitle":"","amp_enabled":true,"_links":{"self":[{"href":"https:\/\/www.aceguarulhos.com.br\/blog\/wp-json\/wp\/v2\/posts\/31265","targetHints":{"allow":["GET"]}}],"collection":[{"href":"https:\/\/www.aceguarulhos.com.br\/blog\/wp-json\/wp\/v2\/posts"}],"about":[{"href":"https:\/\/www.aceguarulhos.com.br\/blog\/wp-json\/wp\/v2\/types\/post"}],"author":[{"embeddable":true,"href":"https:\/\/www.aceguarulhos.com.br\/blog\/wp-json\/wp\/v2\/users\/8"}],"replies":[{"embeddable":true,"href":"https:\/\/www.aceguarulhos.com.br\/blog\/wp-json\/wp\/v2\/comments?post=31265"}],"version-history":[{"count":0,"href":"https:\/\/www.aceguarulhos.com.br\/blog\/wp-json\/wp\/v2\/posts\/31265\/revisions"}],"wp:attachment":[{"href":"https:\/\/www.aceguarulhos.com.br\/blog\/wp-json\/wp\/v2\/media?parent=31265"}],"wp:term":[{"taxonomy":"category","embeddable":true,"href":"https:\/\/www.aceguarulhos.com.br\/blog\/wp-json\/wp\/v2\/categories?post=31265"},{"taxonomy":"post_tag","embeddable":true,"href":"https:\/\/www.aceguarulhos.com.br\/blog\/wp-json\/wp\/v2\/tags?post=31265"}],"curies":[{"name":"wp","href":"https:\/\/api.w.org\/{rel}","templated":true}]}}