{"id":31238,"date":"2007-03-02T00:29:49","date_gmt":"2007-03-02T00:29:49","guid":{"rendered":"http:\/\/www.aceguarulhos.com.br\/blog\/?p=31238"},"modified":"-0001-11-30T00:00:00","modified_gmt":"-0001-11-30T03:00:00","slug":"cobran%c3%a7a-de-imposto-sobre-exporta%c3%a7%c3%b5es","status":"publish","type":"post","link":"https:\/\/www.aceguarulhos.com.br\/blog\/cobran%c3%a7a-de-imposto-sobre-exporta%c3%a7%c3%b5es\/","title":{"rendered":"Cobran\u00e7a de imposto sobre exporta\u00e7\u00f5es"},"content":{"rendered":"<p>O ministro do Trabalho, Luiz Marinho, defendeu a pol\u00eamica proposta de cobrar imposto de exporta\u00e7\u00e3o sobre alguns produtos. O objetivo seria arrecadar tributos e abrir espa\u00e7o para mais desonera\u00e7\u00e3o, principalmente sobre a folha de pagamento das empresas. A id\u00e9ia, segundo Marinho, j\u00e1 foi levada ao ministro da Fazenda, Guido Mantega. <\/p>\n<p>De acordo com o que Marinho revelou, os impactos da cobran\u00e7a desse imposto de exporta\u00e7\u00e3o teriam de ser analisados produto a produto e a desonera\u00e7\u00e3o n\u00e3o beneficiaria, necessariamente, setores prejudicados pelo c\u00e2mbio. O ministro citou os min\u00e9rios como potenciais candidatos a essa tributa\u00e7\u00e3o. Ele disse que, se a prioridade \u00e9 exportar bens com valor agregado, \u00e9 preciso questionar se \u00e9 cab\u00edvel uma tarifa de exporta\u00e7\u00e3o sobre as mat\u00e9rias-primas. <\/p>\n<p>Mas o ministro da Fazenda procurou afastar essa possibilidade. &#8220;N\u00e3o vi o ministro Marinho se manifestando em rela\u00e7\u00e3o a essa quest\u00e3o. N\u00e3o lembro de ele ter dito isso para mim. Mas, de qualquer forma, \u00e9 uma quest\u00e3o que diz respeito ao Minist\u00e9rio da Fazenda e n\u00e3o est\u00e1 em an\u00e1lise&#8221;, disse Mantega. <\/p>\n<p>Marinho tamb\u00e9m divulgou os n\u00fameros de janeiro do Caged &#8211; Cadastro Geral de Empregados e Desempregados. O saldo entre contrata\u00e7\u00f5es e demiss\u00f5es nos empregos com carteira de trabalho assinada foi de 105,4 mil postos. \u00c9 a segunda melhor marca para meses de janeiro, superada apenas pelos 115,9 mil em 2005. Na compara\u00e7\u00e3o do saldo de janeiro com o do mesmo m\u00eas em 2006, o crescimento foi de 21,76%. <\/p>\n<p>O ministro prev\u00ea para este ano um desempenho melhor que o do ano passado, quando o saldo do Caged superou 1,22 milh\u00e3o de empregos criados. O sinal para esse otimismo, segundo Marinho, \u00e9 o comportamento da ind\u00fastria. O setor criou 39,1 mil postos de trabalho em janeiro, o que significa o maior saldo desde 2004. Em janeiro do ano passado, a ind\u00fastria criou apenas 19,4 mil vagas com carteira assinada. &#8220;A ind\u00fastria aponta tend\u00eancia positiva para a economia. Vamos torcer para que a tend\u00eancia se confirme. Estamos iniciando o ano em situa\u00e7\u00e3o melhor que as de 2006 e de 2005&#8221;, disse. <\/p>\n<p>Nos destaques da cria\u00e7\u00e3o de emprego industrial em janeiro, o Caged mostrou que os segmentos metal\u00fargico, mec\u00e2nico e da borracha foram os que apresentaram os melhores desempenhos. Na compara\u00e7\u00e3o com janeiro do ano passado, as maiores recupera\u00e7\u00f5es foram nas empresas de cal\u00e7ados, madeira\/mobili\u00e1rio e alimentos. <\/p>\n<p>Em termos absolutos, o setor de servi\u00e7os foi o que mais criou empregos em janeiro: 47,3 mil vagas. A agropecu\u00e1ria tamb\u00e9m apresentou um saldo de 17,2 mil postos de trabalho, o que representa o melhor desempenho para o per\u00edodo e indica recupera\u00e7\u00e3o do setor. <\/p>\n<p>O com\u00e9rcio teve um saldo negativo de 9,8 mil vagas, mas esse desempenho \u00e9 normal para meses de janeiro. Mesmo com esses n\u00fameros, o ministro procurou ressaltar que as empresas comerciais ligadas \u00e0 constru\u00e7\u00e3o civil criaram 4,8 mil empregos com carteira assinada em janeiro. <\/p>\n<p>Marinho disse que ainda \u00e9 cedo para divulgar previs\u00f5es de cria\u00e7\u00e3o de empregos neste ano, mas est\u00e1 muito otimista com os impactos positivos do PAC &#8211; Programa de Acelera\u00e7\u00e3o do Crescimento. &#8220;Torcemos para que o Congresso aprove as medidas, mas j\u00e1 h\u00e1 uma motiva\u00e7\u00e3o. Discutimos desenvolvimento ao inv\u00e9s de ficar apenas debatendo juros e c\u00e2mbio. Todos querem mais crescimento&#8221;, afirmou. <\/p>\n<p>O ministro deve encontrar-se hoje com o relator da MP 349, deputado Wilson Santiago (PMDB-PB). O objetivo \u00e9 analisar as emendas que j\u00e1 foram apresentadas para a proposta de investir parte do patrim\u00f4nio l\u00edquido do FGTS &#8211; Fundo de Garantia do Tempo de Servi\u00e7o em fundos de infra-estrutura. O governo concorda em adicionar uma garantia de rendimento igual \u00e0 que o FGTS tem atualmente (TR mais 3% ao ano). Mas para isso, a Caixa Econ\u00f4mica Federal, gestora desses recursos, ter\u00e1 de ser remunerada. <br \/>&nbsp;<\/p>\n","protected":false},"excerpt":{"rendered":"O ministro do Trabalho, Luiz Marinho, defendeu a pol\u00eamica proposta de cobrar imposto de exporta\u00e7\u00e3o sobre alguns produtos. O objetivo seria arrecadar tributos \n<a class=\"moretag\" href=\"https:\/\/www.aceguarulhos.com.br\/blog\/cobran%c3%a7a-de-imposto-sobre-exporta%c3%a7%c3%b5es\/\"> [...]<\/a>","protected":false},"author":8,"featured_media":0,"comment_status":"open","ping_status":"open","sticky":false,"template":"","format":"standard","meta":{"footnotes":""},"categories":[2],"tags":[],"class_list":["post-31238","post","type-post","status-publish","format-standard","hentry","category-noticias"],"yoast_head":"<!-- This site is optimized with the Yoast SEO plugin v28.1 - https:\/\/yoast.com\/product\/yoast-seo-wordpress\/ -->\n<title>Cobran\u00e7a de imposto sobre exporta\u00e7\u00f5es - ACE-Guarulhos<\/title>\n<meta name=\"robots\" content=\"index, follow, max-snippet:-1, max-image-preview:large, max-video-preview:-1\" \/>\n<link rel=\"canonical\" href=\"https:\/\/www.aceguarulhos.com.br\/blog\/cobran\u00e7a-de-imposto-sobre-exporta\u00e7\u00f5es\/\" \/>\n<meta property=\"og:locale\" content=\"pt_BR\" \/>\n<meta property=\"og:type\" content=\"article\" \/>\n<meta property=\"og:title\" content=\"Cobran\u00e7a de imposto sobre exporta\u00e7\u00f5es - ACE-Guarulhos\" \/>\n<meta property=\"og:description\" content=\"O ministro do Trabalho, Luiz Marinho, defendeu a pol\u00eamica proposta de cobrar imposto de exporta\u00e7\u00e3o sobre alguns produtos. O objetivo seria arrecadar tributos\" \/>\n<meta property=\"og:url\" content=\"https:\/\/www.aceguarulhos.com.br\/blog\/cobran\u00e7a-de-imposto-sobre-exporta\u00e7\u00f5es\/\" \/>\n<meta property=\"og:site_name\" content=\"ACE-Guarulhos\" \/>\n<meta property=\"article:publisher\" content=\"https:\/\/www.facebook.com\/aceguarulhos\/\" \/>\n<meta property=\"article:published_time\" content=\"2007-03-02T00:29:49+00:00\" \/>\n<meta name=\"author\" content=\"Assessoria de Imprensa ACE-Guarulhos\" \/>\n<meta name=\"twitter:card\" content=\"summary_large_image\" \/>\n<meta name=\"twitter:label1\" content=\"Escrito por\" \/>\n\t<meta name=\"twitter:data1\" content=\"Assessoria de Imprensa ACE-Guarulhos\" \/>\n\t<meta name=\"twitter:label2\" content=\"Est. tempo de leitura\" \/>\n\t<meta name=\"twitter:data2\" content=\"3 minutos\" \/>\n<script type=\"application\/ld+json\" class=\"yoast-schema-graph\">{\"@context\":\"https:\\\/\\\/schema.org\",\"@graph\":[{\"@type\":\"Article\",\"@id\":\"https:\\\/\\\/www.aceguarulhos.com.br\\\/blog\\\/cobran%c3%a7a-de-imposto-sobre-exporta%c3%a7%c3%b5es\\\/#article\",\"isPartOf\":{\"@id\":\"https:\\\/\\\/www.aceguarulhos.com.br\\\/blog\\\/cobran%c3%a7a-de-imposto-sobre-exporta%c3%a7%c3%b5es\\\/\"},\"author\":{\"name\":\"Assessoria de Imprensa ACE-Guarulhos\",\"@id\":\"https:\\\/\\\/www.aceguarulhos.com.br\\\/blog\\\/#\\\/schema\\\/person\\\/6983b51bad37489989e4f09698c26237\"},\"headline\":\"Cobran\u00e7a de imposto sobre exporta\u00e7\u00f5es\",\"datePublished\":\"2007-03-02T00:29:49+00:00\",\"mainEntityOfPage\":{\"@id\":\"https:\\\/\\\/www.aceguarulhos.com.br\\\/blog\\\/cobran%c3%a7a-de-imposto-sobre-exporta%c3%a7%c3%b5es\\\/\"},\"wordCount\":656,\"commentCount\":0,\"publisher\":{\"@id\":\"https:\\\/\\\/www.aceguarulhos.com.br\\\/blog\\\/#organization\"},\"articleSection\":[\"Not\u00edcias\"],\"inLanguage\":\"pt-BR\"},{\"@type\":\"WebPage\",\"@id\":\"https:\\\/\\\/www.aceguarulhos.com.br\\\/blog\\\/cobran%c3%a7a-de-imposto-sobre-exporta%c3%a7%c3%b5es\\\/\",\"url\":\"https:\\\/\\\/www.aceguarulhos.com.br\\\/blog\\\/cobran%c3%a7a-de-imposto-sobre-exporta%c3%a7%c3%b5es\\\/\",\"name\":\"Cobran\u00e7a de imposto sobre exporta\u00e7\u00f5es - ACE-Guarulhos\",\"isPartOf\":{\"@id\":\"https:\\\/\\\/www.aceguarulhos.com.br\\\/blog\\\/#website\"},\"datePublished\":\"2007-03-02T00:29:49+00:00\",\"breadcrumb\":{\"@id\":\"https:\\\/\\\/www.aceguarulhos.com.br\\\/blog\\\/cobran%c3%a7a-de-imposto-sobre-exporta%c3%a7%c3%b5es\\\/#breadcrumb\"},\"inLanguage\":\"pt-BR\",\"potentialAction\":[{\"@type\":\"ReadAction\",\"target\":[\"https:\\\/\\\/www.aceguarulhos.com.br\\\/blog\\\/cobran%c3%a7a-de-imposto-sobre-exporta%c3%a7%c3%b5es\\\/\"]}]},{\"@type\":\"BreadcrumbList\",\"@id\":\"https:\\\/\\\/www.aceguarulhos.com.br\\\/blog\\\/cobran%c3%a7a-de-imposto-sobre-exporta%c3%a7%c3%b5es\\\/#breadcrumb\",\"itemListElement\":[{\"@type\":\"ListItem\",\"position\":1,\"name\":\"In\u00edcio\",\"item\":\"https:\\\/\\\/www.aceguarulhos.com.br\\\/blog\\\/\"},{\"@type\":\"ListItem\",\"position\":2,\"name\":\"Cobran\u00e7a de imposto sobre exporta\u00e7\u00f5es\"}]},{\"@type\":\"WebSite\",\"@id\":\"https:\\\/\\\/www.aceguarulhos.com.br\\\/blog\\\/#website\",\"url\":\"https:\\\/\\\/www.aceguarulhos.com.br\\\/blog\\\/\",\"name\":\"ACE-Guarulhos\",\"description\":\"A ACE-Guarulhos \u00e9 uma associa\u00e7\u00e3o que ap\u00f3ia os empres\u00e1rios guarulhenses atrav\u00e9s da representa\u00e7\u00e3o, da gera\u00e7\u00e3o de neg\u00f3cios e presta\u00e7\u00e3o de servi\u00e7os.\",\"publisher\":{\"@id\":\"https:\\\/\\\/www.aceguarulhos.com.br\\\/blog\\\/#organization\"},\"potentialAction\":[{\"@type\":\"SearchAction\",\"target\":{\"@type\":\"EntryPoint\",\"urlTemplate\":\"https:\\\/\\\/www.aceguarulhos.com.br\\\/blog\\\/?s={search_term_string}\"},\"query-input\":{\"@type\":\"PropertyValueSpecification\",\"valueRequired\":true,\"valueName\":\"search_term_string\"}}],\"inLanguage\":\"pt-BR\"},{\"@type\":\"Organization\",\"@id\":\"https:\\\/\\\/www.aceguarulhos.com.br\\\/blog\\\/#organization\",\"name\":\"ACE-Guarulhos\",\"url\":\"https:\\\/\\\/www.aceguarulhos.com.br\\\/blog\\\/\",\"logo\":{\"@type\":\"ImageObject\",\"inLanguage\":\"pt-BR\",\"@id\":\"https:\\\/\\\/www.aceguarulhos.com.br\\\/blog\\\/#\\\/schema\\\/logo\\\/image\\\/\",\"url\":\"https:\\\/\\\/www.aceguarulhos.com.br\\\/blog\\\/wp-content\\\/uploads\\\/2017\\\/12\\\/logo-aceguarulhos-2018.png\",\"contentUrl\":\"https:\\\/\\\/www.aceguarulhos.com.br\\\/blog\\\/wp-content\\\/uploads\\\/2017\\\/12\\\/logo-aceguarulhos-2018.png\",\"width\":419,\"height\":76,\"caption\":\"ACE-Guarulhos\"},\"image\":{\"@id\":\"https:\\\/\\\/www.aceguarulhos.com.br\\\/blog\\\/#\\\/schema\\\/logo\\\/image\\\/\"},\"sameAs\":[\"https:\\\/\\\/www.facebook.com\\\/aceguarulhos\\\/\",\"https:\\\/\\\/br.linkedin.com\\\/in\\\/ace-guarulhos-b9a97093\",\"https:\\\/\\\/www.youtube.com\\\/user\\\/aceguarulhos\"]},{\"@type\":\"Person\",\"@id\":\"https:\\\/\\\/www.aceguarulhos.com.br\\\/blog\\\/#\\\/schema\\\/person\\\/6983b51bad37489989e4f09698c26237\",\"name\":\"Assessoria de Imprensa ACE-Guarulhos\",\"image\":{\"@type\":\"ImageObject\",\"inLanguage\":\"pt-BR\",\"@id\":\"https:\\\/\\\/secure.gravatar.com\\\/avatar\\\/707f3fadd6918afeb64173ab22d8a8cb0676953098a4f31ff36dc2b4c699ef6a?s=96&d=mm&r=g\",\"url\":\"https:\\\/\\\/secure.gravatar.com\\\/avatar\\\/707f3fadd6918afeb64173ab22d8a8cb0676953098a4f31ff36dc2b4c699ef6a?s=96&d=mm&r=g\",\"contentUrl\":\"https:\\\/\\\/secure.gravatar.com\\\/avatar\\\/707f3fadd6918afeb64173ab22d8a8cb0676953098a4f31ff36dc2b4c699ef6a?s=96&d=mm&r=g\",\"caption\":\"Assessoria de Imprensa ACE-Guarulhos\"},\"url\":\"https:\\\/\\\/www.aceguarulhos.com.br\\\/blog\\\/author\\\/assessoria-de-imprensa-ace-guarulhos\\\/\"}]}<\/script>\n<!-- \/ Yoast SEO plugin. -->","yoast_head_json":{"title":"Cobran\u00e7a de imposto sobre exporta\u00e7\u00f5es - ACE-Guarulhos","robots":{"index":"index","follow":"follow","max-snippet":"max-snippet:-1","max-image-preview":"max-image-preview:large","max-video-preview":"max-video-preview:-1"},"canonical":"https:\/\/www.aceguarulhos.com.br\/blog\/cobran\u00e7a-de-imposto-sobre-exporta\u00e7\u00f5es\/","og_locale":"pt_BR","og_type":"article","og_title":"Cobran\u00e7a de imposto sobre exporta\u00e7\u00f5es - ACE-Guarulhos","og_description":"O ministro do Trabalho, Luiz Marinho, defendeu a pol\u00eamica proposta de cobrar imposto de exporta\u00e7\u00e3o sobre alguns produtos. O objetivo seria arrecadar tributos","og_url":"https:\/\/www.aceguarulhos.com.br\/blog\/cobran\u00e7a-de-imposto-sobre-exporta\u00e7\u00f5es\/","og_site_name":"ACE-Guarulhos","article_publisher":"https:\/\/www.facebook.com\/aceguarulhos\/","article_published_time":"2007-03-02T00:29:49+00:00","author":"Assessoria de Imprensa ACE-Guarulhos","twitter_card":"summary_large_image","twitter_misc":{"Escrito por":"Assessoria de Imprensa ACE-Guarulhos","Est. tempo de leitura":"3 minutos"},"schema":{"@context":"https:\/\/schema.org","@graph":[{"@type":"Article","@id":"https:\/\/www.aceguarulhos.com.br\/blog\/cobran%c3%a7a-de-imposto-sobre-exporta%c3%a7%c3%b5es\/#article","isPartOf":{"@id":"https:\/\/www.aceguarulhos.com.br\/blog\/cobran%c3%a7a-de-imposto-sobre-exporta%c3%a7%c3%b5es\/"},"author":{"name":"Assessoria de Imprensa ACE-Guarulhos","@id":"https:\/\/www.aceguarulhos.com.br\/blog\/#\/schema\/person\/6983b51bad37489989e4f09698c26237"},"headline":"Cobran\u00e7a de imposto sobre exporta\u00e7\u00f5es","datePublished":"2007-03-02T00:29:49+00:00","mainEntityOfPage":{"@id":"https:\/\/www.aceguarulhos.com.br\/blog\/cobran%c3%a7a-de-imposto-sobre-exporta%c3%a7%c3%b5es\/"},"wordCount":656,"commentCount":0,"publisher":{"@id":"https:\/\/www.aceguarulhos.com.br\/blog\/#organization"},"articleSection":["Not\u00edcias"],"inLanguage":"pt-BR"},{"@type":"WebPage","@id":"https:\/\/www.aceguarulhos.com.br\/blog\/cobran%c3%a7a-de-imposto-sobre-exporta%c3%a7%c3%b5es\/","url":"https:\/\/www.aceguarulhos.com.br\/blog\/cobran%c3%a7a-de-imposto-sobre-exporta%c3%a7%c3%b5es\/","name":"Cobran\u00e7a de imposto sobre exporta\u00e7\u00f5es - ACE-Guarulhos","isPartOf":{"@id":"https:\/\/www.aceguarulhos.com.br\/blog\/#website"},"datePublished":"2007-03-02T00:29:49+00:00","breadcrumb":{"@id":"https:\/\/www.aceguarulhos.com.br\/blog\/cobran%c3%a7a-de-imposto-sobre-exporta%c3%a7%c3%b5es\/#breadcrumb"},"inLanguage":"pt-BR","potentialAction":[{"@type":"ReadAction","target":["https:\/\/www.aceguarulhos.com.br\/blog\/cobran%c3%a7a-de-imposto-sobre-exporta%c3%a7%c3%b5es\/"]}]},{"@type":"BreadcrumbList","@id":"https:\/\/www.aceguarulhos.com.br\/blog\/cobran%c3%a7a-de-imposto-sobre-exporta%c3%a7%c3%b5es\/#breadcrumb","itemListElement":[{"@type":"ListItem","position":1,"name":"In\u00edcio","item":"https:\/\/www.aceguarulhos.com.br\/blog\/"},{"@type":"ListItem","position":2,"name":"Cobran\u00e7a de imposto sobre exporta\u00e7\u00f5es"}]},{"@type":"WebSite","@id":"https:\/\/www.aceguarulhos.com.br\/blog\/#website","url":"https:\/\/www.aceguarulhos.com.br\/blog\/","name":"ACE-Guarulhos","description":"A ACE-Guarulhos \u00e9 uma associa\u00e7\u00e3o que ap\u00f3ia os empres\u00e1rios guarulhenses atrav\u00e9s da representa\u00e7\u00e3o, da gera\u00e7\u00e3o de neg\u00f3cios e presta\u00e7\u00e3o de servi\u00e7os.","publisher":{"@id":"https:\/\/www.aceguarulhos.com.br\/blog\/#organization"},"potentialAction":[{"@type":"SearchAction","target":{"@type":"EntryPoint","urlTemplate":"https:\/\/www.aceguarulhos.com.br\/blog\/?s={search_term_string}"},"query-input":{"@type":"PropertyValueSpecification","valueRequired":true,"valueName":"search_term_string"}}],"inLanguage":"pt-BR"},{"@type":"Organization","@id":"https:\/\/www.aceguarulhos.com.br\/blog\/#organization","name":"ACE-Guarulhos","url":"https:\/\/www.aceguarulhos.com.br\/blog\/","logo":{"@type":"ImageObject","inLanguage":"pt-BR","@id":"https:\/\/www.aceguarulhos.com.br\/blog\/#\/schema\/logo\/image\/","url":"https:\/\/www.aceguarulhos.com.br\/blog\/wp-content\/uploads\/2017\/12\/logo-aceguarulhos-2018.png","contentUrl":"https:\/\/www.aceguarulhos.com.br\/blog\/wp-content\/uploads\/2017\/12\/logo-aceguarulhos-2018.png","width":419,"height":76,"caption":"ACE-Guarulhos"},"image":{"@id":"https:\/\/www.aceguarulhos.com.br\/blog\/#\/schema\/logo\/image\/"},"sameAs":["https:\/\/www.facebook.com\/aceguarulhos\/","https:\/\/br.linkedin.com\/in\/ace-guarulhos-b9a97093","https:\/\/www.youtube.com\/user\/aceguarulhos"]},{"@type":"Person","@id":"https:\/\/www.aceguarulhos.com.br\/blog\/#\/schema\/person\/6983b51bad37489989e4f09698c26237","name":"Assessoria de Imprensa ACE-Guarulhos","image":{"@type":"ImageObject","inLanguage":"pt-BR","@id":"https:\/\/secure.gravatar.com\/avatar\/707f3fadd6918afeb64173ab22d8a8cb0676953098a4f31ff36dc2b4c699ef6a?s=96&d=mm&r=g","url":"https:\/\/secure.gravatar.com\/avatar\/707f3fadd6918afeb64173ab22d8a8cb0676953098a4f31ff36dc2b4c699ef6a?s=96&d=mm&r=g","contentUrl":"https:\/\/secure.gravatar.com\/avatar\/707f3fadd6918afeb64173ab22d8a8cb0676953098a4f31ff36dc2b4c699ef6a?s=96&d=mm&r=g","caption":"Assessoria de Imprensa ACE-Guarulhos"},"url":"https:\/\/www.aceguarulhos.com.br\/blog\/author\/assessoria-de-imprensa-ace-guarulhos\/"}]}},"wps_subtitle":"","amp_enabled":true,"_links":{"self":[{"href":"https:\/\/www.aceguarulhos.com.br\/blog\/wp-json\/wp\/v2\/posts\/31238","targetHints":{"allow":["GET"]}}],"collection":[{"href":"https:\/\/www.aceguarulhos.com.br\/blog\/wp-json\/wp\/v2\/posts"}],"about":[{"href":"https:\/\/www.aceguarulhos.com.br\/blog\/wp-json\/wp\/v2\/types\/post"}],"author":[{"embeddable":true,"href":"https:\/\/www.aceguarulhos.com.br\/blog\/wp-json\/wp\/v2\/users\/8"}],"replies":[{"embeddable":true,"href":"https:\/\/www.aceguarulhos.com.br\/blog\/wp-json\/wp\/v2\/comments?post=31238"}],"version-history":[{"count":0,"href":"https:\/\/www.aceguarulhos.com.br\/blog\/wp-json\/wp\/v2\/posts\/31238\/revisions"}],"wp:attachment":[{"href":"https:\/\/www.aceguarulhos.com.br\/blog\/wp-json\/wp\/v2\/media?parent=31238"}],"wp:term":[{"taxonomy":"category","embeddable":true,"href":"https:\/\/www.aceguarulhos.com.br\/blog\/wp-json\/wp\/v2\/categories?post=31238"},{"taxonomy":"post_tag","embeddable":true,"href":"https:\/\/www.aceguarulhos.com.br\/blog\/wp-json\/wp\/v2\/tags?post=31238"}],"curies":[{"name":"wp","href":"https:\/\/api.w.org\/{rel}","templated":true}]}}