{"id":31222,"date":"2007-02-28T00:36:01","date_gmt":"2007-02-28T00:36:01","guid":{"rendered":"http:\/\/www.aceguarulhos.com.br\/blog\/?p=31222"},"modified":"-0001-11-30T00:00:00","modified_gmt":"-0001-11-30T03:00:00","slug":"setor-t%c3%aaxtil-luta-para-se-recuperar","status":"publish","type":"post","link":"https:\/\/www.aceguarulhos.com.br\/blog\/setor-t%c3%aaxtil-luta-para-se-recuperar\/","title":{"rendered":"Setor t\u00eaxtil luta para se recuperar"},"content":{"rendered":"<p><P>O ano passado n\u00e3o foi positivo para o setor t\u00eaxtil e 2007, igualmente, n\u00e3o come\u00e7ou bem. Mas a Feira Internacional de Tecelagem (Fenatec), evento inaugurado ontem em S\u00e3o Paulo, arca com a responsabilidade de elevar os \u00e2nimos dos empres\u00e1rios nos seus quatro dias de dura\u00e7\u00e3o. <\/P> <P>De acordo com o diretor da Associa\u00e7\u00e3o Brasileira da Ind\u00fastria T\u00eaxtil e de Confec\u00e7\u00e3o (Abit), Fernando Pimentel, a produ\u00e7\u00e3o de vestu\u00e1rio, em 2006, teve queda de 5%. Mas a produ\u00e7\u00e3o da ind\u00fastria t\u00eaxtil aumentou 1,5%. &#8220;Em rela\u00e7\u00e3o a 2005, os resultados gerais do ano passado ficaram est\u00e1veis, j\u00e1 que a queda na produ\u00e7\u00e3o foi compensada pela valoriza\u00e7\u00e3o do real frente ao d\u00f3lar&#8221;, disse. Segundo ele, o ano come\u00e7ou com importa\u00e7\u00e3o desleal, juros altos e falta de acordos internacionais. &#8220;A Fenatec \u00e9 um marco para o setor&#8221;, contrap\u00f5e. <\/P> <P>E deve ser mesmo. Alguns estandes ficaram lotados no primeiro dia do evento, como o da Salotex, que produz tecidos para moda praia, feminina, lingerie e gin\u00e1stica. A novidade, segundo o gerente de vendas Beni Waiswol, \u00e9 o Sophies, um tecido de jersey que tem caimento especial em raz\u00e3o da leveza. &#8220;O primeiro dia de Fenatec registrou um aumento de 30% no movimento em rela\u00e7\u00e3o \u00e0 edi\u00e7\u00e3o de 2006. O faturamento da empresa, no ano passado, foi 20% maior em compara\u00e7\u00e3o a 2005 e, em 2007, dever\u00e1 ter alta de mais 20%.&#8221; Para Waiswol, os principais problemas do setor s\u00e3o a alta carga tribut\u00e1ria, a concorr\u00eancia dos produtos chineses e o c\u00e2mbio do d\u00f3lar, &#8220;nessa ordem&#8221;. <\/P> <P>A empresa mineira Horizonte participa da Fenatec h\u00e1 cinco anos. Para o diretor comercial S\u00e9rgio Cricca, os neg\u00f3cios feitos na feira aumentam o faturamento mensal em 30%. <\/P> <P>O maior investimento da Horizonte, de 300 mil euros, foi a compra de um equipamento que trata o tecido com escova de cer\u00e2mica. &#8220;\u00c9 a nossa aposta para combater a concorr\u00eancia dos produtos chineses, que n\u00e3o apresentam essa qualidade. A pe\u00e7a fica leve e macia&#8221;, disse Cricca. <\/P> <P><STRONG>Moda <\/STRONG>\u2013 O estilista e propriet\u00e1rio da Saint-Tropez Biqu\u00ednis, Antonio Amaral, conhecido como Binha, veio do Rio de Janeiro atr\u00e1s de tecidos para montar as pe\u00e7as que far\u00e3o sucesso em praias cariocas. Ele escolheu os padr\u00f5es de oncinha, de tigre e os brilhantes, al\u00e9m dos florais. &#8220;Espero crescer 50% neste ano. Mas a concorr\u00eancia das empresas que n\u00e3o d\u00e3o nota fiscal \u00e9 acirrada. Enquanto elas vendem por R$ 15, sou obrigado a cobrar R$ 30.&#8221; <\/P> <P>A empres\u00e1ria Patr\u00edcia Israel, propriet\u00e1ria da grife Toque do Sol, visita a Fenatec h\u00e1 12 anos, vinda do Peru. &#8220;Procuro pre\u00e7o e qualidade. Encontro ambos no Brasil. Vendo no meu pa\u00eds e tamb\u00e9m exporto para o Hava\u00ed&#8221;, afirmou. <\/P> <P>&nbsp;<\/P><\/p>\n","protected":false},"excerpt":{"rendered":"O ano passado n\u00e3o foi positivo para o setor t\u00eaxtil e 2007, igualmente, n\u00e3o come\u00e7ou bem. Mas a Feira Internacional de Tecelagem (Fenatec), \n<a class=\"moretag\" href=\"https:\/\/www.aceguarulhos.com.br\/blog\/setor-t%c3%aaxtil-luta-para-se-recuperar\/\"> [...]<\/a>","protected":false},"author":8,"featured_media":0,"comment_status":"open","ping_status":"open","sticky":false,"template":"","format":"standard","meta":{"footnotes":""},"categories":[2],"tags":[],"class_list":["post-31222","post","type-post","status-publish","format-standard","hentry","category-noticias"],"yoast_head":"<!-- This site is optimized with the Yoast SEO plugin v28.1 - https:\/\/yoast.com\/product\/yoast-seo-wordpress\/ -->\n<title>Setor t\u00eaxtil luta para se recuperar  - ACE-Guarulhos<\/title>\n<meta name=\"robots\" content=\"index, follow, max-snippet:-1, max-image-preview:large, max-video-preview:-1\" \/>\n<link rel=\"canonical\" href=\"https:\/\/www.aceguarulhos.com.br\/blog\/setor-t\u00eaxtil-luta-para-se-recuperar\/\" \/>\n<meta property=\"og:locale\" content=\"pt_BR\" \/>\n<meta property=\"og:type\" content=\"article\" \/>\n<meta property=\"og:title\" content=\"Setor t\u00eaxtil luta para se recuperar  - ACE-Guarulhos\" \/>\n<meta property=\"og:description\" content=\"O ano passado n\u00e3o foi positivo para o setor t\u00eaxtil e 2007, igualmente, n\u00e3o come\u00e7ou bem. Mas a Feira Internacional de Tecelagem (Fenatec),\" \/>\n<meta property=\"og:url\" content=\"https:\/\/www.aceguarulhos.com.br\/blog\/setor-t\u00eaxtil-luta-para-se-recuperar\/\" \/>\n<meta property=\"og:site_name\" content=\"ACE-Guarulhos\" \/>\n<meta property=\"article:publisher\" content=\"https:\/\/www.facebook.com\/aceguarulhos\/\" \/>\n<meta property=\"article:published_time\" content=\"2007-02-28T00:36:01+00:00\" \/>\n<meta name=\"author\" content=\"Assessoria de Imprensa ACE-Guarulhos\" \/>\n<meta name=\"twitter:card\" content=\"summary_large_image\" \/>\n<meta name=\"twitter:label1\" content=\"Escrito por\" \/>\n\t<meta name=\"twitter:data1\" content=\"Assessoria de Imprensa ACE-Guarulhos\" \/>\n\t<meta name=\"twitter:label2\" content=\"Est. tempo de leitura\" \/>\n\t<meta name=\"twitter:data2\" content=\"2 minutos\" \/>\n<script type=\"application\/ld+json\" class=\"yoast-schema-graph\">{\"@context\":\"https:\\\/\\\/schema.org\",\"@graph\":[{\"@type\":\"Article\",\"@id\":\"https:\\\/\\\/www.aceguarulhos.com.br\\\/blog\\\/setor-t%c3%aaxtil-luta-para-se-recuperar\\\/#article\",\"isPartOf\":{\"@id\":\"https:\\\/\\\/www.aceguarulhos.com.br\\\/blog\\\/setor-t%c3%aaxtil-luta-para-se-recuperar\\\/\"},\"author\":{\"name\":\"Assessoria de Imprensa ACE-Guarulhos\",\"@id\":\"https:\\\/\\\/www.aceguarulhos.com.br\\\/blog\\\/#\\\/schema\\\/person\\\/6983b51bad37489989e4f09698c26237\"},\"headline\":\"Setor t\u00eaxtil luta para se recuperar\",\"datePublished\":\"2007-02-28T00:36:01+00:00\",\"mainEntityOfPage\":{\"@id\":\"https:\\\/\\\/www.aceguarulhos.com.br\\\/blog\\\/setor-t%c3%aaxtil-luta-para-se-recuperar\\\/\"},\"wordCount\":476,\"commentCount\":0,\"publisher\":{\"@id\":\"https:\\\/\\\/www.aceguarulhos.com.br\\\/blog\\\/#organization\"},\"articleSection\":[\"Not\u00edcias\"],\"inLanguage\":\"pt-BR\"},{\"@type\":\"WebPage\",\"@id\":\"https:\\\/\\\/www.aceguarulhos.com.br\\\/blog\\\/setor-t%c3%aaxtil-luta-para-se-recuperar\\\/\",\"url\":\"https:\\\/\\\/www.aceguarulhos.com.br\\\/blog\\\/setor-t%c3%aaxtil-luta-para-se-recuperar\\\/\",\"name\":\"Setor t\u00eaxtil luta para se recuperar - ACE-Guarulhos\",\"isPartOf\":{\"@id\":\"https:\\\/\\\/www.aceguarulhos.com.br\\\/blog\\\/#website\"},\"datePublished\":\"2007-02-28T00:36:01+00:00\",\"breadcrumb\":{\"@id\":\"https:\\\/\\\/www.aceguarulhos.com.br\\\/blog\\\/setor-t%c3%aaxtil-luta-para-se-recuperar\\\/#breadcrumb\"},\"inLanguage\":\"pt-BR\",\"potentialAction\":[{\"@type\":\"ReadAction\",\"target\":[\"https:\\\/\\\/www.aceguarulhos.com.br\\\/blog\\\/setor-t%c3%aaxtil-luta-para-se-recuperar\\\/\"]}]},{\"@type\":\"BreadcrumbList\",\"@id\":\"https:\\\/\\\/www.aceguarulhos.com.br\\\/blog\\\/setor-t%c3%aaxtil-luta-para-se-recuperar\\\/#breadcrumb\",\"itemListElement\":[{\"@type\":\"ListItem\",\"position\":1,\"name\":\"In\u00edcio\",\"item\":\"https:\\\/\\\/www.aceguarulhos.com.br\\\/blog\\\/\"},{\"@type\":\"ListItem\",\"position\":2,\"name\":\"Setor t\u00eaxtil luta para se recuperar\"}]},{\"@type\":\"WebSite\",\"@id\":\"https:\\\/\\\/www.aceguarulhos.com.br\\\/blog\\\/#website\",\"url\":\"https:\\\/\\\/www.aceguarulhos.com.br\\\/blog\\\/\",\"name\":\"ACE-Guarulhos\",\"description\":\"A ACE-Guarulhos \u00e9 uma associa\u00e7\u00e3o que ap\u00f3ia os empres\u00e1rios guarulhenses atrav\u00e9s da representa\u00e7\u00e3o, da gera\u00e7\u00e3o de neg\u00f3cios e presta\u00e7\u00e3o de servi\u00e7os.\",\"publisher\":{\"@id\":\"https:\\\/\\\/www.aceguarulhos.com.br\\\/blog\\\/#organization\"},\"potentialAction\":[{\"@type\":\"SearchAction\",\"target\":{\"@type\":\"EntryPoint\",\"urlTemplate\":\"https:\\\/\\\/www.aceguarulhos.com.br\\\/blog\\\/?s={search_term_string}\"},\"query-input\":{\"@type\":\"PropertyValueSpecification\",\"valueRequired\":true,\"valueName\":\"search_term_string\"}}],\"inLanguage\":\"pt-BR\"},{\"@type\":\"Organization\",\"@id\":\"https:\\\/\\\/www.aceguarulhos.com.br\\\/blog\\\/#organization\",\"name\":\"ACE-Guarulhos\",\"url\":\"https:\\\/\\\/www.aceguarulhos.com.br\\\/blog\\\/\",\"logo\":{\"@type\":\"ImageObject\",\"inLanguage\":\"pt-BR\",\"@id\":\"https:\\\/\\\/www.aceguarulhos.com.br\\\/blog\\\/#\\\/schema\\\/logo\\\/image\\\/\",\"url\":\"https:\\\/\\\/www.aceguarulhos.com.br\\\/blog\\\/wp-content\\\/uploads\\\/2017\\\/12\\\/logo-aceguarulhos-2018.png\",\"contentUrl\":\"https:\\\/\\\/www.aceguarulhos.com.br\\\/blog\\\/wp-content\\\/uploads\\\/2017\\\/12\\\/logo-aceguarulhos-2018.png\",\"width\":419,\"height\":76,\"caption\":\"ACE-Guarulhos\"},\"image\":{\"@id\":\"https:\\\/\\\/www.aceguarulhos.com.br\\\/blog\\\/#\\\/schema\\\/logo\\\/image\\\/\"},\"sameAs\":[\"https:\\\/\\\/www.facebook.com\\\/aceguarulhos\\\/\",\"https:\\\/\\\/br.linkedin.com\\\/in\\\/ace-guarulhos-b9a97093\",\"https:\\\/\\\/www.youtube.com\\\/user\\\/aceguarulhos\"]},{\"@type\":\"Person\",\"@id\":\"https:\\\/\\\/www.aceguarulhos.com.br\\\/blog\\\/#\\\/schema\\\/person\\\/6983b51bad37489989e4f09698c26237\",\"name\":\"Assessoria de Imprensa ACE-Guarulhos\",\"image\":{\"@type\":\"ImageObject\",\"inLanguage\":\"pt-BR\",\"@id\":\"https:\\\/\\\/secure.gravatar.com\\\/avatar\\\/707f3fadd6918afeb64173ab22d8a8cb0676953098a4f31ff36dc2b4c699ef6a?s=96&d=mm&r=g\",\"url\":\"https:\\\/\\\/secure.gravatar.com\\\/avatar\\\/707f3fadd6918afeb64173ab22d8a8cb0676953098a4f31ff36dc2b4c699ef6a?s=96&d=mm&r=g\",\"contentUrl\":\"https:\\\/\\\/secure.gravatar.com\\\/avatar\\\/707f3fadd6918afeb64173ab22d8a8cb0676953098a4f31ff36dc2b4c699ef6a?s=96&d=mm&r=g\",\"caption\":\"Assessoria de Imprensa ACE-Guarulhos\"},\"url\":\"https:\\\/\\\/www.aceguarulhos.com.br\\\/blog\\\/author\\\/assessoria-de-imprensa-ace-guarulhos\\\/\"}]}<\/script>\n<!-- \/ Yoast SEO plugin. -->","yoast_head_json":{"title":"Setor t\u00eaxtil luta para se recuperar  - ACE-Guarulhos","robots":{"index":"index","follow":"follow","max-snippet":"max-snippet:-1","max-image-preview":"max-image-preview:large","max-video-preview":"max-video-preview:-1"},"canonical":"https:\/\/www.aceguarulhos.com.br\/blog\/setor-t\u00eaxtil-luta-para-se-recuperar\/","og_locale":"pt_BR","og_type":"article","og_title":"Setor t\u00eaxtil luta para se recuperar  - ACE-Guarulhos","og_description":"O ano passado n\u00e3o foi positivo para o setor t\u00eaxtil e 2007, igualmente, n\u00e3o come\u00e7ou bem. Mas a Feira Internacional de Tecelagem (Fenatec),","og_url":"https:\/\/www.aceguarulhos.com.br\/blog\/setor-t\u00eaxtil-luta-para-se-recuperar\/","og_site_name":"ACE-Guarulhos","article_publisher":"https:\/\/www.facebook.com\/aceguarulhos\/","article_published_time":"2007-02-28T00:36:01+00:00","author":"Assessoria de Imprensa ACE-Guarulhos","twitter_card":"summary_large_image","twitter_misc":{"Escrito por":"Assessoria de Imprensa ACE-Guarulhos","Est. tempo de leitura":"2 minutos"},"schema":{"@context":"https:\/\/schema.org","@graph":[{"@type":"Article","@id":"https:\/\/www.aceguarulhos.com.br\/blog\/setor-t%c3%aaxtil-luta-para-se-recuperar\/#article","isPartOf":{"@id":"https:\/\/www.aceguarulhos.com.br\/blog\/setor-t%c3%aaxtil-luta-para-se-recuperar\/"},"author":{"name":"Assessoria de Imprensa ACE-Guarulhos","@id":"https:\/\/www.aceguarulhos.com.br\/blog\/#\/schema\/person\/6983b51bad37489989e4f09698c26237"},"headline":"Setor t\u00eaxtil luta para se recuperar","datePublished":"2007-02-28T00:36:01+00:00","mainEntityOfPage":{"@id":"https:\/\/www.aceguarulhos.com.br\/blog\/setor-t%c3%aaxtil-luta-para-se-recuperar\/"},"wordCount":476,"commentCount":0,"publisher":{"@id":"https:\/\/www.aceguarulhos.com.br\/blog\/#organization"},"articleSection":["Not\u00edcias"],"inLanguage":"pt-BR"},{"@type":"WebPage","@id":"https:\/\/www.aceguarulhos.com.br\/blog\/setor-t%c3%aaxtil-luta-para-se-recuperar\/","url":"https:\/\/www.aceguarulhos.com.br\/blog\/setor-t%c3%aaxtil-luta-para-se-recuperar\/","name":"Setor t\u00eaxtil luta para se recuperar - ACE-Guarulhos","isPartOf":{"@id":"https:\/\/www.aceguarulhos.com.br\/blog\/#website"},"datePublished":"2007-02-28T00:36:01+00:00","breadcrumb":{"@id":"https:\/\/www.aceguarulhos.com.br\/blog\/setor-t%c3%aaxtil-luta-para-se-recuperar\/#breadcrumb"},"inLanguage":"pt-BR","potentialAction":[{"@type":"ReadAction","target":["https:\/\/www.aceguarulhos.com.br\/blog\/setor-t%c3%aaxtil-luta-para-se-recuperar\/"]}]},{"@type":"BreadcrumbList","@id":"https:\/\/www.aceguarulhos.com.br\/blog\/setor-t%c3%aaxtil-luta-para-se-recuperar\/#breadcrumb","itemListElement":[{"@type":"ListItem","position":1,"name":"In\u00edcio","item":"https:\/\/www.aceguarulhos.com.br\/blog\/"},{"@type":"ListItem","position":2,"name":"Setor t\u00eaxtil luta para se recuperar"}]},{"@type":"WebSite","@id":"https:\/\/www.aceguarulhos.com.br\/blog\/#website","url":"https:\/\/www.aceguarulhos.com.br\/blog\/","name":"ACE-Guarulhos","description":"A ACE-Guarulhos \u00e9 uma associa\u00e7\u00e3o que ap\u00f3ia os empres\u00e1rios guarulhenses atrav\u00e9s da representa\u00e7\u00e3o, da gera\u00e7\u00e3o de neg\u00f3cios e presta\u00e7\u00e3o de servi\u00e7os.","publisher":{"@id":"https:\/\/www.aceguarulhos.com.br\/blog\/#organization"},"potentialAction":[{"@type":"SearchAction","target":{"@type":"EntryPoint","urlTemplate":"https:\/\/www.aceguarulhos.com.br\/blog\/?s={search_term_string}"},"query-input":{"@type":"PropertyValueSpecification","valueRequired":true,"valueName":"search_term_string"}}],"inLanguage":"pt-BR"},{"@type":"Organization","@id":"https:\/\/www.aceguarulhos.com.br\/blog\/#organization","name":"ACE-Guarulhos","url":"https:\/\/www.aceguarulhos.com.br\/blog\/","logo":{"@type":"ImageObject","inLanguage":"pt-BR","@id":"https:\/\/www.aceguarulhos.com.br\/blog\/#\/schema\/logo\/image\/","url":"https:\/\/www.aceguarulhos.com.br\/blog\/wp-content\/uploads\/2017\/12\/logo-aceguarulhos-2018.png","contentUrl":"https:\/\/www.aceguarulhos.com.br\/blog\/wp-content\/uploads\/2017\/12\/logo-aceguarulhos-2018.png","width":419,"height":76,"caption":"ACE-Guarulhos"},"image":{"@id":"https:\/\/www.aceguarulhos.com.br\/blog\/#\/schema\/logo\/image\/"},"sameAs":["https:\/\/www.facebook.com\/aceguarulhos\/","https:\/\/br.linkedin.com\/in\/ace-guarulhos-b9a97093","https:\/\/www.youtube.com\/user\/aceguarulhos"]},{"@type":"Person","@id":"https:\/\/www.aceguarulhos.com.br\/blog\/#\/schema\/person\/6983b51bad37489989e4f09698c26237","name":"Assessoria de Imprensa ACE-Guarulhos","image":{"@type":"ImageObject","inLanguage":"pt-BR","@id":"https:\/\/secure.gravatar.com\/avatar\/707f3fadd6918afeb64173ab22d8a8cb0676953098a4f31ff36dc2b4c699ef6a?s=96&d=mm&r=g","url":"https:\/\/secure.gravatar.com\/avatar\/707f3fadd6918afeb64173ab22d8a8cb0676953098a4f31ff36dc2b4c699ef6a?s=96&d=mm&r=g","contentUrl":"https:\/\/secure.gravatar.com\/avatar\/707f3fadd6918afeb64173ab22d8a8cb0676953098a4f31ff36dc2b4c699ef6a?s=96&d=mm&r=g","caption":"Assessoria de Imprensa ACE-Guarulhos"},"url":"https:\/\/www.aceguarulhos.com.br\/blog\/author\/assessoria-de-imprensa-ace-guarulhos\/"}]}},"wps_subtitle":"","amp_enabled":true,"_links":{"self":[{"href":"https:\/\/www.aceguarulhos.com.br\/blog\/wp-json\/wp\/v2\/posts\/31222","targetHints":{"allow":["GET"]}}],"collection":[{"href":"https:\/\/www.aceguarulhos.com.br\/blog\/wp-json\/wp\/v2\/posts"}],"about":[{"href":"https:\/\/www.aceguarulhos.com.br\/blog\/wp-json\/wp\/v2\/types\/post"}],"author":[{"embeddable":true,"href":"https:\/\/www.aceguarulhos.com.br\/blog\/wp-json\/wp\/v2\/users\/8"}],"replies":[{"embeddable":true,"href":"https:\/\/www.aceguarulhos.com.br\/blog\/wp-json\/wp\/v2\/comments?post=31222"}],"version-history":[{"count":0,"href":"https:\/\/www.aceguarulhos.com.br\/blog\/wp-json\/wp\/v2\/posts\/31222\/revisions"}],"wp:attachment":[{"href":"https:\/\/www.aceguarulhos.com.br\/blog\/wp-json\/wp\/v2\/media?parent=31222"}],"wp:term":[{"taxonomy":"category","embeddable":true,"href":"https:\/\/www.aceguarulhos.com.br\/blog\/wp-json\/wp\/v2\/categories?post=31222"},{"taxonomy":"post_tag","embeddable":true,"href":"https:\/\/www.aceguarulhos.com.br\/blog\/wp-json\/wp\/v2\/tags?post=31222"}],"curies":[{"name":"wp","href":"https:\/\/api.w.org\/{rel}","templated":true}]}}