{"id":31211,"date":"2007-02-26T00:49:22","date_gmt":"2007-02-26T00:49:22","guid":{"rendered":"http:\/\/www.aceguarulhos.com.br\/blog\/?p=31211"},"modified":"-0001-11-30T00:00:00","modified_gmt":"-0001-11-30T03:00:00","slug":"o-le%c3%a3o-est%c3%a1-%c3%a0-espreita-prepare-se-para-prestar-contas-ao-fisco-a-partir-do-dia-1%c2%ba-de-mar%c3%a7o","status":"publish","type":"post","link":"https:\/\/www.aceguarulhos.com.br\/blog\/o-le%c3%a3o-est%c3%a1-%c3%a0-espreita-prepare-se-para-prestar-contas-ao-fisco-a-partir-do-dia-1%c2%ba-de-mar%c3%a7o\/","title":{"rendered":"O Le\u00e3o est\u00e1 \u00e0 espreita: prepare-se para prestar contas ao Fisco a partir do dia 1\u00ba de mar\u00e7o"},"content":{"rendered":"<p><P>Chegou a hora de os contribuintes juntarem documentos para acertar as contas com o Le\u00e3o. Come\u00e7a no dia 1\u00ba de mar\u00e7o, \u00e0s 8 horas, o prazo para a entrega da declara\u00e7\u00e3o do Imposto de Renda da Pessoa F\u00edsica 2007 (ano-base 2006). Neste ano, a Receita Federal fez algumas modifica\u00e7\u00f5es nas regras do IR que podem facilitar a vida de quem tem imposto a pagar. O valor devido poder\u00e1 ser parcelado em at\u00e9 oito vezes e n\u00e3o apenas em seis. <\/P> <P>Outra novidade \u00e9 que o pagamento poder\u00e1 ser feito por meio de d\u00e9bito autom\u00e1tico em conta corrente. Segundo o supervisor nacional do IR, Joaquim Adir, a id\u00e9ia do governo (com o d\u00e9bito) \u00e9 ajudar os contribuintes a fazerem o c\u00e1lculo correto das parcelas devidas. Ele explicou que s\u00e3o comuns casos de pessoas que caem na malha fina porque n\u00e3o calcularam corretamente o valor a ser repassado \u00e0 Receita. Com exce\u00e7\u00e3o da primeira parcela, as demais precisam considerar o imposto devido, mais a taxa Selic (hoje em 13% ao ano). <\/P> <P>Outra novidade est\u00e1 nas informa\u00e7\u00f5es que precisar\u00e3o ser inclu\u00eddas na declara\u00e7\u00e3o. Ser\u00e1 obrigat\u00f3rio colocar o n\u00famero do Cadastro da Pessoa F\u00edsica (CPF) de dependentes com mais de 21 anos, o que era facultativo at\u00e9 agora. Al\u00e9m disso, o contribuinte que quiser deduzir do IR o valor pago a t\u00edtulo de contribui\u00e7\u00e3o patronal para um de seus empregos dom\u00e9sticos ter\u00e1 de colocar na declara\u00e7\u00e3o o nome do empregado, seu n\u00famero de inscri\u00e7\u00e3o na Previd\u00eancia Social e o valor pago. <\/P> <P>A declara\u00e7\u00e3o de 2007 \u00e9 a primeira em que se poder\u00e1 abater gastos com empregados dom\u00e9sticos. Outra novidade \u00e9 que ser\u00e1 preciso informar na declara\u00e7\u00e3o qualquer valor de doa\u00e7\u00e3o a campanhas eleitorais \u2013 incluindo o nome do candidato, partido pol\u00edtico ou comit\u00ea financeiro. A Receita tamb\u00e9m exigir\u00e1 que os contribuintes detalhem valores recebidos como lucros ou dividendos de empresas, incluindo na declara\u00e7\u00e3o o CNPJ e o nome da fonte pagadora. At\u00e9 agora, s\u00f3 era preciso informar os valores desses rendimentos. <\/P> <P>A declara\u00e7\u00e3o do IR precisa ser entregue por pessoas f\u00edsicas que, por exemplo, obtiveram rendimentos tribut\u00e1veis acima de R$ 14.992,32 em 2006. O prazo termina em 30 de abril. Segundo a Receita, 23,5 milh\u00f5es de documentos devem ser entregues neste ano, ante 22 milh\u00f5es do ano passado. <\/P> <P>As formas de entrega da declara\u00e7\u00e3o do IR continuar\u00e3o a ser a internet, disquetes, por meio das ag\u00eancias do Banco do Brasil e da Caixa Econ\u00f4mica Federal ou em formul\u00e1rio de papel, nas ag\u00eancias dos Correios. Mas, os formul\u00e1rios n\u00e3o devem estar dispon\u00edveis para os contribuintes j\u00e1 no dia 1\u00ba. Segundo a Receita, eles ser\u00e3o liberados na primeira quinzena de mar\u00e7o. <\/P> <P>&nbsp;<\/P><\/p>\n","protected":false},"excerpt":{"rendered":"Chegou a hora de os contribuintes juntarem documentos para acertar as contas com o Le\u00e3o. Come\u00e7a no dia 1\u00ba de mar\u00e7o, \u00e0s 8 \n<a class=\"moretag\" href=\"https:\/\/www.aceguarulhos.com.br\/blog\/o-le%c3%a3o-est%c3%a1-%c3%a0-espreita-prepare-se-para-prestar-contas-ao-fisco-a-partir-do-dia-1%c2%ba-de-mar%c3%a7o\/\"> [...]<\/a>","protected":false},"author":8,"featured_media":0,"comment_status":"open","ping_status":"open","sticky":false,"template":"","format":"standard","meta":{"footnotes":""},"categories":[2],"tags":[],"class_list":["post-31211","post","type-post","status-publish","format-standard","hentry","category-noticias"],"yoast_head":"<!-- This site is optimized with the Yoast SEO plugin v28.1 - https:\/\/yoast.com\/product\/yoast-seo-wordpress\/ -->\n<title>O Le\u00e3o est\u00e1 \u00e0 espreita: prepare-se para prestar contas ao Fisco a partir do dia 1\u00ba de mar\u00e7o  - ACE-Guarulhos<\/title>\n<meta name=\"robots\" content=\"index, follow, max-snippet:-1, max-image-preview:large, max-video-preview:-1\" \/>\n<link rel=\"canonical\" href=\"https:\/\/www.aceguarulhos.com.br\/blog\/o-le\u00e3o-est\u00e1-\u00e0-espreita-prepare-se-para-prestar-contas-ao-fisco-a-partir-do-dia-1\u00ba-de-mar\u00e7o\/\" \/>\n<meta property=\"og:locale\" content=\"pt_BR\" \/>\n<meta property=\"og:type\" content=\"article\" \/>\n<meta property=\"og:title\" content=\"O Le\u00e3o est\u00e1 \u00e0 espreita: prepare-se para prestar contas ao Fisco a partir do dia 1\u00ba de mar\u00e7o  - ACE-Guarulhos\" \/>\n<meta property=\"og:description\" content=\"Chegou a hora de os contribuintes juntarem documentos para acertar as contas com o Le\u00e3o. Come\u00e7a no dia 1\u00ba de mar\u00e7o, \u00e0s 8\" \/>\n<meta property=\"og:url\" content=\"https:\/\/www.aceguarulhos.com.br\/blog\/o-le\u00e3o-est\u00e1-\u00e0-espreita-prepare-se-para-prestar-contas-ao-fisco-a-partir-do-dia-1\u00ba-de-mar\u00e7o\/\" \/>\n<meta property=\"og:site_name\" content=\"ACE-Guarulhos\" \/>\n<meta property=\"article:publisher\" content=\"https:\/\/www.facebook.com\/aceguarulhos\/\" \/>\n<meta property=\"article:published_time\" content=\"2007-02-26T00:49:22+00:00\" \/>\n<meta name=\"author\" content=\"Assessoria de Imprensa ACE-Guarulhos\" \/>\n<meta name=\"twitter:card\" content=\"summary_large_image\" \/>\n<meta name=\"twitter:label1\" content=\"Escrito por\" \/>\n\t<meta name=\"twitter:data1\" content=\"Assessoria de Imprensa ACE-Guarulhos\" \/>\n\t<meta name=\"twitter:label2\" content=\"Est. tempo de leitura\" \/>\n\t<meta name=\"twitter:data2\" content=\"2 minutos\" \/>\n<script type=\"application\/ld+json\" class=\"yoast-schema-graph\">{\"@context\":\"https:\\\/\\\/schema.org\",\"@graph\":[{\"@type\":\"Article\",\"@id\":\"https:\\\/\\\/www.aceguarulhos.com.br\\\/blog\\\/o-le%c3%a3o-est%c3%a1-%c3%a0-espreita-prepare-se-para-prestar-contas-ao-fisco-a-partir-do-dia-1%c2%ba-de-mar%c3%a7o\\\/#article\",\"isPartOf\":{\"@id\":\"https:\\\/\\\/www.aceguarulhos.com.br\\\/blog\\\/o-le%c3%a3o-est%c3%a1-%c3%a0-espreita-prepare-se-para-prestar-contas-ao-fisco-a-partir-do-dia-1%c2%ba-de-mar%c3%a7o\\\/\"},\"author\":{\"name\":\"Assessoria de Imprensa ACE-Guarulhos\",\"@id\":\"https:\\\/\\\/www.aceguarulhos.com.br\\\/blog\\\/#\\\/schema\\\/person\\\/6983b51bad37489989e4f09698c26237\"},\"headline\":\"O Le\u00e3o est\u00e1 \u00e0 espreita: prepare-se para prestar contas ao Fisco a partir do dia 1\u00ba de mar\u00e7o\",\"datePublished\":\"2007-02-26T00:49:22+00:00\",\"mainEntityOfPage\":{\"@id\":\"https:\\\/\\\/www.aceguarulhos.com.br\\\/blog\\\/o-le%c3%a3o-est%c3%a1-%c3%a0-espreita-prepare-se-para-prestar-contas-ao-fisco-a-partir-do-dia-1%c2%ba-de-mar%c3%a7o\\\/\"},\"wordCount\":487,\"commentCount\":0,\"publisher\":{\"@id\":\"https:\\\/\\\/www.aceguarulhos.com.br\\\/blog\\\/#organization\"},\"articleSection\":[\"Not\u00edcias\"],\"inLanguage\":\"pt-BR\"},{\"@type\":\"WebPage\",\"@id\":\"https:\\\/\\\/www.aceguarulhos.com.br\\\/blog\\\/o-le%c3%a3o-est%c3%a1-%c3%a0-espreita-prepare-se-para-prestar-contas-ao-fisco-a-partir-do-dia-1%c2%ba-de-mar%c3%a7o\\\/\",\"url\":\"https:\\\/\\\/www.aceguarulhos.com.br\\\/blog\\\/o-le%c3%a3o-est%c3%a1-%c3%a0-espreita-prepare-se-para-prestar-contas-ao-fisco-a-partir-do-dia-1%c2%ba-de-mar%c3%a7o\\\/\",\"name\":\"O Le\u00e3o est\u00e1 \u00e0 espreita: prepare-se para prestar contas ao Fisco a partir do dia 1\u00ba de mar\u00e7o - ACE-Guarulhos\",\"isPartOf\":{\"@id\":\"https:\\\/\\\/www.aceguarulhos.com.br\\\/blog\\\/#website\"},\"datePublished\":\"2007-02-26T00:49:22+00:00\",\"breadcrumb\":{\"@id\":\"https:\\\/\\\/www.aceguarulhos.com.br\\\/blog\\\/o-le%c3%a3o-est%c3%a1-%c3%a0-espreita-prepare-se-para-prestar-contas-ao-fisco-a-partir-do-dia-1%c2%ba-de-mar%c3%a7o\\\/#breadcrumb\"},\"inLanguage\":\"pt-BR\",\"potentialAction\":[{\"@type\":\"ReadAction\",\"target\":[\"https:\\\/\\\/www.aceguarulhos.com.br\\\/blog\\\/o-le%c3%a3o-est%c3%a1-%c3%a0-espreita-prepare-se-para-prestar-contas-ao-fisco-a-partir-do-dia-1%c2%ba-de-mar%c3%a7o\\\/\"]}]},{\"@type\":\"BreadcrumbList\",\"@id\":\"https:\\\/\\\/www.aceguarulhos.com.br\\\/blog\\\/o-le%c3%a3o-est%c3%a1-%c3%a0-espreita-prepare-se-para-prestar-contas-ao-fisco-a-partir-do-dia-1%c2%ba-de-mar%c3%a7o\\\/#breadcrumb\",\"itemListElement\":[{\"@type\":\"ListItem\",\"position\":1,\"name\":\"In\u00edcio\",\"item\":\"https:\\\/\\\/www.aceguarulhos.com.br\\\/blog\\\/\"},{\"@type\":\"ListItem\",\"position\":2,\"name\":\"O Le\u00e3o est\u00e1 \u00e0 espreita: prepare-se para prestar contas ao Fisco a partir do dia 1\u00ba de mar\u00e7o\"}]},{\"@type\":\"WebSite\",\"@id\":\"https:\\\/\\\/www.aceguarulhos.com.br\\\/blog\\\/#website\",\"url\":\"https:\\\/\\\/www.aceguarulhos.com.br\\\/blog\\\/\",\"name\":\"ACE-Guarulhos\",\"description\":\"A ACE-Guarulhos \u00e9 uma associa\u00e7\u00e3o que ap\u00f3ia os empres\u00e1rios guarulhenses atrav\u00e9s da representa\u00e7\u00e3o, da gera\u00e7\u00e3o de neg\u00f3cios e presta\u00e7\u00e3o de servi\u00e7os.\",\"publisher\":{\"@id\":\"https:\\\/\\\/www.aceguarulhos.com.br\\\/blog\\\/#organization\"},\"potentialAction\":[{\"@type\":\"SearchAction\",\"target\":{\"@type\":\"EntryPoint\",\"urlTemplate\":\"https:\\\/\\\/www.aceguarulhos.com.br\\\/blog\\\/?s={search_term_string}\"},\"query-input\":{\"@type\":\"PropertyValueSpecification\",\"valueRequired\":true,\"valueName\":\"search_term_string\"}}],\"inLanguage\":\"pt-BR\"},{\"@type\":\"Organization\",\"@id\":\"https:\\\/\\\/www.aceguarulhos.com.br\\\/blog\\\/#organization\",\"name\":\"ACE-Guarulhos\",\"url\":\"https:\\\/\\\/www.aceguarulhos.com.br\\\/blog\\\/\",\"logo\":{\"@type\":\"ImageObject\",\"inLanguage\":\"pt-BR\",\"@id\":\"https:\\\/\\\/www.aceguarulhos.com.br\\\/blog\\\/#\\\/schema\\\/logo\\\/image\\\/\",\"url\":\"https:\\\/\\\/www.aceguarulhos.com.br\\\/blog\\\/wp-content\\\/uploads\\\/2017\\\/12\\\/logo-aceguarulhos-2018.png\",\"contentUrl\":\"https:\\\/\\\/www.aceguarulhos.com.br\\\/blog\\\/wp-content\\\/uploads\\\/2017\\\/12\\\/logo-aceguarulhos-2018.png\",\"width\":419,\"height\":76,\"caption\":\"ACE-Guarulhos\"},\"image\":{\"@id\":\"https:\\\/\\\/www.aceguarulhos.com.br\\\/blog\\\/#\\\/schema\\\/logo\\\/image\\\/\"},\"sameAs\":[\"https:\\\/\\\/www.facebook.com\\\/aceguarulhos\\\/\",\"https:\\\/\\\/br.linkedin.com\\\/in\\\/ace-guarulhos-b9a97093\",\"https:\\\/\\\/www.youtube.com\\\/user\\\/aceguarulhos\"]},{\"@type\":\"Person\",\"@id\":\"https:\\\/\\\/www.aceguarulhos.com.br\\\/blog\\\/#\\\/schema\\\/person\\\/6983b51bad37489989e4f09698c26237\",\"name\":\"Assessoria de Imprensa ACE-Guarulhos\",\"image\":{\"@type\":\"ImageObject\",\"inLanguage\":\"pt-BR\",\"@id\":\"https:\\\/\\\/secure.gravatar.com\\\/avatar\\\/707f3fadd6918afeb64173ab22d8a8cb0676953098a4f31ff36dc2b4c699ef6a?s=96&d=mm&r=g\",\"url\":\"https:\\\/\\\/secure.gravatar.com\\\/avatar\\\/707f3fadd6918afeb64173ab22d8a8cb0676953098a4f31ff36dc2b4c699ef6a?s=96&d=mm&r=g\",\"contentUrl\":\"https:\\\/\\\/secure.gravatar.com\\\/avatar\\\/707f3fadd6918afeb64173ab22d8a8cb0676953098a4f31ff36dc2b4c699ef6a?s=96&d=mm&r=g\",\"caption\":\"Assessoria de Imprensa ACE-Guarulhos\"},\"url\":\"https:\\\/\\\/www.aceguarulhos.com.br\\\/blog\\\/author\\\/assessoria-de-imprensa-ace-guarulhos\\\/\"}]}<\/script>\n<!-- \/ Yoast SEO plugin. -->","yoast_head_json":{"title":"O Le\u00e3o est\u00e1 \u00e0 espreita: prepare-se para prestar contas ao Fisco a partir do dia 1\u00ba de mar\u00e7o  - ACE-Guarulhos","robots":{"index":"index","follow":"follow","max-snippet":"max-snippet:-1","max-image-preview":"max-image-preview:large","max-video-preview":"max-video-preview:-1"},"canonical":"https:\/\/www.aceguarulhos.com.br\/blog\/o-le\u00e3o-est\u00e1-\u00e0-espreita-prepare-se-para-prestar-contas-ao-fisco-a-partir-do-dia-1\u00ba-de-mar\u00e7o\/","og_locale":"pt_BR","og_type":"article","og_title":"O Le\u00e3o est\u00e1 \u00e0 espreita: prepare-se para prestar contas ao Fisco a partir do dia 1\u00ba de mar\u00e7o  - ACE-Guarulhos","og_description":"Chegou a hora de os contribuintes juntarem documentos para acertar as contas com o Le\u00e3o. Come\u00e7a no dia 1\u00ba de mar\u00e7o, \u00e0s 8","og_url":"https:\/\/www.aceguarulhos.com.br\/blog\/o-le\u00e3o-est\u00e1-\u00e0-espreita-prepare-se-para-prestar-contas-ao-fisco-a-partir-do-dia-1\u00ba-de-mar\u00e7o\/","og_site_name":"ACE-Guarulhos","article_publisher":"https:\/\/www.facebook.com\/aceguarulhos\/","article_published_time":"2007-02-26T00:49:22+00:00","author":"Assessoria de Imprensa ACE-Guarulhos","twitter_card":"summary_large_image","twitter_misc":{"Escrito por":"Assessoria de Imprensa ACE-Guarulhos","Est. tempo de leitura":"2 minutos"},"schema":{"@context":"https:\/\/schema.org","@graph":[{"@type":"Article","@id":"https:\/\/www.aceguarulhos.com.br\/blog\/o-le%c3%a3o-est%c3%a1-%c3%a0-espreita-prepare-se-para-prestar-contas-ao-fisco-a-partir-do-dia-1%c2%ba-de-mar%c3%a7o\/#article","isPartOf":{"@id":"https:\/\/www.aceguarulhos.com.br\/blog\/o-le%c3%a3o-est%c3%a1-%c3%a0-espreita-prepare-se-para-prestar-contas-ao-fisco-a-partir-do-dia-1%c2%ba-de-mar%c3%a7o\/"},"author":{"name":"Assessoria de Imprensa ACE-Guarulhos","@id":"https:\/\/www.aceguarulhos.com.br\/blog\/#\/schema\/person\/6983b51bad37489989e4f09698c26237"},"headline":"O Le\u00e3o est\u00e1 \u00e0 espreita: prepare-se para prestar contas ao Fisco a partir do dia 1\u00ba de mar\u00e7o","datePublished":"2007-02-26T00:49:22+00:00","mainEntityOfPage":{"@id":"https:\/\/www.aceguarulhos.com.br\/blog\/o-le%c3%a3o-est%c3%a1-%c3%a0-espreita-prepare-se-para-prestar-contas-ao-fisco-a-partir-do-dia-1%c2%ba-de-mar%c3%a7o\/"},"wordCount":487,"commentCount":0,"publisher":{"@id":"https:\/\/www.aceguarulhos.com.br\/blog\/#organization"},"articleSection":["Not\u00edcias"],"inLanguage":"pt-BR"},{"@type":"WebPage","@id":"https:\/\/www.aceguarulhos.com.br\/blog\/o-le%c3%a3o-est%c3%a1-%c3%a0-espreita-prepare-se-para-prestar-contas-ao-fisco-a-partir-do-dia-1%c2%ba-de-mar%c3%a7o\/","url":"https:\/\/www.aceguarulhos.com.br\/blog\/o-le%c3%a3o-est%c3%a1-%c3%a0-espreita-prepare-se-para-prestar-contas-ao-fisco-a-partir-do-dia-1%c2%ba-de-mar%c3%a7o\/","name":"O Le\u00e3o est\u00e1 \u00e0 espreita: prepare-se para prestar contas ao Fisco a partir do dia 1\u00ba de mar\u00e7o - ACE-Guarulhos","isPartOf":{"@id":"https:\/\/www.aceguarulhos.com.br\/blog\/#website"},"datePublished":"2007-02-26T00:49:22+00:00","breadcrumb":{"@id":"https:\/\/www.aceguarulhos.com.br\/blog\/o-le%c3%a3o-est%c3%a1-%c3%a0-espreita-prepare-se-para-prestar-contas-ao-fisco-a-partir-do-dia-1%c2%ba-de-mar%c3%a7o\/#breadcrumb"},"inLanguage":"pt-BR","potentialAction":[{"@type":"ReadAction","target":["https:\/\/www.aceguarulhos.com.br\/blog\/o-le%c3%a3o-est%c3%a1-%c3%a0-espreita-prepare-se-para-prestar-contas-ao-fisco-a-partir-do-dia-1%c2%ba-de-mar%c3%a7o\/"]}]},{"@type":"BreadcrumbList","@id":"https:\/\/www.aceguarulhos.com.br\/blog\/o-le%c3%a3o-est%c3%a1-%c3%a0-espreita-prepare-se-para-prestar-contas-ao-fisco-a-partir-do-dia-1%c2%ba-de-mar%c3%a7o\/#breadcrumb","itemListElement":[{"@type":"ListItem","position":1,"name":"In\u00edcio","item":"https:\/\/www.aceguarulhos.com.br\/blog\/"},{"@type":"ListItem","position":2,"name":"O Le\u00e3o est\u00e1 \u00e0 espreita: prepare-se para prestar contas ao Fisco a partir do dia 1\u00ba de mar\u00e7o"}]},{"@type":"WebSite","@id":"https:\/\/www.aceguarulhos.com.br\/blog\/#website","url":"https:\/\/www.aceguarulhos.com.br\/blog\/","name":"ACE-Guarulhos","description":"A ACE-Guarulhos \u00e9 uma associa\u00e7\u00e3o que ap\u00f3ia os empres\u00e1rios guarulhenses atrav\u00e9s da representa\u00e7\u00e3o, da gera\u00e7\u00e3o de neg\u00f3cios e presta\u00e7\u00e3o de servi\u00e7os.","publisher":{"@id":"https:\/\/www.aceguarulhos.com.br\/blog\/#organization"},"potentialAction":[{"@type":"SearchAction","target":{"@type":"EntryPoint","urlTemplate":"https:\/\/www.aceguarulhos.com.br\/blog\/?s={search_term_string}"},"query-input":{"@type":"PropertyValueSpecification","valueRequired":true,"valueName":"search_term_string"}}],"inLanguage":"pt-BR"},{"@type":"Organization","@id":"https:\/\/www.aceguarulhos.com.br\/blog\/#organization","name":"ACE-Guarulhos","url":"https:\/\/www.aceguarulhos.com.br\/blog\/","logo":{"@type":"ImageObject","inLanguage":"pt-BR","@id":"https:\/\/www.aceguarulhos.com.br\/blog\/#\/schema\/logo\/image\/","url":"https:\/\/www.aceguarulhos.com.br\/blog\/wp-content\/uploads\/2017\/12\/logo-aceguarulhos-2018.png","contentUrl":"https:\/\/www.aceguarulhos.com.br\/blog\/wp-content\/uploads\/2017\/12\/logo-aceguarulhos-2018.png","width":419,"height":76,"caption":"ACE-Guarulhos"},"image":{"@id":"https:\/\/www.aceguarulhos.com.br\/blog\/#\/schema\/logo\/image\/"},"sameAs":["https:\/\/www.facebook.com\/aceguarulhos\/","https:\/\/br.linkedin.com\/in\/ace-guarulhos-b9a97093","https:\/\/www.youtube.com\/user\/aceguarulhos"]},{"@type":"Person","@id":"https:\/\/www.aceguarulhos.com.br\/blog\/#\/schema\/person\/6983b51bad37489989e4f09698c26237","name":"Assessoria de Imprensa ACE-Guarulhos","image":{"@type":"ImageObject","inLanguage":"pt-BR","@id":"https:\/\/secure.gravatar.com\/avatar\/707f3fadd6918afeb64173ab22d8a8cb0676953098a4f31ff36dc2b4c699ef6a?s=96&d=mm&r=g","url":"https:\/\/secure.gravatar.com\/avatar\/707f3fadd6918afeb64173ab22d8a8cb0676953098a4f31ff36dc2b4c699ef6a?s=96&d=mm&r=g","contentUrl":"https:\/\/secure.gravatar.com\/avatar\/707f3fadd6918afeb64173ab22d8a8cb0676953098a4f31ff36dc2b4c699ef6a?s=96&d=mm&r=g","caption":"Assessoria de Imprensa ACE-Guarulhos"},"url":"https:\/\/www.aceguarulhos.com.br\/blog\/author\/assessoria-de-imprensa-ace-guarulhos\/"}]}},"wps_subtitle":"","amp_enabled":true,"_links":{"self":[{"href":"https:\/\/www.aceguarulhos.com.br\/blog\/wp-json\/wp\/v2\/posts\/31211","targetHints":{"allow":["GET"]}}],"collection":[{"href":"https:\/\/www.aceguarulhos.com.br\/blog\/wp-json\/wp\/v2\/posts"}],"about":[{"href":"https:\/\/www.aceguarulhos.com.br\/blog\/wp-json\/wp\/v2\/types\/post"}],"author":[{"embeddable":true,"href":"https:\/\/www.aceguarulhos.com.br\/blog\/wp-json\/wp\/v2\/users\/8"}],"replies":[{"embeddable":true,"href":"https:\/\/www.aceguarulhos.com.br\/blog\/wp-json\/wp\/v2\/comments?post=31211"}],"version-history":[{"count":0,"href":"https:\/\/www.aceguarulhos.com.br\/blog\/wp-json\/wp\/v2\/posts\/31211\/revisions"}],"wp:attachment":[{"href":"https:\/\/www.aceguarulhos.com.br\/blog\/wp-json\/wp\/v2\/media?parent=31211"}],"wp:term":[{"taxonomy":"category","embeddable":true,"href":"https:\/\/www.aceguarulhos.com.br\/blog\/wp-json\/wp\/v2\/categories?post=31211"},{"taxonomy":"post_tag","embeddable":true,"href":"https:\/\/www.aceguarulhos.com.br\/blog\/wp-json\/wp\/v2\/tags?post=31211"}],"curies":[{"name":"wp","href":"https:\/\/api.w.org\/{rel}","templated":true}]}}