{"id":31168,"date":"2007-02-13T15:08:56","date_gmt":"2007-02-13T15:08:56","guid":{"rendered":"http:\/\/www.aceguarulhos.com.br\/blog\/?p=31168"},"modified":"-0001-11-30T00:00:00","modified_gmt":"-0001-11-30T03:00:00","slug":"as-micros-e-pequenas-se-fortalecem","status":"publish","type":"post","link":"https:\/\/www.aceguarulhos.com.br\/blog\/as-micros-e-pequenas-se-fortalecem\/","title":{"rendered":"As micros e pequenas se fortalecem"},"content":{"rendered":"<p><P>O n\u00famero de micros e pequenas empresas (MPEs) do Estado de S\u00e3o Paulo cresceu 23% entre os anos 2000 e 2004, ao saltar de 1,255 milh\u00e3o de estabelecimentos para 1,544 milh\u00e3o. Elas foram respons\u00e1veis pela gera\u00e7\u00e3o de 475 mil novos empregos com carteira assinada, o equivalente a 55% das vagas formais geradas no per\u00edodo \u2013 mais da metade (260 mil) oferecidas pelo com\u00e9rcio, seguido da ind\u00fastria (109 mil) e do setor de servi\u00e7os (106 mil). A pesquisa tamb\u00e9m indica que as micros e pequenas empresas est\u00e3o mais fortes. A taxa de mortalidade das empresas caiu de 71% do total de empreendimentos, em 2000, para 54% em 2004. <\/P> <P>Os n\u00fameros comp\u00f5em pesquisa do Servi\u00e7o de Apoio \u00e0 Micro e Pequena Empresa (Sebrae\/SP), com an\u00e1lise dos dados de 43 regi\u00f5es do Estado. Embora 2005 e 2006 n\u00e3o estejam incorporados ao estudo, as tend\u00eancias indicadas na pesquisa tendem a permanecer, segundo o coordenador do Observat\u00f3rio das Micros e Pequenas Empresas do Sebrae\/SP, Marco Aur\u00e9lio Bed\u00ea. <\/P> <P>Ele apenas ressalva que o crescimento poder\u00e1 dar-se em bases menores. &#8220;O ano de 2004 foi de economia forte. Possivelmente, em 2005\/2006, o crescimento deve ter sido menor, mas a tend\u00eancia continua positiva&#8221;, garante. <\/P> <P>Al\u00e9m da gera\u00e7\u00e3o de emprego e nascimento de novos empreendimentos, o coordenador destaca que as micros e pequenas empresas est\u00e3o mais fortes. Segundo Bed\u00ea, no ano de 2000, 71% das MPEs de S\u00e3o Paulo morreram antes de completar cinco anos; e o \u00edndice caiu para 56% em 2004 e a tend\u00eancia \u00e9 de baixa. Pesam a favor, segundo ele, a expans\u00e3o do regime do Simples e os esfor\u00e7os para capacita\u00e7\u00e3o do micro e pequeno empres\u00e1rio. <\/P> <P><STRONG>Origem \u2013<\/STRONG> Elaborada para mostrar &#8220;onde est\u00e3o as micros e pequenas empresas em S\u00e3o Paulo&#8221;, a pesquisa aponta que os maiores centros urbanos do estado \u2013 como Campinas, S\u00e3o Jos\u00e9 dos Campos, Santos, Sorocaba e Grande S\u00e3o Paulo \u2013 concentravam 66% das MPEs. H\u00e1, no entanto, uma tend\u00eancia \u00e0 desconcentra\u00e7\u00e3o, rumo a Campinas, Santos e centro-norte do Estado. No corte por segmentos, a maior expans\u00e3o deu-se no setor de servi\u00e7os (29%), seguido do com\u00e9rcio (22,6%) e ind\u00fastria (10,5%). <\/P> <P><STRONG>Vencedor \u2013<\/STRONG> Para o fundador da Fatto a Mano 1, Amaury Carvas, o que pesou mesmo foi a perseveran\u00e7a e o senso de oportunidade. Ele est\u00e1 entre as micros e pequenas empresas que contribu\u00edram com o aumento do n\u00famero de empregos formais no estado. <\/P> <P>Sua empresa fabrica massas especiais e \u00e9 a evolu\u00e7\u00e3o de um delivery de lanches, concebido em 1985, na zona sul de S\u00e3o Paulo. Era uma micro-estrutura. Al\u00e9m dele, trabalhavam apenas a irm\u00e3 e s\u00f3cia, \u00c1urea Carvas, uma prima e dois funcion\u00e1rios. Amaury redesenhou o neg\u00f3cio v\u00e1rias vezes, para incorporar demandas da clientela. O primeiro grande salto da empresa ocorreu em 1991, quando a lanchonete, de 80 metros quadrados, transformou-se em um restaurante, em nova \u00e1rea, com 160 metros quadrados e cerca de 8 novos funcion\u00e1rios. <\/P> <P>Ali, depois de comprar a empresa fornecedora de massas, aprimorou sua opera\u00e7\u00e3o e decidiu dedicar-se ao ramo, formatando o neg\u00f3cio no antigo restaurante, que operou por seis anos. Hoje, fornece seus produtos para uma carteira de seletos clientes, entre os grandes hot\u00e9is da capital, com a ajuda de 12 funcion\u00e1rios. Quatro deles, contratados em 2006. At\u00e9 o final do ano a empresa ganhar\u00e1 nova sede. <\/P> <P><STRONG>Posse no Sebrae &#8211;<\/STRONG> A apresenta\u00e7\u00e3o do estudo, ontem, serviu para marcar a posse do novo Conselho Deliberativo e da nova diretoria do Sebrae-SP. Assumiram Ricardo Tortorella, como diretor-superintendente; Paulo Arruda, diretor t\u00e9cnico; Milton Dallari, como diretor administrativo-financeiro; e F\u00e1bio de Salles Meirelles, como presidente do Conselho Deliberativo. <\/P> <P>&nbsp;<\/P><\/p>\n","protected":false},"excerpt":{"rendered":"O n\u00famero de micros e pequenas empresas (MPEs) do Estado de S\u00e3o Paulo cresceu 23% entre os anos 2000 e 2004, ao saltar \n<a class=\"moretag\" href=\"https:\/\/www.aceguarulhos.com.br\/blog\/as-micros-e-pequenas-se-fortalecem\/\"> [...]<\/a>","protected":false},"author":8,"featured_media":0,"comment_status":"open","ping_status":"open","sticky":false,"template":"","format":"standard","meta":{"footnotes":""},"categories":[2],"tags":[],"class_list":["post-31168","post","type-post","status-publish","format-standard","hentry","category-noticias"],"yoast_head":"<!-- This site is optimized with the Yoast SEO plugin v28.1 - https:\/\/yoast.com\/product\/yoast-seo-wordpress\/ -->\n<title>As micros e pequenas se fortalecem - ACE-Guarulhos<\/title>\n<meta name=\"robots\" content=\"index, follow, max-snippet:-1, max-image-preview:large, max-video-preview:-1\" \/>\n<link rel=\"canonical\" href=\"https:\/\/www.aceguarulhos.com.br\/blog\/as-micros-e-pequenas-se-fortalecem\/\" \/>\n<meta property=\"og:locale\" content=\"pt_BR\" \/>\n<meta property=\"og:type\" content=\"article\" \/>\n<meta property=\"og:title\" content=\"As micros e pequenas se fortalecem - ACE-Guarulhos\" \/>\n<meta property=\"og:description\" content=\"O n\u00famero de micros e pequenas empresas (MPEs) do Estado de S\u00e3o Paulo cresceu 23% entre os anos 2000 e 2004, ao saltar\" \/>\n<meta property=\"og:url\" content=\"https:\/\/www.aceguarulhos.com.br\/blog\/as-micros-e-pequenas-se-fortalecem\/\" \/>\n<meta property=\"og:site_name\" content=\"ACE-Guarulhos\" \/>\n<meta property=\"article:publisher\" content=\"https:\/\/www.facebook.com\/aceguarulhos\/\" \/>\n<meta property=\"article:published_time\" content=\"2007-02-13T15:08:56+00:00\" \/>\n<meta name=\"author\" content=\"Assessoria de Imprensa ACE-Guarulhos\" \/>\n<meta name=\"twitter:card\" content=\"summary_large_image\" \/>\n<meta name=\"twitter:label1\" content=\"Escrito por\" \/>\n\t<meta name=\"twitter:data1\" content=\"Assessoria de Imprensa ACE-Guarulhos\" \/>\n\t<meta name=\"twitter:label2\" content=\"Est. tempo de leitura\" \/>\n\t<meta name=\"twitter:data2\" content=\"3 minutos\" \/>\n<script type=\"application\/ld+json\" class=\"yoast-schema-graph\">{\"@context\":\"https:\\\/\\\/schema.org\",\"@graph\":[{\"@type\":\"Article\",\"@id\":\"https:\\\/\\\/www.aceguarulhos.com.br\\\/blog\\\/as-micros-e-pequenas-se-fortalecem\\\/#article\",\"isPartOf\":{\"@id\":\"https:\\\/\\\/www.aceguarulhos.com.br\\\/blog\\\/as-micros-e-pequenas-se-fortalecem\\\/\"},\"author\":{\"name\":\"Assessoria de Imprensa ACE-Guarulhos\",\"@id\":\"https:\\\/\\\/www.aceguarulhos.com.br\\\/blog\\\/#\\\/schema\\\/person\\\/6983b51bad37489989e4f09698c26237\"},\"headline\":\"As micros e pequenas se fortalecem\",\"datePublished\":\"2007-02-13T15:08:56+00:00\",\"mainEntityOfPage\":{\"@id\":\"https:\\\/\\\/www.aceguarulhos.com.br\\\/blog\\\/as-micros-e-pequenas-se-fortalecem\\\/\"},\"wordCount\":615,\"commentCount\":0,\"publisher\":{\"@id\":\"https:\\\/\\\/www.aceguarulhos.com.br\\\/blog\\\/#organization\"},\"articleSection\":[\"Not\u00edcias\"],\"inLanguage\":\"pt-BR\"},{\"@type\":\"WebPage\",\"@id\":\"https:\\\/\\\/www.aceguarulhos.com.br\\\/blog\\\/as-micros-e-pequenas-se-fortalecem\\\/\",\"url\":\"https:\\\/\\\/www.aceguarulhos.com.br\\\/blog\\\/as-micros-e-pequenas-se-fortalecem\\\/\",\"name\":\"As micros e pequenas se fortalecem - ACE-Guarulhos\",\"isPartOf\":{\"@id\":\"https:\\\/\\\/www.aceguarulhos.com.br\\\/blog\\\/#website\"},\"datePublished\":\"2007-02-13T15:08:56+00:00\",\"breadcrumb\":{\"@id\":\"https:\\\/\\\/www.aceguarulhos.com.br\\\/blog\\\/as-micros-e-pequenas-se-fortalecem\\\/#breadcrumb\"},\"inLanguage\":\"pt-BR\",\"potentialAction\":[{\"@type\":\"ReadAction\",\"target\":[\"https:\\\/\\\/www.aceguarulhos.com.br\\\/blog\\\/as-micros-e-pequenas-se-fortalecem\\\/\"]}]},{\"@type\":\"BreadcrumbList\",\"@id\":\"https:\\\/\\\/www.aceguarulhos.com.br\\\/blog\\\/as-micros-e-pequenas-se-fortalecem\\\/#breadcrumb\",\"itemListElement\":[{\"@type\":\"ListItem\",\"position\":1,\"name\":\"In\u00edcio\",\"item\":\"https:\\\/\\\/www.aceguarulhos.com.br\\\/blog\\\/\"},{\"@type\":\"ListItem\",\"position\":2,\"name\":\"As micros e pequenas se fortalecem\"}]},{\"@type\":\"WebSite\",\"@id\":\"https:\\\/\\\/www.aceguarulhos.com.br\\\/blog\\\/#website\",\"url\":\"https:\\\/\\\/www.aceguarulhos.com.br\\\/blog\\\/\",\"name\":\"ACE-Guarulhos\",\"description\":\"A ACE-Guarulhos \u00e9 uma associa\u00e7\u00e3o que ap\u00f3ia os empres\u00e1rios guarulhenses atrav\u00e9s da representa\u00e7\u00e3o, da gera\u00e7\u00e3o de neg\u00f3cios e presta\u00e7\u00e3o de servi\u00e7os.\",\"publisher\":{\"@id\":\"https:\\\/\\\/www.aceguarulhos.com.br\\\/blog\\\/#organization\"},\"potentialAction\":[{\"@type\":\"SearchAction\",\"target\":{\"@type\":\"EntryPoint\",\"urlTemplate\":\"https:\\\/\\\/www.aceguarulhos.com.br\\\/blog\\\/?s={search_term_string}\"},\"query-input\":{\"@type\":\"PropertyValueSpecification\",\"valueRequired\":true,\"valueName\":\"search_term_string\"}}],\"inLanguage\":\"pt-BR\"},{\"@type\":\"Organization\",\"@id\":\"https:\\\/\\\/www.aceguarulhos.com.br\\\/blog\\\/#organization\",\"name\":\"ACE-Guarulhos\",\"url\":\"https:\\\/\\\/www.aceguarulhos.com.br\\\/blog\\\/\",\"logo\":{\"@type\":\"ImageObject\",\"inLanguage\":\"pt-BR\",\"@id\":\"https:\\\/\\\/www.aceguarulhos.com.br\\\/blog\\\/#\\\/schema\\\/logo\\\/image\\\/\",\"url\":\"https:\\\/\\\/www.aceguarulhos.com.br\\\/blog\\\/wp-content\\\/uploads\\\/2017\\\/12\\\/logo-aceguarulhos-2018.png\",\"contentUrl\":\"https:\\\/\\\/www.aceguarulhos.com.br\\\/blog\\\/wp-content\\\/uploads\\\/2017\\\/12\\\/logo-aceguarulhos-2018.png\",\"width\":419,\"height\":76,\"caption\":\"ACE-Guarulhos\"},\"image\":{\"@id\":\"https:\\\/\\\/www.aceguarulhos.com.br\\\/blog\\\/#\\\/schema\\\/logo\\\/image\\\/\"},\"sameAs\":[\"https:\\\/\\\/www.facebook.com\\\/aceguarulhos\\\/\",\"https:\\\/\\\/br.linkedin.com\\\/in\\\/ace-guarulhos-b9a97093\",\"https:\\\/\\\/www.youtube.com\\\/user\\\/aceguarulhos\"]},{\"@type\":\"Person\",\"@id\":\"https:\\\/\\\/www.aceguarulhos.com.br\\\/blog\\\/#\\\/schema\\\/person\\\/6983b51bad37489989e4f09698c26237\",\"name\":\"Assessoria de Imprensa ACE-Guarulhos\",\"image\":{\"@type\":\"ImageObject\",\"inLanguage\":\"pt-BR\",\"@id\":\"https:\\\/\\\/secure.gravatar.com\\\/avatar\\\/707f3fadd6918afeb64173ab22d8a8cb0676953098a4f31ff36dc2b4c699ef6a?s=96&d=mm&r=g\",\"url\":\"https:\\\/\\\/secure.gravatar.com\\\/avatar\\\/707f3fadd6918afeb64173ab22d8a8cb0676953098a4f31ff36dc2b4c699ef6a?s=96&d=mm&r=g\",\"contentUrl\":\"https:\\\/\\\/secure.gravatar.com\\\/avatar\\\/707f3fadd6918afeb64173ab22d8a8cb0676953098a4f31ff36dc2b4c699ef6a?s=96&d=mm&r=g\",\"caption\":\"Assessoria de Imprensa ACE-Guarulhos\"},\"url\":\"https:\\\/\\\/www.aceguarulhos.com.br\\\/blog\\\/author\\\/assessoria-de-imprensa-ace-guarulhos\\\/\"}]}<\/script>\n<!-- \/ Yoast SEO plugin. -->","yoast_head_json":{"title":"As micros e pequenas se fortalecem - ACE-Guarulhos","robots":{"index":"index","follow":"follow","max-snippet":"max-snippet:-1","max-image-preview":"max-image-preview:large","max-video-preview":"max-video-preview:-1"},"canonical":"https:\/\/www.aceguarulhos.com.br\/blog\/as-micros-e-pequenas-se-fortalecem\/","og_locale":"pt_BR","og_type":"article","og_title":"As micros e pequenas se fortalecem - ACE-Guarulhos","og_description":"O n\u00famero de micros e pequenas empresas (MPEs) do Estado de S\u00e3o Paulo cresceu 23% entre os anos 2000 e 2004, ao saltar","og_url":"https:\/\/www.aceguarulhos.com.br\/blog\/as-micros-e-pequenas-se-fortalecem\/","og_site_name":"ACE-Guarulhos","article_publisher":"https:\/\/www.facebook.com\/aceguarulhos\/","article_published_time":"2007-02-13T15:08:56+00:00","author":"Assessoria de Imprensa ACE-Guarulhos","twitter_card":"summary_large_image","twitter_misc":{"Escrito por":"Assessoria de Imprensa ACE-Guarulhos","Est. tempo de leitura":"3 minutos"},"schema":{"@context":"https:\/\/schema.org","@graph":[{"@type":"Article","@id":"https:\/\/www.aceguarulhos.com.br\/blog\/as-micros-e-pequenas-se-fortalecem\/#article","isPartOf":{"@id":"https:\/\/www.aceguarulhos.com.br\/blog\/as-micros-e-pequenas-se-fortalecem\/"},"author":{"name":"Assessoria de Imprensa ACE-Guarulhos","@id":"https:\/\/www.aceguarulhos.com.br\/blog\/#\/schema\/person\/6983b51bad37489989e4f09698c26237"},"headline":"As micros e pequenas se fortalecem","datePublished":"2007-02-13T15:08:56+00:00","mainEntityOfPage":{"@id":"https:\/\/www.aceguarulhos.com.br\/blog\/as-micros-e-pequenas-se-fortalecem\/"},"wordCount":615,"commentCount":0,"publisher":{"@id":"https:\/\/www.aceguarulhos.com.br\/blog\/#organization"},"articleSection":["Not\u00edcias"],"inLanguage":"pt-BR"},{"@type":"WebPage","@id":"https:\/\/www.aceguarulhos.com.br\/blog\/as-micros-e-pequenas-se-fortalecem\/","url":"https:\/\/www.aceguarulhos.com.br\/blog\/as-micros-e-pequenas-se-fortalecem\/","name":"As micros e pequenas se fortalecem - ACE-Guarulhos","isPartOf":{"@id":"https:\/\/www.aceguarulhos.com.br\/blog\/#website"},"datePublished":"2007-02-13T15:08:56+00:00","breadcrumb":{"@id":"https:\/\/www.aceguarulhos.com.br\/blog\/as-micros-e-pequenas-se-fortalecem\/#breadcrumb"},"inLanguage":"pt-BR","potentialAction":[{"@type":"ReadAction","target":["https:\/\/www.aceguarulhos.com.br\/blog\/as-micros-e-pequenas-se-fortalecem\/"]}]},{"@type":"BreadcrumbList","@id":"https:\/\/www.aceguarulhos.com.br\/blog\/as-micros-e-pequenas-se-fortalecem\/#breadcrumb","itemListElement":[{"@type":"ListItem","position":1,"name":"In\u00edcio","item":"https:\/\/www.aceguarulhos.com.br\/blog\/"},{"@type":"ListItem","position":2,"name":"As micros e pequenas se fortalecem"}]},{"@type":"WebSite","@id":"https:\/\/www.aceguarulhos.com.br\/blog\/#website","url":"https:\/\/www.aceguarulhos.com.br\/blog\/","name":"ACE-Guarulhos","description":"A ACE-Guarulhos \u00e9 uma associa\u00e7\u00e3o que ap\u00f3ia os empres\u00e1rios guarulhenses atrav\u00e9s da representa\u00e7\u00e3o, da gera\u00e7\u00e3o de neg\u00f3cios e presta\u00e7\u00e3o de servi\u00e7os.","publisher":{"@id":"https:\/\/www.aceguarulhos.com.br\/blog\/#organization"},"potentialAction":[{"@type":"SearchAction","target":{"@type":"EntryPoint","urlTemplate":"https:\/\/www.aceguarulhos.com.br\/blog\/?s={search_term_string}"},"query-input":{"@type":"PropertyValueSpecification","valueRequired":true,"valueName":"search_term_string"}}],"inLanguage":"pt-BR"},{"@type":"Organization","@id":"https:\/\/www.aceguarulhos.com.br\/blog\/#organization","name":"ACE-Guarulhos","url":"https:\/\/www.aceguarulhos.com.br\/blog\/","logo":{"@type":"ImageObject","inLanguage":"pt-BR","@id":"https:\/\/www.aceguarulhos.com.br\/blog\/#\/schema\/logo\/image\/","url":"https:\/\/www.aceguarulhos.com.br\/blog\/wp-content\/uploads\/2017\/12\/logo-aceguarulhos-2018.png","contentUrl":"https:\/\/www.aceguarulhos.com.br\/blog\/wp-content\/uploads\/2017\/12\/logo-aceguarulhos-2018.png","width":419,"height":76,"caption":"ACE-Guarulhos"},"image":{"@id":"https:\/\/www.aceguarulhos.com.br\/blog\/#\/schema\/logo\/image\/"},"sameAs":["https:\/\/www.facebook.com\/aceguarulhos\/","https:\/\/br.linkedin.com\/in\/ace-guarulhos-b9a97093","https:\/\/www.youtube.com\/user\/aceguarulhos"]},{"@type":"Person","@id":"https:\/\/www.aceguarulhos.com.br\/blog\/#\/schema\/person\/6983b51bad37489989e4f09698c26237","name":"Assessoria de Imprensa ACE-Guarulhos","image":{"@type":"ImageObject","inLanguage":"pt-BR","@id":"https:\/\/secure.gravatar.com\/avatar\/707f3fadd6918afeb64173ab22d8a8cb0676953098a4f31ff36dc2b4c699ef6a?s=96&d=mm&r=g","url":"https:\/\/secure.gravatar.com\/avatar\/707f3fadd6918afeb64173ab22d8a8cb0676953098a4f31ff36dc2b4c699ef6a?s=96&d=mm&r=g","contentUrl":"https:\/\/secure.gravatar.com\/avatar\/707f3fadd6918afeb64173ab22d8a8cb0676953098a4f31ff36dc2b4c699ef6a?s=96&d=mm&r=g","caption":"Assessoria de Imprensa ACE-Guarulhos"},"url":"https:\/\/www.aceguarulhos.com.br\/blog\/author\/assessoria-de-imprensa-ace-guarulhos\/"}]}},"wps_subtitle":"","amp_enabled":true,"_links":{"self":[{"href":"https:\/\/www.aceguarulhos.com.br\/blog\/wp-json\/wp\/v2\/posts\/31168","targetHints":{"allow":["GET"]}}],"collection":[{"href":"https:\/\/www.aceguarulhos.com.br\/blog\/wp-json\/wp\/v2\/posts"}],"about":[{"href":"https:\/\/www.aceguarulhos.com.br\/blog\/wp-json\/wp\/v2\/types\/post"}],"author":[{"embeddable":true,"href":"https:\/\/www.aceguarulhos.com.br\/blog\/wp-json\/wp\/v2\/users\/8"}],"replies":[{"embeddable":true,"href":"https:\/\/www.aceguarulhos.com.br\/blog\/wp-json\/wp\/v2\/comments?post=31168"}],"version-history":[{"count":0,"href":"https:\/\/www.aceguarulhos.com.br\/blog\/wp-json\/wp\/v2\/posts\/31168\/revisions"}],"wp:attachment":[{"href":"https:\/\/www.aceguarulhos.com.br\/blog\/wp-json\/wp\/v2\/media?parent=31168"}],"wp:term":[{"taxonomy":"category","embeddable":true,"href":"https:\/\/www.aceguarulhos.com.br\/blog\/wp-json\/wp\/v2\/categories?post=31168"},{"taxonomy":"post_tag","embeddable":true,"href":"https:\/\/www.aceguarulhos.com.br\/blog\/wp-json\/wp\/v2\/tags?post=31168"}],"curies":[{"name":"wp","href":"https:\/\/api.w.org\/{rel}","templated":true}]}}