{"id":31147,"date":"2007-02-08T01:07:22","date_gmt":"2007-02-08T01:07:22","guid":{"rendered":"http:\/\/www.aceguarulhos.com.br\/blog\/?p=31147"},"modified":"-0001-11-30T00:00:00","modified_gmt":"-0001-11-30T03:00:00","slug":"c%c3%a2mara-comiss%c3%b5es-definidas-em-dia-sem-sess%c3%a3o","status":"publish","type":"post","link":"https:\/\/www.aceguarulhos.com.br\/blog\/c%c3%a2mara-comiss%c3%b5es-definidas-em-dia-sem-sess%c3%a3o\/","title":{"rendered":"C\u00e2mara: Comiss\u00f5es definidas em dia sem sess\u00e3o"},"content":{"rendered":"<p><P><STRONG><EM>Depois de muita briga \u2013 a portas fechadas \u2013 entre situa\u00e7\u00e3o e oposi\u00e7\u00e3o, as 13 Comiss\u00f5es T\u00e9cnicas Permanentes da C\u00e2mara foram definidas<\/EM><\/STRONG><\/P> <P>A forma\u00e7\u00e3o das 13 Comiss\u00f5es T\u00e9cnicas Permanentes da C\u00e2mara Municipal de Guarulhos est\u00e1 definida. Tr\u00eas vereadores fazem parte de cada uma delas. Nos pr\u00f3ximos dias ser\u00e3o definidas tamb\u00e9m as fun\u00e7\u00f5es de cada um, entre presidente, secret\u00e1rio e membro da Comiss\u00e3o.<\/P> <P>O consenso em torno da forma\u00e7\u00e3o, por\u00e9m, rendeu muita conversa. Os parlamentares usaram praticamente todo o tempo da sess\u00e3o ordin\u00e1ria desta ter\u00e7a-feira, dia 6. Iniciados por volta das 14h30, os trabalhos foram suspensos \u00e0s 15h10 pelo presidente Paulo Carvalho (PL) para que fosse discutido o assunto a portas fechadas. Como o Regimento Interno prev\u00ea um prazo m\u00e1ximo de 10 minutos por suspens\u00e3o, em outras nove oportunidades, o 1\u00ba vice, Jonas Dias (PT), e o 2\u00ba, Ad\u00edlson Valente (PRP), voltaram ao plen\u00e1rio para reabrir a sess\u00e3o e imediatamente suspend\u00ea-la por mais 10 minutos, tempo quase nunca respeitado. Apenas \u00e0s 17h47 Paulo Carvalho anunciou os novos quadros das Comiss\u00f5es (veja abaixo) e, logo depois, encerrou a sess\u00e3o.<\/P> <P>As Comiss\u00f5es mais disputadas pelos vereadores e que, por isso, foram definidas por \u00faltimo, foram as de Justi\u00e7a e Reda\u00e7\u00e3o; Tr\u00e2nsito e Transportes; Defesa do Meio Ambiente e da Qualidade de Vida; e Higiene e Sa\u00fade P\u00fablica \u2013 esta \u00faltima, at\u00e9 momentos antes da defini\u00e7\u00e3o, contava com cinco vereadores interessados.<\/P> <P>Confira o que mudou na forma\u00e7\u00e3o das Comiss\u00f5es em rela\u00e7\u00e3o ao quadro do ano passado (ainda n\u00e3o foram definidos os cargos nas Comiss\u00f5es para este ano):<\/P> <P><STRONG>Comiss\u00e3o T\u00e9cnica Permanente de Administra\u00e7\u00e3o e Funcionalismo P\u00fablico<\/STRONG><\/P> <P>Em 2006 \u2013 Francisco Bod\u00e3o (PMN), Ulisses Correa (PT) e Geraldo Celestino (PSDB)<\/P> <P>Em 2007 \u2013 Ricardo Rui (PPS), Alan Neto (PSC) e Ulisses Correa (PT)<\/P> <P><STRONG>Comiss\u00e3o T\u00e9cnica Permanente de Defesa dos Direitos Humanos, Cidadania, Habita\u00e7\u00e3o e Assist\u00eancia Social <\/STRONG><\/P> <P>Em 2006 \u2013 Edson Albert\u00e3o (PSOL), Jos\u00e9 Carlos Dalan (PSOL) e Toninho Raimundo (PV)<\/P> <P>Em 2007 \u2013 Edson Albert\u00e3o (PSOL), Jos\u00e9 Carlos Dalan (PSOL) e Alencar Santana (PT)<\/P> <P><STRONG>Comiss\u00e3o T\u00e9cnica Permanente de Esporte, Educa\u00e7\u00e3o e Cultura<\/STRONG><\/P> <P>Em 2006 \u2013 Ulisses Correa (PT), Luiza Cordeiro (PC do B) e Ot\u00e1via Ten\u00f3rio (PRP)<\/P> <P>Em 2007 \u2013 Gileno (PSL), Alan Neto (PSC) e Edson David (PTB)<\/P> <P><STRONG>Comiss\u00e3o T\u00e9cnica Permanente de Higiene e Sa\u00fade P\u00fablica<\/STRONG><\/P> <P>Em 2006 \u2013 Jos\u00e9 Carlos Maruoka (PRP), Ricardo Rui (PPS) e Jonas Dias (PT)<\/P> <P>Em 2007 \u2013 Jos\u00e9 Carlos Maruoka (PRP), Ricardo Rui (PPS) e Zappa (PMDB)<\/P> <P><STRONG>Comiss\u00e3o T\u00e9cnica Permanente de Legisla\u00e7\u00e3o Participativa<\/STRONG><\/P> <P>Em 2006 \u2013&nbsp; Zappa (PMDB), Unaldo Santos (sem partido) e Paulo Carvalho (PL)<\/P> <P>Em 2007 \u2013 Francisco Barros (PMDB), Ulisses Correa (PT) e Jos\u00e9 Carlos Dalan (PSOL)<\/P> <P><STRONG>Comiss\u00e3o T\u00e9cnica Permanente de Seguran\u00e7a P\u00fablica<\/STRONG><\/P> <P>Em 2006 \u2013 Francisco Barros (PMDB), Toninho Raimundo (PV) e Ulisses Correa (PT)<\/P> <P>Em 2007 \u2013 Zappa (PMDB), Francisco Barros (PMDB) e Toninho Magalh\u00e3es Filho (PMDB)<\/P> <P><STRONG>Comiss\u00e3o T\u00e9cnica Permanente de \u00c9tica e Decoro Parlamentar<\/STRONG><\/P> <P>Em 2006 \u2013 Ricardo Rui (PPS), Edson Albert\u00e3o (PSOL) e Francisco Barros (PMDB)<\/P> <P>Em 2007 \u2013 Ricardo Rui (PPS), Edson Albert\u00e3o (PSOL) e Edm\u00edlson Americano (PHS)<\/P> <P><STRONG>Comiss\u00e3o T\u00e9cnica Permanente de Defesa do Meio Ambiente e da Qualidade de Vida<\/STRONG><\/P> <P>Em 2006 \u2013 Gileno (PSL), Luiza Cordeiro (PC do B) e Silvana Mesquita (PV)<\/P> <P>Em 2007 \u2013 Gileno (PSL), Luiza Cordeiro (PC do B) e Silvana Mesquita (PV)<\/P> <P><STRONG>Comiss\u00e3o T\u00e9cnica Permanente de Desenvolvimento Urbano e Econ\u00f4mico<\/STRONG><\/P> <P>Em 2006 \u2013 Marcelo Albuquerque (PRB), Jonas Dias (PT) e Gileno (PSL)<\/P> <P>Em 2007 \u2013 Edson David (PTB), Edson Albert\u00e3o (PSOL) e Toninho Magalh\u00e3es Filho (PMDB)<\/P> <P><STRONG>Comiss\u00e3o T\u00e9cnica Permanente de Finan\u00e7as e Or\u00e7amento<\/STRONG><\/P> <P>Em 2006 \u2013 Auriel Brito (PT), Paulo Carvalho (PL) e Silvana Mesquita (PV)<\/P> <P>Em 2007 \u2013 Auriel Brito (PT), Paulo Roberto Cecchinato (PP) e Silvana Mesquita (PV)<\/P> <P><STRONG>Comiss\u00e3o T\u00e9cnica Permanente de Justi\u00e7a e Reda\u00e7\u00e3o<\/STRONG><\/P> <P>Em 2006 \u2013 Alencar Santana (PT), Zappa (PMDB) e Toninho Raimundo (PV)<\/P> <P>Em 2007 \u2013 Alencar Santana (PT), Unaldo Santos (sem partido) e Gilberto Penido (PL)<\/P> <P><STRONG>Comiss\u00e3o T\u00e9cnica Permanente de Obras e Servi\u00e7os P\u00fablicos<\/STRONG><\/P> <P>Em 2006 \u2013 Geraldo Celestino (PSDB), Auriel Brito (PT) e Francisco Barros (PSL)<\/P> <P>Em 2007 \u2013 Geraldo Celestino (PSDB), Ad\u00edlson Valente (sem partido) e Francisco Bod\u00e3o (PMN)<\/P> <P><STRONG>Comiss\u00e3o T\u00e9cnica Permanente de Tr\u00e2nsito e Transportes<\/STRONG><\/P> <P>Em 2006 \u2013 Edm\u00edlson Americano (PHS), Auriel Brito (PT) e Dudu (PL)<\/P> <P>Em 2007 \u2013 Edm\u00edlson Americano (PHS), Geraldo Celestino (PSDB) e Dudu (PL)<\/P> <P>&nbsp;<\/P><\/p>\n","protected":false},"excerpt":{"rendered":"Depois de muita briga \u2013 a portas fechadas \u2013 entre situa\u00e7\u00e3o e oposi\u00e7\u00e3o, as 13 Comiss\u00f5es T\u00e9cnicas Permanentes da C\u00e2mara foram definidas A \n<a class=\"moretag\" href=\"https:\/\/www.aceguarulhos.com.br\/blog\/c%c3%a2mara-comiss%c3%b5es-definidas-em-dia-sem-sess%c3%a3o\/\"> [...]<\/a>","protected":false},"author":8,"featured_media":0,"comment_status":"open","ping_status":"open","sticky":false,"template":"","format":"standard","meta":{"footnotes":""},"categories":[2],"tags":[],"class_list":["post-31147","post","type-post","status-publish","format-standard","hentry","category-noticias"],"yoast_head":"<!-- This site is optimized with the Yoast SEO plugin v28.1 - https:\/\/yoast.com\/product\/yoast-seo-wordpress\/ -->\n<title>C\u00e2mara: Comiss\u00f5es definidas em dia sem sess\u00e3o - ACE-Guarulhos<\/title>\n<meta name=\"robots\" content=\"index, follow, max-snippet:-1, max-image-preview:large, max-video-preview:-1\" \/>\n<link rel=\"canonical\" href=\"https:\/\/www.aceguarulhos.com.br\/blog\/c\u00e2mara-comiss\u00f5es-definidas-em-dia-sem-sess\u00e3o\/\" \/>\n<meta property=\"og:locale\" content=\"pt_BR\" \/>\n<meta property=\"og:type\" content=\"article\" \/>\n<meta property=\"og:title\" content=\"C\u00e2mara: Comiss\u00f5es definidas em dia sem sess\u00e3o - ACE-Guarulhos\" \/>\n<meta property=\"og:description\" content=\"Depois de muita briga \u2013 a portas fechadas \u2013 entre situa\u00e7\u00e3o e oposi\u00e7\u00e3o, as 13 Comiss\u00f5es T\u00e9cnicas Permanentes da C\u00e2mara foram definidas A\" \/>\n<meta property=\"og:url\" content=\"https:\/\/www.aceguarulhos.com.br\/blog\/c\u00e2mara-comiss\u00f5es-definidas-em-dia-sem-sess\u00e3o\/\" \/>\n<meta property=\"og:site_name\" content=\"ACE-Guarulhos\" \/>\n<meta property=\"article:publisher\" content=\"https:\/\/www.facebook.com\/aceguarulhos\/\" \/>\n<meta property=\"article:published_time\" content=\"2007-02-08T01:07:22+00:00\" \/>\n<meta name=\"author\" content=\"Assessoria de Imprensa ACE-Guarulhos\" \/>\n<meta name=\"twitter:card\" content=\"summary_large_image\" \/>\n<meta name=\"twitter:label1\" content=\"Escrito por\" \/>\n\t<meta name=\"twitter:data1\" content=\"Assessoria de Imprensa ACE-Guarulhos\" \/>\n\t<meta name=\"twitter:label2\" content=\"Est. tempo de leitura\" \/>\n\t<meta name=\"twitter:data2\" content=\"4 minutos\" \/>\n<script type=\"application\/ld+json\" class=\"yoast-schema-graph\">{\"@context\":\"https:\\\/\\\/schema.org\",\"@graph\":[{\"@type\":\"Article\",\"@id\":\"https:\\\/\\\/www.aceguarulhos.com.br\\\/blog\\\/c%c3%a2mara-comiss%c3%b5es-definidas-em-dia-sem-sess%c3%a3o\\\/#article\",\"isPartOf\":{\"@id\":\"https:\\\/\\\/www.aceguarulhos.com.br\\\/blog\\\/c%c3%a2mara-comiss%c3%b5es-definidas-em-dia-sem-sess%c3%a3o\\\/\"},\"author\":{\"name\":\"Assessoria de Imprensa ACE-Guarulhos\",\"@id\":\"https:\\\/\\\/www.aceguarulhos.com.br\\\/blog\\\/#\\\/schema\\\/person\\\/6983b51bad37489989e4f09698c26237\"},\"headline\":\"C\u00e2mara: Comiss\u00f5es definidas em dia sem sess\u00e3o\",\"datePublished\":\"2007-02-08T01:07:22+00:00\",\"mainEntityOfPage\":{\"@id\":\"https:\\\/\\\/www.aceguarulhos.com.br\\\/blog\\\/c%c3%a2mara-comiss%c3%b5es-definidas-em-dia-sem-sess%c3%a3o\\\/\"},\"wordCount\":755,\"commentCount\":0,\"publisher\":{\"@id\":\"https:\\\/\\\/www.aceguarulhos.com.br\\\/blog\\\/#organization\"},\"articleSection\":[\"Not\u00edcias\"],\"inLanguage\":\"pt-BR\"},{\"@type\":\"WebPage\",\"@id\":\"https:\\\/\\\/www.aceguarulhos.com.br\\\/blog\\\/c%c3%a2mara-comiss%c3%b5es-definidas-em-dia-sem-sess%c3%a3o\\\/\",\"url\":\"https:\\\/\\\/www.aceguarulhos.com.br\\\/blog\\\/c%c3%a2mara-comiss%c3%b5es-definidas-em-dia-sem-sess%c3%a3o\\\/\",\"name\":\"C\u00e2mara: Comiss\u00f5es definidas em dia sem sess\u00e3o - ACE-Guarulhos\",\"isPartOf\":{\"@id\":\"https:\\\/\\\/www.aceguarulhos.com.br\\\/blog\\\/#website\"},\"datePublished\":\"2007-02-08T01:07:22+00:00\",\"breadcrumb\":{\"@id\":\"https:\\\/\\\/www.aceguarulhos.com.br\\\/blog\\\/c%c3%a2mara-comiss%c3%b5es-definidas-em-dia-sem-sess%c3%a3o\\\/#breadcrumb\"},\"inLanguage\":\"pt-BR\",\"potentialAction\":[{\"@type\":\"ReadAction\",\"target\":[\"https:\\\/\\\/www.aceguarulhos.com.br\\\/blog\\\/c%c3%a2mara-comiss%c3%b5es-definidas-em-dia-sem-sess%c3%a3o\\\/\"]}]},{\"@type\":\"BreadcrumbList\",\"@id\":\"https:\\\/\\\/www.aceguarulhos.com.br\\\/blog\\\/c%c3%a2mara-comiss%c3%b5es-definidas-em-dia-sem-sess%c3%a3o\\\/#breadcrumb\",\"itemListElement\":[{\"@type\":\"ListItem\",\"position\":1,\"name\":\"In\u00edcio\",\"item\":\"https:\\\/\\\/www.aceguarulhos.com.br\\\/blog\\\/\"},{\"@type\":\"ListItem\",\"position\":2,\"name\":\"C\u00e2mara: Comiss\u00f5es definidas em dia sem sess\u00e3o\"}]},{\"@type\":\"WebSite\",\"@id\":\"https:\\\/\\\/www.aceguarulhos.com.br\\\/blog\\\/#website\",\"url\":\"https:\\\/\\\/www.aceguarulhos.com.br\\\/blog\\\/\",\"name\":\"ACE-Guarulhos\",\"description\":\"A ACE-Guarulhos \u00e9 uma associa\u00e7\u00e3o que ap\u00f3ia os empres\u00e1rios guarulhenses atrav\u00e9s da representa\u00e7\u00e3o, da gera\u00e7\u00e3o de neg\u00f3cios e presta\u00e7\u00e3o de servi\u00e7os.\",\"publisher\":{\"@id\":\"https:\\\/\\\/www.aceguarulhos.com.br\\\/blog\\\/#organization\"},\"potentialAction\":[{\"@type\":\"SearchAction\",\"target\":{\"@type\":\"EntryPoint\",\"urlTemplate\":\"https:\\\/\\\/www.aceguarulhos.com.br\\\/blog\\\/?s={search_term_string}\"},\"query-input\":{\"@type\":\"PropertyValueSpecification\",\"valueRequired\":true,\"valueName\":\"search_term_string\"}}],\"inLanguage\":\"pt-BR\"},{\"@type\":\"Organization\",\"@id\":\"https:\\\/\\\/www.aceguarulhos.com.br\\\/blog\\\/#organization\",\"name\":\"ACE-Guarulhos\",\"url\":\"https:\\\/\\\/www.aceguarulhos.com.br\\\/blog\\\/\",\"logo\":{\"@type\":\"ImageObject\",\"inLanguage\":\"pt-BR\",\"@id\":\"https:\\\/\\\/www.aceguarulhos.com.br\\\/blog\\\/#\\\/schema\\\/logo\\\/image\\\/\",\"url\":\"https:\\\/\\\/www.aceguarulhos.com.br\\\/blog\\\/wp-content\\\/uploads\\\/2017\\\/12\\\/logo-aceguarulhos-2018.png\",\"contentUrl\":\"https:\\\/\\\/www.aceguarulhos.com.br\\\/blog\\\/wp-content\\\/uploads\\\/2017\\\/12\\\/logo-aceguarulhos-2018.png\",\"width\":419,\"height\":76,\"caption\":\"ACE-Guarulhos\"},\"image\":{\"@id\":\"https:\\\/\\\/www.aceguarulhos.com.br\\\/blog\\\/#\\\/schema\\\/logo\\\/image\\\/\"},\"sameAs\":[\"https:\\\/\\\/www.facebook.com\\\/aceguarulhos\\\/\",\"https:\\\/\\\/br.linkedin.com\\\/in\\\/ace-guarulhos-b9a97093\",\"https:\\\/\\\/www.youtube.com\\\/user\\\/aceguarulhos\"]},{\"@type\":\"Person\",\"@id\":\"https:\\\/\\\/www.aceguarulhos.com.br\\\/blog\\\/#\\\/schema\\\/person\\\/6983b51bad37489989e4f09698c26237\",\"name\":\"Assessoria de Imprensa ACE-Guarulhos\",\"image\":{\"@type\":\"ImageObject\",\"inLanguage\":\"pt-BR\",\"@id\":\"https:\\\/\\\/secure.gravatar.com\\\/avatar\\\/707f3fadd6918afeb64173ab22d8a8cb0676953098a4f31ff36dc2b4c699ef6a?s=96&d=mm&r=g\",\"url\":\"https:\\\/\\\/secure.gravatar.com\\\/avatar\\\/707f3fadd6918afeb64173ab22d8a8cb0676953098a4f31ff36dc2b4c699ef6a?s=96&d=mm&r=g\",\"contentUrl\":\"https:\\\/\\\/secure.gravatar.com\\\/avatar\\\/707f3fadd6918afeb64173ab22d8a8cb0676953098a4f31ff36dc2b4c699ef6a?s=96&d=mm&r=g\",\"caption\":\"Assessoria de Imprensa ACE-Guarulhos\"},\"url\":\"https:\\\/\\\/www.aceguarulhos.com.br\\\/blog\\\/author\\\/assessoria-de-imprensa-ace-guarulhos\\\/\"}]}<\/script>\n<!-- \/ Yoast SEO plugin. -->","yoast_head_json":{"title":"C\u00e2mara: Comiss\u00f5es definidas em dia sem sess\u00e3o - ACE-Guarulhos","robots":{"index":"index","follow":"follow","max-snippet":"max-snippet:-1","max-image-preview":"max-image-preview:large","max-video-preview":"max-video-preview:-1"},"canonical":"https:\/\/www.aceguarulhos.com.br\/blog\/c\u00e2mara-comiss\u00f5es-definidas-em-dia-sem-sess\u00e3o\/","og_locale":"pt_BR","og_type":"article","og_title":"C\u00e2mara: Comiss\u00f5es definidas em dia sem sess\u00e3o - ACE-Guarulhos","og_description":"Depois de muita briga \u2013 a portas fechadas \u2013 entre situa\u00e7\u00e3o e oposi\u00e7\u00e3o, as 13 Comiss\u00f5es T\u00e9cnicas Permanentes da C\u00e2mara foram definidas A","og_url":"https:\/\/www.aceguarulhos.com.br\/blog\/c\u00e2mara-comiss\u00f5es-definidas-em-dia-sem-sess\u00e3o\/","og_site_name":"ACE-Guarulhos","article_publisher":"https:\/\/www.facebook.com\/aceguarulhos\/","article_published_time":"2007-02-08T01:07:22+00:00","author":"Assessoria de Imprensa ACE-Guarulhos","twitter_card":"summary_large_image","twitter_misc":{"Escrito por":"Assessoria de Imprensa ACE-Guarulhos","Est. tempo de leitura":"4 minutos"},"schema":{"@context":"https:\/\/schema.org","@graph":[{"@type":"Article","@id":"https:\/\/www.aceguarulhos.com.br\/blog\/c%c3%a2mara-comiss%c3%b5es-definidas-em-dia-sem-sess%c3%a3o\/#article","isPartOf":{"@id":"https:\/\/www.aceguarulhos.com.br\/blog\/c%c3%a2mara-comiss%c3%b5es-definidas-em-dia-sem-sess%c3%a3o\/"},"author":{"name":"Assessoria de Imprensa ACE-Guarulhos","@id":"https:\/\/www.aceguarulhos.com.br\/blog\/#\/schema\/person\/6983b51bad37489989e4f09698c26237"},"headline":"C\u00e2mara: Comiss\u00f5es definidas em dia sem sess\u00e3o","datePublished":"2007-02-08T01:07:22+00:00","mainEntityOfPage":{"@id":"https:\/\/www.aceguarulhos.com.br\/blog\/c%c3%a2mara-comiss%c3%b5es-definidas-em-dia-sem-sess%c3%a3o\/"},"wordCount":755,"commentCount":0,"publisher":{"@id":"https:\/\/www.aceguarulhos.com.br\/blog\/#organization"},"articleSection":["Not\u00edcias"],"inLanguage":"pt-BR"},{"@type":"WebPage","@id":"https:\/\/www.aceguarulhos.com.br\/blog\/c%c3%a2mara-comiss%c3%b5es-definidas-em-dia-sem-sess%c3%a3o\/","url":"https:\/\/www.aceguarulhos.com.br\/blog\/c%c3%a2mara-comiss%c3%b5es-definidas-em-dia-sem-sess%c3%a3o\/","name":"C\u00e2mara: Comiss\u00f5es definidas em dia sem sess\u00e3o - ACE-Guarulhos","isPartOf":{"@id":"https:\/\/www.aceguarulhos.com.br\/blog\/#website"},"datePublished":"2007-02-08T01:07:22+00:00","breadcrumb":{"@id":"https:\/\/www.aceguarulhos.com.br\/blog\/c%c3%a2mara-comiss%c3%b5es-definidas-em-dia-sem-sess%c3%a3o\/#breadcrumb"},"inLanguage":"pt-BR","potentialAction":[{"@type":"ReadAction","target":["https:\/\/www.aceguarulhos.com.br\/blog\/c%c3%a2mara-comiss%c3%b5es-definidas-em-dia-sem-sess%c3%a3o\/"]}]},{"@type":"BreadcrumbList","@id":"https:\/\/www.aceguarulhos.com.br\/blog\/c%c3%a2mara-comiss%c3%b5es-definidas-em-dia-sem-sess%c3%a3o\/#breadcrumb","itemListElement":[{"@type":"ListItem","position":1,"name":"In\u00edcio","item":"https:\/\/www.aceguarulhos.com.br\/blog\/"},{"@type":"ListItem","position":2,"name":"C\u00e2mara: Comiss\u00f5es definidas em dia sem sess\u00e3o"}]},{"@type":"WebSite","@id":"https:\/\/www.aceguarulhos.com.br\/blog\/#website","url":"https:\/\/www.aceguarulhos.com.br\/blog\/","name":"ACE-Guarulhos","description":"A ACE-Guarulhos \u00e9 uma associa\u00e7\u00e3o que ap\u00f3ia os empres\u00e1rios guarulhenses atrav\u00e9s da representa\u00e7\u00e3o, da gera\u00e7\u00e3o de neg\u00f3cios e presta\u00e7\u00e3o de servi\u00e7os.","publisher":{"@id":"https:\/\/www.aceguarulhos.com.br\/blog\/#organization"},"potentialAction":[{"@type":"SearchAction","target":{"@type":"EntryPoint","urlTemplate":"https:\/\/www.aceguarulhos.com.br\/blog\/?s={search_term_string}"},"query-input":{"@type":"PropertyValueSpecification","valueRequired":true,"valueName":"search_term_string"}}],"inLanguage":"pt-BR"},{"@type":"Organization","@id":"https:\/\/www.aceguarulhos.com.br\/blog\/#organization","name":"ACE-Guarulhos","url":"https:\/\/www.aceguarulhos.com.br\/blog\/","logo":{"@type":"ImageObject","inLanguage":"pt-BR","@id":"https:\/\/www.aceguarulhos.com.br\/blog\/#\/schema\/logo\/image\/","url":"https:\/\/www.aceguarulhos.com.br\/blog\/wp-content\/uploads\/2017\/12\/logo-aceguarulhos-2018.png","contentUrl":"https:\/\/www.aceguarulhos.com.br\/blog\/wp-content\/uploads\/2017\/12\/logo-aceguarulhos-2018.png","width":419,"height":76,"caption":"ACE-Guarulhos"},"image":{"@id":"https:\/\/www.aceguarulhos.com.br\/blog\/#\/schema\/logo\/image\/"},"sameAs":["https:\/\/www.facebook.com\/aceguarulhos\/","https:\/\/br.linkedin.com\/in\/ace-guarulhos-b9a97093","https:\/\/www.youtube.com\/user\/aceguarulhos"]},{"@type":"Person","@id":"https:\/\/www.aceguarulhos.com.br\/blog\/#\/schema\/person\/6983b51bad37489989e4f09698c26237","name":"Assessoria de Imprensa ACE-Guarulhos","image":{"@type":"ImageObject","inLanguage":"pt-BR","@id":"https:\/\/secure.gravatar.com\/avatar\/707f3fadd6918afeb64173ab22d8a8cb0676953098a4f31ff36dc2b4c699ef6a?s=96&d=mm&r=g","url":"https:\/\/secure.gravatar.com\/avatar\/707f3fadd6918afeb64173ab22d8a8cb0676953098a4f31ff36dc2b4c699ef6a?s=96&d=mm&r=g","contentUrl":"https:\/\/secure.gravatar.com\/avatar\/707f3fadd6918afeb64173ab22d8a8cb0676953098a4f31ff36dc2b4c699ef6a?s=96&d=mm&r=g","caption":"Assessoria de Imprensa ACE-Guarulhos"},"url":"https:\/\/www.aceguarulhos.com.br\/blog\/author\/assessoria-de-imprensa-ace-guarulhos\/"}]}},"wps_subtitle":"","amp_enabled":true,"_links":{"self":[{"href":"https:\/\/www.aceguarulhos.com.br\/blog\/wp-json\/wp\/v2\/posts\/31147","targetHints":{"allow":["GET"]}}],"collection":[{"href":"https:\/\/www.aceguarulhos.com.br\/blog\/wp-json\/wp\/v2\/posts"}],"about":[{"href":"https:\/\/www.aceguarulhos.com.br\/blog\/wp-json\/wp\/v2\/types\/post"}],"author":[{"embeddable":true,"href":"https:\/\/www.aceguarulhos.com.br\/blog\/wp-json\/wp\/v2\/users\/8"}],"replies":[{"embeddable":true,"href":"https:\/\/www.aceguarulhos.com.br\/blog\/wp-json\/wp\/v2\/comments?post=31147"}],"version-history":[{"count":0,"href":"https:\/\/www.aceguarulhos.com.br\/blog\/wp-json\/wp\/v2\/posts\/31147\/revisions"}],"wp:attachment":[{"href":"https:\/\/www.aceguarulhos.com.br\/blog\/wp-json\/wp\/v2\/media?parent=31147"}],"wp:term":[{"taxonomy":"category","embeddable":true,"href":"https:\/\/www.aceguarulhos.com.br\/blog\/wp-json\/wp\/v2\/categories?post=31147"},{"taxonomy":"post_tag","embeddable":true,"href":"https:\/\/www.aceguarulhos.com.br\/blog\/wp-json\/wp\/v2\/tags?post=31147"}],"curies":[{"name":"wp","href":"https:\/\/api.w.org\/{rel}","templated":true}]}}