{"id":30953,"date":"2007-01-26T10:07:56","date_gmt":"2007-01-26T10:07:56","guid":{"rendered":"http:\/\/www.aceguarulhos.com.br\/blog\/?p=30953"},"modified":"-0001-11-30T00:00:00","modified_gmt":"-0001-11-30T03:00:00","slug":"selic-versus-pac","status":"publish","type":"post","link":"https:\/\/www.aceguarulhos.com.br\/blog\/selic-versus-pac\/","title":{"rendered":"Selic versus PAC"},"content":{"rendered":"<p><P>A decis\u00e3o do Comit\u00ea de Pol\u00edtica Monet\u00e1ria (Copom) de diminuir o ritmo da queda da taxa b\u00e1sica de juros (Selic) dividiu o mercado e integrantes do governo. A redu\u00e7\u00e3o de apenas 0,25 ponto percentual na taxa, que passou de 13,25% para 13% ao ano, fez renascerem d\u00favidas sobre a sintonia entre o presidente do Banco Central e o ministro da Fazenda e levantou questionamentos sobre o Programa de Acelera\u00e7\u00e3o do Crescimento (PAC), anunciado na \u00faltima segunda-feira e que prev\u00ea uma pol\u00edtica que vai na contram\u00e3o de juros altos. O ministro de Rela\u00e7\u00f5es Institucionais, Tarso Genro, saiu em defesa da decis\u00e3o do Copom e afirmou que a medida n\u00e3o reverter\u00e1 a expectativa de crescimento econ\u00f4mico. &quot;Isso (queda de 0,25 ponto na Selic) n\u00e3o se contrap\u00f5e ao PAC&#8221;, afirmou. Genro observou que o presidente Lula sempre demonstrou respeito pela &quot;autonomia t\u00e9cnica&quot; do Banco Central e do Copom, mas admitiu que &quot;\u00e9 \u00f3bvio que grande parte da sociedade esperava uma taxa ainda mais reduzida.&quot; Ele acrescentou que Lula n\u00e3o &quot;politizou&quot; a quest\u00e3o da taxa de juros e destacou que a decis\u00e3o do comit\u00ea n\u00e3o ter\u00e1 impacto nas expectativas dos que defendem o PAC. &quot;At\u00e9 podemos achar que (o crescimento) ser\u00e1 em ritmo menor, porque a sociedade brasileira esperava um decl\u00ednio maior dos juros.&quot; <STRONG>Problema &#8211;<\/STRONG> Se o ministro Genro n\u00e3o v\u00ea contraponto entre a decis\u00e3o do Copom e o PAC, a iniciativa privada v\u00ea. O diretor do Departamento de Economia do Centro das Ind\u00fastrias do Estado de S\u00e3o Paulo (Ciesp), Boris Tabacof, acredita que o Banco Central come\u00e7ou 2007 com um &quot;instigante problema nas m\u00e3os&#8221;. De um lado, disse, o descompasso entre o ritmo de vendas do com\u00e9rcio e o lento avan\u00e7o da produ\u00e7\u00e3o industrial poderia servir de argumento para redu\u00e7\u00e3o na velocidade de queda da Selic. De outro, o an\u00fancio do PAC e as expectativas positivas para a infla\u00e7\u00e3o em 2007, que aumentaram as apostas em uma queda de 0,5 ponto. &quot;\u00c9 decepcionante a decis\u00e3o de reduzir a Selic em apenas 0,25 ponto percentual&#8221;, afirmou. A Associa\u00e7\u00e3o Comercial de S\u00e3o Paulo (ACSP) tamb\u00e9m criticou a pequena queda da Selic. &quot;Lamentamos que o Banco Central retire o pouco otimismo do mercado, uma vez que, h\u00e1 t\u00e3o pouco tempo, o governo anunciou um plano para acelerar o crescimento&#8221;, disse o presidente da ACSP e secret\u00e1rio estadual do Emprego e Rela\u00e7\u00f5es do Trabalho, Guilherme Afif Domingos. <STRONG>Parada estrat\u00e9gica &#8211;<\/STRONG> Ao contr\u00e1rio da maior parte dos analistas, o economista-chefe da Austin Rating, Alex Agostini, acredita que o Copom agiu com &quot;maior parcim\u00f4nia&quot; e sinalizou uma parada t\u00e9cnica dos cortes da Selic. Para ele, a taxa ficar\u00e1 em 13% ao menos at\u00e9 junho ou julho, per\u00edodo em que o comit\u00ea passa a mirar a infla\u00e7\u00e3o de 2008 e poder\u00e1 retomar o ciclo de queda dos juros, devendo levar a taxa a encerrar 2007 em 12% ao ano. Agostini lembrou que o PAC prev\u00ea aumento dos gastos fiscais no curto e m\u00e9dio prazos. &quot;Isso deve agu\u00e7ar o perfil conservador do Copom.&quot; <BR><\/P><\/p>\n","protected":false},"excerpt":{"rendered":"A decis\u00e3o do Comit\u00ea de Pol\u00edtica Monet\u00e1ria (Copom) de diminuir o ritmo da queda da taxa b\u00e1sica de juros (Selic) dividiu o mercado \n<a class=\"moretag\" href=\"https:\/\/www.aceguarulhos.com.br\/blog\/selic-versus-pac\/\"> [...]<\/a>","protected":false},"author":8,"featured_media":0,"comment_status":"open","ping_status":"open","sticky":false,"template":"","format":"standard","meta":{"footnotes":""},"categories":[2],"tags":[],"class_list":["post-30953","post","type-post","status-publish","format-standard","hentry","category-noticias"],"yoast_head":"<!-- This site is optimized with the Yoast SEO plugin v28.1 - https:\/\/yoast.com\/product\/yoast-seo-wordpress\/ -->\n<title>Selic versus PAC  - ACE-Guarulhos<\/title>\n<meta name=\"robots\" content=\"index, follow, max-snippet:-1, max-image-preview:large, max-video-preview:-1\" \/>\n<link rel=\"canonical\" href=\"https:\/\/www.aceguarulhos.com.br\/blog\/selic-versus-pac\/\" \/>\n<meta property=\"og:locale\" content=\"pt_BR\" \/>\n<meta property=\"og:type\" content=\"article\" \/>\n<meta property=\"og:title\" content=\"Selic versus PAC  - ACE-Guarulhos\" \/>\n<meta property=\"og:description\" content=\"A decis\u00e3o do Comit\u00ea de Pol\u00edtica Monet\u00e1ria (Copom) de diminuir o ritmo da queda da taxa b\u00e1sica de juros (Selic) dividiu o mercado\" \/>\n<meta property=\"og:url\" content=\"https:\/\/www.aceguarulhos.com.br\/blog\/selic-versus-pac\/\" \/>\n<meta property=\"og:site_name\" content=\"ACE-Guarulhos\" \/>\n<meta property=\"article:publisher\" content=\"https:\/\/www.facebook.com\/aceguarulhos\/\" \/>\n<meta property=\"article:published_time\" content=\"2007-01-26T10:07:56+00:00\" \/>\n<meta name=\"author\" content=\"Assessoria de Imprensa ACE-Guarulhos\" \/>\n<meta name=\"twitter:card\" content=\"summary_large_image\" \/>\n<meta name=\"twitter:label1\" content=\"Escrito por\" \/>\n\t<meta name=\"twitter:data1\" content=\"Assessoria de Imprensa ACE-Guarulhos\" \/>\n\t<meta name=\"twitter:label2\" content=\"Est. tempo de leitura\" \/>\n\t<meta name=\"twitter:data2\" content=\"3 minutos\" \/>\n<script type=\"application\/ld+json\" class=\"yoast-schema-graph\">{\"@context\":\"https:\\\/\\\/schema.org\",\"@graph\":[{\"@type\":\"Article\",\"@id\":\"https:\\\/\\\/www.aceguarulhos.com.br\\\/blog\\\/selic-versus-pac\\\/#article\",\"isPartOf\":{\"@id\":\"https:\\\/\\\/www.aceguarulhos.com.br\\\/blog\\\/selic-versus-pac\\\/\"},\"author\":{\"name\":\"Assessoria de Imprensa ACE-Guarulhos\",\"@id\":\"https:\\\/\\\/www.aceguarulhos.com.br\\\/blog\\\/#\\\/schema\\\/person\\\/6983b51bad37489989e4f09698c26237\"},\"headline\":\"Selic versus PAC\",\"datePublished\":\"2007-01-26T10:07:56+00:00\",\"mainEntityOfPage\":{\"@id\":\"https:\\\/\\\/www.aceguarulhos.com.br\\\/blog\\\/selic-versus-pac\\\/\"},\"wordCount\":546,\"commentCount\":0,\"publisher\":{\"@id\":\"https:\\\/\\\/www.aceguarulhos.com.br\\\/blog\\\/#organization\"},\"articleSection\":[\"Not\u00edcias\"],\"inLanguage\":\"pt-BR\"},{\"@type\":\"WebPage\",\"@id\":\"https:\\\/\\\/www.aceguarulhos.com.br\\\/blog\\\/selic-versus-pac\\\/\",\"url\":\"https:\\\/\\\/www.aceguarulhos.com.br\\\/blog\\\/selic-versus-pac\\\/\",\"name\":\"Selic versus PAC - ACE-Guarulhos\",\"isPartOf\":{\"@id\":\"https:\\\/\\\/www.aceguarulhos.com.br\\\/blog\\\/#website\"},\"datePublished\":\"2007-01-26T10:07:56+00:00\",\"breadcrumb\":{\"@id\":\"https:\\\/\\\/www.aceguarulhos.com.br\\\/blog\\\/selic-versus-pac\\\/#breadcrumb\"},\"inLanguage\":\"pt-BR\",\"potentialAction\":[{\"@type\":\"ReadAction\",\"target\":[\"https:\\\/\\\/www.aceguarulhos.com.br\\\/blog\\\/selic-versus-pac\\\/\"]}]},{\"@type\":\"BreadcrumbList\",\"@id\":\"https:\\\/\\\/www.aceguarulhos.com.br\\\/blog\\\/selic-versus-pac\\\/#breadcrumb\",\"itemListElement\":[{\"@type\":\"ListItem\",\"position\":1,\"name\":\"In\u00edcio\",\"item\":\"https:\\\/\\\/www.aceguarulhos.com.br\\\/blog\\\/\"},{\"@type\":\"ListItem\",\"position\":2,\"name\":\"Selic versus PAC\"}]},{\"@type\":\"WebSite\",\"@id\":\"https:\\\/\\\/www.aceguarulhos.com.br\\\/blog\\\/#website\",\"url\":\"https:\\\/\\\/www.aceguarulhos.com.br\\\/blog\\\/\",\"name\":\"ACE-Guarulhos\",\"description\":\"A ACE-Guarulhos \u00e9 uma associa\u00e7\u00e3o que ap\u00f3ia os empres\u00e1rios guarulhenses atrav\u00e9s da representa\u00e7\u00e3o, da gera\u00e7\u00e3o de neg\u00f3cios e presta\u00e7\u00e3o de servi\u00e7os.\",\"publisher\":{\"@id\":\"https:\\\/\\\/www.aceguarulhos.com.br\\\/blog\\\/#organization\"},\"potentialAction\":[{\"@type\":\"SearchAction\",\"target\":{\"@type\":\"EntryPoint\",\"urlTemplate\":\"https:\\\/\\\/www.aceguarulhos.com.br\\\/blog\\\/?s={search_term_string}\"},\"query-input\":{\"@type\":\"PropertyValueSpecification\",\"valueRequired\":true,\"valueName\":\"search_term_string\"}}],\"inLanguage\":\"pt-BR\"},{\"@type\":\"Organization\",\"@id\":\"https:\\\/\\\/www.aceguarulhos.com.br\\\/blog\\\/#organization\",\"name\":\"ACE-Guarulhos\",\"url\":\"https:\\\/\\\/www.aceguarulhos.com.br\\\/blog\\\/\",\"logo\":{\"@type\":\"ImageObject\",\"inLanguage\":\"pt-BR\",\"@id\":\"https:\\\/\\\/www.aceguarulhos.com.br\\\/blog\\\/#\\\/schema\\\/logo\\\/image\\\/\",\"url\":\"https:\\\/\\\/www.aceguarulhos.com.br\\\/blog\\\/wp-content\\\/uploads\\\/2017\\\/12\\\/logo-aceguarulhos-2018.png\",\"contentUrl\":\"https:\\\/\\\/www.aceguarulhos.com.br\\\/blog\\\/wp-content\\\/uploads\\\/2017\\\/12\\\/logo-aceguarulhos-2018.png\",\"width\":419,\"height\":76,\"caption\":\"ACE-Guarulhos\"},\"image\":{\"@id\":\"https:\\\/\\\/www.aceguarulhos.com.br\\\/blog\\\/#\\\/schema\\\/logo\\\/image\\\/\"},\"sameAs\":[\"https:\\\/\\\/www.facebook.com\\\/aceguarulhos\\\/\",\"https:\\\/\\\/br.linkedin.com\\\/in\\\/ace-guarulhos-b9a97093\",\"https:\\\/\\\/www.youtube.com\\\/user\\\/aceguarulhos\"]},{\"@type\":\"Person\",\"@id\":\"https:\\\/\\\/www.aceguarulhos.com.br\\\/blog\\\/#\\\/schema\\\/person\\\/6983b51bad37489989e4f09698c26237\",\"name\":\"Assessoria de Imprensa ACE-Guarulhos\",\"image\":{\"@type\":\"ImageObject\",\"inLanguage\":\"pt-BR\",\"@id\":\"https:\\\/\\\/secure.gravatar.com\\\/avatar\\\/707f3fadd6918afeb64173ab22d8a8cb0676953098a4f31ff36dc2b4c699ef6a?s=96&d=mm&r=g\",\"url\":\"https:\\\/\\\/secure.gravatar.com\\\/avatar\\\/707f3fadd6918afeb64173ab22d8a8cb0676953098a4f31ff36dc2b4c699ef6a?s=96&d=mm&r=g\",\"contentUrl\":\"https:\\\/\\\/secure.gravatar.com\\\/avatar\\\/707f3fadd6918afeb64173ab22d8a8cb0676953098a4f31ff36dc2b4c699ef6a?s=96&d=mm&r=g\",\"caption\":\"Assessoria de Imprensa ACE-Guarulhos\"},\"url\":\"https:\\\/\\\/www.aceguarulhos.com.br\\\/blog\\\/author\\\/assessoria-de-imprensa-ace-guarulhos\\\/\"}]}<\/script>\n<!-- \/ Yoast SEO plugin. -->","yoast_head_json":{"title":"Selic versus PAC  - ACE-Guarulhos","robots":{"index":"index","follow":"follow","max-snippet":"max-snippet:-1","max-image-preview":"max-image-preview:large","max-video-preview":"max-video-preview:-1"},"canonical":"https:\/\/www.aceguarulhos.com.br\/blog\/selic-versus-pac\/","og_locale":"pt_BR","og_type":"article","og_title":"Selic versus PAC  - ACE-Guarulhos","og_description":"A decis\u00e3o do Comit\u00ea de Pol\u00edtica Monet\u00e1ria (Copom) de diminuir o ritmo da queda da taxa b\u00e1sica de juros (Selic) dividiu o mercado","og_url":"https:\/\/www.aceguarulhos.com.br\/blog\/selic-versus-pac\/","og_site_name":"ACE-Guarulhos","article_publisher":"https:\/\/www.facebook.com\/aceguarulhos\/","article_published_time":"2007-01-26T10:07:56+00:00","author":"Assessoria de Imprensa ACE-Guarulhos","twitter_card":"summary_large_image","twitter_misc":{"Escrito por":"Assessoria de Imprensa ACE-Guarulhos","Est. tempo de leitura":"3 minutos"},"schema":{"@context":"https:\/\/schema.org","@graph":[{"@type":"Article","@id":"https:\/\/www.aceguarulhos.com.br\/blog\/selic-versus-pac\/#article","isPartOf":{"@id":"https:\/\/www.aceguarulhos.com.br\/blog\/selic-versus-pac\/"},"author":{"name":"Assessoria de Imprensa ACE-Guarulhos","@id":"https:\/\/www.aceguarulhos.com.br\/blog\/#\/schema\/person\/6983b51bad37489989e4f09698c26237"},"headline":"Selic versus PAC","datePublished":"2007-01-26T10:07:56+00:00","mainEntityOfPage":{"@id":"https:\/\/www.aceguarulhos.com.br\/blog\/selic-versus-pac\/"},"wordCount":546,"commentCount":0,"publisher":{"@id":"https:\/\/www.aceguarulhos.com.br\/blog\/#organization"},"articleSection":["Not\u00edcias"],"inLanguage":"pt-BR"},{"@type":"WebPage","@id":"https:\/\/www.aceguarulhos.com.br\/blog\/selic-versus-pac\/","url":"https:\/\/www.aceguarulhos.com.br\/blog\/selic-versus-pac\/","name":"Selic versus PAC - ACE-Guarulhos","isPartOf":{"@id":"https:\/\/www.aceguarulhos.com.br\/blog\/#website"},"datePublished":"2007-01-26T10:07:56+00:00","breadcrumb":{"@id":"https:\/\/www.aceguarulhos.com.br\/blog\/selic-versus-pac\/#breadcrumb"},"inLanguage":"pt-BR","potentialAction":[{"@type":"ReadAction","target":["https:\/\/www.aceguarulhos.com.br\/blog\/selic-versus-pac\/"]}]},{"@type":"BreadcrumbList","@id":"https:\/\/www.aceguarulhos.com.br\/blog\/selic-versus-pac\/#breadcrumb","itemListElement":[{"@type":"ListItem","position":1,"name":"In\u00edcio","item":"https:\/\/www.aceguarulhos.com.br\/blog\/"},{"@type":"ListItem","position":2,"name":"Selic versus PAC"}]},{"@type":"WebSite","@id":"https:\/\/www.aceguarulhos.com.br\/blog\/#website","url":"https:\/\/www.aceguarulhos.com.br\/blog\/","name":"ACE-Guarulhos","description":"A ACE-Guarulhos \u00e9 uma associa\u00e7\u00e3o que ap\u00f3ia os empres\u00e1rios guarulhenses atrav\u00e9s da representa\u00e7\u00e3o, da gera\u00e7\u00e3o de neg\u00f3cios e presta\u00e7\u00e3o de servi\u00e7os.","publisher":{"@id":"https:\/\/www.aceguarulhos.com.br\/blog\/#organization"},"potentialAction":[{"@type":"SearchAction","target":{"@type":"EntryPoint","urlTemplate":"https:\/\/www.aceguarulhos.com.br\/blog\/?s={search_term_string}"},"query-input":{"@type":"PropertyValueSpecification","valueRequired":true,"valueName":"search_term_string"}}],"inLanguage":"pt-BR"},{"@type":"Organization","@id":"https:\/\/www.aceguarulhos.com.br\/blog\/#organization","name":"ACE-Guarulhos","url":"https:\/\/www.aceguarulhos.com.br\/blog\/","logo":{"@type":"ImageObject","inLanguage":"pt-BR","@id":"https:\/\/www.aceguarulhos.com.br\/blog\/#\/schema\/logo\/image\/","url":"https:\/\/www.aceguarulhos.com.br\/blog\/wp-content\/uploads\/2017\/12\/logo-aceguarulhos-2018.png","contentUrl":"https:\/\/www.aceguarulhos.com.br\/blog\/wp-content\/uploads\/2017\/12\/logo-aceguarulhos-2018.png","width":419,"height":76,"caption":"ACE-Guarulhos"},"image":{"@id":"https:\/\/www.aceguarulhos.com.br\/blog\/#\/schema\/logo\/image\/"},"sameAs":["https:\/\/www.facebook.com\/aceguarulhos\/","https:\/\/br.linkedin.com\/in\/ace-guarulhos-b9a97093","https:\/\/www.youtube.com\/user\/aceguarulhos"]},{"@type":"Person","@id":"https:\/\/www.aceguarulhos.com.br\/blog\/#\/schema\/person\/6983b51bad37489989e4f09698c26237","name":"Assessoria de Imprensa ACE-Guarulhos","image":{"@type":"ImageObject","inLanguage":"pt-BR","@id":"https:\/\/secure.gravatar.com\/avatar\/707f3fadd6918afeb64173ab22d8a8cb0676953098a4f31ff36dc2b4c699ef6a?s=96&d=mm&r=g","url":"https:\/\/secure.gravatar.com\/avatar\/707f3fadd6918afeb64173ab22d8a8cb0676953098a4f31ff36dc2b4c699ef6a?s=96&d=mm&r=g","contentUrl":"https:\/\/secure.gravatar.com\/avatar\/707f3fadd6918afeb64173ab22d8a8cb0676953098a4f31ff36dc2b4c699ef6a?s=96&d=mm&r=g","caption":"Assessoria de Imprensa ACE-Guarulhos"},"url":"https:\/\/www.aceguarulhos.com.br\/blog\/author\/assessoria-de-imprensa-ace-guarulhos\/"}]}},"wps_subtitle":"","amp_enabled":true,"_links":{"self":[{"href":"https:\/\/www.aceguarulhos.com.br\/blog\/wp-json\/wp\/v2\/posts\/30953","targetHints":{"allow":["GET"]}}],"collection":[{"href":"https:\/\/www.aceguarulhos.com.br\/blog\/wp-json\/wp\/v2\/posts"}],"about":[{"href":"https:\/\/www.aceguarulhos.com.br\/blog\/wp-json\/wp\/v2\/types\/post"}],"author":[{"embeddable":true,"href":"https:\/\/www.aceguarulhos.com.br\/blog\/wp-json\/wp\/v2\/users\/8"}],"replies":[{"embeddable":true,"href":"https:\/\/www.aceguarulhos.com.br\/blog\/wp-json\/wp\/v2\/comments?post=30953"}],"version-history":[{"count":0,"href":"https:\/\/www.aceguarulhos.com.br\/blog\/wp-json\/wp\/v2\/posts\/30953\/revisions"}],"wp:attachment":[{"href":"https:\/\/www.aceguarulhos.com.br\/blog\/wp-json\/wp\/v2\/media?parent=30953"}],"wp:term":[{"taxonomy":"category","embeddable":true,"href":"https:\/\/www.aceguarulhos.com.br\/blog\/wp-json\/wp\/v2\/categories?post=30953"},{"taxonomy":"post_tag","embeddable":true,"href":"https:\/\/www.aceguarulhos.com.br\/blog\/wp-json\/wp\/v2\/tags?post=30953"}],"curies":[{"name":"wp","href":"https:\/\/api.w.org\/{rel}","templated":true}]}}