{"id":30893,"date":"2007-01-17T23:25:50","date_gmt":"2007-01-17T23:25:50","guid":{"rendered":"http:\/\/www.aceguarulhos.com.br\/blog\/?p=30893"},"modified":"-0001-11-30T00:00:00","modified_gmt":"-0001-11-30T03:00:00","slug":"p%c3%a1scoa-f%c3%a1bricas-projetam-aumento-nas-vendas","status":"publish","type":"post","link":"https:\/\/www.aceguarulhos.com.br\/blog\/p%c3%a1scoa-f%c3%a1bricas-projetam-aumento-nas-vendas\/","title":{"rendered":"P\u00e1scoa: f\u00e1bricas projetam aumento nas vendas"},"content":{"rendered":"<p><P>O Carnaval ainda nem chegou e uma parte do varejo aproveita as vendas de artigos de papelaria para a volta \u00e0s aulas, mas a ind\u00fastria e outra parte do com\u00e9rcio j\u00e1 est\u00e3o se preparando para a P\u00e1scoa de 2007. A expectativa \u00e9 de que sejam abertas 48,7 mil vagas de empregos tempor\u00e1rios, com a previs\u00e3o de aumento de at\u00e9 10% na produ\u00e7\u00e3o e nas vendas, mesmo com a eleva\u00e7\u00e3o de 4% a 7% no pre\u00e7o final dos produtos. O ovo de chocolate ficar\u00e1 mais caro devido ao reajuste no pre\u00e7o dos insumos, como a\u00e7\u00facar, leite e cacau. <\/P><P>Segundo a Associa\u00e7\u00e3o Brasileira das Empresas de Servi\u00e7os Terceiriz\u00e1veis e de Trabalho Tempor\u00e1rio (Asserttem), o aumento de vagas para a P\u00e1scoa ser\u00e1 de 5% em rela\u00e7\u00e3o ao ano passado, quando foram criados 46,3 mil postos. S\u00e3o Paulo concentra o maior n\u00famero de vagas (32%), seguido pelo Rio de Janeiro (15%), Rio Grande do Sul (11%), Minas Gerais (8%), Paran\u00e1 (7%), Santa Catarina (5%) e Bahia (5%). <\/P><P>A maioria dos postos \u00e9 para auxiliares de produ\u00e7\u00e3o e expedi\u00e7\u00e3o, repositores e vendedores. O diretor de comunica\u00e7\u00f5es da entidade, Vander Morales, acredita que &#8220;a oferta crescente de cr\u00e9dito ao consumidor e o com\u00e9rcio de produtos de valores mais acess\u00edveis s\u00e3o os principais respons\u00e1veis pelo aumento das contrata\u00e7\u00f5es. Itens mais acess\u00edveis, como os coelhinhos de chocolate, v\u00e3o expandir os pontos de vendas e aumentar a formaliza\u00e7\u00e3o da m\u00e3o de obra&#8221;, afirma. <\/P><P><STRONG>De acordo com a Gelre &#8211;<\/STRONG> Divis\u00e3o de Recrutamento e Sele\u00e7\u00e3o &#8211; 2,5 mil vagas tempor\u00e1rias foram abertas na empresa e dever\u00e3o ser preenchidas at\u00e9 o in\u00edcio de abril. &#8220;A ind\u00fastria contrata at\u00e9 mar\u00e7o. Depois, \u00e9 a vez do com\u00e9rcio&#8221;, explica a gerente de produto efetivo, Sidn\u00e9ia Palhares. Ela diz que o &#8220;boom&#8221; de oportunidades no per\u00edodo da P\u00e1scoa ocorreu em 2003, quando 7 mil vagas foram abertas na empresa. Nos tr\u00eas \u00faltimos anos, a m\u00e9dia de tempor\u00e1rios efetivados tem sido de 30% das contrata\u00e7\u00f5es, informa a Asserttem. <\/P><P>A f\u00e1brica de chocolates finos Kopenhagen, por exemplo, iniciou no dia 1\u00ba de janeiro a contrata\u00e7\u00e3o dos colaboradores para a P\u00e1scoa e chamou 108 pessoas. O quadro de funcion\u00e1rios aumentou 54%. A P\u00e1scoa representa em m\u00e9dia 30% do faturamento anual da empresa. S\u00e3o produzidas 270 toneladas de chocolate s\u00f3 para o per\u00edodo, sem contar as 90 toneladas mensais. <\/P><P><STRONG>Mais caro &#8211;<\/STRONG> De acordo com a analista de recursos humanos da Kopenhagen, Denise de Oliveira, v\u00e1rias novidades est\u00e3o sendo preparadas para a P\u00e1scoa, mas os produtos pesar\u00e3o mais no bolso do consumidor. Eles ficaram 7% mais caros. O diretor administrativo dos Chocolates Pan, S\u00edlvio Roberto Daidone, tamb\u00e9m prev\u00ea aumento no valor dos produtos de P\u00e1scoa. <\/P><P>&#8220;Teremos que aumentar os pre\u00e7os porque o a\u00e7\u00facar, o cacau e o leite est\u00e3o mais caros neste ano&#8221;, diz. Daidone informa que 30 pessoas foram contratadas neste ano para atender \u00e0 demanda do per\u00edodo. <\/P><P> <BR><\/P><\/td>\n","protected":false},"excerpt":{"rendered":"O Carnaval ainda nem chegou e uma parte do varejo aproveita as vendas de artigos de papelaria para a volta \u00e0s aulas, mas \n<a class=\"moretag\" href=\"https:\/\/www.aceguarulhos.com.br\/blog\/p%c3%a1scoa-f%c3%a1bricas-projetam-aumento-nas-vendas\/\"> [...]<\/a>","protected":false},"author":8,"featured_media":0,"comment_status":"open","ping_status":"open","sticky":false,"template":"","format":"standard","meta":{"footnotes":""},"categories":[2],"tags":[],"class_list":["post-30893","post","type-post","status-publish","format-standard","hentry","category-noticias"],"yoast_head":"<!-- This site is optimized with the Yoast SEO plugin v28.1 - https:\/\/yoast.com\/product\/yoast-seo-wordpress\/ -->\n<title>P\u00e1scoa: f\u00e1bricas projetam aumento nas vendas - ACE-Guarulhos<\/title>\n<meta name=\"robots\" content=\"index, follow, max-snippet:-1, max-image-preview:large, max-video-preview:-1\" \/>\n<link rel=\"canonical\" href=\"https:\/\/www.aceguarulhos.com.br\/blog\/p\u00e1scoa-f\u00e1bricas-projetam-aumento-nas-vendas\/\" \/>\n<meta property=\"og:locale\" content=\"pt_BR\" \/>\n<meta property=\"og:type\" content=\"article\" \/>\n<meta property=\"og:title\" content=\"P\u00e1scoa: f\u00e1bricas projetam aumento nas vendas - ACE-Guarulhos\" \/>\n<meta property=\"og:description\" content=\"O Carnaval ainda nem chegou e uma parte do varejo aproveita as vendas de artigos de papelaria para a volta \u00e0s aulas, mas\" \/>\n<meta property=\"og:url\" content=\"https:\/\/www.aceguarulhos.com.br\/blog\/p\u00e1scoa-f\u00e1bricas-projetam-aumento-nas-vendas\/\" \/>\n<meta property=\"og:site_name\" content=\"ACE-Guarulhos\" \/>\n<meta property=\"article:publisher\" content=\"https:\/\/www.facebook.com\/aceguarulhos\/\" \/>\n<meta property=\"article:published_time\" content=\"2007-01-17T23:25:50+00:00\" \/>\n<meta name=\"author\" content=\"Assessoria de Imprensa ACE-Guarulhos\" \/>\n<meta name=\"twitter:card\" content=\"summary_large_image\" \/>\n<meta name=\"twitter:label1\" content=\"Escrito por\" \/>\n\t<meta name=\"twitter:data1\" content=\"Assessoria de Imprensa ACE-Guarulhos\" \/>\n\t<meta name=\"twitter:label2\" content=\"Est. tempo de leitura\" \/>\n\t<meta name=\"twitter:data2\" content=\"3 minutos\" \/>\n<script type=\"application\/ld+json\" class=\"yoast-schema-graph\">{\"@context\":\"https:\\\/\\\/schema.org\",\"@graph\":[{\"@type\":\"Article\",\"@id\":\"https:\\\/\\\/www.aceguarulhos.com.br\\\/blog\\\/p%c3%a1scoa-f%c3%a1bricas-projetam-aumento-nas-vendas\\\/#article\",\"isPartOf\":{\"@id\":\"https:\\\/\\\/www.aceguarulhos.com.br\\\/blog\\\/p%c3%a1scoa-f%c3%a1bricas-projetam-aumento-nas-vendas\\\/\"},\"author\":{\"name\":\"Assessoria de Imprensa ACE-Guarulhos\",\"@id\":\"https:\\\/\\\/www.aceguarulhos.com.br\\\/blog\\\/#\\\/schema\\\/person\\\/6983b51bad37489989e4f09698c26237\"},\"headline\":\"P\u00e1scoa: f\u00e1bricas projetam aumento nas vendas\",\"datePublished\":\"2007-01-17T23:25:50+00:00\",\"mainEntityOfPage\":{\"@id\":\"https:\\\/\\\/www.aceguarulhos.com.br\\\/blog\\\/p%c3%a1scoa-f%c3%a1bricas-projetam-aumento-nas-vendas\\\/\"},\"wordCount\":514,\"commentCount\":0,\"publisher\":{\"@id\":\"https:\\\/\\\/www.aceguarulhos.com.br\\\/blog\\\/#organization\"},\"articleSection\":[\"Not\u00edcias\"],\"inLanguage\":\"pt-BR\"},{\"@type\":\"WebPage\",\"@id\":\"https:\\\/\\\/www.aceguarulhos.com.br\\\/blog\\\/p%c3%a1scoa-f%c3%a1bricas-projetam-aumento-nas-vendas\\\/\",\"url\":\"https:\\\/\\\/www.aceguarulhos.com.br\\\/blog\\\/p%c3%a1scoa-f%c3%a1bricas-projetam-aumento-nas-vendas\\\/\",\"name\":\"P\u00e1scoa: f\u00e1bricas projetam aumento nas vendas - ACE-Guarulhos\",\"isPartOf\":{\"@id\":\"https:\\\/\\\/www.aceguarulhos.com.br\\\/blog\\\/#website\"},\"datePublished\":\"2007-01-17T23:25:50+00:00\",\"breadcrumb\":{\"@id\":\"https:\\\/\\\/www.aceguarulhos.com.br\\\/blog\\\/p%c3%a1scoa-f%c3%a1bricas-projetam-aumento-nas-vendas\\\/#breadcrumb\"},\"inLanguage\":\"pt-BR\",\"potentialAction\":[{\"@type\":\"ReadAction\",\"target\":[\"https:\\\/\\\/www.aceguarulhos.com.br\\\/blog\\\/p%c3%a1scoa-f%c3%a1bricas-projetam-aumento-nas-vendas\\\/\"]}]},{\"@type\":\"BreadcrumbList\",\"@id\":\"https:\\\/\\\/www.aceguarulhos.com.br\\\/blog\\\/p%c3%a1scoa-f%c3%a1bricas-projetam-aumento-nas-vendas\\\/#breadcrumb\",\"itemListElement\":[{\"@type\":\"ListItem\",\"position\":1,\"name\":\"In\u00edcio\",\"item\":\"https:\\\/\\\/www.aceguarulhos.com.br\\\/blog\\\/\"},{\"@type\":\"ListItem\",\"position\":2,\"name\":\"P\u00e1scoa: f\u00e1bricas projetam aumento nas vendas\"}]},{\"@type\":\"WebSite\",\"@id\":\"https:\\\/\\\/www.aceguarulhos.com.br\\\/blog\\\/#website\",\"url\":\"https:\\\/\\\/www.aceguarulhos.com.br\\\/blog\\\/\",\"name\":\"ACE-Guarulhos\",\"description\":\"A ACE-Guarulhos \u00e9 uma associa\u00e7\u00e3o que ap\u00f3ia os empres\u00e1rios guarulhenses atrav\u00e9s da representa\u00e7\u00e3o, da gera\u00e7\u00e3o de neg\u00f3cios e presta\u00e7\u00e3o de servi\u00e7os.\",\"publisher\":{\"@id\":\"https:\\\/\\\/www.aceguarulhos.com.br\\\/blog\\\/#organization\"},\"potentialAction\":[{\"@type\":\"SearchAction\",\"target\":{\"@type\":\"EntryPoint\",\"urlTemplate\":\"https:\\\/\\\/www.aceguarulhos.com.br\\\/blog\\\/?s={search_term_string}\"},\"query-input\":{\"@type\":\"PropertyValueSpecification\",\"valueRequired\":true,\"valueName\":\"search_term_string\"}}],\"inLanguage\":\"pt-BR\"},{\"@type\":\"Organization\",\"@id\":\"https:\\\/\\\/www.aceguarulhos.com.br\\\/blog\\\/#organization\",\"name\":\"ACE-Guarulhos\",\"url\":\"https:\\\/\\\/www.aceguarulhos.com.br\\\/blog\\\/\",\"logo\":{\"@type\":\"ImageObject\",\"inLanguage\":\"pt-BR\",\"@id\":\"https:\\\/\\\/www.aceguarulhos.com.br\\\/blog\\\/#\\\/schema\\\/logo\\\/image\\\/\",\"url\":\"https:\\\/\\\/www.aceguarulhos.com.br\\\/blog\\\/wp-content\\\/uploads\\\/2017\\\/12\\\/logo-aceguarulhos-2018.png\",\"contentUrl\":\"https:\\\/\\\/www.aceguarulhos.com.br\\\/blog\\\/wp-content\\\/uploads\\\/2017\\\/12\\\/logo-aceguarulhos-2018.png\",\"width\":419,\"height\":76,\"caption\":\"ACE-Guarulhos\"},\"image\":{\"@id\":\"https:\\\/\\\/www.aceguarulhos.com.br\\\/blog\\\/#\\\/schema\\\/logo\\\/image\\\/\"},\"sameAs\":[\"https:\\\/\\\/www.facebook.com\\\/aceguarulhos\\\/\",\"https:\\\/\\\/br.linkedin.com\\\/in\\\/ace-guarulhos-b9a97093\",\"https:\\\/\\\/www.youtube.com\\\/user\\\/aceguarulhos\"]},{\"@type\":\"Person\",\"@id\":\"https:\\\/\\\/www.aceguarulhos.com.br\\\/blog\\\/#\\\/schema\\\/person\\\/6983b51bad37489989e4f09698c26237\",\"name\":\"Assessoria de Imprensa ACE-Guarulhos\",\"image\":{\"@type\":\"ImageObject\",\"inLanguage\":\"pt-BR\",\"@id\":\"https:\\\/\\\/secure.gravatar.com\\\/avatar\\\/707f3fadd6918afeb64173ab22d8a8cb0676953098a4f31ff36dc2b4c699ef6a?s=96&d=mm&r=g\",\"url\":\"https:\\\/\\\/secure.gravatar.com\\\/avatar\\\/707f3fadd6918afeb64173ab22d8a8cb0676953098a4f31ff36dc2b4c699ef6a?s=96&d=mm&r=g\",\"contentUrl\":\"https:\\\/\\\/secure.gravatar.com\\\/avatar\\\/707f3fadd6918afeb64173ab22d8a8cb0676953098a4f31ff36dc2b4c699ef6a?s=96&d=mm&r=g\",\"caption\":\"Assessoria de Imprensa ACE-Guarulhos\"},\"url\":\"https:\\\/\\\/www.aceguarulhos.com.br\\\/blog\\\/author\\\/assessoria-de-imprensa-ace-guarulhos\\\/\"}]}<\/script>\n<!-- \/ Yoast SEO plugin. -->","yoast_head_json":{"title":"P\u00e1scoa: f\u00e1bricas projetam aumento nas vendas - ACE-Guarulhos","robots":{"index":"index","follow":"follow","max-snippet":"max-snippet:-1","max-image-preview":"max-image-preview:large","max-video-preview":"max-video-preview:-1"},"canonical":"https:\/\/www.aceguarulhos.com.br\/blog\/p\u00e1scoa-f\u00e1bricas-projetam-aumento-nas-vendas\/","og_locale":"pt_BR","og_type":"article","og_title":"P\u00e1scoa: f\u00e1bricas projetam aumento nas vendas - ACE-Guarulhos","og_description":"O Carnaval ainda nem chegou e uma parte do varejo aproveita as vendas de artigos de papelaria para a volta \u00e0s aulas, mas","og_url":"https:\/\/www.aceguarulhos.com.br\/blog\/p\u00e1scoa-f\u00e1bricas-projetam-aumento-nas-vendas\/","og_site_name":"ACE-Guarulhos","article_publisher":"https:\/\/www.facebook.com\/aceguarulhos\/","article_published_time":"2007-01-17T23:25:50+00:00","author":"Assessoria de Imprensa ACE-Guarulhos","twitter_card":"summary_large_image","twitter_misc":{"Escrito por":"Assessoria de Imprensa ACE-Guarulhos","Est. tempo de leitura":"3 minutos"},"schema":{"@context":"https:\/\/schema.org","@graph":[{"@type":"Article","@id":"https:\/\/www.aceguarulhos.com.br\/blog\/p%c3%a1scoa-f%c3%a1bricas-projetam-aumento-nas-vendas\/#article","isPartOf":{"@id":"https:\/\/www.aceguarulhos.com.br\/blog\/p%c3%a1scoa-f%c3%a1bricas-projetam-aumento-nas-vendas\/"},"author":{"name":"Assessoria de Imprensa ACE-Guarulhos","@id":"https:\/\/www.aceguarulhos.com.br\/blog\/#\/schema\/person\/6983b51bad37489989e4f09698c26237"},"headline":"P\u00e1scoa: f\u00e1bricas projetam aumento nas vendas","datePublished":"2007-01-17T23:25:50+00:00","mainEntityOfPage":{"@id":"https:\/\/www.aceguarulhos.com.br\/blog\/p%c3%a1scoa-f%c3%a1bricas-projetam-aumento-nas-vendas\/"},"wordCount":514,"commentCount":0,"publisher":{"@id":"https:\/\/www.aceguarulhos.com.br\/blog\/#organization"},"articleSection":["Not\u00edcias"],"inLanguage":"pt-BR"},{"@type":"WebPage","@id":"https:\/\/www.aceguarulhos.com.br\/blog\/p%c3%a1scoa-f%c3%a1bricas-projetam-aumento-nas-vendas\/","url":"https:\/\/www.aceguarulhos.com.br\/blog\/p%c3%a1scoa-f%c3%a1bricas-projetam-aumento-nas-vendas\/","name":"P\u00e1scoa: f\u00e1bricas projetam aumento nas vendas - ACE-Guarulhos","isPartOf":{"@id":"https:\/\/www.aceguarulhos.com.br\/blog\/#website"},"datePublished":"2007-01-17T23:25:50+00:00","breadcrumb":{"@id":"https:\/\/www.aceguarulhos.com.br\/blog\/p%c3%a1scoa-f%c3%a1bricas-projetam-aumento-nas-vendas\/#breadcrumb"},"inLanguage":"pt-BR","potentialAction":[{"@type":"ReadAction","target":["https:\/\/www.aceguarulhos.com.br\/blog\/p%c3%a1scoa-f%c3%a1bricas-projetam-aumento-nas-vendas\/"]}]},{"@type":"BreadcrumbList","@id":"https:\/\/www.aceguarulhos.com.br\/blog\/p%c3%a1scoa-f%c3%a1bricas-projetam-aumento-nas-vendas\/#breadcrumb","itemListElement":[{"@type":"ListItem","position":1,"name":"In\u00edcio","item":"https:\/\/www.aceguarulhos.com.br\/blog\/"},{"@type":"ListItem","position":2,"name":"P\u00e1scoa: f\u00e1bricas projetam aumento nas vendas"}]},{"@type":"WebSite","@id":"https:\/\/www.aceguarulhos.com.br\/blog\/#website","url":"https:\/\/www.aceguarulhos.com.br\/blog\/","name":"ACE-Guarulhos","description":"A ACE-Guarulhos \u00e9 uma associa\u00e7\u00e3o que ap\u00f3ia os empres\u00e1rios guarulhenses atrav\u00e9s da representa\u00e7\u00e3o, da gera\u00e7\u00e3o de neg\u00f3cios e presta\u00e7\u00e3o de servi\u00e7os.","publisher":{"@id":"https:\/\/www.aceguarulhos.com.br\/blog\/#organization"},"potentialAction":[{"@type":"SearchAction","target":{"@type":"EntryPoint","urlTemplate":"https:\/\/www.aceguarulhos.com.br\/blog\/?s={search_term_string}"},"query-input":{"@type":"PropertyValueSpecification","valueRequired":true,"valueName":"search_term_string"}}],"inLanguage":"pt-BR"},{"@type":"Organization","@id":"https:\/\/www.aceguarulhos.com.br\/blog\/#organization","name":"ACE-Guarulhos","url":"https:\/\/www.aceguarulhos.com.br\/blog\/","logo":{"@type":"ImageObject","inLanguage":"pt-BR","@id":"https:\/\/www.aceguarulhos.com.br\/blog\/#\/schema\/logo\/image\/","url":"https:\/\/www.aceguarulhos.com.br\/blog\/wp-content\/uploads\/2017\/12\/logo-aceguarulhos-2018.png","contentUrl":"https:\/\/www.aceguarulhos.com.br\/blog\/wp-content\/uploads\/2017\/12\/logo-aceguarulhos-2018.png","width":419,"height":76,"caption":"ACE-Guarulhos"},"image":{"@id":"https:\/\/www.aceguarulhos.com.br\/blog\/#\/schema\/logo\/image\/"},"sameAs":["https:\/\/www.facebook.com\/aceguarulhos\/","https:\/\/br.linkedin.com\/in\/ace-guarulhos-b9a97093","https:\/\/www.youtube.com\/user\/aceguarulhos"]},{"@type":"Person","@id":"https:\/\/www.aceguarulhos.com.br\/blog\/#\/schema\/person\/6983b51bad37489989e4f09698c26237","name":"Assessoria de Imprensa ACE-Guarulhos","image":{"@type":"ImageObject","inLanguage":"pt-BR","@id":"https:\/\/secure.gravatar.com\/avatar\/707f3fadd6918afeb64173ab22d8a8cb0676953098a4f31ff36dc2b4c699ef6a?s=96&d=mm&r=g","url":"https:\/\/secure.gravatar.com\/avatar\/707f3fadd6918afeb64173ab22d8a8cb0676953098a4f31ff36dc2b4c699ef6a?s=96&d=mm&r=g","contentUrl":"https:\/\/secure.gravatar.com\/avatar\/707f3fadd6918afeb64173ab22d8a8cb0676953098a4f31ff36dc2b4c699ef6a?s=96&d=mm&r=g","caption":"Assessoria de Imprensa ACE-Guarulhos"},"url":"https:\/\/www.aceguarulhos.com.br\/blog\/author\/assessoria-de-imprensa-ace-guarulhos\/"}]}},"wps_subtitle":"","amp_enabled":true,"_links":{"self":[{"href":"https:\/\/www.aceguarulhos.com.br\/blog\/wp-json\/wp\/v2\/posts\/30893","targetHints":{"allow":["GET"]}}],"collection":[{"href":"https:\/\/www.aceguarulhos.com.br\/blog\/wp-json\/wp\/v2\/posts"}],"about":[{"href":"https:\/\/www.aceguarulhos.com.br\/blog\/wp-json\/wp\/v2\/types\/post"}],"author":[{"embeddable":true,"href":"https:\/\/www.aceguarulhos.com.br\/blog\/wp-json\/wp\/v2\/users\/8"}],"replies":[{"embeddable":true,"href":"https:\/\/www.aceguarulhos.com.br\/blog\/wp-json\/wp\/v2\/comments?post=30893"}],"version-history":[{"count":0,"href":"https:\/\/www.aceguarulhos.com.br\/blog\/wp-json\/wp\/v2\/posts\/30893\/revisions"}],"wp:attachment":[{"href":"https:\/\/www.aceguarulhos.com.br\/blog\/wp-json\/wp\/v2\/media?parent=30893"}],"wp:term":[{"taxonomy":"category","embeddable":true,"href":"https:\/\/www.aceguarulhos.com.br\/blog\/wp-json\/wp\/v2\/categories?post=30893"},{"taxonomy":"post_tag","embeddable":true,"href":"https:\/\/www.aceguarulhos.com.br\/blog\/wp-json\/wp\/v2\/tags?post=30893"}],"curies":[{"name":"wp","href":"https:\/\/api.w.org\/{rel}","templated":true}]}}