{"id":30675,"date":"2006-11-20T23:14:08","date_gmt":"2006-11-20T23:14:08","guid":{"rendered":"http:\/\/www.aceguarulhos.com.br\/blog\/?p=30675"},"modified":"-0001-11-30T00:00:00","modified_gmt":"-0001-11-30T03:00:00","slug":"empretecos-se-re%c3%banem-no-sebrae","status":"publish","type":"post","link":"https:\/\/www.aceguarulhos.com.br\/blog\/empretecos-se-re%c3%banem-no-sebrae\/","title":{"rendered":"Empretecos se re\u00fanem no Sebrae"},"content":{"rendered":"<p><P>Manter vivo o esp\u00edrito empreendedor, este \u00e9 o principal objetivo de 12 empres\u00e1rios que participam do grupo E3G, grupo formado por Empretecos &#8211; empreendedores que fizeram o semin\u00e1rio Empreetec. O grupo se re\u00fane toda a segunda-feira na sede do Sebrae-SP, em Guarulhos, onde partilham experi\u00eancias profissionais e exp\u00f5em suas dificuldades profissionais.<\/P><P>O empres\u00e1rio Roberto Massahiro Arai \u00e9 um dos integrantes do E3G. Segundo Massahiro a reuni\u00e3o tem sido importante para a descoberta de pontos importantes.<\/P><P>&#8220;A reuni\u00e3o nos mostra que todos possuem caracter\u00edsticas comportamentais que precisam ser melhoradas, quando conhecidas. Al\u00e9m de nos ajudar muito no planejamento, monitoramento e obten\u00e7\u00e3o das metas em nossos empreendimentos&#8221;, disse.<\/P><P>Roberto disse ainda que as reuni\u00f5es no grupo s\u00e3o divididas em tr\u00eas partes: Bota Fora (momento em que os empres\u00e1rios exp\u00f5em suas id\u00e9ias e dificuldades); Div\u00e3 (momento em que os empres\u00e1rios elencam diversos assuntos para serem debatidos) e Informa\u00e7\u00f5es Gerais.<\/P><P>O empres\u00e1rio Luiz Bezerra Sampaio salientou que o E3G ajuda na busca de inova\u00e7\u00f5es.<\/P><P>&#8220;O empres\u00e1rio leva uma vida muito solit\u00e1ria e dentro do E3G n\u00f3s buscamos juntos informa\u00e7\u00f5es e inova\u00e7\u00f5es para os nossos empreendimentos. No grupo n\u00e3o nos sentimos s\u00f3s&#8221;, disse.<\/P><P>O ganhador do pr\u00eamio Destaque Empresarial 2006, Gerson Santana Silva &#8211; o Baiano -, que tamb\u00e9m fez o Empretec, participa das reuni\u00f5es do grupo. Ele \u00e9 considerado o cart\u00e3o de visita do E3G.<\/P><P>As reuni\u00f5es do E3G acontecem todas as segundas-feiras, a partir das 19h30, na sede do Sebrae-SP, em Guarulhos, que fica na rua Luiz Faccini, 453, Centro.<\/P><P><STRONG>Sobre o Empreetec &#8211;<\/STRONG> O semin\u00e1rio Empreetec tem por objetivo trabalhar o comportamento empreendedor. O curso, realizado em per\u00edodos de nove dias, mostra a cada pessoa que pretende montar, ou tem um neg\u00f3cio, as suas caracter\u00edsticas empreendedoras e ajuda a desenvolv\u00ea-las por meio de oficinas e viv\u00eancias.<\/P><P>Voltado para empres\u00e1rios e futuros empreendedores, o Empretec nasceu de uma pesquisa feita na Universidade de Harvard, uma das mais conceituadas dos Estados Unidos. Empregado em 80 pa\u00edses, no Brasil ele foi implantado pelo Sebrae, que em parceria com o Programa das Na\u00e7\u00f5es Unidas para o Desenvolvimento (Pnud) e a Ag\u00eancia Brasileira de Coopera\u00e7\u00e3o (ABC), do Minist\u00e9rio das Rela\u00e7\u00f5es Exteriores, o colocaram em primeiro lugar no ranking dos pa\u00edses onde \u00e9 mais bem executado.<\/P><P>O Empretec permite que o empreendedor se familiarize e se identifique com as caracter\u00edsticas que fazem parte de um empres\u00e1rio bem-sucedido. Essas caracter\u00edsticas s\u00e3o a busca de oportunidade e iniciativa, persist\u00eancia, correr riscos calculados, exig\u00eancia de qualidade e efici\u00eancia, comprometimento, busca de informa\u00e7\u00f5es, estabelecimento de metas, planejamento e monitoramento sistem\u00e1ticos, persuas\u00e3o e rede de contatos, independ\u00eancia e autoconfian\u00e7a.<BR><\/P><\/p>\n","protected":false},"excerpt":{"rendered":"Manter vivo o esp\u00edrito empreendedor, este \u00e9 o principal objetivo de 12 empres\u00e1rios que participam do grupo E3G, grupo formado por Empretecos &#8211; \n<a class=\"moretag\" href=\"https:\/\/www.aceguarulhos.com.br\/blog\/empretecos-se-re%c3%banem-no-sebrae\/\"> [...]<\/a>","protected":false},"author":8,"featured_media":0,"comment_status":"open","ping_status":"open","sticky":false,"template":"","format":"standard","meta":{"footnotes":""},"categories":[2],"tags":[],"class_list":["post-30675","post","type-post","status-publish","format-standard","hentry","category-noticias"],"yoast_head":"<!-- This site is optimized with the Yoast SEO plugin v28.1 - https:\/\/yoast.com\/product\/yoast-seo-wordpress\/ -->\n<title>Empretecos se re\u00fanem no Sebrae - ACE-Guarulhos<\/title>\n<meta name=\"robots\" content=\"index, follow, max-snippet:-1, max-image-preview:large, max-video-preview:-1\" \/>\n<link rel=\"canonical\" href=\"https:\/\/www.aceguarulhos.com.br\/blog\/empretecos-se-re\u00fanem-no-sebrae\/\" \/>\n<meta property=\"og:locale\" content=\"pt_BR\" \/>\n<meta property=\"og:type\" content=\"article\" \/>\n<meta property=\"og:title\" content=\"Empretecos se re\u00fanem no Sebrae - ACE-Guarulhos\" \/>\n<meta property=\"og:description\" content=\"Manter vivo o esp\u00edrito empreendedor, este \u00e9 o principal objetivo de 12 empres\u00e1rios que participam do grupo E3G, grupo formado por Empretecos &#8211;\" \/>\n<meta property=\"og:url\" content=\"https:\/\/www.aceguarulhos.com.br\/blog\/empretecos-se-re\u00fanem-no-sebrae\/\" \/>\n<meta property=\"og:site_name\" content=\"ACE-Guarulhos\" \/>\n<meta property=\"article:publisher\" content=\"https:\/\/www.facebook.com\/aceguarulhos\/\" \/>\n<meta property=\"article:published_time\" content=\"2006-11-20T23:14:08+00:00\" \/>\n<meta name=\"author\" content=\"Assessoria de Imprensa ACE-Guarulhos\" \/>\n<meta name=\"twitter:card\" content=\"summary_large_image\" \/>\n<meta name=\"twitter:label1\" content=\"Escrito por\" \/>\n\t<meta name=\"twitter:data1\" content=\"Assessoria de Imprensa ACE-Guarulhos\" \/>\n\t<meta name=\"twitter:label2\" content=\"Est. tempo de leitura\" \/>\n\t<meta name=\"twitter:data2\" content=\"2 minutos\" \/>\n<script type=\"application\/ld+json\" class=\"yoast-schema-graph\">{\"@context\":\"https:\\\/\\\/schema.org\",\"@graph\":[{\"@type\":\"Article\",\"@id\":\"https:\\\/\\\/www.aceguarulhos.com.br\\\/blog\\\/empretecos-se-re%c3%banem-no-sebrae\\\/#article\",\"isPartOf\":{\"@id\":\"https:\\\/\\\/www.aceguarulhos.com.br\\\/blog\\\/empretecos-se-re%c3%banem-no-sebrae\\\/\"},\"author\":{\"name\":\"Assessoria de Imprensa ACE-Guarulhos\",\"@id\":\"https:\\\/\\\/www.aceguarulhos.com.br\\\/blog\\\/#\\\/schema\\\/person\\\/6983b51bad37489989e4f09698c26237\"},\"headline\":\"Empretecos se re\u00fanem no Sebrae\",\"datePublished\":\"2006-11-20T23:14:08+00:00\",\"mainEntityOfPage\":{\"@id\":\"https:\\\/\\\/www.aceguarulhos.com.br\\\/blog\\\/empretecos-se-re%c3%banem-no-sebrae\\\/\"},\"wordCount\":490,\"commentCount\":0,\"publisher\":{\"@id\":\"https:\\\/\\\/www.aceguarulhos.com.br\\\/blog\\\/#organization\"},\"articleSection\":[\"Not\u00edcias\"],\"inLanguage\":\"pt-BR\"},{\"@type\":\"WebPage\",\"@id\":\"https:\\\/\\\/www.aceguarulhos.com.br\\\/blog\\\/empretecos-se-re%c3%banem-no-sebrae\\\/\",\"url\":\"https:\\\/\\\/www.aceguarulhos.com.br\\\/blog\\\/empretecos-se-re%c3%banem-no-sebrae\\\/\",\"name\":\"Empretecos se re\u00fanem no Sebrae - ACE-Guarulhos\",\"isPartOf\":{\"@id\":\"https:\\\/\\\/www.aceguarulhos.com.br\\\/blog\\\/#website\"},\"datePublished\":\"2006-11-20T23:14:08+00:00\",\"breadcrumb\":{\"@id\":\"https:\\\/\\\/www.aceguarulhos.com.br\\\/blog\\\/empretecos-se-re%c3%banem-no-sebrae\\\/#breadcrumb\"},\"inLanguage\":\"pt-BR\",\"potentialAction\":[{\"@type\":\"ReadAction\",\"target\":[\"https:\\\/\\\/www.aceguarulhos.com.br\\\/blog\\\/empretecos-se-re%c3%banem-no-sebrae\\\/\"]}]},{\"@type\":\"BreadcrumbList\",\"@id\":\"https:\\\/\\\/www.aceguarulhos.com.br\\\/blog\\\/empretecos-se-re%c3%banem-no-sebrae\\\/#breadcrumb\",\"itemListElement\":[{\"@type\":\"ListItem\",\"position\":1,\"name\":\"In\u00edcio\",\"item\":\"https:\\\/\\\/www.aceguarulhos.com.br\\\/blog\\\/\"},{\"@type\":\"ListItem\",\"position\":2,\"name\":\"Empretecos se re\u00fanem no Sebrae\"}]},{\"@type\":\"WebSite\",\"@id\":\"https:\\\/\\\/www.aceguarulhos.com.br\\\/blog\\\/#website\",\"url\":\"https:\\\/\\\/www.aceguarulhos.com.br\\\/blog\\\/\",\"name\":\"ACE-Guarulhos\",\"description\":\"A ACE-Guarulhos \u00e9 uma associa\u00e7\u00e3o que ap\u00f3ia os empres\u00e1rios guarulhenses atrav\u00e9s da representa\u00e7\u00e3o, da gera\u00e7\u00e3o de neg\u00f3cios e presta\u00e7\u00e3o de servi\u00e7os.\",\"publisher\":{\"@id\":\"https:\\\/\\\/www.aceguarulhos.com.br\\\/blog\\\/#organization\"},\"potentialAction\":[{\"@type\":\"SearchAction\",\"target\":{\"@type\":\"EntryPoint\",\"urlTemplate\":\"https:\\\/\\\/www.aceguarulhos.com.br\\\/blog\\\/?s={search_term_string}\"},\"query-input\":{\"@type\":\"PropertyValueSpecification\",\"valueRequired\":true,\"valueName\":\"search_term_string\"}}],\"inLanguage\":\"pt-BR\"},{\"@type\":\"Organization\",\"@id\":\"https:\\\/\\\/www.aceguarulhos.com.br\\\/blog\\\/#organization\",\"name\":\"ACE-Guarulhos\",\"url\":\"https:\\\/\\\/www.aceguarulhos.com.br\\\/blog\\\/\",\"logo\":{\"@type\":\"ImageObject\",\"inLanguage\":\"pt-BR\",\"@id\":\"https:\\\/\\\/www.aceguarulhos.com.br\\\/blog\\\/#\\\/schema\\\/logo\\\/image\\\/\",\"url\":\"https:\\\/\\\/www.aceguarulhos.com.br\\\/blog\\\/wp-content\\\/uploads\\\/2017\\\/12\\\/logo-aceguarulhos-2018.png\",\"contentUrl\":\"https:\\\/\\\/www.aceguarulhos.com.br\\\/blog\\\/wp-content\\\/uploads\\\/2017\\\/12\\\/logo-aceguarulhos-2018.png\",\"width\":419,\"height\":76,\"caption\":\"ACE-Guarulhos\"},\"image\":{\"@id\":\"https:\\\/\\\/www.aceguarulhos.com.br\\\/blog\\\/#\\\/schema\\\/logo\\\/image\\\/\"},\"sameAs\":[\"https:\\\/\\\/www.facebook.com\\\/aceguarulhos\\\/\",\"https:\\\/\\\/br.linkedin.com\\\/in\\\/ace-guarulhos-b9a97093\",\"https:\\\/\\\/www.youtube.com\\\/user\\\/aceguarulhos\"]},{\"@type\":\"Person\",\"@id\":\"https:\\\/\\\/www.aceguarulhos.com.br\\\/blog\\\/#\\\/schema\\\/person\\\/6983b51bad37489989e4f09698c26237\",\"name\":\"Assessoria de Imprensa ACE-Guarulhos\",\"image\":{\"@type\":\"ImageObject\",\"inLanguage\":\"pt-BR\",\"@id\":\"https:\\\/\\\/secure.gravatar.com\\\/avatar\\\/707f3fadd6918afeb64173ab22d8a8cb0676953098a4f31ff36dc2b4c699ef6a?s=96&d=mm&r=g\",\"url\":\"https:\\\/\\\/secure.gravatar.com\\\/avatar\\\/707f3fadd6918afeb64173ab22d8a8cb0676953098a4f31ff36dc2b4c699ef6a?s=96&d=mm&r=g\",\"contentUrl\":\"https:\\\/\\\/secure.gravatar.com\\\/avatar\\\/707f3fadd6918afeb64173ab22d8a8cb0676953098a4f31ff36dc2b4c699ef6a?s=96&d=mm&r=g\",\"caption\":\"Assessoria de Imprensa ACE-Guarulhos\"},\"url\":\"https:\\\/\\\/www.aceguarulhos.com.br\\\/blog\\\/author\\\/assessoria-de-imprensa-ace-guarulhos\\\/\"}]}<\/script>\n<!-- \/ Yoast SEO plugin. -->","yoast_head_json":{"title":"Empretecos se re\u00fanem no Sebrae - ACE-Guarulhos","robots":{"index":"index","follow":"follow","max-snippet":"max-snippet:-1","max-image-preview":"max-image-preview:large","max-video-preview":"max-video-preview:-1"},"canonical":"https:\/\/www.aceguarulhos.com.br\/blog\/empretecos-se-re\u00fanem-no-sebrae\/","og_locale":"pt_BR","og_type":"article","og_title":"Empretecos se re\u00fanem no Sebrae - ACE-Guarulhos","og_description":"Manter vivo o esp\u00edrito empreendedor, este \u00e9 o principal objetivo de 12 empres\u00e1rios que participam do grupo E3G, grupo formado por Empretecos &#8211;","og_url":"https:\/\/www.aceguarulhos.com.br\/blog\/empretecos-se-re\u00fanem-no-sebrae\/","og_site_name":"ACE-Guarulhos","article_publisher":"https:\/\/www.facebook.com\/aceguarulhos\/","article_published_time":"2006-11-20T23:14:08+00:00","author":"Assessoria de Imprensa ACE-Guarulhos","twitter_card":"summary_large_image","twitter_misc":{"Escrito por":"Assessoria de Imprensa ACE-Guarulhos","Est. tempo de leitura":"2 minutos"},"schema":{"@context":"https:\/\/schema.org","@graph":[{"@type":"Article","@id":"https:\/\/www.aceguarulhos.com.br\/blog\/empretecos-se-re%c3%banem-no-sebrae\/#article","isPartOf":{"@id":"https:\/\/www.aceguarulhos.com.br\/blog\/empretecos-se-re%c3%banem-no-sebrae\/"},"author":{"name":"Assessoria de Imprensa ACE-Guarulhos","@id":"https:\/\/www.aceguarulhos.com.br\/blog\/#\/schema\/person\/6983b51bad37489989e4f09698c26237"},"headline":"Empretecos se re\u00fanem no Sebrae","datePublished":"2006-11-20T23:14:08+00:00","mainEntityOfPage":{"@id":"https:\/\/www.aceguarulhos.com.br\/blog\/empretecos-se-re%c3%banem-no-sebrae\/"},"wordCount":490,"commentCount":0,"publisher":{"@id":"https:\/\/www.aceguarulhos.com.br\/blog\/#organization"},"articleSection":["Not\u00edcias"],"inLanguage":"pt-BR"},{"@type":"WebPage","@id":"https:\/\/www.aceguarulhos.com.br\/blog\/empretecos-se-re%c3%banem-no-sebrae\/","url":"https:\/\/www.aceguarulhos.com.br\/blog\/empretecos-se-re%c3%banem-no-sebrae\/","name":"Empretecos se re\u00fanem no Sebrae - ACE-Guarulhos","isPartOf":{"@id":"https:\/\/www.aceguarulhos.com.br\/blog\/#website"},"datePublished":"2006-11-20T23:14:08+00:00","breadcrumb":{"@id":"https:\/\/www.aceguarulhos.com.br\/blog\/empretecos-se-re%c3%banem-no-sebrae\/#breadcrumb"},"inLanguage":"pt-BR","potentialAction":[{"@type":"ReadAction","target":["https:\/\/www.aceguarulhos.com.br\/blog\/empretecos-se-re%c3%banem-no-sebrae\/"]}]},{"@type":"BreadcrumbList","@id":"https:\/\/www.aceguarulhos.com.br\/blog\/empretecos-se-re%c3%banem-no-sebrae\/#breadcrumb","itemListElement":[{"@type":"ListItem","position":1,"name":"In\u00edcio","item":"https:\/\/www.aceguarulhos.com.br\/blog\/"},{"@type":"ListItem","position":2,"name":"Empretecos se re\u00fanem no Sebrae"}]},{"@type":"WebSite","@id":"https:\/\/www.aceguarulhos.com.br\/blog\/#website","url":"https:\/\/www.aceguarulhos.com.br\/blog\/","name":"ACE-Guarulhos","description":"A ACE-Guarulhos \u00e9 uma associa\u00e7\u00e3o que ap\u00f3ia os empres\u00e1rios guarulhenses atrav\u00e9s da representa\u00e7\u00e3o, da gera\u00e7\u00e3o de neg\u00f3cios e presta\u00e7\u00e3o de servi\u00e7os.","publisher":{"@id":"https:\/\/www.aceguarulhos.com.br\/blog\/#organization"},"potentialAction":[{"@type":"SearchAction","target":{"@type":"EntryPoint","urlTemplate":"https:\/\/www.aceguarulhos.com.br\/blog\/?s={search_term_string}"},"query-input":{"@type":"PropertyValueSpecification","valueRequired":true,"valueName":"search_term_string"}}],"inLanguage":"pt-BR"},{"@type":"Organization","@id":"https:\/\/www.aceguarulhos.com.br\/blog\/#organization","name":"ACE-Guarulhos","url":"https:\/\/www.aceguarulhos.com.br\/blog\/","logo":{"@type":"ImageObject","inLanguage":"pt-BR","@id":"https:\/\/www.aceguarulhos.com.br\/blog\/#\/schema\/logo\/image\/","url":"https:\/\/www.aceguarulhos.com.br\/blog\/wp-content\/uploads\/2017\/12\/logo-aceguarulhos-2018.png","contentUrl":"https:\/\/www.aceguarulhos.com.br\/blog\/wp-content\/uploads\/2017\/12\/logo-aceguarulhos-2018.png","width":419,"height":76,"caption":"ACE-Guarulhos"},"image":{"@id":"https:\/\/www.aceguarulhos.com.br\/blog\/#\/schema\/logo\/image\/"},"sameAs":["https:\/\/www.facebook.com\/aceguarulhos\/","https:\/\/br.linkedin.com\/in\/ace-guarulhos-b9a97093","https:\/\/www.youtube.com\/user\/aceguarulhos"]},{"@type":"Person","@id":"https:\/\/www.aceguarulhos.com.br\/blog\/#\/schema\/person\/6983b51bad37489989e4f09698c26237","name":"Assessoria de Imprensa ACE-Guarulhos","image":{"@type":"ImageObject","inLanguage":"pt-BR","@id":"https:\/\/secure.gravatar.com\/avatar\/707f3fadd6918afeb64173ab22d8a8cb0676953098a4f31ff36dc2b4c699ef6a?s=96&d=mm&r=g","url":"https:\/\/secure.gravatar.com\/avatar\/707f3fadd6918afeb64173ab22d8a8cb0676953098a4f31ff36dc2b4c699ef6a?s=96&d=mm&r=g","contentUrl":"https:\/\/secure.gravatar.com\/avatar\/707f3fadd6918afeb64173ab22d8a8cb0676953098a4f31ff36dc2b4c699ef6a?s=96&d=mm&r=g","caption":"Assessoria de Imprensa ACE-Guarulhos"},"url":"https:\/\/www.aceguarulhos.com.br\/blog\/author\/assessoria-de-imprensa-ace-guarulhos\/"}]}},"wps_subtitle":"","amp_enabled":true,"_links":{"self":[{"href":"https:\/\/www.aceguarulhos.com.br\/blog\/wp-json\/wp\/v2\/posts\/30675","targetHints":{"allow":["GET"]}}],"collection":[{"href":"https:\/\/www.aceguarulhos.com.br\/blog\/wp-json\/wp\/v2\/posts"}],"about":[{"href":"https:\/\/www.aceguarulhos.com.br\/blog\/wp-json\/wp\/v2\/types\/post"}],"author":[{"embeddable":true,"href":"https:\/\/www.aceguarulhos.com.br\/blog\/wp-json\/wp\/v2\/users\/8"}],"replies":[{"embeddable":true,"href":"https:\/\/www.aceguarulhos.com.br\/blog\/wp-json\/wp\/v2\/comments?post=30675"}],"version-history":[{"count":0,"href":"https:\/\/www.aceguarulhos.com.br\/blog\/wp-json\/wp\/v2\/posts\/30675\/revisions"}],"wp:attachment":[{"href":"https:\/\/www.aceguarulhos.com.br\/blog\/wp-json\/wp\/v2\/media?parent=30675"}],"wp:term":[{"taxonomy":"category","embeddable":true,"href":"https:\/\/www.aceguarulhos.com.br\/blog\/wp-json\/wp\/v2\/categories?post=30675"},{"taxonomy":"post_tag","embeddable":true,"href":"https:\/\/www.aceguarulhos.com.br\/blog\/wp-json\/wp\/v2\/tags?post=30675"}],"curies":[{"name":"wp","href":"https:\/\/api.w.org\/{rel}","templated":true}]}}