{"id":30674,"date":"2006-11-20T09:17:35","date_gmt":"2006-11-20T09:17:35","guid":{"rendered":"http:\/\/www.aceguarulhos.com.br\/blog\/?p=30674"},"modified":"-0001-11-30T00:00:00","modified_gmt":"-0001-11-30T03:00:00","slug":"vi-semana-da-consci%c3%aancia-negra-de-guarulhos","status":"publish","type":"post","link":"https:\/\/www.aceguarulhos.com.br\/blog\/vi-semana-da-consci%c3%aancia-negra-de-guarulhos\/","title":{"rendered":"VI Semana da Consci\u00eancia Negra de Guarulhos"},"content":{"rendered":"<p><P><STRONG><EM>A\u00a0Prefeitura Municipal de Guarulhos realiza a VI Semana da Consci\u00eancia Negra, coroando um esfor\u00e7o do governo municipal.<\/EM><\/STRONG><\/P><P>A Semana da Consci\u00eancia Negra vem sendo organizada em Guarulhos pelo Fundo Social de Solidariedade desde 2001.\u00a0 Posteriormente integraram-se a essa iniciativa a Secretaria Municipal de Cultura, a Secretaria Municipal de Educa\u00e7\u00e3o e algumas organiza\u00e7\u00f5es e projetos da sociedade civil. Este ano, a cidade de Guarulhos contou com a rec\u00e9m-criada Coordenadoria da Mulher e da Igualdade Racial.\u00a0 <\/P><P>Cumprindo a sua miss\u00e3o institucional, a Coordenadoria da Igualdade conseguiu, em parceria com os \u00f3rg\u00e3os que j\u00e1 realizavam a Semana da Consci\u00eancia Negra, colocar em marcha uma experi\u00eancia de negocia\u00e7\u00e3o de vis\u00f5es e interesses de quase todos os \u00f3rg\u00e3os municipais e de diversas organiza\u00e7\u00f5es da sociedade civil, na qual todas as vozes puderam ser ouvidas.\u00a0 O processo de elabora\u00e7\u00e3o da Semana foi t\u00e3o importante quanto o resultado que agora apresentamos \u00e0 cidade.\u00a0<\/P><P>A programa\u00e7\u00e3o \u00e9 dirigida tanto \u00e0 popula\u00e7\u00e3o em geral quanto a segmentos dos funcion\u00e1rios e aos projetos da Prefeitura de Guarulhos, pois atrav\u00e9s da VI Semana pretendemos celebrar a diversidade da cultura negra e integrar o projeto de forma\u00e7\u00e3o dos servidores p\u00fablicos com o objetivo de promover a igualdade e o respeito a todos os cidad\u00e3os e cidad\u00e3s, sem distin\u00e7\u00e3o de ra\u00e7a, cor, etnia, sexo ou qualquer outra condi\u00e7\u00e3o social. <\/P><P>A VI Semana da Consci\u00eancia Negra \u00e9 inspirada nos valores mais caros de uma tradi\u00e7\u00e3o que gerou experi\u00eancias como a &#8220;Rep\u00fablica de Palmares&#8221; &#8211; experi\u00eancia democr\u00e1tica, na qual negros, ind\u00edgenas e brancos pobres conviveram por quase um s\u00e9culo, at\u00e9 ser destru\u00edda pela a\u00e7\u00e3o militar de bandeirantes a servi\u00e7o do Estado colonial portugu\u00eas.\u00a0 Queremos, atrav\u00e9s dela, celebrar a mem\u00f3ria de Zumbi dos Palmares, morto no dia 20 de Novembro de 1695. Atrav\u00e9s de Zumbi, ressuscitado em nossos cora\u00e7\u00f5es e mentes &#8211; her\u00f3i do povo brasileiro e dos Afrodescendentes das Am\u00e9ricas, Guarulhos persegue o desejo de se transformar numa cidade educadora, promotora de eq\u00fcidade e justi\u00e7a. <\/P><P><STRONG>PROGRAMA\u00c7\u00c3O<\/STRONG><\/P><P>Dia 17 de novembro &#8211; sexta-feira<BR>20h &#8211; Teatro<BR>Clara Clareou<BR>Espet\u00e1culo com a Cia. de Dan\u00e7a Yara Ciconi<BR>Local: Teatro Adamastor<BR>Dia 18 de novembro &#8211; S\u00e1bado<BR>20h30 &#8211; Teatro<BR>Jo\u00e3o C\u00e2ndido do Brasil: A Revolta da Chibata<BR>Espet\u00e1culo com o Teatro Popular Uni\u00e3o e Olho Vivo <BR>Local: Teatro Adamastor<\/P><P>Dia 19 de novembro &#8211; Domingo<BR>9h &#8211; Apresenta\u00e7\u00e3o da Banda de M\u00fasica da Guarda Municipal<\/P><P>9h15 &#8211; Abertura Oficial <BR>Prefeito Eloi Piet\u00e1 e autoridades<BR>Apresenta\u00e7\u00e3o da trajet\u00f3ria da Quest\u00e3o Racial em Guarulhos<\/P><P>10h &#8211; Ato Inter-Religioso<\/P><P>10h30 &#8211; Plantio de \u00c1rvores: Pau-Brasil e Baob\u00e1<\/P><P>Das 11 \u00e0s 17h<BR>Kizomba no Bosque<\/P><P>11h &#8211; Grupo Cultural O Esp\u00edrito de Zumbi<\/P><P>12h &#8211; Apresenta\u00e7\u00e3o de Maracatu &#8211; Grupo Cultural de Maracatu Babass\u00e1\u00a0e Ra\u00edzes do Nosso Brasil (Ted &#8211; O Rey)<\/P><P>12h30 &#8211; Dan\u00e7a Afro-aer\u00f3bica<BR>Professoras da Secretaria de Esporte<BR>\u00a0<BR>13h &#8211; Espet\u00e1culo de Dan\u00e7as Afro-Brasileiras<BR>Grupo de Dan\u00e7a Afro-Brasileira da ONG Fortaleza <BR>Grupo de Dan\u00e7a Afro-Brasileira\u00a0 DIET<BR>CEM &#8211; Crian\u00e7as Em Movimento<BR>Companhia Franco de Dan\u00e7a<\/P><P>14h &#8211; Apresenta\u00e7\u00e3o de Grupos de Capoeira<BR>Negro Fuj\u00e3o &#8211; Mestre Perer\u00ea <BR>Tradi\u00e7\u00e3o e Cultura<BR>Terreiro da Princesa<BR>Raiz da Arte Negra<BR>Nego Nag\u00f4 Capoeira<\/P><P>15h &#8211; Movimento Hip Hop<BR>Grupo Humildade Total\u00a0 Soberana<BR>Id\u00e9ias de Periferia<BR>Delito Criminal <BR>Calibre Urbano <BR>Workshop com Nelson Triunfo <\/P><P>16h15 &#8211; Banda Guarulhense Johnys e Juliano <\/P><P>16h45 &#8211; Encerramento<\/P><P>Local: Bosque Maia<\/P><P>16h &#8211; Baile da Terceira Idade<BR>Local: Nosso Clube de Vila Galv\u00e3o &#8211; Rua Sto. Antonio, 99<\/P><P>20h &#8211; Teatro<BR>Ritmos e Dan\u00e7as<BR>Espet\u00e1culo com o Grupo Bataker\u00ea<BR>Local: Teatro Adamastor<\/P><P>Dia 20 de novembro &#8211; segunda-feira<BR>20h &#8211; Grande Show Musical com Lula Barbosa<BR>Local: Teatro Adamastor &#8211; (Retirar um par de ingressos \u00e0s 18h na bilheteria)<\/P><P>Dia 21 de novembro &#8211; ter\u00e7a-feira<BR>9h &#8211; Palestra para os profissionais da Assist\u00eancia Social<BR>Tema: &#8220;A Assist\u00eancia Social e a Dimens\u00e3o \u00c9tnico\/Racial: desafios para um projeto de inclus\u00e3o&#8221;<BR>Maria Isabel de Assis, Mestre em Antropologia Social e Membro de ConselhoDiretor da Fala Preta e da Coordenadoria da Mulher e da Igualdade Racial da Prefeitura de Guarulhos<\/P><P>Local: Audit\u00f3rio do Pa\u00e7o Municipal<\/P><P>9h e 14h &#8211; Oficina de Bonecas Negras<BR>Coordena\u00e7\u00e3o: Claudete Brito<BR>Local: Audit\u00f3rio 3 &#8211; Adamastor<\/P><P>19h &#8211; Espet\u00e1culo de dan\u00e7a &#8211; &#8220;Dan\u00e7a Di\u00e1spora II&#8221; com professores da Rede Municipal de Educa\u00e7\u00e3o<BR>Palestra com o Prof. Dr. Saloma Solom\u00e3o &#8211; Prof. Dr. em Hist\u00f3ria Social -PUC &#8211; SP<BR>Tema: &#8220;Hist\u00f3ria e Cultura Afro-Brasileira&#8221;<BR>Local: Teatro Adamastor<\/P><P>\u00a0Dia 22 de novembro &#8211; quarta-feira<BR>8h &#8211; Curso &#8220;Hist\u00f3ria das Culturas Africanas e Afro-descendentes&#8221;<BR>Coordena\u00e7\u00e3o: Prof. Christian Fernando dos Santos Moura &#8211; Bacharel em Hist\u00f3ria pela UNESP, Pesquisador do NUPE (N\u00facleo Negro da UNESP para Pesquisa e Extens\u00e3o)<BR>Local: Audit\u00f3rio 3 &#8211; Adamastor <\/P><P>9h &#8211; Oficina para os Jovens do POJ e Bolsa Aux\u00edlio Desempregado &#8211; Secretaria Das Rela\u00e7\u00f5es do Trabalho<BR>Tema:&#8221;Trocando id\u00e9ias: Zumbi,\u00a0 Jo\u00e3o Candido, Hip Hop e outros Sons&#8221; <BR>Coordena\u00e7\u00e3o: Deise Benedito, Acad\u00eamica de Direito, Especialista em Direitos Humanos. Diana\u00a0 Ostam Romanini Mangela dos Santos\u00a0 Secretaria da Assist\u00eancia Social e Cidadania,\u00a0 Procuradora Chefe &#8211; Criminal, Especialista em Direito Penal.<BR>M.C. Dandan e grupo Zulu Nation Brasil<BR>Alan da Silva da Cooperifa<BR>Rhandal Sena do Grupo Estado Cr\u00edtico<BR>Antonio Boff do Grupo Olump\u00e1rum<BR>Express\u00e3o Verbal<BR>Manos da For\u00e7a Rep<BR>Calibre Forte<BR>Local: Teatro Adamastor<\/P><P>13h30 &#8211; Curso &#8220;Hist\u00f3ria das Culturas Africanas e Afro-descendentes&#8221;<BR>Coordena\u00e7\u00e3o: Prof. Christian Fernando dos Santos Moura &#8211; Bacharel em Hist\u00f3ria pela UNESP, Pesquisador do NUPE (N\u00facleo Negro da UNESP para Pesquisa e Extens\u00e3o)<BR>Local: Audit\u00f3rio 3 &#8211; Adamastor<\/P><P>14h &#8211; Oficina para as For\u00e7as Policiais do Munic\u00edpio de Guarulhos<BR>Tema: &#8220;Revendo Conceitos e Desconstruindo Preconceitos&#8221;.<BR>A Hist\u00f3ria da Pol\u00edcia no Brasil, a Hist\u00f3ria de Jo\u00e3o C\u00e2ndido e a Rela\u00e7\u00e3o com a Juventude Negra <\/P><P>Coordena\u00e7\u00e3o: Deise Benedito<BR>M.C. Dandan e grupo Zulu Nation Brasil<BR>Alan da Silva da Cooperifa<BR>Rhandal Sena do Grupo Estado Cr\u00edtico<BR>Antonio Boff do Grupo Olump\u00e1rum<BR>Local: Sal\u00e3o de Artes Adamastor<\/P><P>18h &#8211; M\u00fasica no Caf\u00e9<BR>Free Song Trio &#8211; Henric\u00e3o Jazz<BR>Local: Lanchonete Adamastor<\/P><P>19h &#8211; Oficina de Bonecas Negras<BR>Coordena\u00e7\u00e3o: Claudete Brito<BR>Local: Sal\u00e3o de Artes Adamastor<\/P><P>19h &#8211; Mostra de Filmes<BR>T\u00edtulo Original: Quanto vale ou \u00e9 por quilo? (baseado em um dos contos de Machado de Assis) Sinopse: O filme tra\u00e7a um paralelo entre a vida no per\u00edodo da escravid\u00e3o e a sociedade brasileira contempor\u00e2nea, focalizando as semelhan\u00e7as existentes no contexto social e econ\u00f4mica das duas \u00e9pocas. <BR>Dire\u00e7\u00e3o: S\u00e9rgio Bianchi<BR>Indica\u00e7\u00e3o: 14 anos<BR>Debatedores: Arlete Bastos e Claudia Lucena<BR>Local: Cine-clube Adamastor<\/P><P>\u00a0Dia 23 de novembro &#8211; quinta-feira<BR>9h &#8211; Palestra com Dr. Marcelo Paix\u00e3o <BR>Tema: &#8220;Forma\u00e7\u00e3o de Gestores P\u00fablicos: Desigualdades Raciais no Brasil e Guarulhos&#8221; &#8211; Economista, Dr. Em Sociologia pela Sociedade Brasileira de Instru\u00e7\u00e3o\u00a0 SBI\/UPERJ\u00a0 Local: Audit\u00f3rio do Pa\u00e7o Municipal<\/P><P>Das 14h \u00e0s 17h &#8211; Conversando sobre&#8230;As Rela\u00e7\u00f5es \u00c9tnicos-raciais<BR>&#8220;Estamparia Africana: Ampliando a vis\u00e3o de Mundo&#8221;. Por meio desta oficina as arte-educadoras convidam os participantes a discutirem sobre a rela\u00e7\u00e3o entre os conceitos est\u00e9ticos e a forma\u00e7\u00e3o da identidade cultural.<\/P><P>Educadoras: Luzinete Ferreira e S\u00f4nia Santos\u00a0 Arte-educadoras da Rede Municipal de S\u00e3o Paulo. Local: Audit\u00f3rio 2B do Adamastor<\/P><P>14h &#8211; Oficina de Bonecas Negras<BR>Coordena\u00e7\u00e3o: Claudete Brito<BR>Local: Audit\u00f3rio 3 &#8211; Adamastor<\/P><P>14h &#8211; Mostra de Filmes<BR>T\u00edtulo Original: Atl\u00e2ntico Negro &#8211; Na Rota dos Orix\u00e1s<BR>G\u00eanero: Document\u00e1rio<BR>Sinopse: Viagem no espa\u00e7o e no tempo em busca das origens africanas da cultura brasileira. <\/P><P>Dire\u00e7\u00e3o: Renato Barbieri<BR>Indica\u00e7\u00e3o: 14 anos Debatedores: Divaneide Alves e Mariosan Pereira<BR>Local: Teatro Adamastor<\/P><P>18h &#8211; M\u00fasica no Caf\u00e9<BR>Bento Moraes &#8211; MPB e Samba<BR>Local: Lanchonete Adamastor<\/P><P>19h &#8211; Apresenta\u00e7\u00e3o Cultural\u00a0 &#8220;Canto pela liberdade&#8221;- Paulo Roberto &#8211; Voz e Teclado. Palestra com Dr. Marcelo Paix\u00e3o &#8211; Tema: Desigualdades Raciais no Brasil e Guarulhos e Edna Roland, Coordenadora da Coordenadoria da Mulher e da Igualdade Racial de Guarulhos<BR>Tema: A\u00e7\u00f5es Afirmativas: Legisla\u00e7\u00e3o Nacional e Internacional<BR>Local: Teatro Adamastor<\/P><P>Dia 24 de novembro &#8211; sexta-feira 9h &#8211; Mostra de Filmes<BR>T\u00edtulo Original: Hotel Ruanda . Sinopse: Baseado na hist\u00f3ria real de um gerente de hotel de Kigali,capital de Ruanda, o filme mostra como ele salvou mais de mil pessoas durante a guerra civil.<BR>Dire\u00e7\u00e3o: Terry George \/ Indica\u00e7\u00e3o: 14 anos<BR>Debatedores: Arlete Bastos e Claudia Lucena<BR>Local: Teatro Adamastor<\/P><P>9h\u00a0 e 13h &#8211; Oficina: Tran\u00e7as Africanas<BR>Coordena\u00e7\u00e3o: Latoya e grupo de Jovens Negras da &#8220;Cooperafro&#8221; <BR>Local: Fundo Social de Solidariedade<\/P><P>Das 9h \u00e0s 12h &#8211; Conversando sobre&#8230;As Rela\u00e7\u00f5es \u00c9tnico-raciais.<BR>&#8220;A sensibiliza\u00e7\u00e3o para as quest\u00f5es afro-brasileiras se inicia na <BR>primeira inf\u00e2ncia&#8221;. <\/P><P>Educadoras: Antonietta Vanessa Longo, D\u00e9borah Ganni e Lucimar de C\u00e1ssia Ara\u00fajo do Centro Municipal de Educa\u00e7\u00e3o Infantil Jardim Ang\u00e9lica &#8211; Helena Antipoff<BR>Local: Audit\u00f3rio 2B &#8211; Adamastor<\/P><P>Das 14h \u00e0s 17h &#8211; Conversando sobre&#8230;As Rela\u00e7\u00f5es \u00c9tnico-raciais.<BR>&#8220;Ra\u00edzes do povo brasileiro &#8211; uma proposta musical para a sala <BR>de aula&#8221; &#8211; Panorama apreciativo sobre a forma\u00e7\u00e3o \u00e9tnica e cultural do povo brasileiro com enfoque nas ra\u00edzes musicais e na cultura infantil. Educadora: Hel\u00e9ia J. K. Duran, do Centro Municipal de Incentivo \u00e0 Leitura Luis de Cam\u00f5es. <BR>Local: Audit\u00f3rio 2B &#8211; Adamastor <\/P><P>16h &#8211; Mostra de Filmes<BR>T\u00edtulo Original: Madame Sat\u00e3<BR>Sinopse: Rio de Janeiro, Lapa anos 30: o cotidiano e a intimidade de Jo\u00e3o Francisco dos Santos, malandro, artista, presidi\u00e1rio, pai adotivo, negro, pobre, homossexual\u00a0 e seu circulo de amigos antes de se transformar no mito Madame Sat\u00e3, lend\u00e1rio personagem da boemia carioca. Dire\u00e7\u00e3o: Karim A\u00efnouz \/ Indica\u00e7\u00e3o: 14 anos<BR>Debatedores: Elias Neto\u00a0 e Silvia Maria Nogueira<BR>Local: Cine Clube Adamastor<\/P><P>18h &#8211; M\u00fasica no Caf\u00e9<BR>Bando de Macambira &#8211; Chorinho<BR>Local: Lanchonete Adamastor<\/P><P>19h &#8211; Di\u00e1logo sobre Culturas e Tradi\u00e7\u00f5es Religiosas Afro-Brasileiras de Guarulhos \/ Abertura: Hino das Religi\u00f5es de Matriz Africana Mesa de Abertura com autoridades da Cidade Jogo de Obi.<BR>Mesa: Prof. Dr. Reginaldo Prandi Ya, Sandra Medeiros Epega, Toy Vodunomn e Francelino de Shadanan <\/P><P>Organiza\u00e7\u00e3o: Associa\u00e7\u00e3o Cultural Beneficente Religiosa IAEUB \/ Local: Teatro Adamastor <\/P><P>Dia 25 de novembro &#8211; S\u00e1bado<BR>9h &#8211; Caminhada Pela Vida &#8211; Sa\u00edda Bosque Maia, chegada Adamastor Abertura da Semana de N\u00e3o Viol\u00eancia Contra as Mulheres, com as presen\u00e7as da Velha Guarda do Samba de S\u00e3o Paulo e do grupo de samba reggae Tambolano. <\/P><P>Cortejo em que ser\u00e3o transportadas duas colchas de retalhos:\u00a0 as fam\u00edlias e amigos homenagear\u00e3o os jovens Afrodescendentes v\u00edtimas de homic\u00eddio enquanto as mulheres representar\u00e3o um mundo sem viol\u00eancia.<BR>Participa\u00e7\u00e3o: D\u00e9bora Kikuti, Contadora de hist\u00f3rias; Paulo Roberto e Velha Guarda do Samba de S\u00e3o Paulo; Grupo Tambolano &#8211; &#8220;Samba Reggae&#8221; e Coral do Minist\u00e9rio Mintre<\/P><P>11h &#8211; Pra\u00e7a de Alimenta\u00e7\u00e3o Adamastor<BR>Iguarias t\u00edpicas: acaraj\u00e9 (Marly Francisca de Souza), cocada (Vanice Pereira de Jesus), caldo de mocot\u00f3 (Tereza Pinheiro dos Santos), pamonha (M\u00e1rcia C. S. R. Camazano), a\u00e7a\u00ed na tigela (Noemi da Silveira Novaes), canjica (Jacilma Fernandes S. De Brito) e caipirinha (Silvana Pinheiro Lopes).<BR>Local: P\u00e1tio de Eventos Adamastor<\/P><P>15h &#8211; Mostra de Arte Negra da Secretaria Municipal de Educa\u00e7\u00e3o<BR>1- Escola Municipal Cidade Ser\u00f4dio &#8211; Dan\u00e7a: &#8220;Encontro do Brasil com a \u00c1frica&#8221;.\u00a0 Est\u00e1gios II e III &#8211; Educa\u00e7\u00e3o Infantil &#8211; Prof\u00aa Lucy Alves Paulino, Ren\u00e9 Paulo dos Passos C\u00edcero Carlos e Deise Aparecida dos Santos <BR>2- Escola Municipal Jardim Guaracy I &#8211; Dan\u00e7a Afro\u00a0 &#8211; Prof\u00aa Telma Aparecida da Silva Contelli &#8211; Est\u00e1gios I, II, III, Educa\u00e7\u00e3o Infantil <BR>3- Escola Municipal Vila Carmela &#8211; Dan\u00e7a Afro\u00a0 &#8211; Formadoras Carla Rodrigues e Gleyce Cristina Franco Ferreira &#8211; Ensino Fundamental<BR>4- Escola municipal Jardim Bananal &#8211; Dan\u00e7a: &#8220;Colheita&#8221;\u00a0 &#8211; Formadores Ronaldo Monteiro da Silva e Thiago Luiz de Souza &#8211; 3\u00ba e 4\u00ba Est\u00e1gios do Ensino Fundamental<BR>5- Escola Municipal Jardim Fortaleza &#8211; Teatro: &#8220;\u00c9 proibido miar&#8221; &#8211; Formadores Marcio Maracaj\u00e1 e Eliana Severo Ramos &#8211; 3\u00ba Est\u00e1gio do Ensino Fundamental.<\/P><P>18h &#8211; continua\u00e7\u00e3o da Mostra de Arte Negra&#8230;<BR>1. Educrian\u00e7a &#8211; Performance: &#8220;O surgimento do mundo&#8221; &#8211; Uma lenda Africana Prof\u00aa Patr\u00edcia Angelica Ferreira<BR>2- Escola Municipal Gabriel Jos\u00e9 Antonio &#8211; Dan\u00e7a: &#8220;Il\u00ea de Luz&#8221; &#8211; Carlos Lima\u00a0 &#8211; Prof\u00aa Expedita Ap. Damassena Martins e Prof\u00aa Rachel Fernandes Pereira <BR>3- Escola Municipal Ant\u00f4nio Gon\u00e7alves Dias &#8211; Teatro: &#8220;Brasil, uma na\u00e7\u00e3o de Imigrantes&#8221; &#8211; Educandos e Educadores da EJA &#8211; Formador Tony Moreno<BR>4- Ong Fortaleza e Grupo Humildade Total &#8211; Maculel\u00ea, Puxada de rede, Hip Hop, Black Music &#8211; Prof\u00aa Jandira Aparecida da Silva<BR>5. Velha Guarda do Samba de S\u00e3o Paulo &#8211; Paulo Roberto dos Santos <BR>Local: P\u00e1tio de Eventos Adamastor<\/P><P>Dia 30 de novembro &#8211; quinta-feira<BR>9h &#8211; Palestra: Forma\u00e7\u00e3o de Gestores: Sa\u00fade da Popula\u00e7\u00e3o Negra Edna Maria Santos Roland, Coordenadora da Coordenadoria da Mulher e da Igualdade Racial de Guarulhos<BR>Local: Audit\u00f3rio da Secretaria da Sa\u00fade<\/P><P><STRONG>Apoio &#8211;<\/STRONG> CIM &#8211; Centro de Integra\u00e7\u00e3o da Mulher, Cooperifa, EDUCAFRO, Fala Preta!, Grupo Estado Cr\u00edtico, Grupo Revide, Grupo Zulu Nation Brasil, Instituto Diet, ONG Fortaleza, Organiza\u00e7\u00e3o de Mulheres Negras, SESC\/SP, ODESCCA, UNEGRO e UBM.<BR><\/P><\/p>\n","protected":false},"excerpt":{"rendered":"A\u00a0Prefeitura Municipal de Guarulhos realiza a VI Semana da Consci\u00eancia Negra, coroando um esfor\u00e7o do governo municipal.A Semana da Consci\u00eancia Negra vem sendo \n<a class=\"moretag\" href=\"https:\/\/www.aceguarulhos.com.br\/blog\/vi-semana-da-consci%c3%aancia-negra-de-guarulhos\/\"> [...]<\/a>","protected":false},"author":8,"featured_media":0,"comment_status":"open","ping_status":"open","sticky":false,"template":"","format":"standard","meta":{"footnotes":""},"categories":[2],"tags":[],"class_list":["post-30674","post","type-post","status-publish","format-standard","hentry","category-noticias"],"yoast_head":"<!-- This site is optimized with the Yoast SEO plugin v28.1 - https:\/\/yoast.com\/product\/yoast-seo-wordpress\/ -->\n<title>VI Semana da Consci\u00eancia Negra de Guarulhos - ACE-Guarulhos<\/title>\n<meta name=\"robots\" content=\"index, follow, max-snippet:-1, max-image-preview:large, max-video-preview:-1\" \/>\n<link rel=\"canonical\" href=\"https:\/\/www.aceguarulhos.com.br\/blog\/vi-semana-da-consci\u00eancia-negra-de-guarulhos\/\" \/>\n<meta property=\"og:locale\" content=\"pt_BR\" \/>\n<meta property=\"og:type\" content=\"article\" \/>\n<meta property=\"og:title\" content=\"VI Semana da Consci\u00eancia Negra de Guarulhos - ACE-Guarulhos\" \/>\n<meta property=\"og:description\" content=\"A\u00a0Prefeitura Municipal de Guarulhos realiza a VI Semana da Consci\u00eancia Negra, coroando um esfor\u00e7o do governo municipal.A Semana da Consci\u00eancia Negra vem sendo\" \/>\n<meta property=\"og:url\" content=\"https:\/\/www.aceguarulhos.com.br\/blog\/vi-semana-da-consci\u00eancia-negra-de-guarulhos\/\" \/>\n<meta property=\"og:site_name\" content=\"ACE-Guarulhos\" \/>\n<meta property=\"article:publisher\" content=\"https:\/\/www.facebook.com\/aceguarulhos\/\" \/>\n<meta property=\"article:published_time\" content=\"2006-11-20T09:17:35+00:00\" \/>\n<meta name=\"author\" content=\"Assessoria de Imprensa ACE-Guarulhos\" \/>\n<meta name=\"twitter:card\" content=\"summary_large_image\" \/>\n<meta name=\"twitter:label1\" content=\"Escrito por\" \/>\n\t<meta name=\"twitter:data1\" content=\"Assessoria de Imprensa ACE-Guarulhos\" \/>\n\t<meta name=\"twitter:label2\" content=\"Est. tempo de leitura\" \/>\n\t<meta name=\"twitter:data2\" content=\"11 minutos\" \/>\n<script type=\"application\/ld+json\" class=\"yoast-schema-graph\">{\"@context\":\"https:\\\/\\\/schema.org\",\"@graph\":[{\"@type\":\"Article\",\"@id\":\"https:\\\/\\\/www.aceguarulhos.com.br\\\/blog\\\/vi-semana-da-consci%c3%aancia-negra-de-guarulhos\\\/#article\",\"isPartOf\":{\"@id\":\"https:\\\/\\\/www.aceguarulhos.com.br\\\/blog\\\/vi-semana-da-consci%c3%aancia-negra-de-guarulhos\\\/\"},\"author\":{\"name\":\"Assessoria de Imprensa ACE-Guarulhos\",\"@id\":\"https:\\\/\\\/www.aceguarulhos.com.br\\\/blog\\\/#\\\/schema\\\/person\\\/6983b51bad37489989e4f09698c26237\"},\"headline\":\"VI Semana da Consci\u00eancia Negra de Guarulhos\",\"datePublished\":\"2006-11-20T09:17:35+00:00\",\"mainEntityOfPage\":{\"@id\":\"https:\\\/\\\/www.aceguarulhos.com.br\\\/blog\\\/vi-semana-da-consci%c3%aancia-negra-de-guarulhos\\\/\"},\"wordCount\":2256,\"commentCount\":0,\"publisher\":{\"@id\":\"https:\\\/\\\/www.aceguarulhos.com.br\\\/blog\\\/#organization\"},\"articleSection\":[\"Not\u00edcias\"],\"inLanguage\":\"pt-BR\"},{\"@type\":\"WebPage\",\"@id\":\"https:\\\/\\\/www.aceguarulhos.com.br\\\/blog\\\/vi-semana-da-consci%c3%aancia-negra-de-guarulhos\\\/\",\"url\":\"https:\\\/\\\/www.aceguarulhos.com.br\\\/blog\\\/vi-semana-da-consci%c3%aancia-negra-de-guarulhos\\\/\",\"name\":\"VI Semana da Consci\u00eancia Negra de Guarulhos - ACE-Guarulhos\",\"isPartOf\":{\"@id\":\"https:\\\/\\\/www.aceguarulhos.com.br\\\/blog\\\/#website\"},\"datePublished\":\"2006-11-20T09:17:35+00:00\",\"breadcrumb\":{\"@id\":\"https:\\\/\\\/www.aceguarulhos.com.br\\\/blog\\\/vi-semana-da-consci%c3%aancia-negra-de-guarulhos\\\/#breadcrumb\"},\"inLanguage\":\"pt-BR\",\"potentialAction\":[{\"@type\":\"ReadAction\",\"target\":[\"https:\\\/\\\/www.aceguarulhos.com.br\\\/blog\\\/vi-semana-da-consci%c3%aancia-negra-de-guarulhos\\\/\"]}]},{\"@type\":\"BreadcrumbList\",\"@id\":\"https:\\\/\\\/www.aceguarulhos.com.br\\\/blog\\\/vi-semana-da-consci%c3%aancia-negra-de-guarulhos\\\/#breadcrumb\",\"itemListElement\":[{\"@type\":\"ListItem\",\"position\":1,\"name\":\"In\u00edcio\",\"item\":\"https:\\\/\\\/www.aceguarulhos.com.br\\\/blog\\\/\"},{\"@type\":\"ListItem\",\"position\":2,\"name\":\"VI Semana da Consci\u00eancia Negra de Guarulhos\"}]},{\"@type\":\"WebSite\",\"@id\":\"https:\\\/\\\/www.aceguarulhos.com.br\\\/blog\\\/#website\",\"url\":\"https:\\\/\\\/www.aceguarulhos.com.br\\\/blog\\\/\",\"name\":\"ACE-Guarulhos\",\"description\":\"A ACE-Guarulhos \u00e9 uma associa\u00e7\u00e3o que ap\u00f3ia os empres\u00e1rios guarulhenses atrav\u00e9s da representa\u00e7\u00e3o, da gera\u00e7\u00e3o de neg\u00f3cios e presta\u00e7\u00e3o de servi\u00e7os.\",\"publisher\":{\"@id\":\"https:\\\/\\\/www.aceguarulhos.com.br\\\/blog\\\/#organization\"},\"potentialAction\":[{\"@type\":\"SearchAction\",\"target\":{\"@type\":\"EntryPoint\",\"urlTemplate\":\"https:\\\/\\\/www.aceguarulhos.com.br\\\/blog\\\/?s={search_term_string}\"},\"query-input\":{\"@type\":\"PropertyValueSpecification\",\"valueRequired\":true,\"valueName\":\"search_term_string\"}}],\"inLanguage\":\"pt-BR\"},{\"@type\":\"Organization\",\"@id\":\"https:\\\/\\\/www.aceguarulhos.com.br\\\/blog\\\/#organization\",\"name\":\"ACE-Guarulhos\",\"url\":\"https:\\\/\\\/www.aceguarulhos.com.br\\\/blog\\\/\",\"logo\":{\"@type\":\"ImageObject\",\"inLanguage\":\"pt-BR\",\"@id\":\"https:\\\/\\\/www.aceguarulhos.com.br\\\/blog\\\/#\\\/schema\\\/logo\\\/image\\\/\",\"url\":\"https:\\\/\\\/www.aceguarulhos.com.br\\\/blog\\\/wp-content\\\/uploads\\\/2017\\\/12\\\/logo-aceguarulhos-2018.png\",\"contentUrl\":\"https:\\\/\\\/www.aceguarulhos.com.br\\\/blog\\\/wp-content\\\/uploads\\\/2017\\\/12\\\/logo-aceguarulhos-2018.png\",\"width\":419,\"height\":76,\"caption\":\"ACE-Guarulhos\"},\"image\":{\"@id\":\"https:\\\/\\\/www.aceguarulhos.com.br\\\/blog\\\/#\\\/schema\\\/logo\\\/image\\\/\"},\"sameAs\":[\"https:\\\/\\\/www.facebook.com\\\/aceguarulhos\\\/\",\"https:\\\/\\\/br.linkedin.com\\\/in\\\/ace-guarulhos-b9a97093\",\"https:\\\/\\\/www.youtube.com\\\/user\\\/aceguarulhos\"]},{\"@type\":\"Person\",\"@id\":\"https:\\\/\\\/www.aceguarulhos.com.br\\\/blog\\\/#\\\/schema\\\/person\\\/6983b51bad37489989e4f09698c26237\",\"name\":\"Assessoria de Imprensa ACE-Guarulhos\",\"image\":{\"@type\":\"ImageObject\",\"inLanguage\":\"pt-BR\",\"@id\":\"https:\\\/\\\/secure.gravatar.com\\\/avatar\\\/707f3fadd6918afeb64173ab22d8a8cb0676953098a4f31ff36dc2b4c699ef6a?s=96&d=mm&r=g\",\"url\":\"https:\\\/\\\/secure.gravatar.com\\\/avatar\\\/707f3fadd6918afeb64173ab22d8a8cb0676953098a4f31ff36dc2b4c699ef6a?s=96&d=mm&r=g\",\"contentUrl\":\"https:\\\/\\\/secure.gravatar.com\\\/avatar\\\/707f3fadd6918afeb64173ab22d8a8cb0676953098a4f31ff36dc2b4c699ef6a?s=96&d=mm&r=g\",\"caption\":\"Assessoria de Imprensa ACE-Guarulhos\"},\"url\":\"https:\\\/\\\/www.aceguarulhos.com.br\\\/blog\\\/author\\\/assessoria-de-imprensa-ace-guarulhos\\\/\"}]}<\/script>\n<!-- \/ Yoast SEO plugin. -->","yoast_head_json":{"title":"VI Semana da Consci\u00eancia Negra de Guarulhos - ACE-Guarulhos","robots":{"index":"index","follow":"follow","max-snippet":"max-snippet:-1","max-image-preview":"max-image-preview:large","max-video-preview":"max-video-preview:-1"},"canonical":"https:\/\/www.aceguarulhos.com.br\/blog\/vi-semana-da-consci\u00eancia-negra-de-guarulhos\/","og_locale":"pt_BR","og_type":"article","og_title":"VI Semana da Consci\u00eancia Negra de Guarulhos - ACE-Guarulhos","og_description":"A\u00a0Prefeitura Municipal de Guarulhos realiza a VI Semana da Consci\u00eancia Negra, coroando um esfor\u00e7o do governo municipal.A Semana da Consci\u00eancia Negra vem sendo","og_url":"https:\/\/www.aceguarulhos.com.br\/blog\/vi-semana-da-consci\u00eancia-negra-de-guarulhos\/","og_site_name":"ACE-Guarulhos","article_publisher":"https:\/\/www.facebook.com\/aceguarulhos\/","article_published_time":"2006-11-20T09:17:35+00:00","author":"Assessoria de Imprensa ACE-Guarulhos","twitter_card":"summary_large_image","twitter_misc":{"Escrito por":"Assessoria de Imprensa ACE-Guarulhos","Est. tempo de leitura":"11 minutos"},"schema":{"@context":"https:\/\/schema.org","@graph":[{"@type":"Article","@id":"https:\/\/www.aceguarulhos.com.br\/blog\/vi-semana-da-consci%c3%aancia-negra-de-guarulhos\/#article","isPartOf":{"@id":"https:\/\/www.aceguarulhos.com.br\/blog\/vi-semana-da-consci%c3%aancia-negra-de-guarulhos\/"},"author":{"name":"Assessoria de Imprensa ACE-Guarulhos","@id":"https:\/\/www.aceguarulhos.com.br\/blog\/#\/schema\/person\/6983b51bad37489989e4f09698c26237"},"headline":"VI Semana da Consci\u00eancia Negra de Guarulhos","datePublished":"2006-11-20T09:17:35+00:00","mainEntityOfPage":{"@id":"https:\/\/www.aceguarulhos.com.br\/blog\/vi-semana-da-consci%c3%aancia-negra-de-guarulhos\/"},"wordCount":2256,"commentCount":0,"publisher":{"@id":"https:\/\/www.aceguarulhos.com.br\/blog\/#organization"},"articleSection":["Not\u00edcias"],"inLanguage":"pt-BR"},{"@type":"WebPage","@id":"https:\/\/www.aceguarulhos.com.br\/blog\/vi-semana-da-consci%c3%aancia-negra-de-guarulhos\/","url":"https:\/\/www.aceguarulhos.com.br\/blog\/vi-semana-da-consci%c3%aancia-negra-de-guarulhos\/","name":"VI Semana da Consci\u00eancia Negra de Guarulhos - ACE-Guarulhos","isPartOf":{"@id":"https:\/\/www.aceguarulhos.com.br\/blog\/#website"},"datePublished":"2006-11-20T09:17:35+00:00","breadcrumb":{"@id":"https:\/\/www.aceguarulhos.com.br\/blog\/vi-semana-da-consci%c3%aancia-negra-de-guarulhos\/#breadcrumb"},"inLanguage":"pt-BR","potentialAction":[{"@type":"ReadAction","target":["https:\/\/www.aceguarulhos.com.br\/blog\/vi-semana-da-consci%c3%aancia-negra-de-guarulhos\/"]}]},{"@type":"BreadcrumbList","@id":"https:\/\/www.aceguarulhos.com.br\/blog\/vi-semana-da-consci%c3%aancia-negra-de-guarulhos\/#breadcrumb","itemListElement":[{"@type":"ListItem","position":1,"name":"In\u00edcio","item":"https:\/\/www.aceguarulhos.com.br\/blog\/"},{"@type":"ListItem","position":2,"name":"VI Semana da Consci\u00eancia Negra de Guarulhos"}]},{"@type":"WebSite","@id":"https:\/\/www.aceguarulhos.com.br\/blog\/#website","url":"https:\/\/www.aceguarulhos.com.br\/blog\/","name":"ACE-Guarulhos","description":"A ACE-Guarulhos \u00e9 uma associa\u00e7\u00e3o que ap\u00f3ia os empres\u00e1rios guarulhenses atrav\u00e9s da representa\u00e7\u00e3o, da gera\u00e7\u00e3o de neg\u00f3cios e presta\u00e7\u00e3o de servi\u00e7os.","publisher":{"@id":"https:\/\/www.aceguarulhos.com.br\/blog\/#organization"},"potentialAction":[{"@type":"SearchAction","target":{"@type":"EntryPoint","urlTemplate":"https:\/\/www.aceguarulhos.com.br\/blog\/?s={search_term_string}"},"query-input":{"@type":"PropertyValueSpecification","valueRequired":true,"valueName":"search_term_string"}}],"inLanguage":"pt-BR"},{"@type":"Organization","@id":"https:\/\/www.aceguarulhos.com.br\/blog\/#organization","name":"ACE-Guarulhos","url":"https:\/\/www.aceguarulhos.com.br\/blog\/","logo":{"@type":"ImageObject","inLanguage":"pt-BR","@id":"https:\/\/www.aceguarulhos.com.br\/blog\/#\/schema\/logo\/image\/","url":"https:\/\/www.aceguarulhos.com.br\/blog\/wp-content\/uploads\/2017\/12\/logo-aceguarulhos-2018.png","contentUrl":"https:\/\/www.aceguarulhos.com.br\/blog\/wp-content\/uploads\/2017\/12\/logo-aceguarulhos-2018.png","width":419,"height":76,"caption":"ACE-Guarulhos"},"image":{"@id":"https:\/\/www.aceguarulhos.com.br\/blog\/#\/schema\/logo\/image\/"},"sameAs":["https:\/\/www.facebook.com\/aceguarulhos\/","https:\/\/br.linkedin.com\/in\/ace-guarulhos-b9a97093","https:\/\/www.youtube.com\/user\/aceguarulhos"]},{"@type":"Person","@id":"https:\/\/www.aceguarulhos.com.br\/blog\/#\/schema\/person\/6983b51bad37489989e4f09698c26237","name":"Assessoria de Imprensa ACE-Guarulhos","image":{"@type":"ImageObject","inLanguage":"pt-BR","@id":"https:\/\/secure.gravatar.com\/avatar\/707f3fadd6918afeb64173ab22d8a8cb0676953098a4f31ff36dc2b4c699ef6a?s=96&d=mm&r=g","url":"https:\/\/secure.gravatar.com\/avatar\/707f3fadd6918afeb64173ab22d8a8cb0676953098a4f31ff36dc2b4c699ef6a?s=96&d=mm&r=g","contentUrl":"https:\/\/secure.gravatar.com\/avatar\/707f3fadd6918afeb64173ab22d8a8cb0676953098a4f31ff36dc2b4c699ef6a?s=96&d=mm&r=g","caption":"Assessoria de Imprensa ACE-Guarulhos"},"url":"https:\/\/www.aceguarulhos.com.br\/blog\/author\/assessoria-de-imprensa-ace-guarulhos\/"}]}},"wps_subtitle":"","amp_enabled":true,"_links":{"self":[{"href":"https:\/\/www.aceguarulhos.com.br\/blog\/wp-json\/wp\/v2\/posts\/30674","targetHints":{"allow":["GET"]}}],"collection":[{"href":"https:\/\/www.aceguarulhos.com.br\/blog\/wp-json\/wp\/v2\/posts"}],"about":[{"href":"https:\/\/www.aceguarulhos.com.br\/blog\/wp-json\/wp\/v2\/types\/post"}],"author":[{"embeddable":true,"href":"https:\/\/www.aceguarulhos.com.br\/blog\/wp-json\/wp\/v2\/users\/8"}],"replies":[{"embeddable":true,"href":"https:\/\/www.aceguarulhos.com.br\/blog\/wp-json\/wp\/v2\/comments?post=30674"}],"version-history":[{"count":0,"href":"https:\/\/www.aceguarulhos.com.br\/blog\/wp-json\/wp\/v2\/posts\/30674\/revisions"}],"wp:attachment":[{"href":"https:\/\/www.aceguarulhos.com.br\/blog\/wp-json\/wp\/v2\/media?parent=30674"}],"wp:term":[{"taxonomy":"category","embeddable":true,"href":"https:\/\/www.aceguarulhos.com.br\/blog\/wp-json\/wp\/v2\/categories?post=30674"},{"taxonomy":"post_tag","embeddable":true,"href":"https:\/\/www.aceguarulhos.com.br\/blog\/wp-json\/wp\/v2\/tags?post=30674"}],"curies":[{"name":"wp","href":"https:\/\/api.w.org\/{rel}","templated":true}]}}