{"id":30641,"date":"2006-11-08T17:14:29","date_gmt":"2006-11-08T17:14:29","guid":{"rendered":"http:\/\/www.aceguarulhos.com.br\/blog\/?p=30641"},"modified":"-0001-11-30T00:00:00","modified_gmt":"-0001-11-30T03:00:00","slug":"piet%c3%a1-confirma-que-dia-20-ser%c3%a1-feriado-municipal","status":"publish","type":"post","link":"https:\/\/www.aceguarulhos.com.br\/blog\/piet%c3%a1-confirma-que-dia-20-ser%c3%a1-feriado-municipal\/","title":{"rendered":"Piet\u00e1 confirma que dia 20 ser\u00e1 feriado municipal"},"content":{"rendered":"<p><P><STRONG><EM>Feriado em homenagem ao Dia Nacional da Consci\u00eancia Negra \u00e9 aprovado pelo prefeito<\/EM><\/STRONG><\/P><P>Em reuni\u00e3o com Gilberto Penido, presidente da C\u00e2mara Municipal de Guarulhos, o prefeito El\u00f3i Piet\u00e1 confirmou na tarde desta quarta-feira o feriado municipal em 20 de novembro, Dia Nacional da Consci\u00eancia Negra.<\/P><P>Projeto neste sentido j\u00e1 havia sido aprovado pela C\u00e2mara no ano retrasado, mas ainda n\u00e3o havia sido reconhecido pelo poder p\u00fablico municipal. Com a decis\u00e3o de Piet\u00e1, fica confirmado que dia 20 de novembro \u00e9 um novo feriado em Guarulhos. <\/P><P><STRONG>Posi\u00e7\u00e3o da ACE &#8211;<\/STRONG> Os vereadores de Guarulhos institu\u00edram no munic\u00edpio em 2003 o dia 20 de novembro como o &#8220;Dia da Consci\u00eancia Negra&#8221;, data esta que se tornou feriado. Entretanto o prefeito El\u00f3i Piet\u00e1 vetou a referida Lei, tendo seu veto derrubado em seguida pela C\u00e2mara Municipal. Desde ent\u00e3o os empres\u00e1rios de Guarulhos convivem com este grande impasse que envolve o Legislativo e o Executivo, j\u00e1 que a Prefeitura n\u00e3o vem reconhecendo a data como feriado desde a sua aprova\u00e7\u00e3o. Como esta informa\u00e7\u00e3o \u00e9 vital para todos os empres\u00e1rios da cidade, dentre eles os mais de 2.500 associados da ACE &#8211; Associa\u00e7\u00e3o Comercial e Empresarial de Guarulhos, a entidade faz os seguintes esclarecimentos:<\/P><P>Em rela\u00e7\u00e3o \u00e0 Lei Municipal n\u00ba 5.950, de 15 de Outubro de 2003, que instituiu o dia 20 de novembro como sendo feriado comemorativo ao &#8220;Dia da Consci\u00eancia Negra&#8221;, o departamento jur\u00eddico da ACE-Guarulhos tem o seguinte posicionamento a respeito do caso: <\/P><P>1) Entendemos que a referida Lei Municipal \u00e9 inconstitucional;<\/P><P>2) No entanto, enquanto n\u00e3o declarada sua inconstitucionalidade, a lei \u00e9 v\u00e1lida e deve ser observada;<\/P><P>3) A Associa\u00e7\u00e3o Comercial n\u00e3o tem legitimidade para ingressar com medida judicial que busque declara\u00e7\u00e3o de inconstitucionalidade de lei municipal, em \u00e2mbito coletivo e de efeitos gerais;<BR>\u00a0<BR>4) O departamento jur\u00eddico da ACE verificou o assunto com a Delegacia Regional do Trabalho (DRT) que informou que n\u00e3o ir\u00e1 fiscalizar, no entanto, caso haja alguma autua\u00e7\u00e3o, colocamo-nos \u00e0 disposi\u00e7\u00e3o para orienta\u00e7\u00f5es com rela\u00e7\u00e3o \u00e0 defesa administrativa. <\/P><P align=right><EM>(Com informa\u00e7\u00f5es da Ass. de Imprensa da ACE)<\/EM><\/P><\/p>\n","protected":false},"excerpt":{"rendered":"Feriado em homenagem ao Dia Nacional da Consci\u00eancia Negra \u00e9 aprovado pelo prefeitoEm reuni\u00e3o com Gilberto Penido, presidente da C\u00e2mara Municipal de Guarulhos, \n<a class=\"moretag\" href=\"https:\/\/www.aceguarulhos.com.br\/blog\/piet%c3%a1-confirma-que-dia-20-ser%c3%a1-feriado-municipal\/\"> [...]<\/a>","protected":false},"author":8,"featured_media":0,"comment_status":"open","ping_status":"open","sticky":false,"template":"","format":"standard","meta":{"footnotes":""},"categories":[2],"tags":[],"class_list":["post-30641","post","type-post","status-publish","format-standard","hentry","category-noticias"],"yoast_head":"<!-- This site is optimized with the Yoast SEO plugin v28.1 - https:\/\/yoast.com\/product\/yoast-seo-wordpress\/ -->\n<title>Piet\u00e1 confirma que dia 20 ser\u00e1 feriado municipal - ACE-Guarulhos<\/title>\n<meta name=\"robots\" content=\"index, follow, max-snippet:-1, max-image-preview:large, max-video-preview:-1\" \/>\n<link rel=\"canonical\" href=\"https:\/\/www.aceguarulhos.com.br\/blog\/piet\u00e1-confirma-que-dia-20-ser\u00e1-feriado-municipal\/\" \/>\n<meta property=\"og:locale\" content=\"pt_BR\" \/>\n<meta property=\"og:type\" content=\"article\" \/>\n<meta property=\"og:title\" content=\"Piet\u00e1 confirma que dia 20 ser\u00e1 feriado municipal - ACE-Guarulhos\" \/>\n<meta property=\"og:description\" content=\"Feriado em homenagem ao Dia Nacional da Consci\u00eancia Negra \u00e9 aprovado pelo prefeitoEm reuni\u00e3o com Gilberto Penido, presidente da C\u00e2mara Municipal de Guarulhos,\" \/>\n<meta property=\"og:url\" content=\"https:\/\/www.aceguarulhos.com.br\/blog\/piet\u00e1-confirma-que-dia-20-ser\u00e1-feriado-municipal\/\" \/>\n<meta property=\"og:site_name\" content=\"ACE-Guarulhos\" \/>\n<meta property=\"article:publisher\" content=\"https:\/\/www.facebook.com\/aceguarulhos\/\" \/>\n<meta property=\"article:published_time\" content=\"2006-11-08T17:14:29+00:00\" \/>\n<meta name=\"author\" content=\"Assessoria de Imprensa ACE-Guarulhos\" \/>\n<meta name=\"twitter:card\" content=\"summary_large_image\" \/>\n<meta name=\"twitter:label1\" content=\"Escrito por\" \/>\n\t<meta name=\"twitter:data1\" content=\"Assessoria de Imprensa ACE-Guarulhos\" \/>\n\t<meta name=\"twitter:label2\" content=\"Est. tempo de leitura\" \/>\n\t<meta name=\"twitter:data2\" content=\"2 minutos\" \/>\n<script type=\"application\/ld+json\" class=\"yoast-schema-graph\">{\"@context\":\"https:\\\/\\\/schema.org\",\"@graph\":[{\"@type\":\"Article\",\"@id\":\"https:\\\/\\\/www.aceguarulhos.com.br\\\/blog\\\/piet%c3%a1-confirma-que-dia-20-ser%c3%a1-feriado-municipal\\\/#article\",\"isPartOf\":{\"@id\":\"https:\\\/\\\/www.aceguarulhos.com.br\\\/blog\\\/piet%c3%a1-confirma-que-dia-20-ser%c3%a1-feriado-municipal\\\/\"},\"author\":{\"name\":\"Assessoria de Imprensa ACE-Guarulhos\",\"@id\":\"https:\\\/\\\/www.aceguarulhos.com.br\\\/blog\\\/#\\\/schema\\\/person\\\/6983b51bad37489989e4f09698c26237\"},\"headline\":\"Piet\u00e1 confirma que dia 20 ser\u00e1 feriado municipal\",\"datePublished\":\"2006-11-08T17:14:29+00:00\",\"mainEntityOfPage\":{\"@id\":\"https:\\\/\\\/www.aceguarulhos.com.br\\\/blog\\\/piet%c3%a1-confirma-que-dia-20-ser%c3%a1-feriado-municipal\\\/\"},\"wordCount\":362,\"commentCount\":0,\"publisher\":{\"@id\":\"https:\\\/\\\/www.aceguarulhos.com.br\\\/blog\\\/#organization\"},\"articleSection\":[\"Not\u00edcias\"],\"inLanguage\":\"pt-BR\"},{\"@type\":\"WebPage\",\"@id\":\"https:\\\/\\\/www.aceguarulhos.com.br\\\/blog\\\/piet%c3%a1-confirma-que-dia-20-ser%c3%a1-feriado-municipal\\\/\",\"url\":\"https:\\\/\\\/www.aceguarulhos.com.br\\\/blog\\\/piet%c3%a1-confirma-que-dia-20-ser%c3%a1-feriado-municipal\\\/\",\"name\":\"Piet\u00e1 confirma que dia 20 ser\u00e1 feriado municipal - ACE-Guarulhos\",\"isPartOf\":{\"@id\":\"https:\\\/\\\/www.aceguarulhos.com.br\\\/blog\\\/#website\"},\"datePublished\":\"2006-11-08T17:14:29+00:00\",\"breadcrumb\":{\"@id\":\"https:\\\/\\\/www.aceguarulhos.com.br\\\/blog\\\/piet%c3%a1-confirma-que-dia-20-ser%c3%a1-feriado-municipal\\\/#breadcrumb\"},\"inLanguage\":\"pt-BR\",\"potentialAction\":[{\"@type\":\"ReadAction\",\"target\":[\"https:\\\/\\\/www.aceguarulhos.com.br\\\/blog\\\/piet%c3%a1-confirma-que-dia-20-ser%c3%a1-feriado-municipal\\\/\"]}]},{\"@type\":\"BreadcrumbList\",\"@id\":\"https:\\\/\\\/www.aceguarulhos.com.br\\\/blog\\\/piet%c3%a1-confirma-que-dia-20-ser%c3%a1-feriado-municipal\\\/#breadcrumb\",\"itemListElement\":[{\"@type\":\"ListItem\",\"position\":1,\"name\":\"In\u00edcio\",\"item\":\"https:\\\/\\\/www.aceguarulhos.com.br\\\/blog\\\/\"},{\"@type\":\"ListItem\",\"position\":2,\"name\":\"Piet\u00e1 confirma que dia 20 ser\u00e1 feriado municipal\"}]},{\"@type\":\"WebSite\",\"@id\":\"https:\\\/\\\/www.aceguarulhos.com.br\\\/blog\\\/#website\",\"url\":\"https:\\\/\\\/www.aceguarulhos.com.br\\\/blog\\\/\",\"name\":\"ACE-Guarulhos\",\"description\":\"A ACE-Guarulhos \u00e9 uma associa\u00e7\u00e3o que ap\u00f3ia os empres\u00e1rios guarulhenses atrav\u00e9s da representa\u00e7\u00e3o, da gera\u00e7\u00e3o de neg\u00f3cios e presta\u00e7\u00e3o de servi\u00e7os.\",\"publisher\":{\"@id\":\"https:\\\/\\\/www.aceguarulhos.com.br\\\/blog\\\/#organization\"},\"potentialAction\":[{\"@type\":\"SearchAction\",\"target\":{\"@type\":\"EntryPoint\",\"urlTemplate\":\"https:\\\/\\\/www.aceguarulhos.com.br\\\/blog\\\/?s={search_term_string}\"},\"query-input\":{\"@type\":\"PropertyValueSpecification\",\"valueRequired\":true,\"valueName\":\"search_term_string\"}}],\"inLanguage\":\"pt-BR\"},{\"@type\":\"Organization\",\"@id\":\"https:\\\/\\\/www.aceguarulhos.com.br\\\/blog\\\/#organization\",\"name\":\"ACE-Guarulhos\",\"url\":\"https:\\\/\\\/www.aceguarulhos.com.br\\\/blog\\\/\",\"logo\":{\"@type\":\"ImageObject\",\"inLanguage\":\"pt-BR\",\"@id\":\"https:\\\/\\\/www.aceguarulhos.com.br\\\/blog\\\/#\\\/schema\\\/logo\\\/image\\\/\",\"url\":\"https:\\\/\\\/www.aceguarulhos.com.br\\\/blog\\\/wp-content\\\/uploads\\\/2017\\\/12\\\/logo-aceguarulhos-2018.png\",\"contentUrl\":\"https:\\\/\\\/www.aceguarulhos.com.br\\\/blog\\\/wp-content\\\/uploads\\\/2017\\\/12\\\/logo-aceguarulhos-2018.png\",\"width\":419,\"height\":76,\"caption\":\"ACE-Guarulhos\"},\"image\":{\"@id\":\"https:\\\/\\\/www.aceguarulhos.com.br\\\/blog\\\/#\\\/schema\\\/logo\\\/image\\\/\"},\"sameAs\":[\"https:\\\/\\\/www.facebook.com\\\/aceguarulhos\\\/\",\"https:\\\/\\\/br.linkedin.com\\\/in\\\/ace-guarulhos-b9a97093\",\"https:\\\/\\\/www.youtube.com\\\/user\\\/aceguarulhos\"]},{\"@type\":\"Person\",\"@id\":\"https:\\\/\\\/www.aceguarulhos.com.br\\\/blog\\\/#\\\/schema\\\/person\\\/6983b51bad37489989e4f09698c26237\",\"name\":\"Assessoria de Imprensa ACE-Guarulhos\",\"image\":{\"@type\":\"ImageObject\",\"inLanguage\":\"pt-BR\",\"@id\":\"https:\\\/\\\/secure.gravatar.com\\\/avatar\\\/707f3fadd6918afeb64173ab22d8a8cb0676953098a4f31ff36dc2b4c699ef6a?s=96&d=mm&r=g\",\"url\":\"https:\\\/\\\/secure.gravatar.com\\\/avatar\\\/707f3fadd6918afeb64173ab22d8a8cb0676953098a4f31ff36dc2b4c699ef6a?s=96&d=mm&r=g\",\"contentUrl\":\"https:\\\/\\\/secure.gravatar.com\\\/avatar\\\/707f3fadd6918afeb64173ab22d8a8cb0676953098a4f31ff36dc2b4c699ef6a?s=96&d=mm&r=g\",\"caption\":\"Assessoria de Imprensa ACE-Guarulhos\"},\"url\":\"https:\\\/\\\/www.aceguarulhos.com.br\\\/blog\\\/author\\\/assessoria-de-imprensa-ace-guarulhos\\\/\"}]}<\/script>\n<!-- \/ Yoast SEO plugin. -->","yoast_head_json":{"title":"Piet\u00e1 confirma que dia 20 ser\u00e1 feriado municipal - ACE-Guarulhos","robots":{"index":"index","follow":"follow","max-snippet":"max-snippet:-1","max-image-preview":"max-image-preview:large","max-video-preview":"max-video-preview:-1"},"canonical":"https:\/\/www.aceguarulhos.com.br\/blog\/piet\u00e1-confirma-que-dia-20-ser\u00e1-feriado-municipal\/","og_locale":"pt_BR","og_type":"article","og_title":"Piet\u00e1 confirma que dia 20 ser\u00e1 feriado municipal - ACE-Guarulhos","og_description":"Feriado em homenagem ao Dia Nacional da Consci\u00eancia Negra \u00e9 aprovado pelo prefeitoEm reuni\u00e3o com Gilberto Penido, presidente da C\u00e2mara Municipal de Guarulhos,","og_url":"https:\/\/www.aceguarulhos.com.br\/blog\/piet\u00e1-confirma-que-dia-20-ser\u00e1-feriado-municipal\/","og_site_name":"ACE-Guarulhos","article_publisher":"https:\/\/www.facebook.com\/aceguarulhos\/","article_published_time":"2006-11-08T17:14:29+00:00","author":"Assessoria de Imprensa ACE-Guarulhos","twitter_card":"summary_large_image","twitter_misc":{"Escrito por":"Assessoria de Imprensa ACE-Guarulhos","Est. tempo de leitura":"2 minutos"},"schema":{"@context":"https:\/\/schema.org","@graph":[{"@type":"Article","@id":"https:\/\/www.aceguarulhos.com.br\/blog\/piet%c3%a1-confirma-que-dia-20-ser%c3%a1-feriado-municipal\/#article","isPartOf":{"@id":"https:\/\/www.aceguarulhos.com.br\/blog\/piet%c3%a1-confirma-que-dia-20-ser%c3%a1-feriado-municipal\/"},"author":{"name":"Assessoria de Imprensa ACE-Guarulhos","@id":"https:\/\/www.aceguarulhos.com.br\/blog\/#\/schema\/person\/6983b51bad37489989e4f09698c26237"},"headline":"Piet\u00e1 confirma que dia 20 ser\u00e1 feriado municipal","datePublished":"2006-11-08T17:14:29+00:00","mainEntityOfPage":{"@id":"https:\/\/www.aceguarulhos.com.br\/blog\/piet%c3%a1-confirma-que-dia-20-ser%c3%a1-feriado-municipal\/"},"wordCount":362,"commentCount":0,"publisher":{"@id":"https:\/\/www.aceguarulhos.com.br\/blog\/#organization"},"articleSection":["Not\u00edcias"],"inLanguage":"pt-BR"},{"@type":"WebPage","@id":"https:\/\/www.aceguarulhos.com.br\/blog\/piet%c3%a1-confirma-que-dia-20-ser%c3%a1-feriado-municipal\/","url":"https:\/\/www.aceguarulhos.com.br\/blog\/piet%c3%a1-confirma-que-dia-20-ser%c3%a1-feriado-municipal\/","name":"Piet\u00e1 confirma que dia 20 ser\u00e1 feriado municipal - ACE-Guarulhos","isPartOf":{"@id":"https:\/\/www.aceguarulhos.com.br\/blog\/#website"},"datePublished":"2006-11-08T17:14:29+00:00","breadcrumb":{"@id":"https:\/\/www.aceguarulhos.com.br\/blog\/piet%c3%a1-confirma-que-dia-20-ser%c3%a1-feriado-municipal\/#breadcrumb"},"inLanguage":"pt-BR","potentialAction":[{"@type":"ReadAction","target":["https:\/\/www.aceguarulhos.com.br\/blog\/piet%c3%a1-confirma-que-dia-20-ser%c3%a1-feriado-municipal\/"]}]},{"@type":"BreadcrumbList","@id":"https:\/\/www.aceguarulhos.com.br\/blog\/piet%c3%a1-confirma-que-dia-20-ser%c3%a1-feriado-municipal\/#breadcrumb","itemListElement":[{"@type":"ListItem","position":1,"name":"In\u00edcio","item":"https:\/\/www.aceguarulhos.com.br\/blog\/"},{"@type":"ListItem","position":2,"name":"Piet\u00e1 confirma que dia 20 ser\u00e1 feriado municipal"}]},{"@type":"WebSite","@id":"https:\/\/www.aceguarulhos.com.br\/blog\/#website","url":"https:\/\/www.aceguarulhos.com.br\/blog\/","name":"ACE-Guarulhos","description":"A ACE-Guarulhos \u00e9 uma associa\u00e7\u00e3o que ap\u00f3ia os empres\u00e1rios guarulhenses atrav\u00e9s da representa\u00e7\u00e3o, da gera\u00e7\u00e3o de neg\u00f3cios e presta\u00e7\u00e3o de servi\u00e7os.","publisher":{"@id":"https:\/\/www.aceguarulhos.com.br\/blog\/#organization"},"potentialAction":[{"@type":"SearchAction","target":{"@type":"EntryPoint","urlTemplate":"https:\/\/www.aceguarulhos.com.br\/blog\/?s={search_term_string}"},"query-input":{"@type":"PropertyValueSpecification","valueRequired":true,"valueName":"search_term_string"}}],"inLanguage":"pt-BR"},{"@type":"Organization","@id":"https:\/\/www.aceguarulhos.com.br\/blog\/#organization","name":"ACE-Guarulhos","url":"https:\/\/www.aceguarulhos.com.br\/blog\/","logo":{"@type":"ImageObject","inLanguage":"pt-BR","@id":"https:\/\/www.aceguarulhos.com.br\/blog\/#\/schema\/logo\/image\/","url":"https:\/\/www.aceguarulhos.com.br\/blog\/wp-content\/uploads\/2017\/12\/logo-aceguarulhos-2018.png","contentUrl":"https:\/\/www.aceguarulhos.com.br\/blog\/wp-content\/uploads\/2017\/12\/logo-aceguarulhos-2018.png","width":419,"height":76,"caption":"ACE-Guarulhos"},"image":{"@id":"https:\/\/www.aceguarulhos.com.br\/blog\/#\/schema\/logo\/image\/"},"sameAs":["https:\/\/www.facebook.com\/aceguarulhos\/","https:\/\/br.linkedin.com\/in\/ace-guarulhos-b9a97093","https:\/\/www.youtube.com\/user\/aceguarulhos"]},{"@type":"Person","@id":"https:\/\/www.aceguarulhos.com.br\/blog\/#\/schema\/person\/6983b51bad37489989e4f09698c26237","name":"Assessoria de Imprensa ACE-Guarulhos","image":{"@type":"ImageObject","inLanguage":"pt-BR","@id":"https:\/\/secure.gravatar.com\/avatar\/707f3fadd6918afeb64173ab22d8a8cb0676953098a4f31ff36dc2b4c699ef6a?s=96&d=mm&r=g","url":"https:\/\/secure.gravatar.com\/avatar\/707f3fadd6918afeb64173ab22d8a8cb0676953098a4f31ff36dc2b4c699ef6a?s=96&d=mm&r=g","contentUrl":"https:\/\/secure.gravatar.com\/avatar\/707f3fadd6918afeb64173ab22d8a8cb0676953098a4f31ff36dc2b4c699ef6a?s=96&d=mm&r=g","caption":"Assessoria de Imprensa ACE-Guarulhos"},"url":"https:\/\/www.aceguarulhos.com.br\/blog\/author\/assessoria-de-imprensa-ace-guarulhos\/"}]}},"wps_subtitle":"","amp_enabled":true,"_links":{"self":[{"href":"https:\/\/www.aceguarulhos.com.br\/blog\/wp-json\/wp\/v2\/posts\/30641","targetHints":{"allow":["GET"]}}],"collection":[{"href":"https:\/\/www.aceguarulhos.com.br\/blog\/wp-json\/wp\/v2\/posts"}],"about":[{"href":"https:\/\/www.aceguarulhos.com.br\/blog\/wp-json\/wp\/v2\/types\/post"}],"author":[{"embeddable":true,"href":"https:\/\/www.aceguarulhos.com.br\/blog\/wp-json\/wp\/v2\/users\/8"}],"replies":[{"embeddable":true,"href":"https:\/\/www.aceguarulhos.com.br\/blog\/wp-json\/wp\/v2\/comments?post=30641"}],"version-history":[{"count":0,"href":"https:\/\/www.aceguarulhos.com.br\/blog\/wp-json\/wp\/v2\/posts\/30641\/revisions"}],"wp:attachment":[{"href":"https:\/\/www.aceguarulhos.com.br\/blog\/wp-json\/wp\/v2\/media?parent=30641"}],"wp:term":[{"taxonomy":"category","embeddable":true,"href":"https:\/\/www.aceguarulhos.com.br\/blog\/wp-json\/wp\/v2\/categories?post=30641"},{"taxonomy":"post_tag","embeddable":true,"href":"https:\/\/www.aceguarulhos.com.br\/blog\/wp-json\/wp\/v2\/tags?post=30641"}],"curies":[{"name":"wp","href":"https:\/\/api.w.org\/{rel}","templated":true}]}}