{"id":30584,"date":"2006-10-19T14:21:22","date_gmt":"2006-10-19T14:21:22","guid":{"rendered":"http:\/\/www.aceguarulhos.com.br\/blog\/?p=30584"},"modified":"-0001-11-30T00:00:00","modified_gmt":"-0001-11-30T03:00:00","slug":"mais-um-corte-de-05-ponto-na-selic","status":"publish","type":"post","link":"https:\/\/www.aceguarulhos.com.br\/blog\/mais-um-corte-de-05-ponto-na-selic\/","title":{"rendered":"Mais um corte de 0,5 ponto na Selic"},"content":{"rendered":"<p><P>Em r\u00e1pida reuni\u00e3o, o Comit\u00ea de Pol\u00edtica Monet\u00e1ria (Copom) do Banco Central confirmou as expectativas do mercado financeiro e reduziu ontem a taxa b\u00e1sica de juros da economia (a Selic) em 0,5 ponto percentual, para 13,75% ao ano. Esse foi o d\u00e9cimo primeiro corte consecutivo na taxa de juros, que chegou novamente ao menor n\u00edvel da hist\u00f3ria. Desde setembro de 2005, quando come\u00e7ou a atual s\u00e9rie de cortes, os juros j\u00e1 recuaram seis pontos percentuais. <\/P><P>A decis\u00e3o do Copom foi un\u00e2nime, e n\u00e3o foi estabelecido nenhum vi\u00e9s. Desse modo, os juros permanecer\u00e3o no patamar atual at\u00e9 o pr\u00f3ximo encontro do Comit\u00ea, que ser\u00e1 o \u00faltimo deste ano, marcado para os dias 28 e 29 de novembro. <\/P><P>Apesar de os juros estarem no menor n\u00edvel da hist\u00f3ria brasileira, em termos reais, isto \u00e9, descontada a infla\u00e7\u00e3o, eles ainda s\u00e3o os mais elevados do planeta. Atualmente, os juros reais no Brasil est\u00e3o em 9,3% ao ano. O segundo colocado no ranking mundial \u00e9 a Turquia, com 6,2% ao ano, seguida pela China, com 4,8% ao ano. <\/P><P><STRONG>Efeito pequeno &#8211;<\/STRONG> &#8220;Foi o esperado, mas poderia ser mais&#8221;, disse o economista Marcel Solimeo, diretor do Instituto de Economia Gast\u00e3o Vidigal, da Associa\u00e7\u00e3o Comercial de S\u00e3o Paulo (ACSP) sobre o corte da Selic. &#8220;O efeito para o consumidor ser\u00e1 muito pequeno.&#8221; Para ele, a redu\u00e7\u00e3o representa o m\u00ednimo poss\u00edvel, tendo em vista a infla\u00e7\u00e3o baixa e o fraco n\u00edvel de atividade da economia. <\/P><P>O economista observou que o importante agora \u00e9 que a ata do Copom, a ser divulgada na pr\u00f3xima semana, sinalize claramente a continuidade desse processo de redu\u00e7\u00e3o dos juros b\u00e1sicos, que ainda est\u00e3o em patamares muito elevados. <\/P><P>&#8220;Por enquanto, o impacto direto dessa redu\u00e7\u00e3o ser\u00e1 muito pequeno porque a Selic representa apenas um dos componentes da taxa de juros cobrada do consumidor final. E quem trabalha com prazos mais longos de cr\u00e9dito precisa ter um horizonte do que vai acontecer no futuro&#8221;, afirmou Marcel Solimeo. <\/P><P>O economista-chefe do Unibanco Asset Management, Alexandre Mathias, tamb\u00e9m comentou que o corte &#8220;n\u00e3o foi uma surpresa porque o mercado apontava para essa baixa, a despeito das advert\u00eancias das \u00faltimas atas e do Relat\u00f3rio de Infla\u00e7\u00e3o sobre a necessidade de maior parcim\u00f4nia&#8221;. <\/P><P><STRONG>\u00c2nimo &#8211;<\/STRONG> Ao contr\u00e1rio do mercado, o ministro da Fazenda, Guido Mantega, comentou animado a decis\u00e3o do BC. &#8220;O Copom est\u00e1 prosseguindo na trajet\u00f3ria de redu\u00e7\u00e3o da taxa b\u00e1sica de juros, em posi\u00e7\u00e3o coerente com o regime de metas de infla\u00e7\u00e3o. Como a infla\u00e7\u00e3o tem comportamento benigno, mantendo-se nos patamares esperados, ent\u00e3o o Copom reagiu \u00e0 altura e reduziu a taxa&#8221;, comemorou Mantega. <\/P><P>O ministro, por\u00e9m, admitiu que os juros ainda est\u00e3o altos. A Selic \u00e9, para ele, o elemento destoante no conjunto de bons resultados que o Brasil tem a apresentar. &#8220;Mas (a taxa) caminha para um patamar adequado. \u00c9 uma quest\u00e3o de tempo&#8221;, refor\u00e7ou Mantega. <\/P><P><STRONG>Redu\u00e7\u00f5es &#8211;<\/STRONG> Em conson\u00e2ncia com o BC, bancos comerciais tamb\u00e9m anunciaram redu\u00e7\u00e3o de taxas, em pequenas margens. Os juros do cheque especial do Bradesco ca\u00edram de 8,05% para 8,01% ao m\u00eas, para os que pagam as taxas mais altas, e de 4,48% para 4,45% ao m\u00eas, nas cobran\u00e7as mais baixas. O cr\u00e9dito pessoal foi de 5,59% para 5,57% ao m\u00eas na m\u00e1xima e de 2,7% para 2,66% na m\u00ednima. No Banco do Brasil, os juros do cheque especial passaram de 7,77% para 7,73% ao m\u00eas, na cobran\u00e7a m\u00e1xima, e de 2,17% para 2,13%, na m\u00ednima. No cr\u00e9dito direto, a taxa foi de 4,4% para 4,36%. (Ag\u00eancias) <\/P><\/p>\n","protected":false},"excerpt":{"rendered":"Em r\u00e1pida reuni\u00e3o, o Comit\u00ea de Pol\u00edtica Monet\u00e1ria (Copom) do Banco Central confirmou as expectativas do mercado financeiro e reduziu ontem a taxa \n<a class=\"moretag\" href=\"https:\/\/www.aceguarulhos.com.br\/blog\/mais-um-corte-de-05-ponto-na-selic\/\"> [...]<\/a>","protected":false},"author":8,"featured_media":0,"comment_status":"open","ping_status":"open","sticky":false,"template":"","format":"standard","meta":{"footnotes":""},"categories":[2],"tags":[],"class_list":["post-30584","post","type-post","status-publish","format-standard","hentry","category-noticias"],"yoast_head":"<!-- This site is optimized with the Yoast SEO plugin v28.1 - https:\/\/yoast.com\/product\/yoast-seo-wordpress\/ -->\n<title>Mais um corte de 0,5 ponto na Selic - ACE-Guarulhos<\/title>\n<meta name=\"robots\" content=\"index, follow, max-snippet:-1, max-image-preview:large, max-video-preview:-1\" \/>\n<link rel=\"canonical\" href=\"https:\/\/www.aceguarulhos.com.br\/blog\/mais-um-corte-de-05-ponto-na-selic\/\" \/>\n<meta property=\"og:locale\" content=\"pt_BR\" \/>\n<meta property=\"og:type\" content=\"article\" \/>\n<meta property=\"og:title\" content=\"Mais um corte de 0,5 ponto na Selic - ACE-Guarulhos\" \/>\n<meta property=\"og:description\" content=\"Em r\u00e1pida reuni\u00e3o, o Comit\u00ea de Pol\u00edtica Monet\u00e1ria (Copom) do Banco Central confirmou as expectativas do mercado financeiro e reduziu ontem a taxa\" \/>\n<meta property=\"og:url\" content=\"https:\/\/www.aceguarulhos.com.br\/blog\/mais-um-corte-de-05-ponto-na-selic\/\" \/>\n<meta property=\"og:site_name\" content=\"ACE-Guarulhos\" \/>\n<meta property=\"article:publisher\" content=\"https:\/\/www.facebook.com\/aceguarulhos\/\" \/>\n<meta property=\"article:published_time\" content=\"2006-10-19T14:21:22+00:00\" \/>\n<meta name=\"author\" content=\"Assessoria de Imprensa ACE-Guarulhos\" \/>\n<meta name=\"twitter:card\" content=\"summary_large_image\" \/>\n<meta name=\"twitter:label1\" content=\"Escrito por\" \/>\n\t<meta name=\"twitter:data1\" content=\"Assessoria de Imprensa ACE-Guarulhos\" \/>\n\t<meta name=\"twitter:label2\" content=\"Est. tempo de leitura\" \/>\n\t<meta name=\"twitter:data2\" content=\"3 minutos\" \/>\n<script type=\"application\/ld+json\" class=\"yoast-schema-graph\">{\"@context\":\"https:\\\/\\\/schema.org\",\"@graph\":[{\"@type\":\"Article\",\"@id\":\"https:\\\/\\\/www.aceguarulhos.com.br\\\/blog\\\/mais-um-corte-de-05-ponto-na-selic\\\/#article\",\"isPartOf\":{\"@id\":\"https:\\\/\\\/www.aceguarulhos.com.br\\\/blog\\\/mais-um-corte-de-05-ponto-na-selic\\\/\"},\"author\":{\"name\":\"Assessoria de Imprensa ACE-Guarulhos\",\"@id\":\"https:\\\/\\\/www.aceguarulhos.com.br\\\/blog\\\/#\\\/schema\\\/person\\\/6983b51bad37489989e4f09698c26237\"},\"headline\":\"Mais um corte de 0,5 ponto na Selic\",\"datePublished\":\"2006-10-19T14:21:22+00:00\",\"mainEntityOfPage\":{\"@id\":\"https:\\\/\\\/www.aceguarulhos.com.br\\\/blog\\\/mais-um-corte-de-05-ponto-na-selic\\\/\"},\"wordCount\":629,\"commentCount\":0,\"publisher\":{\"@id\":\"https:\\\/\\\/www.aceguarulhos.com.br\\\/blog\\\/#organization\"},\"articleSection\":[\"Not\u00edcias\"],\"inLanguage\":\"pt-BR\"},{\"@type\":\"WebPage\",\"@id\":\"https:\\\/\\\/www.aceguarulhos.com.br\\\/blog\\\/mais-um-corte-de-05-ponto-na-selic\\\/\",\"url\":\"https:\\\/\\\/www.aceguarulhos.com.br\\\/blog\\\/mais-um-corte-de-05-ponto-na-selic\\\/\",\"name\":\"Mais um corte de 0,5 ponto na Selic - ACE-Guarulhos\",\"isPartOf\":{\"@id\":\"https:\\\/\\\/www.aceguarulhos.com.br\\\/blog\\\/#website\"},\"datePublished\":\"2006-10-19T14:21:22+00:00\",\"breadcrumb\":{\"@id\":\"https:\\\/\\\/www.aceguarulhos.com.br\\\/blog\\\/mais-um-corte-de-05-ponto-na-selic\\\/#breadcrumb\"},\"inLanguage\":\"pt-BR\",\"potentialAction\":[{\"@type\":\"ReadAction\",\"target\":[\"https:\\\/\\\/www.aceguarulhos.com.br\\\/blog\\\/mais-um-corte-de-05-ponto-na-selic\\\/\"]}]},{\"@type\":\"BreadcrumbList\",\"@id\":\"https:\\\/\\\/www.aceguarulhos.com.br\\\/blog\\\/mais-um-corte-de-05-ponto-na-selic\\\/#breadcrumb\",\"itemListElement\":[{\"@type\":\"ListItem\",\"position\":1,\"name\":\"In\u00edcio\",\"item\":\"https:\\\/\\\/www.aceguarulhos.com.br\\\/blog\\\/\"},{\"@type\":\"ListItem\",\"position\":2,\"name\":\"Mais um corte de 0,5 ponto na Selic\"}]},{\"@type\":\"WebSite\",\"@id\":\"https:\\\/\\\/www.aceguarulhos.com.br\\\/blog\\\/#website\",\"url\":\"https:\\\/\\\/www.aceguarulhos.com.br\\\/blog\\\/\",\"name\":\"ACE-Guarulhos\",\"description\":\"A ACE-Guarulhos \u00e9 uma associa\u00e7\u00e3o que ap\u00f3ia os empres\u00e1rios guarulhenses atrav\u00e9s da representa\u00e7\u00e3o, da gera\u00e7\u00e3o de neg\u00f3cios e presta\u00e7\u00e3o de servi\u00e7os.\",\"publisher\":{\"@id\":\"https:\\\/\\\/www.aceguarulhos.com.br\\\/blog\\\/#organization\"},\"potentialAction\":[{\"@type\":\"SearchAction\",\"target\":{\"@type\":\"EntryPoint\",\"urlTemplate\":\"https:\\\/\\\/www.aceguarulhos.com.br\\\/blog\\\/?s={search_term_string}\"},\"query-input\":{\"@type\":\"PropertyValueSpecification\",\"valueRequired\":true,\"valueName\":\"search_term_string\"}}],\"inLanguage\":\"pt-BR\"},{\"@type\":\"Organization\",\"@id\":\"https:\\\/\\\/www.aceguarulhos.com.br\\\/blog\\\/#organization\",\"name\":\"ACE-Guarulhos\",\"url\":\"https:\\\/\\\/www.aceguarulhos.com.br\\\/blog\\\/\",\"logo\":{\"@type\":\"ImageObject\",\"inLanguage\":\"pt-BR\",\"@id\":\"https:\\\/\\\/www.aceguarulhos.com.br\\\/blog\\\/#\\\/schema\\\/logo\\\/image\\\/\",\"url\":\"https:\\\/\\\/www.aceguarulhos.com.br\\\/blog\\\/wp-content\\\/uploads\\\/2017\\\/12\\\/logo-aceguarulhos-2018.png\",\"contentUrl\":\"https:\\\/\\\/www.aceguarulhos.com.br\\\/blog\\\/wp-content\\\/uploads\\\/2017\\\/12\\\/logo-aceguarulhos-2018.png\",\"width\":419,\"height\":76,\"caption\":\"ACE-Guarulhos\"},\"image\":{\"@id\":\"https:\\\/\\\/www.aceguarulhos.com.br\\\/blog\\\/#\\\/schema\\\/logo\\\/image\\\/\"},\"sameAs\":[\"https:\\\/\\\/www.facebook.com\\\/aceguarulhos\\\/\",\"https:\\\/\\\/br.linkedin.com\\\/in\\\/ace-guarulhos-b9a97093\",\"https:\\\/\\\/www.youtube.com\\\/user\\\/aceguarulhos\"]},{\"@type\":\"Person\",\"@id\":\"https:\\\/\\\/www.aceguarulhos.com.br\\\/blog\\\/#\\\/schema\\\/person\\\/6983b51bad37489989e4f09698c26237\",\"name\":\"Assessoria de Imprensa ACE-Guarulhos\",\"image\":{\"@type\":\"ImageObject\",\"inLanguage\":\"pt-BR\",\"@id\":\"https:\\\/\\\/secure.gravatar.com\\\/avatar\\\/707f3fadd6918afeb64173ab22d8a8cb0676953098a4f31ff36dc2b4c699ef6a?s=96&d=mm&r=g\",\"url\":\"https:\\\/\\\/secure.gravatar.com\\\/avatar\\\/707f3fadd6918afeb64173ab22d8a8cb0676953098a4f31ff36dc2b4c699ef6a?s=96&d=mm&r=g\",\"contentUrl\":\"https:\\\/\\\/secure.gravatar.com\\\/avatar\\\/707f3fadd6918afeb64173ab22d8a8cb0676953098a4f31ff36dc2b4c699ef6a?s=96&d=mm&r=g\",\"caption\":\"Assessoria de Imprensa ACE-Guarulhos\"},\"url\":\"https:\\\/\\\/www.aceguarulhos.com.br\\\/blog\\\/author\\\/assessoria-de-imprensa-ace-guarulhos\\\/\"}]}<\/script>\n<!-- \/ Yoast SEO plugin. -->","yoast_head_json":{"title":"Mais um corte de 0,5 ponto na Selic - ACE-Guarulhos","robots":{"index":"index","follow":"follow","max-snippet":"max-snippet:-1","max-image-preview":"max-image-preview:large","max-video-preview":"max-video-preview:-1"},"canonical":"https:\/\/www.aceguarulhos.com.br\/blog\/mais-um-corte-de-05-ponto-na-selic\/","og_locale":"pt_BR","og_type":"article","og_title":"Mais um corte de 0,5 ponto na Selic - ACE-Guarulhos","og_description":"Em r\u00e1pida reuni\u00e3o, o Comit\u00ea de Pol\u00edtica Monet\u00e1ria (Copom) do Banco Central confirmou as expectativas do mercado financeiro e reduziu ontem a taxa","og_url":"https:\/\/www.aceguarulhos.com.br\/blog\/mais-um-corte-de-05-ponto-na-selic\/","og_site_name":"ACE-Guarulhos","article_publisher":"https:\/\/www.facebook.com\/aceguarulhos\/","article_published_time":"2006-10-19T14:21:22+00:00","author":"Assessoria de Imprensa ACE-Guarulhos","twitter_card":"summary_large_image","twitter_misc":{"Escrito por":"Assessoria de Imprensa ACE-Guarulhos","Est. tempo de leitura":"3 minutos"},"schema":{"@context":"https:\/\/schema.org","@graph":[{"@type":"Article","@id":"https:\/\/www.aceguarulhos.com.br\/blog\/mais-um-corte-de-05-ponto-na-selic\/#article","isPartOf":{"@id":"https:\/\/www.aceguarulhos.com.br\/blog\/mais-um-corte-de-05-ponto-na-selic\/"},"author":{"name":"Assessoria de Imprensa ACE-Guarulhos","@id":"https:\/\/www.aceguarulhos.com.br\/blog\/#\/schema\/person\/6983b51bad37489989e4f09698c26237"},"headline":"Mais um corte de 0,5 ponto na Selic","datePublished":"2006-10-19T14:21:22+00:00","mainEntityOfPage":{"@id":"https:\/\/www.aceguarulhos.com.br\/blog\/mais-um-corte-de-05-ponto-na-selic\/"},"wordCount":629,"commentCount":0,"publisher":{"@id":"https:\/\/www.aceguarulhos.com.br\/blog\/#organization"},"articleSection":["Not\u00edcias"],"inLanguage":"pt-BR"},{"@type":"WebPage","@id":"https:\/\/www.aceguarulhos.com.br\/blog\/mais-um-corte-de-05-ponto-na-selic\/","url":"https:\/\/www.aceguarulhos.com.br\/blog\/mais-um-corte-de-05-ponto-na-selic\/","name":"Mais um corte de 0,5 ponto na Selic - ACE-Guarulhos","isPartOf":{"@id":"https:\/\/www.aceguarulhos.com.br\/blog\/#website"},"datePublished":"2006-10-19T14:21:22+00:00","breadcrumb":{"@id":"https:\/\/www.aceguarulhos.com.br\/blog\/mais-um-corte-de-05-ponto-na-selic\/#breadcrumb"},"inLanguage":"pt-BR","potentialAction":[{"@type":"ReadAction","target":["https:\/\/www.aceguarulhos.com.br\/blog\/mais-um-corte-de-05-ponto-na-selic\/"]}]},{"@type":"BreadcrumbList","@id":"https:\/\/www.aceguarulhos.com.br\/blog\/mais-um-corte-de-05-ponto-na-selic\/#breadcrumb","itemListElement":[{"@type":"ListItem","position":1,"name":"In\u00edcio","item":"https:\/\/www.aceguarulhos.com.br\/blog\/"},{"@type":"ListItem","position":2,"name":"Mais um corte de 0,5 ponto na Selic"}]},{"@type":"WebSite","@id":"https:\/\/www.aceguarulhos.com.br\/blog\/#website","url":"https:\/\/www.aceguarulhos.com.br\/blog\/","name":"ACE-Guarulhos","description":"A ACE-Guarulhos \u00e9 uma associa\u00e7\u00e3o que ap\u00f3ia os empres\u00e1rios guarulhenses atrav\u00e9s da representa\u00e7\u00e3o, da gera\u00e7\u00e3o de neg\u00f3cios e presta\u00e7\u00e3o de servi\u00e7os.","publisher":{"@id":"https:\/\/www.aceguarulhos.com.br\/blog\/#organization"},"potentialAction":[{"@type":"SearchAction","target":{"@type":"EntryPoint","urlTemplate":"https:\/\/www.aceguarulhos.com.br\/blog\/?s={search_term_string}"},"query-input":{"@type":"PropertyValueSpecification","valueRequired":true,"valueName":"search_term_string"}}],"inLanguage":"pt-BR"},{"@type":"Organization","@id":"https:\/\/www.aceguarulhos.com.br\/blog\/#organization","name":"ACE-Guarulhos","url":"https:\/\/www.aceguarulhos.com.br\/blog\/","logo":{"@type":"ImageObject","inLanguage":"pt-BR","@id":"https:\/\/www.aceguarulhos.com.br\/blog\/#\/schema\/logo\/image\/","url":"https:\/\/www.aceguarulhos.com.br\/blog\/wp-content\/uploads\/2017\/12\/logo-aceguarulhos-2018.png","contentUrl":"https:\/\/www.aceguarulhos.com.br\/blog\/wp-content\/uploads\/2017\/12\/logo-aceguarulhos-2018.png","width":419,"height":76,"caption":"ACE-Guarulhos"},"image":{"@id":"https:\/\/www.aceguarulhos.com.br\/blog\/#\/schema\/logo\/image\/"},"sameAs":["https:\/\/www.facebook.com\/aceguarulhos\/","https:\/\/br.linkedin.com\/in\/ace-guarulhos-b9a97093","https:\/\/www.youtube.com\/user\/aceguarulhos"]},{"@type":"Person","@id":"https:\/\/www.aceguarulhos.com.br\/blog\/#\/schema\/person\/6983b51bad37489989e4f09698c26237","name":"Assessoria de Imprensa ACE-Guarulhos","image":{"@type":"ImageObject","inLanguage":"pt-BR","@id":"https:\/\/secure.gravatar.com\/avatar\/707f3fadd6918afeb64173ab22d8a8cb0676953098a4f31ff36dc2b4c699ef6a?s=96&d=mm&r=g","url":"https:\/\/secure.gravatar.com\/avatar\/707f3fadd6918afeb64173ab22d8a8cb0676953098a4f31ff36dc2b4c699ef6a?s=96&d=mm&r=g","contentUrl":"https:\/\/secure.gravatar.com\/avatar\/707f3fadd6918afeb64173ab22d8a8cb0676953098a4f31ff36dc2b4c699ef6a?s=96&d=mm&r=g","caption":"Assessoria de Imprensa ACE-Guarulhos"},"url":"https:\/\/www.aceguarulhos.com.br\/blog\/author\/assessoria-de-imprensa-ace-guarulhos\/"}]}},"wps_subtitle":"","amp_enabled":true,"_links":{"self":[{"href":"https:\/\/www.aceguarulhos.com.br\/blog\/wp-json\/wp\/v2\/posts\/30584","targetHints":{"allow":["GET"]}}],"collection":[{"href":"https:\/\/www.aceguarulhos.com.br\/blog\/wp-json\/wp\/v2\/posts"}],"about":[{"href":"https:\/\/www.aceguarulhos.com.br\/blog\/wp-json\/wp\/v2\/types\/post"}],"author":[{"embeddable":true,"href":"https:\/\/www.aceguarulhos.com.br\/blog\/wp-json\/wp\/v2\/users\/8"}],"replies":[{"embeddable":true,"href":"https:\/\/www.aceguarulhos.com.br\/blog\/wp-json\/wp\/v2\/comments?post=30584"}],"version-history":[{"count":0,"href":"https:\/\/www.aceguarulhos.com.br\/blog\/wp-json\/wp\/v2\/posts\/30584\/revisions"}],"wp:attachment":[{"href":"https:\/\/www.aceguarulhos.com.br\/blog\/wp-json\/wp\/v2\/media?parent=30584"}],"wp:term":[{"taxonomy":"category","embeddable":true,"href":"https:\/\/www.aceguarulhos.com.br\/blog\/wp-json\/wp\/v2\/categories?post=30584"},{"taxonomy":"post_tag","embeddable":true,"href":"https:\/\/www.aceguarulhos.com.br\/blog\/wp-json\/wp\/v2\/tags?post=30584"}],"curies":[{"name":"wp","href":"https:\/\/api.w.org\/{rel}","templated":true}]}}