{"id":30565,"date":"2006-10-13T21:57:39","date_gmt":"2006-10-13T21:57:39","guid":{"rendered":"http:\/\/www.aceguarulhos.com.br\/blog\/?p=30565"},"modified":"-0001-11-30T00:00:00","modified_gmt":"-0001-11-30T03:00:00","slug":"comiss%c3%a3o-debate-a-nova-zona-azul","status":"publish","type":"post","link":"https:\/\/www.aceguarulhos.com.br\/blog\/comiss%c3%a3o-debate-a-nova-zona-azul\/","title":{"rendered":"Comiss\u00e3o debate a nova zona azul"},"content":{"rendered":"<p><strong><em>Membros da comiss\u00e3o est\u00e3o visitando outros munic\u00edpios que modernizaram o sistema<\/em><\/strong><\/p>\n<p><img decoding=\"async\" alt=\"Divulga\u00e7\u00e3o\" src=\"\/blog\/wp-content\/uploads\/image.php?x=i&amp;i1=60&amp;i2=20020816094038\" align=\"left\" border=\"0\">Com o objetivo de debater melhor o projeto que prev\u00ea a terceiriza\u00e7\u00e3o do estacionamento de zona azul na cidade, uma comiss\u00e3o formada por setores da administra\u00e7\u00e3o municipal, vereadores, Prograru e sociedade civil, est\u00e3o visitando outras cidades que j\u00e1 realizam a moderniza\u00e7\u00e3o do sistema. A Associa\u00e7\u00e3o Comercial e Empresarial de Guarulhos (ACE) participa da comiss\u00e3o.<\/p>\n<p>Segundo o Secret\u00e1rio Adjunto de Transporte e Tr\u00e2nsito, \u00c1lvaro Garruzi, a id\u00e9ia de conhecer o sistema de zona azul em outras cidades ajudar\u00e1 no amadurecimento da proposta de terceiriza\u00e7\u00e3o do sistema em Guarulhos.<\/p>\n<p>&#8220;Queremos conhecer e avaliar outros sistemas. Saber se d\u00e3o lucro ou n\u00e3o e at\u00e9 o final do m\u00eas de outubro fechar uma proposta que contemple a todos&#8221;, disse Garruzi.<\/p>\n<p>Garruzi disse que a comiss\u00e3o visitar\u00e1 inicialmente S\u00e3o Bernardo dos Campos, Santo Andr\u00e9, S\u00e3o Jos\u00e9 dos Campos e Jacare\u00ed. <\/p>\n<p>Em S\u00e3o Bernardo o sistema \u00e9 administrado pelo Departamento Rotativo. L\u00e1 a zona azul \u00e9 de cart\u00e3o. Uma hora de estacionamento \u00e9 cobrado R$ 1,00; duas horas R$ 3,00.<\/p>\n<p>Na cidade de Santo Andr\u00e9 a zona azul \u00e9 administrada pela empresa Hora Park. O munic\u00edpio optou pelo sistema de parqu\u00edmetro h\u00e1 oito anos. L\u00e1, o usu\u00e1rio paga R$ 0,60 por 30 minutos e paga no m\u00e1ximo R$ 2,40 por duas horas estacionado. Vale ressaltar que o munic\u00edpio n\u00e3o registra depreda\u00e7\u00f5es no sistema.<\/p>\n<p>S\u00e3o Jos\u00e9 dos Campos tamb\u00e9m optou pelo sistema de parqu\u00edmetro. L\u00e1 a administra\u00e7\u00e3o \u00e9 feita pela prefeitura e o sistema se encontra em per\u00edodo experimental. A cidade possui 54 parqu\u00edmetros que cuidam de 20 vagas cada um. O valor do estacionamento \u00e9 de R$ 0,30 por 15 minutos.<\/p>\n<p>A ACE-Guarulhos tem interesse em administrar o sistema rotativo de estacionamento, assim como acontecem nas cidades de Ribeir\u00e3o Pires e S\u00e3o Caetano do Sul, onde as associa\u00e7\u00f5es comerciais locais administram o sistema.<\/p>\n<p>Em S\u00e3o Caetano, por exemplo, a Associa\u00e7\u00e3o Comercial da cidade administra um sistema que possui 20 orientadoras. A entidade optou pelo sistema de cart\u00e3o. O usu\u00e1rio em S\u00e3o Caetano paga R$ 1,50 para uma hora de estacionamento e R$ 2,50 por duas horas.<\/p>\n<p>O vice-presidente de servi\u00e7os da ACE, Wilson Jos\u00e9 Louren\u00e7o, reafirmou o interesse da entidade em administrar o sistema em Guarulhos. Ele adiantou que ap\u00f3s o novo texto do projeto da entidade tomar\u00e1 sua posi\u00e7\u00e3o.<\/p>\n<p>&#8220;A ACE vai analisar a nova proposta na prefeitura ap\u00f3s a visita que ser\u00e1 feita nas cidades&#8221;, disse.<\/p>\n<p><strong>Projeto &#8211;<\/strong> A Prefeitura de Guarulhos enviou a C\u00e2mara Municipal o projeto de lei 109\/2006 que prev\u00ea mudan\u00e7as no atual sistema de estacionamento de Zona Azul na cidade. <\/p>\n<p>A empresa que vencer o processo de licita\u00e7\u00e3o ter\u00e1 que modernizar o sistema. Os atuais tal\u00f5es dariam lugar a parqu\u00edmetros, al\u00e9m de ser obrigada a arcar com as despesas de pessoal, encargos trabalhistas e previdenci\u00e1rios, materiais necess\u00e1rios \u00e0 administra\u00e7\u00e3o, execu\u00e7\u00e3o e fiscaliza\u00e7\u00e3o dos servi\u00e7os, sinaliza\u00e7\u00e3o das ruas e logradouros p\u00fablicos, entre outras obriga\u00e7\u00f5es.<\/p>\n<p>Ap\u00f3s press\u00e3o das orientadoras do estacionamento de zona azul e de vereadores de oposi\u00e7\u00e3o, na audi\u00eancia p\u00fablica realizada na C\u00e2mara Municipal no dia 4 de setembro o projeto foi retirado da pauta de vota\u00e7\u00e3o.<\/p>\n<p>O Secret\u00e1rio Adjunto de Transporte e Tr\u00e2nsito, \u00c1lvaro Garruzi, espera que o novo texto do projeto chegue a C\u00e2mara Municipal no m\u00eas de novembro.<\/p>\n","protected":false},"excerpt":{"rendered":"Membros da comiss\u00e3o est\u00e3o visitando outros munic\u00edpios que modernizaram o sistema Com o objetivo de debater melhor o projeto que prev\u00ea a terceiriza\u00e7\u00e3o \n<a class=\"moretag\" href=\"https:\/\/www.aceguarulhos.com.br\/blog\/comiss%c3%a3o-debate-a-nova-zona-azul\/\"> [...]<\/a>","protected":false},"author":8,"featured_media":0,"comment_status":"open","ping_status":"open","sticky":false,"template":"","format":"standard","meta":{"footnotes":""},"categories":[2],"tags":[],"class_list":["post-30565","post","type-post","status-publish","format-standard","hentry","category-noticias"],"yoast_head":"<!-- This site is optimized with the Yoast SEO plugin v28.1 - https:\/\/yoast.com\/product\/yoast-seo-wordpress\/ -->\n<title>Comiss\u00e3o debate a nova zona azul - ACE-Guarulhos<\/title>\n<meta name=\"robots\" content=\"index, follow, max-snippet:-1, max-image-preview:large, max-video-preview:-1\" \/>\n<link rel=\"canonical\" href=\"https:\/\/www.aceguarulhos.com.br\/blog\/comiss\u00e3o-debate-a-nova-zona-azul\/\" \/>\n<meta property=\"og:locale\" content=\"pt_BR\" \/>\n<meta property=\"og:type\" content=\"article\" \/>\n<meta property=\"og:title\" content=\"Comiss\u00e3o debate a nova zona azul - ACE-Guarulhos\" \/>\n<meta property=\"og:description\" content=\"Membros da comiss\u00e3o est\u00e3o visitando outros munic\u00edpios que modernizaram o sistema Com o objetivo de debater melhor o projeto que prev\u00ea a terceiriza\u00e7\u00e3o\" \/>\n<meta property=\"og:url\" content=\"https:\/\/www.aceguarulhos.com.br\/blog\/comiss\u00e3o-debate-a-nova-zona-azul\/\" \/>\n<meta property=\"og:site_name\" content=\"ACE-Guarulhos\" \/>\n<meta property=\"article:publisher\" content=\"https:\/\/www.facebook.com\/aceguarulhos\/\" \/>\n<meta property=\"article:published_time\" content=\"2006-10-13T21:57:39+00:00\" \/>\n<meta property=\"og:image\" content=\"https:\/\/www.aceguarulhos.com.br\/blog\/wp-content\/uploads\/image.php\" \/>\n<meta name=\"author\" content=\"Assessoria de Imprensa ACE-Guarulhos\" \/>\n<meta name=\"twitter:card\" content=\"summary_large_image\" \/>\n<meta name=\"twitter:label1\" content=\"Escrito por\" \/>\n\t<meta name=\"twitter:data1\" content=\"Assessoria de Imprensa ACE-Guarulhos\" \/>\n\t<meta name=\"twitter:label2\" content=\"Est. tempo de leitura\" \/>\n\t<meta name=\"twitter:data2\" content=\"3 minutos\" \/>\n<script type=\"application\/ld+json\" class=\"yoast-schema-graph\">{\"@context\":\"https:\\\/\\\/schema.org\",\"@graph\":[{\"@type\":\"Article\",\"@id\":\"https:\\\/\\\/www.aceguarulhos.com.br\\\/blog\\\/comiss%c3%a3o-debate-a-nova-zona-azul\\\/#article\",\"isPartOf\":{\"@id\":\"https:\\\/\\\/www.aceguarulhos.com.br\\\/blog\\\/comiss%c3%a3o-debate-a-nova-zona-azul\\\/\"},\"author\":{\"name\":\"Assessoria de Imprensa ACE-Guarulhos\",\"@id\":\"https:\\\/\\\/www.aceguarulhos.com.br\\\/blog\\\/#\\\/schema\\\/person\\\/6983b51bad37489989e4f09698c26237\"},\"headline\":\"Comiss\u00e3o debate a nova zona azul\",\"datePublished\":\"2006-10-13T21:57:39+00:00\",\"mainEntityOfPage\":{\"@id\":\"https:\\\/\\\/www.aceguarulhos.com.br\\\/blog\\\/comiss%c3%a3o-debate-a-nova-zona-azul\\\/\"},\"wordCount\":602,\"commentCount\":0,\"publisher\":{\"@id\":\"https:\\\/\\\/www.aceguarulhos.com.br\\\/blog\\\/#organization\"},\"articleSection\":[\"Not\u00edcias\"],\"inLanguage\":\"pt-BR\"},{\"@type\":\"WebPage\",\"@id\":\"https:\\\/\\\/www.aceguarulhos.com.br\\\/blog\\\/comiss%c3%a3o-debate-a-nova-zona-azul\\\/\",\"url\":\"https:\\\/\\\/www.aceguarulhos.com.br\\\/blog\\\/comiss%c3%a3o-debate-a-nova-zona-azul\\\/\",\"name\":\"Comiss\u00e3o debate a nova zona azul - ACE-Guarulhos\",\"isPartOf\":{\"@id\":\"https:\\\/\\\/www.aceguarulhos.com.br\\\/blog\\\/#website\"},\"datePublished\":\"2006-10-13T21:57:39+00:00\",\"breadcrumb\":{\"@id\":\"https:\\\/\\\/www.aceguarulhos.com.br\\\/blog\\\/comiss%c3%a3o-debate-a-nova-zona-azul\\\/#breadcrumb\"},\"inLanguage\":\"pt-BR\",\"potentialAction\":[{\"@type\":\"ReadAction\",\"target\":[\"https:\\\/\\\/www.aceguarulhos.com.br\\\/blog\\\/comiss%c3%a3o-debate-a-nova-zona-azul\\\/\"]}]},{\"@type\":\"BreadcrumbList\",\"@id\":\"https:\\\/\\\/www.aceguarulhos.com.br\\\/blog\\\/comiss%c3%a3o-debate-a-nova-zona-azul\\\/#breadcrumb\",\"itemListElement\":[{\"@type\":\"ListItem\",\"position\":1,\"name\":\"In\u00edcio\",\"item\":\"https:\\\/\\\/www.aceguarulhos.com.br\\\/blog\\\/\"},{\"@type\":\"ListItem\",\"position\":2,\"name\":\"Comiss\u00e3o debate a nova zona azul\"}]},{\"@type\":\"WebSite\",\"@id\":\"https:\\\/\\\/www.aceguarulhos.com.br\\\/blog\\\/#website\",\"url\":\"https:\\\/\\\/www.aceguarulhos.com.br\\\/blog\\\/\",\"name\":\"ACE-Guarulhos\",\"description\":\"A ACE-Guarulhos \u00e9 uma associa\u00e7\u00e3o que ap\u00f3ia os empres\u00e1rios guarulhenses atrav\u00e9s da representa\u00e7\u00e3o, da gera\u00e7\u00e3o de neg\u00f3cios e presta\u00e7\u00e3o de servi\u00e7os.\",\"publisher\":{\"@id\":\"https:\\\/\\\/www.aceguarulhos.com.br\\\/blog\\\/#organization\"},\"potentialAction\":[{\"@type\":\"SearchAction\",\"target\":{\"@type\":\"EntryPoint\",\"urlTemplate\":\"https:\\\/\\\/www.aceguarulhos.com.br\\\/blog\\\/?s={search_term_string}\"},\"query-input\":{\"@type\":\"PropertyValueSpecification\",\"valueRequired\":true,\"valueName\":\"search_term_string\"}}],\"inLanguage\":\"pt-BR\"},{\"@type\":\"Organization\",\"@id\":\"https:\\\/\\\/www.aceguarulhos.com.br\\\/blog\\\/#organization\",\"name\":\"ACE-Guarulhos\",\"url\":\"https:\\\/\\\/www.aceguarulhos.com.br\\\/blog\\\/\",\"logo\":{\"@type\":\"ImageObject\",\"inLanguage\":\"pt-BR\",\"@id\":\"https:\\\/\\\/www.aceguarulhos.com.br\\\/blog\\\/#\\\/schema\\\/logo\\\/image\\\/\",\"url\":\"https:\\\/\\\/www.aceguarulhos.com.br\\\/blog\\\/wp-content\\\/uploads\\\/2017\\\/12\\\/logo-aceguarulhos-2018.png\",\"contentUrl\":\"https:\\\/\\\/www.aceguarulhos.com.br\\\/blog\\\/wp-content\\\/uploads\\\/2017\\\/12\\\/logo-aceguarulhos-2018.png\",\"width\":419,\"height\":76,\"caption\":\"ACE-Guarulhos\"},\"image\":{\"@id\":\"https:\\\/\\\/www.aceguarulhos.com.br\\\/blog\\\/#\\\/schema\\\/logo\\\/image\\\/\"},\"sameAs\":[\"https:\\\/\\\/www.facebook.com\\\/aceguarulhos\\\/\",\"https:\\\/\\\/br.linkedin.com\\\/in\\\/ace-guarulhos-b9a97093\",\"https:\\\/\\\/www.youtube.com\\\/user\\\/aceguarulhos\"]},{\"@type\":\"Person\",\"@id\":\"https:\\\/\\\/www.aceguarulhos.com.br\\\/blog\\\/#\\\/schema\\\/person\\\/6983b51bad37489989e4f09698c26237\",\"name\":\"Assessoria de Imprensa ACE-Guarulhos\",\"image\":{\"@type\":\"ImageObject\",\"inLanguage\":\"pt-BR\",\"@id\":\"https:\\\/\\\/secure.gravatar.com\\\/avatar\\\/707f3fadd6918afeb64173ab22d8a8cb0676953098a4f31ff36dc2b4c699ef6a?s=96&d=mm&r=g\",\"url\":\"https:\\\/\\\/secure.gravatar.com\\\/avatar\\\/707f3fadd6918afeb64173ab22d8a8cb0676953098a4f31ff36dc2b4c699ef6a?s=96&d=mm&r=g\",\"contentUrl\":\"https:\\\/\\\/secure.gravatar.com\\\/avatar\\\/707f3fadd6918afeb64173ab22d8a8cb0676953098a4f31ff36dc2b4c699ef6a?s=96&d=mm&r=g\",\"caption\":\"Assessoria de Imprensa ACE-Guarulhos\"},\"url\":\"https:\\\/\\\/www.aceguarulhos.com.br\\\/blog\\\/author\\\/assessoria-de-imprensa-ace-guarulhos\\\/\"}]}<\/script>\n<!-- \/ Yoast SEO plugin. -->","yoast_head_json":{"title":"Comiss\u00e3o debate a nova zona azul - ACE-Guarulhos","robots":{"index":"index","follow":"follow","max-snippet":"max-snippet:-1","max-image-preview":"max-image-preview:large","max-video-preview":"max-video-preview:-1"},"canonical":"https:\/\/www.aceguarulhos.com.br\/blog\/comiss\u00e3o-debate-a-nova-zona-azul\/","og_locale":"pt_BR","og_type":"article","og_title":"Comiss\u00e3o debate a nova zona azul - ACE-Guarulhos","og_description":"Membros da comiss\u00e3o est\u00e3o visitando outros munic\u00edpios que modernizaram o sistema Com o objetivo de debater melhor o projeto que prev\u00ea a terceiriza\u00e7\u00e3o","og_url":"https:\/\/www.aceguarulhos.com.br\/blog\/comiss\u00e3o-debate-a-nova-zona-azul\/","og_site_name":"ACE-Guarulhos","article_publisher":"https:\/\/www.facebook.com\/aceguarulhos\/","article_published_time":"2006-10-13T21:57:39+00:00","og_image":[{"url":"https:\/\/www.aceguarulhos.com.br\/blog\/wp-content\/uploads\/image.php","type":"","width":"","height":""}],"author":"Assessoria de Imprensa ACE-Guarulhos","twitter_card":"summary_large_image","twitter_misc":{"Escrito por":"Assessoria de Imprensa ACE-Guarulhos","Est. tempo de leitura":"3 minutos"},"schema":{"@context":"https:\/\/schema.org","@graph":[{"@type":"Article","@id":"https:\/\/www.aceguarulhos.com.br\/blog\/comiss%c3%a3o-debate-a-nova-zona-azul\/#article","isPartOf":{"@id":"https:\/\/www.aceguarulhos.com.br\/blog\/comiss%c3%a3o-debate-a-nova-zona-azul\/"},"author":{"name":"Assessoria de Imprensa ACE-Guarulhos","@id":"https:\/\/www.aceguarulhos.com.br\/blog\/#\/schema\/person\/6983b51bad37489989e4f09698c26237"},"headline":"Comiss\u00e3o debate a nova zona azul","datePublished":"2006-10-13T21:57:39+00:00","mainEntityOfPage":{"@id":"https:\/\/www.aceguarulhos.com.br\/blog\/comiss%c3%a3o-debate-a-nova-zona-azul\/"},"wordCount":602,"commentCount":0,"publisher":{"@id":"https:\/\/www.aceguarulhos.com.br\/blog\/#organization"},"articleSection":["Not\u00edcias"],"inLanguage":"pt-BR"},{"@type":"WebPage","@id":"https:\/\/www.aceguarulhos.com.br\/blog\/comiss%c3%a3o-debate-a-nova-zona-azul\/","url":"https:\/\/www.aceguarulhos.com.br\/blog\/comiss%c3%a3o-debate-a-nova-zona-azul\/","name":"Comiss\u00e3o debate a nova zona azul - ACE-Guarulhos","isPartOf":{"@id":"https:\/\/www.aceguarulhos.com.br\/blog\/#website"},"datePublished":"2006-10-13T21:57:39+00:00","breadcrumb":{"@id":"https:\/\/www.aceguarulhos.com.br\/blog\/comiss%c3%a3o-debate-a-nova-zona-azul\/#breadcrumb"},"inLanguage":"pt-BR","potentialAction":[{"@type":"ReadAction","target":["https:\/\/www.aceguarulhos.com.br\/blog\/comiss%c3%a3o-debate-a-nova-zona-azul\/"]}]},{"@type":"BreadcrumbList","@id":"https:\/\/www.aceguarulhos.com.br\/blog\/comiss%c3%a3o-debate-a-nova-zona-azul\/#breadcrumb","itemListElement":[{"@type":"ListItem","position":1,"name":"In\u00edcio","item":"https:\/\/www.aceguarulhos.com.br\/blog\/"},{"@type":"ListItem","position":2,"name":"Comiss\u00e3o debate a nova zona azul"}]},{"@type":"WebSite","@id":"https:\/\/www.aceguarulhos.com.br\/blog\/#website","url":"https:\/\/www.aceguarulhos.com.br\/blog\/","name":"ACE-Guarulhos","description":"A ACE-Guarulhos \u00e9 uma associa\u00e7\u00e3o que ap\u00f3ia os empres\u00e1rios guarulhenses atrav\u00e9s da representa\u00e7\u00e3o, da gera\u00e7\u00e3o de neg\u00f3cios e presta\u00e7\u00e3o de servi\u00e7os.","publisher":{"@id":"https:\/\/www.aceguarulhos.com.br\/blog\/#organization"},"potentialAction":[{"@type":"SearchAction","target":{"@type":"EntryPoint","urlTemplate":"https:\/\/www.aceguarulhos.com.br\/blog\/?s={search_term_string}"},"query-input":{"@type":"PropertyValueSpecification","valueRequired":true,"valueName":"search_term_string"}}],"inLanguage":"pt-BR"},{"@type":"Organization","@id":"https:\/\/www.aceguarulhos.com.br\/blog\/#organization","name":"ACE-Guarulhos","url":"https:\/\/www.aceguarulhos.com.br\/blog\/","logo":{"@type":"ImageObject","inLanguage":"pt-BR","@id":"https:\/\/www.aceguarulhos.com.br\/blog\/#\/schema\/logo\/image\/","url":"https:\/\/www.aceguarulhos.com.br\/blog\/wp-content\/uploads\/2017\/12\/logo-aceguarulhos-2018.png","contentUrl":"https:\/\/www.aceguarulhos.com.br\/blog\/wp-content\/uploads\/2017\/12\/logo-aceguarulhos-2018.png","width":419,"height":76,"caption":"ACE-Guarulhos"},"image":{"@id":"https:\/\/www.aceguarulhos.com.br\/blog\/#\/schema\/logo\/image\/"},"sameAs":["https:\/\/www.facebook.com\/aceguarulhos\/","https:\/\/br.linkedin.com\/in\/ace-guarulhos-b9a97093","https:\/\/www.youtube.com\/user\/aceguarulhos"]},{"@type":"Person","@id":"https:\/\/www.aceguarulhos.com.br\/blog\/#\/schema\/person\/6983b51bad37489989e4f09698c26237","name":"Assessoria de Imprensa ACE-Guarulhos","image":{"@type":"ImageObject","inLanguage":"pt-BR","@id":"https:\/\/secure.gravatar.com\/avatar\/707f3fadd6918afeb64173ab22d8a8cb0676953098a4f31ff36dc2b4c699ef6a?s=96&d=mm&r=g","url":"https:\/\/secure.gravatar.com\/avatar\/707f3fadd6918afeb64173ab22d8a8cb0676953098a4f31ff36dc2b4c699ef6a?s=96&d=mm&r=g","contentUrl":"https:\/\/secure.gravatar.com\/avatar\/707f3fadd6918afeb64173ab22d8a8cb0676953098a4f31ff36dc2b4c699ef6a?s=96&d=mm&r=g","caption":"Assessoria de Imprensa ACE-Guarulhos"},"url":"https:\/\/www.aceguarulhos.com.br\/blog\/author\/assessoria-de-imprensa-ace-guarulhos\/"}]}},"wps_subtitle":"","amp_enabled":true,"_links":{"self":[{"href":"https:\/\/www.aceguarulhos.com.br\/blog\/wp-json\/wp\/v2\/posts\/30565","targetHints":{"allow":["GET"]}}],"collection":[{"href":"https:\/\/www.aceguarulhos.com.br\/blog\/wp-json\/wp\/v2\/posts"}],"about":[{"href":"https:\/\/www.aceguarulhos.com.br\/blog\/wp-json\/wp\/v2\/types\/post"}],"author":[{"embeddable":true,"href":"https:\/\/www.aceguarulhos.com.br\/blog\/wp-json\/wp\/v2\/users\/8"}],"replies":[{"embeddable":true,"href":"https:\/\/www.aceguarulhos.com.br\/blog\/wp-json\/wp\/v2\/comments?post=30565"}],"version-history":[{"count":0,"href":"https:\/\/www.aceguarulhos.com.br\/blog\/wp-json\/wp\/v2\/posts\/30565\/revisions"}],"wp:attachment":[{"href":"https:\/\/www.aceguarulhos.com.br\/blog\/wp-json\/wp\/v2\/media?parent=30565"}],"wp:term":[{"taxonomy":"category","embeddable":true,"href":"https:\/\/www.aceguarulhos.com.br\/blog\/wp-json\/wp\/v2\/categories?post=30565"},{"taxonomy":"post_tag","embeddable":true,"href":"https:\/\/www.aceguarulhos.com.br\/blog\/wp-json\/wp\/v2\/tags?post=30565"}],"curies":[{"name":"wp","href":"https:\/\/api.w.org\/{rel}","templated":true}]}}