{"id":30527,"date":"2006-09-28T19:58:56","date_gmt":"2006-09-28T19:58:56","guid":{"rendered":"http:\/\/www.aceguarulhos.com.br\/blog\/?p=30527"},"modified":"-0001-11-30T00:00:00","modified_gmt":"-0001-11-30T03:00:00","slug":"desemprego-%c3%a9-a-maior-causa-da-inadimpl%c3%aancia","status":"publish","type":"post","link":"https:\/\/www.aceguarulhos.com.br\/blog\/desemprego-%c3%a9-a-maior-causa-da-inadimpl%c3%aancia\/","title":{"rendered":"Desemprego \u00e9 a maior causa da inadimpl\u00eancia"},"content":{"rendered":"<p><P>Pesquisa realizada pelo Instituto de Economia Gast\u00e3o Vidigal, da Associa\u00e7\u00e3o Comercial de S\u00e3o Paulo, revela que 59% dos entrevistados no balc\u00e3o de atendimento do Servi\u00e7o Central de Prote\u00e7\u00e3o ao Cr\u00e9dito (SCPC) est\u00e3o no cadastro de inadimplentes por causa do desemprego pessoal ou de algu\u00e9m da fam\u00edlia. Em mar\u00e7o deste ano o desemprego foi o principal motivo apontado por 51% dos entrevistados, e em setembro de 2005, de 54%. <\/P><P>Para o superintendente de Economia da ACSP, Marcel Solimeo, esse dado coincide com o aumento do desemprego divulgado pelo Instituto Brasileiro de Geografia e Estat\u00edstica (IBGE) em agosto deste ano, que foi de 10,6 % contra 9,4% em agosto de 2005. <\/P><P>Pela primeira vez desde setembro de 2002 a pesquisa apontou o cheque como a principal forma de pagamento que causou a inadimpl\u00eancia, com 35% das respostas, contra 34% dos carn\u00eas, 18% dos cart\u00f5es de cr\u00e9dito e 13% de empr\u00e9stimos de bancos e financeiras. <\/P><P>&#8220;Embora n\u00e3o se possa comparar com as pesquisas anteriores, o cart\u00e3o de cr\u00e9dito tem sido a modalidade de pagamento que tem apresentado maior crescimento de inadimpl\u00eancia nos \u00faltimos meses. Entre as pessoas que est\u00e3o negativas, tanto no SCPC como no UseCheque, 65% tiveram seus nomes inclu\u00eddos primeiro no cadastro do servi\u00e7o de prote\u00e7\u00e3o ao cr\u00e9dito&#8221;, explica o economista. <\/P><P>Para Solimeo, quando o consumidor n\u00e3o consegue pagar todos os seus compromissos em dia, atrasa primeiro aquele onde a san\u00e7\u00e3o \u00e9 mais branda ou menos imediata. Como a inadimpl\u00eancia do cheque implica no imediato encerramento da conta, essa se torna sua \u00faltima op\u00e7\u00e3o. O economista chama a aten\u00e7\u00e3o para o aumento do n\u00famero de cheques sem fundos por emitente, que revela que a reincid\u00eancia se constitui no principal problema com os cheques. &#8220;Isso decorre, em grande parte, do longo prazo entre a devolu\u00e7\u00e3o na primeira apresenta\u00e7\u00e3o e a inclus\u00e3o no cadastro do Banco Central; e tamb\u00e9m do fato de que 88% dos cheques sem fundos s\u00e3o pr\u00e9-datados&#8221;. <BR>\u00a0 <BR>Dos inadimplentes que fizeram &#8220;empr\u00e9stimo consignado&#8221;, 65% informaram que o utilizaram para pagar d\u00edvidas e 12 % para &#8220;ajudar a fam\u00edlia&#8221;. &#8220;Metade dos que fizeram esse tipo de empr\u00e9stimo afirmou que o mesmo foi respons\u00e1vel pela inadimpl\u00eancia. O fato \u00e9 que grande parte fez o empr\u00e9stimo para quitar outras d\u00edvidas. Provavelmente a maioria deles possu\u00eda um desequil\u00edbrio financeiro anterior \u00e0 tomada do cr\u00e9dito consignado, o qual se agravou com a redu\u00e7\u00e3o de sua renda l\u00edquida&#8221;, avalia Marcel Solimeo. <\/P><P>O economista da ACSP afirma que a pesquisa n\u00e3o trouxe grandes novidades, mas permite constatar o aumento do uso dos cheques e do cart\u00e3o de cr\u00e9dito por parte dos consumidores. A pequisa revela que o corte de gastos ainda \u00e9 a principal fonte de recursos utilizada para a quita\u00e7\u00e3o das d\u00edvidas. &#8220;Esse \u00e9 um bom exemplo que deveria ser copiado pelos governos para ajustarem suas finan\u00e7as&#8221;, indica Solimeo.\u00a0\u00a0 <BR><\/P><\/p>\n","protected":false},"excerpt":{"rendered":"Pesquisa realizada pelo Instituto de Economia Gast\u00e3o Vidigal, da Associa\u00e7\u00e3o Comercial de S\u00e3o Paulo, revela que 59% dos entrevistados no balc\u00e3o de atendimento \n<a class=\"moretag\" href=\"https:\/\/www.aceguarulhos.com.br\/blog\/desemprego-%c3%a9-a-maior-causa-da-inadimpl%c3%aancia\/\"> [...]<\/a>","protected":false},"author":8,"featured_media":0,"comment_status":"open","ping_status":"open","sticky":false,"template":"","format":"standard","meta":{"footnotes":""},"categories":[2],"tags":[],"class_list":["post-30527","post","type-post","status-publish","format-standard","hentry","category-noticias"],"yoast_head":"<!-- This site is optimized with the Yoast SEO plugin v28.1 - https:\/\/yoast.com\/product\/yoast-seo-wordpress\/ -->\n<title>Desemprego \u00e9 a maior causa da inadimpl\u00eancia - ACE-Guarulhos<\/title>\n<meta name=\"robots\" content=\"index, follow, max-snippet:-1, max-image-preview:large, max-video-preview:-1\" \/>\n<link rel=\"canonical\" href=\"https:\/\/www.aceguarulhos.com.br\/blog\/desemprego-\u00e9-a-maior-causa-da-inadimpl\u00eancia\/\" \/>\n<meta property=\"og:locale\" content=\"pt_BR\" \/>\n<meta property=\"og:type\" content=\"article\" \/>\n<meta property=\"og:title\" content=\"Desemprego \u00e9 a maior causa da inadimpl\u00eancia - ACE-Guarulhos\" \/>\n<meta property=\"og:description\" content=\"Pesquisa realizada pelo Instituto de Economia Gast\u00e3o Vidigal, da Associa\u00e7\u00e3o Comercial de S\u00e3o Paulo, revela que 59% dos entrevistados no balc\u00e3o de atendimento\" \/>\n<meta property=\"og:url\" content=\"https:\/\/www.aceguarulhos.com.br\/blog\/desemprego-\u00e9-a-maior-causa-da-inadimpl\u00eancia\/\" \/>\n<meta property=\"og:site_name\" content=\"ACE-Guarulhos\" \/>\n<meta property=\"article:publisher\" content=\"https:\/\/www.facebook.com\/aceguarulhos\/\" \/>\n<meta property=\"article:published_time\" content=\"2006-09-28T19:58:56+00:00\" \/>\n<meta name=\"author\" content=\"Assessoria de Imprensa ACE-Guarulhos\" \/>\n<meta name=\"twitter:card\" content=\"summary_large_image\" \/>\n<meta name=\"twitter:label1\" content=\"Escrito por\" \/>\n\t<meta name=\"twitter:data1\" content=\"Assessoria de Imprensa ACE-Guarulhos\" \/>\n\t<meta name=\"twitter:label2\" content=\"Est. tempo de leitura\" \/>\n\t<meta name=\"twitter:data2\" content=\"2 minutos\" \/>\n<script type=\"application\/ld+json\" class=\"yoast-schema-graph\">{\"@context\":\"https:\\\/\\\/schema.org\",\"@graph\":[{\"@type\":\"Article\",\"@id\":\"https:\\\/\\\/www.aceguarulhos.com.br\\\/blog\\\/desemprego-%c3%a9-a-maior-causa-da-inadimpl%c3%aancia\\\/#article\",\"isPartOf\":{\"@id\":\"https:\\\/\\\/www.aceguarulhos.com.br\\\/blog\\\/desemprego-%c3%a9-a-maior-causa-da-inadimpl%c3%aancia\\\/\"},\"author\":{\"name\":\"Assessoria de Imprensa ACE-Guarulhos\",\"@id\":\"https:\\\/\\\/www.aceguarulhos.com.br\\\/blog\\\/#\\\/schema\\\/person\\\/6983b51bad37489989e4f09698c26237\"},\"headline\":\"Desemprego \u00e9 a maior causa da inadimpl\u00eancia\",\"datePublished\":\"2006-09-28T19:58:56+00:00\",\"mainEntityOfPage\":{\"@id\":\"https:\\\/\\\/www.aceguarulhos.com.br\\\/blog\\\/desemprego-%c3%a9-a-maior-causa-da-inadimpl%c3%aancia\\\/\"},\"wordCount\":505,\"commentCount\":0,\"publisher\":{\"@id\":\"https:\\\/\\\/www.aceguarulhos.com.br\\\/blog\\\/#organization\"},\"articleSection\":[\"Not\u00edcias\"],\"inLanguage\":\"pt-BR\"},{\"@type\":\"WebPage\",\"@id\":\"https:\\\/\\\/www.aceguarulhos.com.br\\\/blog\\\/desemprego-%c3%a9-a-maior-causa-da-inadimpl%c3%aancia\\\/\",\"url\":\"https:\\\/\\\/www.aceguarulhos.com.br\\\/blog\\\/desemprego-%c3%a9-a-maior-causa-da-inadimpl%c3%aancia\\\/\",\"name\":\"Desemprego \u00e9 a maior causa da inadimpl\u00eancia - ACE-Guarulhos\",\"isPartOf\":{\"@id\":\"https:\\\/\\\/www.aceguarulhos.com.br\\\/blog\\\/#website\"},\"datePublished\":\"2006-09-28T19:58:56+00:00\",\"breadcrumb\":{\"@id\":\"https:\\\/\\\/www.aceguarulhos.com.br\\\/blog\\\/desemprego-%c3%a9-a-maior-causa-da-inadimpl%c3%aancia\\\/#breadcrumb\"},\"inLanguage\":\"pt-BR\",\"potentialAction\":[{\"@type\":\"ReadAction\",\"target\":[\"https:\\\/\\\/www.aceguarulhos.com.br\\\/blog\\\/desemprego-%c3%a9-a-maior-causa-da-inadimpl%c3%aancia\\\/\"]}]},{\"@type\":\"BreadcrumbList\",\"@id\":\"https:\\\/\\\/www.aceguarulhos.com.br\\\/blog\\\/desemprego-%c3%a9-a-maior-causa-da-inadimpl%c3%aancia\\\/#breadcrumb\",\"itemListElement\":[{\"@type\":\"ListItem\",\"position\":1,\"name\":\"In\u00edcio\",\"item\":\"https:\\\/\\\/www.aceguarulhos.com.br\\\/blog\\\/\"},{\"@type\":\"ListItem\",\"position\":2,\"name\":\"Desemprego \u00e9 a maior causa da inadimpl\u00eancia\"}]},{\"@type\":\"WebSite\",\"@id\":\"https:\\\/\\\/www.aceguarulhos.com.br\\\/blog\\\/#website\",\"url\":\"https:\\\/\\\/www.aceguarulhos.com.br\\\/blog\\\/\",\"name\":\"ACE-Guarulhos\",\"description\":\"A ACE-Guarulhos \u00e9 uma associa\u00e7\u00e3o que ap\u00f3ia os empres\u00e1rios guarulhenses atrav\u00e9s da representa\u00e7\u00e3o, da gera\u00e7\u00e3o de neg\u00f3cios e presta\u00e7\u00e3o de servi\u00e7os.\",\"publisher\":{\"@id\":\"https:\\\/\\\/www.aceguarulhos.com.br\\\/blog\\\/#organization\"},\"potentialAction\":[{\"@type\":\"SearchAction\",\"target\":{\"@type\":\"EntryPoint\",\"urlTemplate\":\"https:\\\/\\\/www.aceguarulhos.com.br\\\/blog\\\/?s={search_term_string}\"},\"query-input\":{\"@type\":\"PropertyValueSpecification\",\"valueRequired\":true,\"valueName\":\"search_term_string\"}}],\"inLanguage\":\"pt-BR\"},{\"@type\":\"Organization\",\"@id\":\"https:\\\/\\\/www.aceguarulhos.com.br\\\/blog\\\/#organization\",\"name\":\"ACE-Guarulhos\",\"url\":\"https:\\\/\\\/www.aceguarulhos.com.br\\\/blog\\\/\",\"logo\":{\"@type\":\"ImageObject\",\"inLanguage\":\"pt-BR\",\"@id\":\"https:\\\/\\\/www.aceguarulhos.com.br\\\/blog\\\/#\\\/schema\\\/logo\\\/image\\\/\",\"url\":\"https:\\\/\\\/www.aceguarulhos.com.br\\\/blog\\\/wp-content\\\/uploads\\\/2017\\\/12\\\/logo-aceguarulhos-2018.png\",\"contentUrl\":\"https:\\\/\\\/www.aceguarulhos.com.br\\\/blog\\\/wp-content\\\/uploads\\\/2017\\\/12\\\/logo-aceguarulhos-2018.png\",\"width\":419,\"height\":76,\"caption\":\"ACE-Guarulhos\"},\"image\":{\"@id\":\"https:\\\/\\\/www.aceguarulhos.com.br\\\/blog\\\/#\\\/schema\\\/logo\\\/image\\\/\"},\"sameAs\":[\"https:\\\/\\\/www.facebook.com\\\/aceguarulhos\\\/\",\"https:\\\/\\\/br.linkedin.com\\\/in\\\/ace-guarulhos-b9a97093\",\"https:\\\/\\\/www.youtube.com\\\/user\\\/aceguarulhos\"]},{\"@type\":\"Person\",\"@id\":\"https:\\\/\\\/www.aceguarulhos.com.br\\\/blog\\\/#\\\/schema\\\/person\\\/6983b51bad37489989e4f09698c26237\",\"name\":\"Assessoria de Imprensa ACE-Guarulhos\",\"image\":{\"@type\":\"ImageObject\",\"inLanguage\":\"pt-BR\",\"@id\":\"https:\\\/\\\/secure.gravatar.com\\\/avatar\\\/707f3fadd6918afeb64173ab22d8a8cb0676953098a4f31ff36dc2b4c699ef6a?s=96&d=mm&r=g\",\"url\":\"https:\\\/\\\/secure.gravatar.com\\\/avatar\\\/707f3fadd6918afeb64173ab22d8a8cb0676953098a4f31ff36dc2b4c699ef6a?s=96&d=mm&r=g\",\"contentUrl\":\"https:\\\/\\\/secure.gravatar.com\\\/avatar\\\/707f3fadd6918afeb64173ab22d8a8cb0676953098a4f31ff36dc2b4c699ef6a?s=96&d=mm&r=g\",\"caption\":\"Assessoria de Imprensa ACE-Guarulhos\"},\"url\":\"https:\\\/\\\/www.aceguarulhos.com.br\\\/blog\\\/author\\\/assessoria-de-imprensa-ace-guarulhos\\\/\"}]}<\/script>\n<!-- \/ Yoast SEO plugin. -->","yoast_head_json":{"title":"Desemprego \u00e9 a maior causa da inadimpl\u00eancia - ACE-Guarulhos","robots":{"index":"index","follow":"follow","max-snippet":"max-snippet:-1","max-image-preview":"max-image-preview:large","max-video-preview":"max-video-preview:-1"},"canonical":"https:\/\/www.aceguarulhos.com.br\/blog\/desemprego-\u00e9-a-maior-causa-da-inadimpl\u00eancia\/","og_locale":"pt_BR","og_type":"article","og_title":"Desemprego \u00e9 a maior causa da inadimpl\u00eancia - ACE-Guarulhos","og_description":"Pesquisa realizada pelo Instituto de Economia Gast\u00e3o Vidigal, da Associa\u00e7\u00e3o Comercial de S\u00e3o Paulo, revela que 59% dos entrevistados no balc\u00e3o de atendimento","og_url":"https:\/\/www.aceguarulhos.com.br\/blog\/desemprego-\u00e9-a-maior-causa-da-inadimpl\u00eancia\/","og_site_name":"ACE-Guarulhos","article_publisher":"https:\/\/www.facebook.com\/aceguarulhos\/","article_published_time":"2006-09-28T19:58:56+00:00","author":"Assessoria de Imprensa ACE-Guarulhos","twitter_card":"summary_large_image","twitter_misc":{"Escrito por":"Assessoria de Imprensa ACE-Guarulhos","Est. tempo de leitura":"2 minutos"},"schema":{"@context":"https:\/\/schema.org","@graph":[{"@type":"Article","@id":"https:\/\/www.aceguarulhos.com.br\/blog\/desemprego-%c3%a9-a-maior-causa-da-inadimpl%c3%aancia\/#article","isPartOf":{"@id":"https:\/\/www.aceguarulhos.com.br\/blog\/desemprego-%c3%a9-a-maior-causa-da-inadimpl%c3%aancia\/"},"author":{"name":"Assessoria de Imprensa ACE-Guarulhos","@id":"https:\/\/www.aceguarulhos.com.br\/blog\/#\/schema\/person\/6983b51bad37489989e4f09698c26237"},"headline":"Desemprego \u00e9 a maior causa da inadimpl\u00eancia","datePublished":"2006-09-28T19:58:56+00:00","mainEntityOfPage":{"@id":"https:\/\/www.aceguarulhos.com.br\/blog\/desemprego-%c3%a9-a-maior-causa-da-inadimpl%c3%aancia\/"},"wordCount":505,"commentCount":0,"publisher":{"@id":"https:\/\/www.aceguarulhos.com.br\/blog\/#organization"},"articleSection":["Not\u00edcias"],"inLanguage":"pt-BR"},{"@type":"WebPage","@id":"https:\/\/www.aceguarulhos.com.br\/blog\/desemprego-%c3%a9-a-maior-causa-da-inadimpl%c3%aancia\/","url":"https:\/\/www.aceguarulhos.com.br\/blog\/desemprego-%c3%a9-a-maior-causa-da-inadimpl%c3%aancia\/","name":"Desemprego \u00e9 a maior causa da inadimpl\u00eancia - ACE-Guarulhos","isPartOf":{"@id":"https:\/\/www.aceguarulhos.com.br\/blog\/#website"},"datePublished":"2006-09-28T19:58:56+00:00","breadcrumb":{"@id":"https:\/\/www.aceguarulhos.com.br\/blog\/desemprego-%c3%a9-a-maior-causa-da-inadimpl%c3%aancia\/#breadcrumb"},"inLanguage":"pt-BR","potentialAction":[{"@type":"ReadAction","target":["https:\/\/www.aceguarulhos.com.br\/blog\/desemprego-%c3%a9-a-maior-causa-da-inadimpl%c3%aancia\/"]}]},{"@type":"BreadcrumbList","@id":"https:\/\/www.aceguarulhos.com.br\/blog\/desemprego-%c3%a9-a-maior-causa-da-inadimpl%c3%aancia\/#breadcrumb","itemListElement":[{"@type":"ListItem","position":1,"name":"In\u00edcio","item":"https:\/\/www.aceguarulhos.com.br\/blog\/"},{"@type":"ListItem","position":2,"name":"Desemprego \u00e9 a maior causa da inadimpl\u00eancia"}]},{"@type":"WebSite","@id":"https:\/\/www.aceguarulhos.com.br\/blog\/#website","url":"https:\/\/www.aceguarulhos.com.br\/blog\/","name":"ACE-Guarulhos","description":"A ACE-Guarulhos \u00e9 uma associa\u00e7\u00e3o que ap\u00f3ia os empres\u00e1rios guarulhenses atrav\u00e9s da representa\u00e7\u00e3o, da gera\u00e7\u00e3o de neg\u00f3cios e presta\u00e7\u00e3o de servi\u00e7os.","publisher":{"@id":"https:\/\/www.aceguarulhos.com.br\/blog\/#organization"},"potentialAction":[{"@type":"SearchAction","target":{"@type":"EntryPoint","urlTemplate":"https:\/\/www.aceguarulhos.com.br\/blog\/?s={search_term_string}"},"query-input":{"@type":"PropertyValueSpecification","valueRequired":true,"valueName":"search_term_string"}}],"inLanguage":"pt-BR"},{"@type":"Organization","@id":"https:\/\/www.aceguarulhos.com.br\/blog\/#organization","name":"ACE-Guarulhos","url":"https:\/\/www.aceguarulhos.com.br\/blog\/","logo":{"@type":"ImageObject","inLanguage":"pt-BR","@id":"https:\/\/www.aceguarulhos.com.br\/blog\/#\/schema\/logo\/image\/","url":"https:\/\/www.aceguarulhos.com.br\/blog\/wp-content\/uploads\/2017\/12\/logo-aceguarulhos-2018.png","contentUrl":"https:\/\/www.aceguarulhos.com.br\/blog\/wp-content\/uploads\/2017\/12\/logo-aceguarulhos-2018.png","width":419,"height":76,"caption":"ACE-Guarulhos"},"image":{"@id":"https:\/\/www.aceguarulhos.com.br\/blog\/#\/schema\/logo\/image\/"},"sameAs":["https:\/\/www.facebook.com\/aceguarulhos\/","https:\/\/br.linkedin.com\/in\/ace-guarulhos-b9a97093","https:\/\/www.youtube.com\/user\/aceguarulhos"]},{"@type":"Person","@id":"https:\/\/www.aceguarulhos.com.br\/blog\/#\/schema\/person\/6983b51bad37489989e4f09698c26237","name":"Assessoria de Imprensa ACE-Guarulhos","image":{"@type":"ImageObject","inLanguage":"pt-BR","@id":"https:\/\/secure.gravatar.com\/avatar\/707f3fadd6918afeb64173ab22d8a8cb0676953098a4f31ff36dc2b4c699ef6a?s=96&d=mm&r=g","url":"https:\/\/secure.gravatar.com\/avatar\/707f3fadd6918afeb64173ab22d8a8cb0676953098a4f31ff36dc2b4c699ef6a?s=96&d=mm&r=g","contentUrl":"https:\/\/secure.gravatar.com\/avatar\/707f3fadd6918afeb64173ab22d8a8cb0676953098a4f31ff36dc2b4c699ef6a?s=96&d=mm&r=g","caption":"Assessoria de Imprensa ACE-Guarulhos"},"url":"https:\/\/www.aceguarulhos.com.br\/blog\/author\/assessoria-de-imprensa-ace-guarulhos\/"}]}},"wps_subtitle":"","amp_enabled":true,"_links":{"self":[{"href":"https:\/\/www.aceguarulhos.com.br\/blog\/wp-json\/wp\/v2\/posts\/30527","targetHints":{"allow":["GET"]}}],"collection":[{"href":"https:\/\/www.aceguarulhos.com.br\/blog\/wp-json\/wp\/v2\/posts"}],"about":[{"href":"https:\/\/www.aceguarulhos.com.br\/blog\/wp-json\/wp\/v2\/types\/post"}],"author":[{"embeddable":true,"href":"https:\/\/www.aceguarulhos.com.br\/blog\/wp-json\/wp\/v2\/users\/8"}],"replies":[{"embeddable":true,"href":"https:\/\/www.aceguarulhos.com.br\/blog\/wp-json\/wp\/v2\/comments?post=30527"}],"version-history":[{"count":0,"href":"https:\/\/www.aceguarulhos.com.br\/blog\/wp-json\/wp\/v2\/posts\/30527\/revisions"}],"wp:attachment":[{"href":"https:\/\/www.aceguarulhos.com.br\/blog\/wp-json\/wp\/v2\/media?parent=30527"}],"wp:term":[{"taxonomy":"category","embeddable":true,"href":"https:\/\/www.aceguarulhos.com.br\/blog\/wp-json\/wp\/v2\/categories?post=30527"},{"taxonomy":"post_tag","embeddable":true,"href":"https:\/\/www.aceguarulhos.com.br\/blog\/wp-json\/wp\/v2\/tags?post=30527"}],"curies":[{"name":"wp","href":"https:\/\/api.w.org\/{rel}","templated":true}]}}