{"id":30509,"date":"2006-09-21T19:07:24","date_gmt":"2006-09-21T19:07:24","guid":{"rendered":"http:\/\/www.aceguarulhos.com.br\/blog\/?p=30509"},"modified":"-0001-11-30T00:00:00","modified_gmt":"-0001-11-30T03:00:00","slug":"workshop-debate-o-mercado-externo","status":"publish","type":"post","link":"https:\/\/www.aceguarulhos.com.br\/blog\/workshop-debate-o-mercado-externo\/","title":{"rendered":"Workshop debate o mercado externo"},"content":{"rendered":"<p><P><STRONG><EM>Evento foi realizado pelo departamento de com\u00e9rcio exterior da ACE<\/EM><\/STRONG><\/P><P><IMG alt=ACE src=\"\/blog\/wp-content\/uploads\/image.php?x=i&#038;i1=100&#038;i2=20010829093943\" align=left border=0><\/P><P><EM>O Superintendente da ACE, Maurici Dias Gomes, faz a abertura do evento<\/EM><\/P><P>Com a participa\u00e7\u00e3o de empres\u00e1rios interessados em ganhar o mercado internacional, a Associa\u00e7\u00e3o Comercial de Guarulhos (ACE) realizou na manh\u00e3 de quarta-feira (20\/09) o workshop &#8220;Adequa\u00e7\u00e3o de Produtos para o Mercado Externo&#8221;. O evento foi comandado pelo coordenador operacional do Progex\/IPT, \u00cdlio De Nardi Junior. Maurici Dias Gomes &#8211; superintendente da ACE, foi quem fez a abertura do workshop.<\/P><P><IMG alt=ACE src=\"\/blog\/wp-content\/uploads\/image.php?x=i&#038;i1=100&#038;i2=20010829142440\" align=left border=0><\/P><P><EM>O coordenador oepracional do Progex\/IPT, \u00cdlio De Nardi, tirou as d\u00favidas dos empres\u00e1rios<\/EM><\/P><P>\u00cdlio tirou as principais d\u00favidas dos empres\u00e1rios presentes sobre a adequa\u00e7\u00e3o de seus produtos para o mercado externo que exige certifica\u00e7\u00f5es como forma de qualificar o produto a ser vendido.<\/P><P>Os empres\u00e1rios ficaram sabendo que o caminho para o mercado externo possui alguns obst\u00e1culos que precisam ser superados, como o desconhecimento do mercado, o custo Brasil, log\u00edstica, financiamento documenta\u00e7\u00e3o burocr\u00e1tica, taxas e tecnologia.<\/P><P>Para ajudar na conquista do mundo, o Instituto de Pesquisa Tecnol\u00f3gica (IPT) criou o Progex Paulista e o Progex Nacional, programa de apoio tecnol\u00f3gico para exporta\u00e7\u00e3o voltado \u00e0 micros, pequenas e m\u00e9dias empresas. O programa disp\u00f5e parte do investimento que o empres\u00e1rio precisa fazer, para adequa\u00e7\u00e3o de seu produto e a conquista de certifica\u00e7\u00f5es; tr\u00eas ag\u00eancias de fomentos ajudam no aporte do dinheiro: Finep, Secret\u00e1ria Estadual da Ci\u00eancia, Tecnologia e Desenvolvimento Econ\u00f4mico e o Sebrae S\u00e3o Paulo, que podem disponibilizar juntas investimentos que giram em torno de R$ 3 mil a R$ 12 mil, sendo que o empres\u00e1rio banca o restante.<\/P><P>Quando um produto chega ao Progex ele adaptado a ter qualidade; redu\u00e7\u00e3o de custos; adequa\u00e7\u00e3o de embalagem; design e supera\u00e7\u00e3o de barreiras t\u00e9cnicas, pr\u00e9-qualifica\u00e7\u00e3o ou qualifica\u00e7\u00e3o do produto para a certifica\u00e7\u00e3o. <\/P><P>Segundo \u00edlios De Nardi, 99% dos produtos s\u00e3o adaptados para serem certificados com a Conformidade Europ\u00e9ia (CE), que facilita o mercado do produto a ser comercializado.<\/P><P>&#8220;O nosso compromisso \u00e9 entregar os produtos de acordo com as normas. A maioria dos nossos trabalhos s\u00e3o realizados para o mercado europeu, o ber\u00e7o das exig\u00eancias&#8221;, disse.<\/P><P>Do ano 2000 pra c\u00e1, o aporte de investimentos no Progex \u00e9 crescente. De R$ 14,4 mi, para 20,3 mi em 2003; 29,8 em 2002; e 40,5 mi em 2003.\u00a0 <\/P><P><IMG alt=ACE src=\"\/blog\/wp-content\/uploads\/image.php?x=i&#038;i1=100&#038;i2=20020816090857\" align=left border=0><\/P><P><EM>Empres\u00e1rios conheceram o caminho para a adapta\u00e7\u00e3o do seu produto para o mercado externo<\/EM><\/P><P>Os principais benef\u00edcios que uma empresa encontra ao colocar seu produto para ser testado no IPT s\u00e3o: a gera\u00e7\u00e3o de novos exportadores, abertura do mercado externo mais exigente, possibilita o aumento do volume de exporta\u00e7\u00f5es, possibilita a substitui\u00e7\u00e3o de importa\u00e7\u00f5es, aumenta o n\u00famero de produtos internacionalmente competit\u00edveis e a gera\u00e7\u00e3o de novos postos de empregos.<BR><\/P><\/p>\n","protected":false},"excerpt":{"rendered":"Evento foi realizado pelo departamento de com\u00e9rcio exterior da ACEO Superintendente da ACE, Maurici Dias Gomes, faz a abertura do eventoCom a participa\u00e7\u00e3o \n<a class=\"moretag\" href=\"https:\/\/www.aceguarulhos.com.br\/blog\/workshop-debate-o-mercado-externo\/\"> [...]<\/a>","protected":false},"author":8,"featured_media":0,"comment_status":"open","ping_status":"open","sticky":false,"template":"","format":"standard","meta":{"footnotes":""},"categories":[2],"tags":[],"class_list":["post-30509","post","type-post","status-publish","format-standard","hentry","category-noticias"],"yoast_head":"<!-- This site is optimized with the Yoast SEO plugin v28.1 - https:\/\/yoast.com\/product\/yoast-seo-wordpress\/ -->\n<title>Workshop debate o mercado externo - ACE-Guarulhos<\/title>\n<meta name=\"robots\" content=\"index, follow, max-snippet:-1, max-image-preview:large, max-video-preview:-1\" \/>\n<link rel=\"canonical\" href=\"https:\/\/www.aceguarulhos.com.br\/blog\/workshop-debate-o-mercado-externo\/\" \/>\n<meta property=\"og:locale\" content=\"pt_BR\" \/>\n<meta property=\"og:type\" content=\"article\" \/>\n<meta property=\"og:title\" content=\"Workshop debate o mercado externo - ACE-Guarulhos\" \/>\n<meta property=\"og:description\" content=\"Evento foi realizado pelo departamento de com\u00e9rcio exterior da ACEO Superintendente da ACE, Maurici Dias Gomes, faz a abertura do eventoCom a participa\u00e7\u00e3o\" \/>\n<meta property=\"og:url\" content=\"https:\/\/www.aceguarulhos.com.br\/blog\/workshop-debate-o-mercado-externo\/\" \/>\n<meta property=\"og:site_name\" content=\"ACE-Guarulhos\" \/>\n<meta property=\"article:publisher\" content=\"https:\/\/www.facebook.com\/aceguarulhos\/\" \/>\n<meta property=\"article:published_time\" content=\"2006-09-21T19:07:24+00:00\" \/>\n<meta name=\"author\" content=\"Assessoria de Imprensa ACE-Guarulhos\" \/>\n<meta name=\"twitter:card\" content=\"summary_large_image\" \/>\n<meta name=\"twitter:label1\" content=\"Escrito por\" \/>\n\t<meta name=\"twitter:data1\" content=\"Assessoria de Imprensa ACE-Guarulhos\" \/>\n\t<meta name=\"twitter:label2\" content=\"Est. tempo de leitura\" \/>\n\t<meta name=\"twitter:data2\" content=\"2 minutos\" \/>\n<script type=\"application\/ld+json\" class=\"yoast-schema-graph\">{\"@context\":\"https:\\\/\\\/schema.org\",\"@graph\":[{\"@type\":\"Article\",\"@id\":\"https:\\\/\\\/www.aceguarulhos.com.br\\\/blog\\\/workshop-debate-o-mercado-externo\\\/#article\",\"isPartOf\":{\"@id\":\"https:\\\/\\\/www.aceguarulhos.com.br\\\/blog\\\/workshop-debate-o-mercado-externo\\\/\"},\"author\":{\"name\":\"Assessoria de Imprensa ACE-Guarulhos\",\"@id\":\"https:\\\/\\\/www.aceguarulhos.com.br\\\/blog\\\/#\\\/schema\\\/person\\\/6983b51bad37489989e4f09698c26237\"},\"headline\":\"Workshop debate o mercado externo\",\"datePublished\":\"2006-09-21T19:07:24+00:00\",\"mainEntityOfPage\":{\"@id\":\"https:\\\/\\\/www.aceguarulhos.com.br\\\/blog\\\/workshop-debate-o-mercado-externo\\\/\"},\"wordCount\":489,\"commentCount\":0,\"publisher\":{\"@id\":\"https:\\\/\\\/www.aceguarulhos.com.br\\\/blog\\\/#organization\"},\"articleSection\":[\"Not\u00edcias\"],\"inLanguage\":\"pt-BR\"},{\"@type\":\"WebPage\",\"@id\":\"https:\\\/\\\/www.aceguarulhos.com.br\\\/blog\\\/workshop-debate-o-mercado-externo\\\/\",\"url\":\"https:\\\/\\\/www.aceguarulhos.com.br\\\/blog\\\/workshop-debate-o-mercado-externo\\\/\",\"name\":\"Workshop debate o mercado externo - ACE-Guarulhos\",\"isPartOf\":{\"@id\":\"https:\\\/\\\/www.aceguarulhos.com.br\\\/blog\\\/#website\"},\"datePublished\":\"2006-09-21T19:07:24+00:00\",\"breadcrumb\":{\"@id\":\"https:\\\/\\\/www.aceguarulhos.com.br\\\/blog\\\/workshop-debate-o-mercado-externo\\\/#breadcrumb\"},\"inLanguage\":\"pt-BR\",\"potentialAction\":[{\"@type\":\"ReadAction\",\"target\":[\"https:\\\/\\\/www.aceguarulhos.com.br\\\/blog\\\/workshop-debate-o-mercado-externo\\\/\"]}]},{\"@type\":\"BreadcrumbList\",\"@id\":\"https:\\\/\\\/www.aceguarulhos.com.br\\\/blog\\\/workshop-debate-o-mercado-externo\\\/#breadcrumb\",\"itemListElement\":[{\"@type\":\"ListItem\",\"position\":1,\"name\":\"In\u00edcio\",\"item\":\"https:\\\/\\\/www.aceguarulhos.com.br\\\/blog\\\/\"},{\"@type\":\"ListItem\",\"position\":2,\"name\":\"Workshop debate o mercado externo\"}]},{\"@type\":\"WebSite\",\"@id\":\"https:\\\/\\\/www.aceguarulhos.com.br\\\/blog\\\/#website\",\"url\":\"https:\\\/\\\/www.aceguarulhos.com.br\\\/blog\\\/\",\"name\":\"ACE-Guarulhos\",\"description\":\"A ACE-Guarulhos \u00e9 uma associa\u00e7\u00e3o que ap\u00f3ia os empres\u00e1rios guarulhenses atrav\u00e9s da representa\u00e7\u00e3o, da gera\u00e7\u00e3o de neg\u00f3cios e presta\u00e7\u00e3o de servi\u00e7os.\",\"publisher\":{\"@id\":\"https:\\\/\\\/www.aceguarulhos.com.br\\\/blog\\\/#organization\"},\"potentialAction\":[{\"@type\":\"SearchAction\",\"target\":{\"@type\":\"EntryPoint\",\"urlTemplate\":\"https:\\\/\\\/www.aceguarulhos.com.br\\\/blog\\\/?s={search_term_string}\"},\"query-input\":{\"@type\":\"PropertyValueSpecification\",\"valueRequired\":true,\"valueName\":\"search_term_string\"}}],\"inLanguage\":\"pt-BR\"},{\"@type\":\"Organization\",\"@id\":\"https:\\\/\\\/www.aceguarulhos.com.br\\\/blog\\\/#organization\",\"name\":\"ACE-Guarulhos\",\"url\":\"https:\\\/\\\/www.aceguarulhos.com.br\\\/blog\\\/\",\"logo\":{\"@type\":\"ImageObject\",\"inLanguage\":\"pt-BR\",\"@id\":\"https:\\\/\\\/www.aceguarulhos.com.br\\\/blog\\\/#\\\/schema\\\/logo\\\/image\\\/\",\"url\":\"https:\\\/\\\/www.aceguarulhos.com.br\\\/blog\\\/wp-content\\\/uploads\\\/2017\\\/12\\\/logo-aceguarulhos-2018.png\",\"contentUrl\":\"https:\\\/\\\/www.aceguarulhos.com.br\\\/blog\\\/wp-content\\\/uploads\\\/2017\\\/12\\\/logo-aceguarulhos-2018.png\",\"width\":419,\"height\":76,\"caption\":\"ACE-Guarulhos\"},\"image\":{\"@id\":\"https:\\\/\\\/www.aceguarulhos.com.br\\\/blog\\\/#\\\/schema\\\/logo\\\/image\\\/\"},\"sameAs\":[\"https:\\\/\\\/www.facebook.com\\\/aceguarulhos\\\/\",\"https:\\\/\\\/br.linkedin.com\\\/in\\\/ace-guarulhos-b9a97093\",\"https:\\\/\\\/www.youtube.com\\\/user\\\/aceguarulhos\"]},{\"@type\":\"Person\",\"@id\":\"https:\\\/\\\/www.aceguarulhos.com.br\\\/blog\\\/#\\\/schema\\\/person\\\/6983b51bad37489989e4f09698c26237\",\"name\":\"Assessoria de Imprensa ACE-Guarulhos\",\"image\":{\"@type\":\"ImageObject\",\"inLanguage\":\"pt-BR\",\"@id\":\"https:\\\/\\\/secure.gravatar.com\\\/avatar\\\/707f3fadd6918afeb64173ab22d8a8cb0676953098a4f31ff36dc2b4c699ef6a?s=96&d=mm&r=g\",\"url\":\"https:\\\/\\\/secure.gravatar.com\\\/avatar\\\/707f3fadd6918afeb64173ab22d8a8cb0676953098a4f31ff36dc2b4c699ef6a?s=96&d=mm&r=g\",\"contentUrl\":\"https:\\\/\\\/secure.gravatar.com\\\/avatar\\\/707f3fadd6918afeb64173ab22d8a8cb0676953098a4f31ff36dc2b4c699ef6a?s=96&d=mm&r=g\",\"caption\":\"Assessoria de Imprensa ACE-Guarulhos\"},\"url\":\"https:\\\/\\\/www.aceguarulhos.com.br\\\/blog\\\/author\\\/assessoria-de-imprensa-ace-guarulhos\\\/\"}]}<\/script>\n<!-- \/ Yoast SEO plugin. -->","yoast_head_json":{"title":"Workshop debate o mercado externo - ACE-Guarulhos","robots":{"index":"index","follow":"follow","max-snippet":"max-snippet:-1","max-image-preview":"max-image-preview:large","max-video-preview":"max-video-preview:-1"},"canonical":"https:\/\/www.aceguarulhos.com.br\/blog\/workshop-debate-o-mercado-externo\/","og_locale":"pt_BR","og_type":"article","og_title":"Workshop debate o mercado externo - ACE-Guarulhos","og_description":"Evento foi realizado pelo departamento de com\u00e9rcio exterior da ACEO Superintendente da ACE, Maurici Dias Gomes, faz a abertura do eventoCom a participa\u00e7\u00e3o","og_url":"https:\/\/www.aceguarulhos.com.br\/blog\/workshop-debate-o-mercado-externo\/","og_site_name":"ACE-Guarulhos","article_publisher":"https:\/\/www.facebook.com\/aceguarulhos\/","article_published_time":"2006-09-21T19:07:24+00:00","author":"Assessoria de Imprensa ACE-Guarulhos","twitter_card":"summary_large_image","twitter_misc":{"Escrito por":"Assessoria de Imprensa ACE-Guarulhos","Est. tempo de leitura":"2 minutos"},"schema":{"@context":"https:\/\/schema.org","@graph":[{"@type":"Article","@id":"https:\/\/www.aceguarulhos.com.br\/blog\/workshop-debate-o-mercado-externo\/#article","isPartOf":{"@id":"https:\/\/www.aceguarulhos.com.br\/blog\/workshop-debate-o-mercado-externo\/"},"author":{"name":"Assessoria de Imprensa ACE-Guarulhos","@id":"https:\/\/www.aceguarulhos.com.br\/blog\/#\/schema\/person\/6983b51bad37489989e4f09698c26237"},"headline":"Workshop debate o mercado externo","datePublished":"2006-09-21T19:07:24+00:00","mainEntityOfPage":{"@id":"https:\/\/www.aceguarulhos.com.br\/blog\/workshop-debate-o-mercado-externo\/"},"wordCount":489,"commentCount":0,"publisher":{"@id":"https:\/\/www.aceguarulhos.com.br\/blog\/#organization"},"articleSection":["Not\u00edcias"],"inLanguage":"pt-BR"},{"@type":"WebPage","@id":"https:\/\/www.aceguarulhos.com.br\/blog\/workshop-debate-o-mercado-externo\/","url":"https:\/\/www.aceguarulhos.com.br\/blog\/workshop-debate-o-mercado-externo\/","name":"Workshop debate o mercado externo - ACE-Guarulhos","isPartOf":{"@id":"https:\/\/www.aceguarulhos.com.br\/blog\/#website"},"datePublished":"2006-09-21T19:07:24+00:00","breadcrumb":{"@id":"https:\/\/www.aceguarulhos.com.br\/blog\/workshop-debate-o-mercado-externo\/#breadcrumb"},"inLanguage":"pt-BR","potentialAction":[{"@type":"ReadAction","target":["https:\/\/www.aceguarulhos.com.br\/blog\/workshop-debate-o-mercado-externo\/"]}]},{"@type":"BreadcrumbList","@id":"https:\/\/www.aceguarulhos.com.br\/blog\/workshop-debate-o-mercado-externo\/#breadcrumb","itemListElement":[{"@type":"ListItem","position":1,"name":"In\u00edcio","item":"https:\/\/www.aceguarulhos.com.br\/blog\/"},{"@type":"ListItem","position":2,"name":"Workshop debate o mercado externo"}]},{"@type":"WebSite","@id":"https:\/\/www.aceguarulhos.com.br\/blog\/#website","url":"https:\/\/www.aceguarulhos.com.br\/blog\/","name":"ACE-Guarulhos","description":"A ACE-Guarulhos \u00e9 uma associa\u00e7\u00e3o que ap\u00f3ia os empres\u00e1rios guarulhenses atrav\u00e9s da representa\u00e7\u00e3o, da gera\u00e7\u00e3o de neg\u00f3cios e presta\u00e7\u00e3o de servi\u00e7os.","publisher":{"@id":"https:\/\/www.aceguarulhos.com.br\/blog\/#organization"},"potentialAction":[{"@type":"SearchAction","target":{"@type":"EntryPoint","urlTemplate":"https:\/\/www.aceguarulhos.com.br\/blog\/?s={search_term_string}"},"query-input":{"@type":"PropertyValueSpecification","valueRequired":true,"valueName":"search_term_string"}}],"inLanguage":"pt-BR"},{"@type":"Organization","@id":"https:\/\/www.aceguarulhos.com.br\/blog\/#organization","name":"ACE-Guarulhos","url":"https:\/\/www.aceguarulhos.com.br\/blog\/","logo":{"@type":"ImageObject","inLanguage":"pt-BR","@id":"https:\/\/www.aceguarulhos.com.br\/blog\/#\/schema\/logo\/image\/","url":"https:\/\/www.aceguarulhos.com.br\/blog\/wp-content\/uploads\/2017\/12\/logo-aceguarulhos-2018.png","contentUrl":"https:\/\/www.aceguarulhos.com.br\/blog\/wp-content\/uploads\/2017\/12\/logo-aceguarulhos-2018.png","width":419,"height":76,"caption":"ACE-Guarulhos"},"image":{"@id":"https:\/\/www.aceguarulhos.com.br\/blog\/#\/schema\/logo\/image\/"},"sameAs":["https:\/\/www.facebook.com\/aceguarulhos\/","https:\/\/br.linkedin.com\/in\/ace-guarulhos-b9a97093","https:\/\/www.youtube.com\/user\/aceguarulhos"]},{"@type":"Person","@id":"https:\/\/www.aceguarulhos.com.br\/blog\/#\/schema\/person\/6983b51bad37489989e4f09698c26237","name":"Assessoria de Imprensa ACE-Guarulhos","image":{"@type":"ImageObject","inLanguage":"pt-BR","@id":"https:\/\/secure.gravatar.com\/avatar\/707f3fadd6918afeb64173ab22d8a8cb0676953098a4f31ff36dc2b4c699ef6a?s=96&d=mm&r=g","url":"https:\/\/secure.gravatar.com\/avatar\/707f3fadd6918afeb64173ab22d8a8cb0676953098a4f31ff36dc2b4c699ef6a?s=96&d=mm&r=g","contentUrl":"https:\/\/secure.gravatar.com\/avatar\/707f3fadd6918afeb64173ab22d8a8cb0676953098a4f31ff36dc2b4c699ef6a?s=96&d=mm&r=g","caption":"Assessoria de Imprensa ACE-Guarulhos"},"url":"https:\/\/www.aceguarulhos.com.br\/blog\/author\/assessoria-de-imprensa-ace-guarulhos\/"}]}},"wps_subtitle":"","amp_enabled":true,"_links":{"self":[{"href":"https:\/\/www.aceguarulhos.com.br\/blog\/wp-json\/wp\/v2\/posts\/30509","targetHints":{"allow":["GET"]}}],"collection":[{"href":"https:\/\/www.aceguarulhos.com.br\/blog\/wp-json\/wp\/v2\/posts"}],"about":[{"href":"https:\/\/www.aceguarulhos.com.br\/blog\/wp-json\/wp\/v2\/types\/post"}],"author":[{"embeddable":true,"href":"https:\/\/www.aceguarulhos.com.br\/blog\/wp-json\/wp\/v2\/users\/8"}],"replies":[{"embeddable":true,"href":"https:\/\/www.aceguarulhos.com.br\/blog\/wp-json\/wp\/v2\/comments?post=30509"}],"version-history":[{"count":0,"href":"https:\/\/www.aceguarulhos.com.br\/blog\/wp-json\/wp\/v2\/posts\/30509\/revisions"}],"wp:attachment":[{"href":"https:\/\/www.aceguarulhos.com.br\/blog\/wp-json\/wp\/v2\/media?parent=30509"}],"wp:term":[{"taxonomy":"category","embeddable":true,"href":"https:\/\/www.aceguarulhos.com.br\/blog\/wp-json\/wp\/v2\/categories?post=30509"},{"taxonomy":"post_tag","embeddable":true,"href":"https:\/\/www.aceguarulhos.com.br\/blog\/wp-json\/wp\/v2\/tags?post=30509"}],"curies":[{"name":"wp","href":"https:\/\/api.w.org\/{rel}","templated":true}]}}