{"id":30486,"date":"2006-09-11T23:56:38","date_gmt":"2006-09-11T23:56:38","guid":{"rendered":"http:\/\/www.aceguarulhos.com.br\/blog\/?p=30486"},"modified":"-0001-11-30T00:00:00","modified_gmt":"-0001-11-30T03:00:00","slug":"o-le%c3%a3o-que-o-brasil-vai-eleger","status":"publish","type":"post","link":"https:\/\/www.aceguarulhos.com.br\/blog\/o-le%c3%a3o-que-o-brasil-vai-eleger\/","title":{"rendered":"O Le\u00e3o que o Brasil vai eleger"},"content":{"rendered":"<p><P>Advers\u00e1rios e pol\u00edticos de forma\u00e7\u00e3o ideol\u00f3gica distintas, os tr\u00eas candidatos a Presid\u00eancia da Rep\u00fablica &#8211; Geraldo Alckmin (PSDB), Helo\u00edsa Helena (PSol) e Cristovam Buarque (PDT) &#8211; convergem sobre a necessidade do Pa\u00eds reduzir a carga tribut\u00e1ria, que j\u00e1 se aproxima de 40% do Produto Interno Bruto (PIB), para o Pa\u00eds n\u00e3o patinar em seu crescimento. <\/P><P>A diverg\u00eancia est\u00e1 na receita do programa. Ex-governadores, Alckmin e Cristovam pretendem diminuir gastos p\u00fablicos e fazer a reforma tribut\u00e1ria. J\u00e1 existe um projeto de reforma tribut\u00e1ria na C\u00e2mara e espera-se que seja votado este ano. <\/P><P>Helo\u00edsa Helena n\u00e3o fala em cortes de gastos. Ela quer reduzir a taxa de juros e cobrar mais impostos de agentes financeiros e dos detentores de grandes propriedades. <\/P><P>A redu\u00e7\u00e3o da carga tribut\u00e1ria voltou ao debate depois da divulga\u00e7\u00e3o do p\u00edfio resultado do PIB do segundo trimestre: crescimento de apenas 0,5% em rela\u00e7\u00e3o ao primeiro. Nos \u00faltimos 11 anos, a carga tribut\u00e1ria alcan\u00e7ou quase dez pontos percentuais sobre o PIB. <\/P><P>Diante do n\u00famero, o mercado financeiro reduziu a proje\u00e7\u00e3o de crescimento do PIB para este ano de 3,5% para 3,2%. At\u00e9 ent\u00e3o, a estimativa era de um crescimento de 4%. <\/P><P>L\u00edder nas pesquisas de inten\u00e7\u00e3o de voto, o presidente Luiz In\u00e1cio Lula da Silva (PT) divulgou seu plano de governo sem mencionar redu\u00e7\u00e3o nos gastos p\u00fablicos. A proposta destaca que o governo manter\u00e1 o super\u00e1vit prim\u00e1rio, hoje em 4,25% do PIB. <\/P><P><STRONG>Buraco tribut\u00e1rio &#8211;<\/STRONG> Marcel Solimeo, diretor do Instituto de Economia Gast\u00e3o Vidigal, da Associa\u00e7\u00e3o Comercial de S\u00e3o Paulo (ACSP), vai direto ao ponto: sem reduzir gastos p\u00fablicos n\u00e3o h\u00e1 como diminuir a carga tribut\u00e1ria no mandato. &#8220;Um programa sem previs\u00e3o de gastos p\u00fablicos, mesmo que gradativa e lenta, n\u00e3o vai tirar o Pa\u00eds do buraco&#8221;. <\/P><P>Para Solimeo, o excesso de tributos retira dinheiro do consumo e dos investimentos. &#8220;Sem investimentos, a economia n\u00e3o cresce. O Pa\u00eds precisa gastar menos e melhorar a produtividade &#8211; produzir mais com os mesmos recursos&#8221;. <\/P><P>O jurista Yves Gandra Martins diz que n\u00e3o \u00e9 surpresa Alckmin e Cristovam admitirem o corte de gastos para aliviar a carga de impostos. &#8220;Ambos foram governadores e sabem que, se n\u00e3o houver corte de despesas, n\u00e3o h\u00e1 como executar o plano de governo&#8221;. <\/P><P>Para o jurista, a proposta de Helo\u00edsa Helena n\u00e3o garante a justi\u00e7a tribut\u00e1ria. No seu entendimento, como o governo pega dinheiro no mercado para financiar as despesas, isso ser\u00e1 repassado ao mercado. Em rela\u00e7\u00e3o a Lula, ele acrescenta que poder\u00e1 haver aumento da carga tribut\u00e1ria. &#8220;O PT sempre foi favor\u00e1vel ao fortalecimento do Estado e da m\u00e1quina burocr\u00e1tica. Do ponto de vista da carga tribut\u00e1ria, isso \u00e9 muito ruim&#8221;. <\/P><P>O professor Marcos Cintra, da Funda\u00e7\u00e3o Get\u00falio Vargas (FGV), afirma que \u00e9 preciso enfrentar as despesas de governo para se ter um crescimento compat\u00edvel com o de pa\u00edses como China e \u00cdndia. &#8220;Al\u00e9m disso, \u00e9 preciso investir em infra-estrutura, ci\u00eancia e tecnologia&#8221;. <\/P><\/p>\n","protected":false},"excerpt":{"rendered":"Advers\u00e1rios e pol\u00edticos de forma\u00e7\u00e3o ideol\u00f3gica distintas, os tr\u00eas candidatos a Presid\u00eancia da Rep\u00fablica &#8211; Geraldo Alckmin (PSDB), Helo\u00edsa Helena (PSol) e Cristovam \n<a class=\"moretag\" href=\"https:\/\/www.aceguarulhos.com.br\/blog\/o-le%c3%a3o-que-o-brasil-vai-eleger\/\"> [...]<\/a>","protected":false},"author":8,"featured_media":0,"comment_status":"open","ping_status":"open","sticky":false,"template":"","format":"standard","meta":{"footnotes":""},"categories":[2],"tags":[],"class_list":["post-30486","post","type-post","status-publish","format-standard","hentry","category-noticias"],"yoast_head":"<!-- This site is optimized with the Yoast SEO plugin v28.1 - https:\/\/yoast.com\/product\/yoast-seo-wordpress\/ -->\n<title>O Le\u00e3o que o Brasil vai eleger - ACE-Guarulhos<\/title>\n<meta name=\"robots\" content=\"index, follow, max-snippet:-1, max-image-preview:large, max-video-preview:-1\" \/>\n<link rel=\"canonical\" href=\"https:\/\/www.aceguarulhos.com.br\/blog\/o-le\u00e3o-que-o-brasil-vai-eleger\/\" \/>\n<meta property=\"og:locale\" content=\"pt_BR\" \/>\n<meta property=\"og:type\" content=\"article\" \/>\n<meta property=\"og:title\" content=\"O Le\u00e3o que o Brasil vai eleger - ACE-Guarulhos\" \/>\n<meta property=\"og:description\" content=\"Advers\u00e1rios e pol\u00edticos de forma\u00e7\u00e3o ideol\u00f3gica distintas, os tr\u00eas candidatos a Presid\u00eancia da Rep\u00fablica &#8211; Geraldo Alckmin (PSDB), Helo\u00edsa Helena (PSol) e Cristovam\" \/>\n<meta property=\"og:url\" content=\"https:\/\/www.aceguarulhos.com.br\/blog\/o-le\u00e3o-que-o-brasil-vai-eleger\/\" \/>\n<meta property=\"og:site_name\" content=\"ACE-Guarulhos\" \/>\n<meta property=\"article:publisher\" content=\"https:\/\/www.facebook.com\/aceguarulhos\/\" \/>\n<meta property=\"article:published_time\" content=\"2006-09-11T23:56:38+00:00\" \/>\n<meta name=\"author\" content=\"Assessoria de Imprensa ACE-Guarulhos\" \/>\n<meta name=\"twitter:card\" content=\"summary_large_image\" \/>\n<meta name=\"twitter:label1\" content=\"Escrito por\" \/>\n\t<meta name=\"twitter:data1\" content=\"Assessoria de Imprensa ACE-Guarulhos\" \/>\n\t<meta name=\"twitter:label2\" content=\"Est. tempo de leitura\" \/>\n\t<meta name=\"twitter:data2\" content=\"3 minutos\" \/>\n<script type=\"application\/ld+json\" class=\"yoast-schema-graph\">{\"@context\":\"https:\\\/\\\/schema.org\",\"@graph\":[{\"@type\":\"Article\",\"@id\":\"https:\\\/\\\/www.aceguarulhos.com.br\\\/blog\\\/o-le%c3%a3o-que-o-brasil-vai-eleger\\\/#article\",\"isPartOf\":{\"@id\":\"https:\\\/\\\/www.aceguarulhos.com.br\\\/blog\\\/o-le%c3%a3o-que-o-brasil-vai-eleger\\\/\"},\"author\":{\"name\":\"Assessoria de Imprensa ACE-Guarulhos\",\"@id\":\"https:\\\/\\\/www.aceguarulhos.com.br\\\/blog\\\/#\\\/schema\\\/person\\\/6983b51bad37489989e4f09698c26237\"},\"headline\":\"O Le\u00e3o que o Brasil vai eleger\",\"datePublished\":\"2006-09-11T23:56:38+00:00\",\"mainEntityOfPage\":{\"@id\":\"https:\\\/\\\/www.aceguarulhos.com.br\\\/blog\\\/o-le%c3%a3o-que-o-brasil-vai-eleger\\\/\"},\"wordCount\":542,\"commentCount\":0,\"publisher\":{\"@id\":\"https:\\\/\\\/www.aceguarulhos.com.br\\\/blog\\\/#organization\"},\"articleSection\":[\"Not\u00edcias\"],\"inLanguage\":\"pt-BR\"},{\"@type\":\"WebPage\",\"@id\":\"https:\\\/\\\/www.aceguarulhos.com.br\\\/blog\\\/o-le%c3%a3o-que-o-brasil-vai-eleger\\\/\",\"url\":\"https:\\\/\\\/www.aceguarulhos.com.br\\\/blog\\\/o-le%c3%a3o-que-o-brasil-vai-eleger\\\/\",\"name\":\"O Le\u00e3o que o Brasil vai eleger - ACE-Guarulhos\",\"isPartOf\":{\"@id\":\"https:\\\/\\\/www.aceguarulhos.com.br\\\/blog\\\/#website\"},\"datePublished\":\"2006-09-11T23:56:38+00:00\",\"breadcrumb\":{\"@id\":\"https:\\\/\\\/www.aceguarulhos.com.br\\\/blog\\\/o-le%c3%a3o-que-o-brasil-vai-eleger\\\/#breadcrumb\"},\"inLanguage\":\"pt-BR\",\"potentialAction\":[{\"@type\":\"ReadAction\",\"target\":[\"https:\\\/\\\/www.aceguarulhos.com.br\\\/blog\\\/o-le%c3%a3o-que-o-brasil-vai-eleger\\\/\"]}]},{\"@type\":\"BreadcrumbList\",\"@id\":\"https:\\\/\\\/www.aceguarulhos.com.br\\\/blog\\\/o-le%c3%a3o-que-o-brasil-vai-eleger\\\/#breadcrumb\",\"itemListElement\":[{\"@type\":\"ListItem\",\"position\":1,\"name\":\"In\u00edcio\",\"item\":\"https:\\\/\\\/www.aceguarulhos.com.br\\\/blog\\\/\"},{\"@type\":\"ListItem\",\"position\":2,\"name\":\"O Le\u00e3o que o Brasil vai eleger\"}]},{\"@type\":\"WebSite\",\"@id\":\"https:\\\/\\\/www.aceguarulhos.com.br\\\/blog\\\/#website\",\"url\":\"https:\\\/\\\/www.aceguarulhos.com.br\\\/blog\\\/\",\"name\":\"ACE-Guarulhos\",\"description\":\"A ACE-Guarulhos \u00e9 uma associa\u00e7\u00e3o que ap\u00f3ia os empres\u00e1rios guarulhenses atrav\u00e9s da representa\u00e7\u00e3o, da gera\u00e7\u00e3o de neg\u00f3cios e presta\u00e7\u00e3o de servi\u00e7os.\",\"publisher\":{\"@id\":\"https:\\\/\\\/www.aceguarulhos.com.br\\\/blog\\\/#organization\"},\"potentialAction\":[{\"@type\":\"SearchAction\",\"target\":{\"@type\":\"EntryPoint\",\"urlTemplate\":\"https:\\\/\\\/www.aceguarulhos.com.br\\\/blog\\\/?s={search_term_string}\"},\"query-input\":{\"@type\":\"PropertyValueSpecification\",\"valueRequired\":true,\"valueName\":\"search_term_string\"}}],\"inLanguage\":\"pt-BR\"},{\"@type\":\"Organization\",\"@id\":\"https:\\\/\\\/www.aceguarulhos.com.br\\\/blog\\\/#organization\",\"name\":\"ACE-Guarulhos\",\"url\":\"https:\\\/\\\/www.aceguarulhos.com.br\\\/blog\\\/\",\"logo\":{\"@type\":\"ImageObject\",\"inLanguage\":\"pt-BR\",\"@id\":\"https:\\\/\\\/www.aceguarulhos.com.br\\\/blog\\\/#\\\/schema\\\/logo\\\/image\\\/\",\"url\":\"https:\\\/\\\/www.aceguarulhos.com.br\\\/blog\\\/wp-content\\\/uploads\\\/2017\\\/12\\\/logo-aceguarulhos-2018.png\",\"contentUrl\":\"https:\\\/\\\/www.aceguarulhos.com.br\\\/blog\\\/wp-content\\\/uploads\\\/2017\\\/12\\\/logo-aceguarulhos-2018.png\",\"width\":419,\"height\":76,\"caption\":\"ACE-Guarulhos\"},\"image\":{\"@id\":\"https:\\\/\\\/www.aceguarulhos.com.br\\\/blog\\\/#\\\/schema\\\/logo\\\/image\\\/\"},\"sameAs\":[\"https:\\\/\\\/www.facebook.com\\\/aceguarulhos\\\/\",\"https:\\\/\\\/br.linkedin.com\\\/in\\\/ace-guarulhos-b9a97093\",\"https:\\\/\\\/www.youtube.com\\\/user\\\/aceguarulhos\"]},{\"@type\":\"Person\",\"@id\":\"https:\\\/\\\/www.aceguarulhos.com.br\\\/blog\\\/#\\\/schema\\\/person\\\/6983b51bad37489989e4f09698c26237\",\"name\":\"Assessoria de Imprensa ACE-Guarulhos\",\"image\":{\"@type\":\"ImageObject\",\"inLanguage\":\"pt-BR\",\"@id\":\"https:\\\/\\\/secure.gravatar.com\\\/avatar\\\/707f3fadd6918afeb64173ab22d8a8cb0676953098a4f31ff36dc2b4c699ef6a?s=96&d=mm&r=g\",\"url\":\"https:\\\/\\\/secure.gravatar.com\\\/avatar\\\/707f3fadd6918afeb64173ab22d8a8cb0676953098a4f31ff36dc2b4c699ef6a?s=96&d=mm&r=g\",\"contentUrl\":\"https:\\\/\\\/secure.gravatar.com\\\/avatar\\\/707f3fadd6918afeb64173ab22d8a8cb0676953098a4f31ff36dc2b4c699ef6a?s=96&d=mm&r=g\",\"caption\":\"Assessoria de Imprensa ACE-Guarulhos\"},\"url\":\"https:\\\/\\\/www.aceguarulhos.com.br\\\/blog\\\/author\\\/assessoria-de-imprensa-ace-guarulhos\\\/\"}]}<\/script>\n<!-- \/ Yoast SEO plugin. -->","yoast_head_json":{"title":"O Le\u00e3o que o Brasil vai eleger - ACE-Guarulhos","robots":{"index":"index","follow":"follow","max-snippet":"max-snippet:-1","max-image-preview":"max-image-preview:large","max-video-preview":"max-video-preview:-1"},"canonical":"https:\/\/www.aceguarulhos.com.br\/blog\/o-le\u00e3o-que-o-brasil-vai-eleger\/","og_locale":"pt_BR","og_type":"article","og_title":"O Le\u00e3o que o Brasil vai eleger - ACE-Guarulhos","og_description":"Advers\u00e1rios e pol\u00edticos de forma\u00e7\u00e3o ideol\u00f3gica distintas, os tr\u00eas candidatos a Presid\u00eancia da Rep\u00fablica &#8211; Geraldo Alckmin (PSDB), Helo\u00edsa Helena (PSol) e Cristovam","og_url":"https:\/\/www.aceguarulhos.com.br\/blog\/o-le\u00e3o-que-o-brasil-vai-eleger\/","og_site_name":"ACE-Guarulhos","article_publisher":"https:\/\/www.facebook.com\/aceguarulhos\/","article_published_time":"2006-09-11T23:56:38+00:00","author":"Assessoria de Imprensa ACE-Guarulhos","twitter_card":"summary_large_image","twitter_misc":{"Escrito por":"Assessoria de Imprensa ACE-Guarulhos","Est. tempo de leitura":"3 minutos"},"schema":{"@context":"https:\/\/schema.org","@graph":[{"@type":"Article","@id":"https:\/\/www.aceguarulhos.com.br\/blog\/o-le%c3%a3o-que-o-brasil-vai-eleger\/#article","isPartOf":{"@id":"https:\/\/www.aceguarulhos.com.br\/blog\/o-le%c3%a3o-que-o-brasil-vai-eleger\/"},"author":{"name":"Assessoria de Imprensa ACE-Guarulhos","@id":"https:\/\/www.aceguarulhos.com.br\/blog\/#\/schema\/person\/6983b51bad37489989e4f09698c26237"},"headline":"O Le\u00e3o que o Brasil vai eleger","datePublished":"2006-09-11T23:56:38+00:00","mainEntityOfPage":{"@id":"https:\/\/www.aceguarulhos.com.br\/blog\/o-le%c3%a3o-que-o-brasil-vai-eleger\/"},"wordCount":542,"commentCount":0,"publisher":{"@id":"https:\/\/www.aceguarulhos.com.br\/blog\/#organization"},"articleSection":["Not\u00edcias"],"inLanguage":"pt-BR"},{"@type":"WebPage","@id":"https:\/\/www.aceguarulhos.com.br\/blog\/o-le%c3%a3o-que-o-brasil-vai-eleger\/","url":"https:\/\/www.aceguarulhos.com.br\/blog\/o-le%c3%a3o-que-o-brasil-vai-eleger\/","name":"O Le\u00e3o que o Brasil vai eleger - ACE-Guarulhos","isPartOf":{"@id":"https:\/\/www.aceguarulhos.com.br\/blog\/#website"},"datePublished":"2006-09-11T23:56:38+00:00","breadcrumb":{"@id":"https:\/\/www.aceguarulhos.com.br\/blog\/o-le%c3%a3o-que-o-brasil-vai-eleger\/#breadcrumb"},"inLanguage":"pt-BR","potentialAction":[{"@type":"ReadAction","target":["https:\/\/www.aceguarulhos.com.br\/blog\/o-le%c3%a3o-que-o-brasil-vai-eleger\/"]}]},{"@type":"BreadcrumbList","@id":"https:\/\/www.aceguarulhos.com.br\/blog\/o-le%c3%a3o-que-o-brasil-vai-eleger\/#breadcrumb","itemListElement":[{"@type":"ListItem","position":1,"name":"In\u00edcio","item":"https:\/\/www.aceguarulhos.com.br\/blog\/"},{"@type":"ListItem","position":2,"name":"O Le\u00e3o que o Brasil vai eleger"}]},{"@type":"WebSite","@id":"https:\/\/www.aceguarulhos.com.br\/blog\/#website","url":"https:\/\/www.aceguarulhos.com.br\/blog\/","name":"ACE-Guarulhos","description":"A ACE-Guarulhos \u00e9 uma associa\u00e7\u00e3o que ap\u00f3ia os empres\u00e1rios guarulhenses atrav\u00e9s da representa\u00e7\u00e3o, da gera\u00e7\u00e3o de neg\u00f3cios e presta\u00e7\u00e3o de servi\u00e7os.","publisher":{"@id":"https:\/\/www.aceguarulhos.com.br\/blog\/#organization"},"potentialAction":[{"@type":"SearchAction","target":{"@type":"EntryPoint","urlTemplate":"https:\/\/www.aceguarulhos.com.br\/blog\/?s={search_term_string}"},"query-input":{"@type":"PropertyValueSpecification","valueRequired":true,"valueName":"search_term_string"}}],"inLanguage":"pt-BR"},{"@type":"Organization","@id":"https:\/\/www.aceguarulhos.com.br\/blog\/#organization","name":"ACE-Guarulhos","url":"https:\/\/www.aceguarulhos.com.br\/blog\/","logo":{"@type":"ImageObject","inLanguage":"pt-BR","@id":"https:\/\/www.aceguarulhos.com.br\/blog\/#\/schema\/logo\/image\/","url":"https:\/\/www.aceguarulhos.com.br\/blog\/wp-content\/uploads\/2017\/12\/logo-aceguarulhos-2018.png","contentUrl":"https:\/\/www.aceguarulhos.com.br\/blog\/wp-content\/uploads\/2017\/12\/logo-aceguarulhos-2018.png","width":419,"height":76,"caption":"ACE-Guarulhos"},"image":{"@id":"https:\/\/www.aceguarulhos.com.br\/blog\/#\/schema\/logo\/image\/"},"sameAs":["https:\/\/www.facebook.com\/aceguarulhos\/","https:\/\/br.linkedin.com\/in\/ace-guarulhos-b9a97093","https:\/\/www.youtube.com\/user\/aceguarulhos"]},{"@type":"Person","@id":"https:\/\/www.aceguarulhos.com.br\/blog\/#\/schema\/person\/6983b51bad37489989e4f09698c26237","name":"Assessoria de Imprensa ACE-Guarulhos","image":{"@type":"ImageObject","inLanguage":"pt-BR","@id":"https:\/\/secure.gravatar.com\/avatar\/707f3fadd6918afeb64173ab22d8a8cb0676953098a4f31ff36dc2b4c699ef6a?s=96&d=mm&r=g","url":"https:\/\/secure.gravatar.com\/avatar\/707f3fadd6918afeb64173ab22d8a8cb0676953098a4f31ff36dc2b4c699ef6a?s=96&d=mm&r=g","contentUrl":"https:\/\/secure.gravatar.com\/avatar\/707f3fadd6918afeb64173ab22d8a8cb0676953098a4f31ff36dc2b4c699ef6a?s=96&d=mm&r=g","caption":"Assessoria de Imprensa ACE-Guarulhos"},"url":"https:\/\/www.aceguarulhos.com.br\/blog\/author\/assessoria-de-imprensa-ace-guarulhos\/"}]}},"wps_subtitle":"","amp_enabled":true,"_links":{"self":[{"href":"https:\/\/www.aceguarulhos.com.br\/blog\/wp-json\/wp\/v2\/posts\/30486","targetHints":{"allow":["GET"]}}],"collection":[{"href":"https:\/\/www.aceguarulhos.com.br\/blog\/wp-json\/wp\/v2\/posts"}],"about":[{"href":"https:\/\/www.aceguarulhos.com.br\/blog\/wp-json\/wp\/v2\/types\/post"}],"author":[{"embeddable":true,"href":"https:\/\/www.aceguarulhos.com.br\/blog\/wp-json\/wp\/v2\/users\/8"}],"replies":[{"embeddable":true,"href":"https:\/\/www.aceguarulhos.com.br\/blog\/wp-json\/wp\/v2\/comments?post=30486"}],"version-history":[{"count":0,"href":"https:\/\/www.aceguarulhos.com.br\/blog\/wp-json\/wp\/v2\/posts\/30486\/revisions"}],"wp:attachment":[{"href":"https:\/\/www.aceguarulhos.com.br\/blog\/wp-json\/wp\/v2\/media?parent=30486"}],"wp:term":[{"taxonomy":"category","embeddable":true,"href":"https:\/\/www.aceguarulhos.com.br\/blog\/wp-json\/wp\/v2\/categories?post=30486"},{"taxonomy":"post_tag","embeddable":true,"href":"https:\/\/www.aceguarulhos.com.br\/blog\/wp-json\/wp\/v2\/tags?post=30486"}],"curies":[{"name":"wp","href":"https:\/\/api.w.org\/{rel}","templated":true}]}}