{"id":30399,"date":"2006-08-04T20:18:31","date_gmt":"2006-08-04T20:18:31","guid":{"rendered":"http:\/\/www.aceguarulhos.com.br\/blog\/?p=30399"},"modified":"-0001-11-30T00:00:00","modified_gmt":"-0001-11-30T03:00:00","slug":"elei%c3%a7%c3%a3o-centen%c3%a1rios-x-jovens","status":"publish","type":"post","link":"https:\/\/www.aceguarulhos.com.br\/blog\/elei%c3%a7%c3%a3o-centen%c3%a1rios-x-jovens\/","title":{"rendered":"Elei\u00e7\u00e3o: Centen\u00e1rios X Jovens"},"content":{"rendered":"<p><P>O candidato mais velho nas pr\u00f3ximas elei\u00e7\u00f5es de outubro ter\u00e1 102 anos em dezembro. Jos\u00e9 de Souza Pinto, vi\u00favo, militar reformado, quer ser eleito deputado federal na Bahia pelo PAN (Partido dos Aposentados da Na\u00e7\u00e3o). Veteranos &#8211; Atr\u00e1s dele vem Deodata Pereira Borges, que tamb\u00e9m vai concorrer a uma vaga na C\u00e2mara pela Bahia, aos 101 anos, completados na \u00faltima ter\u00e7a-feira. Comerciante, ela concorre pelo PSDC (Partido Social Democrata Crist\u00e3o). <\/P><P>Os dados foram divulgados ontem pelo Tribunal Superior Eleitoral (TSE) e contemplam todos os candidatos registrados na base de dados do Tribunal at\u00e9 o dia 2 de agosto, incluindo candidatos aos cargos de suplente e vice. O n\u00famero total s\u00f3 estar\u00e1 consolidado ap\u00f3s 23 de agosto, quando todos os pedidos de registro de candidatura devem estar julgados pela Justi\u00e7a Eleitoral. <\/P><P><STRONG>Nonagen\u00e1rios &#8211;<\/STRONG> O terceiro candidato mais velho \u00e9 Jo\u00e3o Nunes de Castro, com 94 anos, que quer representar a Para\u00edba na Assembl\u00e9ia Legislativa pelo PAN; em seguida vem Manoel Ant\u00f4nio Antunes, com 92 anos, que disputa uma vaga de deputado estadual em S\u00e3o Paulo pelo PRP (Partido Republicano Progressista). <\/P><P>A lista de mais velhos tamb\u00e9m contempla nomes conhecidos da pol\u00edtica nacional, como Epit\u00e1cio Cafeteira, ex-governador do Maranh\u00e3o, que aos 82 anos, disputa uma vaga no Senado pelo Partido Trabalhista Brasileiro (PTB). <\/P><P><STRONG>Juvenis &#8211;<\/STRONG> Na outra ponta, v\u00eam os candidatos mais jovens. Cinco deles t\u00eam 18 anos; outros seis, 19 anos. <\/P><P>Dos 19 candidatos com 20 anos, tr\u00eas podem ter a candidatura impugnada pelos TREs porque n\u00e3o completar\u00e3o 21 anos at\u00e9 a data da posse, marcada &#8211; no caso dos membros do Legislativo &#8211; para 1\u00ba de fevereiro de 2007. <\/P><P><STRONG>Eleg\u00edveis? &#8211;<\/STRONG> A Constitui\u00e7\u00e3o Federal estabelece como condi\u00e7\u00e3o de elegibilidade que candidatos a presidente e vice-presidente tenham, no m\u00ednimo, 35 anos; candidatos a governador e vice-governador dos estados e do Distrito Federal devem ter, no m\u00ednimo, 30 anos. Candidatos a deputado federal, estadual e distrital devem ter 21 anos. <\/P><P><STRONG>Quem \u00e9 quem? &#8211;<\/STRONG> S\u00e3o onze candidatos, com 21 anos, concorrendo a deputado estadual: Idjawala Maricciri Garcia Moura (PTB-GO); Antonio F. Oliveira da Silva (PFL-MA); Janilson Herbert dos Santos Silva (PSDB-MA); Ana Paula de Souza Geremias (PRP-MG); Luiza Corumb\u00e1 Mello (PMDB-PA); Rafael Trombini Sanguini (PSB-SP); Leandro Renato Monerato (PCO-SP); Cristiane de S\u00e1 Lemos (PMN-PI); Diogo de Almeida Espindola (PSL-PE); Marco Ant\u00f4nio Barreto J\u00fanior (PMN-PE) e Carlos Henrique Queiroz Costa (PSL-PE). <EM>(AG)<BR><\/EM><\/P><\/p>\n","protected":false},"excerpt":{"rendered":"O candidato mais velho nas pr\u00f3ximas elei\u00e7\u00f5es de outubro ter\u00e1 102 anos em dezembro. Jos\u00e9 de Souza Pinto, vi\u00favo, militar reformado, quer ser \n<a class=\"moretag\" href=\"https:\/\/www.aceguarulhos.com.br\/blog\/elei%c3%a7%c3%a3o-centen%c3%a1rios-x-jovens\/\"> [...]<\/a>","protected":false},"author":8,"featured_media":0,"comment_status":"open","ping_status":"open","sticky":false,"template":"","format":"standard","meta":{"footnotes":""},"categories":[2],"tags":[],"class_list":["post-30399","post","type-post","status-publish","format-standard","hentry","category-noticias"],"yoast_head":"<!-- This site is optimized with the Yoast SEO plugin v28.1 - https:\/\/yoast.com\/product\/yoast-seo-wordpress\/ -->\n<title>Elei\u00e7\u00e3o: Centen\u00e1rios X Jovens - ACE-Guarulhos<\/title>\n<meta name=\"robots\" content=\"index, follow, max-snippet:-1, max-image-preview:large, max-video-preview:-1\" \/>\n<link rel=\"canonical\" href=\"https:\/\/www.aceguarulhos.com.br\/blog\/elei\u00e7\u00e3o-centen\u00e1rios-x-jovens\/\" \/>\n<meta property=\"og:locale\" content=\"pt_BR\" \/>\n<meta property=\"og:type\" content=\"article\" \/>\n<meta property=\"og:title\" content=\"Elei\u00e7\u00e3o: Centen\u00e1rios X Jovens - ACE-Guarulhos\" \/>\n<meta property=\"og:description\" content=\"O candidato mais velho nas pr\u00f3ximas elei\u00e7\u00f5es de outubro ter\u00e1 102 anos em dezembro. Jos\u00e9 de Souza Pinto, vi\u00favo, militar reformado, quer ser\" \/>\n<meta property=\"og:url\" content=\"https:\/\/www.aceguarulhos.com.br\/blog\/elei\u00e7\u00e3o-centen\u00e1rios-x-jovens\/\" \/>\n<meta property=\"og:site_name\" content=\"ACE-Guarulhos\" \/>\n<meta property=\"article:publisher\" content=\"https:\/\/www.facebook.com\/aceguarulhos\/\" \/>\n<meta property=\"article:published_time\" content=\"2006-08-04T20:18:31+00:00\" \/>\n<meta name=\"author\" content=\"Assessoria de Imprensa ACE-Guarulhos\" \/>\n<meta name=\"twitter:card\" content=\"summary_large_image\" \/>\n<meta name=\"twitter:label1\" content=\"Escrito por\" \/>\n\t<meta name=\"twitter:data1\" content=\"Assessoria de Imprensa ACE-Guarulhos\" \/>\n\t<meta name=\"twitter:label2\" content=\"Est. tempo de leitura\" \/>\n\t<meta name=\"twitter:data2\" content=\"2 minutos\" \/>\n<script type=\"application\/ld+json\" class=\"yoast-schema-graph\">{\"@context\":\"https:\\\/\\\/schema.org\",\"@graph\":[{\"@type\":\"Article\",\"@id\":\"https:\\\/\\\/www.aceguarulhos.com.br\\\/blog\\\/elei%c3%a7%c3%a3o-centen%c3%a1rios-x-jovens\\\/#article\",\"isPartOf\":{\"@id\":\"https:\\\/\\\/www.aceguarulhos.com.br\\\/blog\\\/elei%c3%a7%c3%a3o-centen%c3%a1rios-x-jovens\\\/\"},\"author\":{\"name\":\"Assessoria de Imprensa ACE-Guarulhos\",\"@id\":\"https:\\\/\\\/www.aceguarulhos.com.br\\\/blog\\\/#\\\/schema\\\/person\\\/6983b51bad37489989e4f09698c26237\"},\"headline\":\"Elei\u00e7\u00e3o: Centen\u00e1rios X Jovens\",\"datePublished\":\"2006-08-04T20:18:31+00:00\",\"mainEntityOfPage\":{\"@id\":\"https:\\\/\\\/www.aceguarulhos.com.br\\\/blog\\\/elei%c3%a7%c3%a3o-centen%c3%a1rios-x-jovens\\\/\"},\"wordCount\":410,\"commentCount\":0,\"publisher\":{\"@id\":\"https:\\\/\\\/www.aceguarulhos.com.br\\\/blog\\\/#organization\"},\"articleSection\":[\"Not\u00edcias\"],\"inLanguage\":\"pt-BR\"},{\"@type\":\"WebPage\",\"@id\":\"https:\\\/\\\/www.aceguarulhos.com.br\\\/blog\\\/elei%c3%a7%c3%a3o-centen%c3%a1rios-x-jovens\\\/\",\"url\":\"https:\\\/\\\/www.aceguarulhos.com.br\\\/blog\\\/elei%c3%a7%c3%a3o-centen%c3%a1rios-x-jovens\\\/\",\"name\":\"Elei\u00e7\u00e3o: Centen\u00e1rios X Jovens - ACE-Guarulhos\",\"isPartOf\":{\"@id\":\"https:\\\/\\\/www.aceguarulhos.com.br\\\/blog\\\/#website\"},\"datePublished\":\"2006-08-04T20:18:31+00:00\",\"breadcrumb\":{\"@id\":\"https:\\\/\\\/www.aceguarulhos.com.br\\\/blog\\\/elei%c3%a7%c3%a3o-centen%c3%a1rios-x-jovens\\\/#breadcrumb\"},\"inLanguage\":\"pt-BR\",\"potentialAction\":[{\"@type\":\"ReadAction\",\"target\":[\"https:\\\/\\\/www.aceguarulhos.com.br\\\/blog\\\/elei%c3%a7%c3%a3o-centen%c3%a1rios-x-jovens\\\/\"]}]},{\"@type\":\"BreadcrumbList\",\"@id\":\"https:\\\/\\\/www.aceguarulhos.com.br\\\/blog\\\/elei%c3%a7%c3%a3o-centen%c3%a1rios-x-jovens\\\/#breadcrumb\",\"itemListElement\":[{\"@type\":\"ListItem\",\"position\":1,\"name\":\"In\u00edcio\",\"item\":\"https:\\\/\\\/www.aceguarulhos.com.br\\\/blog\\\/\"},{\"@type\":\"ListItem\",\"position\":2,\"name\":\"Elei\u00e7\u00e3o: Centen\u00e1rios X Jovens\"}]},{\"@type\":\"WebSite\",\"@id\":\"https:\\\/\\\/www.aceguarulhos.com.br\\\/blog\\\/#website\",\"url\":\"https:\\\/\\\/www.aceguarulhos.com.br\\\/blog\\\/\",\"name\":\"ACE-Guarulhos\",\"description\":\"A ACE-Guarulhos \u00e9 uma associa\u00e7\u00e3o que ap\u00f3ia os empres\u00e1rios guarulhenses atrav\u00e9s da representa\u00e7\u00e3o, da gera\u00e7\u00e3o de neg\u00f3cios e presta\u00e7\u00e3o de servi\u00e7os.\",\"publisher\":{\"@id\":\"https:\\\/\\\/www.aceguarulhos.com.br\\\/blog\\\/#organization\"},\"potentialAction\":[{\"@type\":\"SearchAction\",\"target\":{\"@type\":\"EntryPoint\",\"urlTemplate\":\"https:\\\/\\\/www.aceguarulhos.com.br\\\/blog\\\/?s={search_term_string}\"},\"query-input\":{\"@type\":\"PropertyValueSpecification\",\"valueRequired\":true,\"valueName\":\"search_term_string\"}}],\"inLanguage\":\"pt-BR\"},{\"@type\":\"Organization\",\"@id\":\"https:\\\/\\\/www.aceguarulhos.com.br\\\/blog\\\/#organization\",\"name\":\"ACE-Guarulhos\",\"url\":\"https:\\\/\\\/www.aceguarulhos.com.br\\\/blog\\\/\",\"logo\":{\"@type\":\"ImageObject\",\"inLanguage\":\"pt-BR\",\"@id\":\"https:\\\/\\\/www.aceguarulhos.com.br\\\/blog\\\/#\\\/schema\\\/logo\\\/image\\\/\",\"url\":\"https:\\\/\\\/www.aceguarulhos.com.br\\\/blog\\\/wp-content\\\/uploads\\\/2017\\\/12\\\/logo-aceguarulhos-2018.png\",\"contentUrl\":\"https:\\\/\\\/www.aceguarulhos.com.br\\\/blog\\\/wp-content\\\/uploads\\\/2017\\\/12\\\/logo-aceguarulhos-2018.png\",\"width\":419,\"height\":76,\"caption\":\"ACE-Guarulhos\"},\"image\":{\"@id\":\"https:\\\/\\\/www.aceguarulhos.com.br\\\/blog\\\/#\\\/schema\\\/logo\\\/image\\\/\"},\"sameAs\":[\"https:\\\/\\\/www.facebook.com\\\/aceguarulhos\\\/\",\"https:\\\/\\\/br.linkedin.com\\\/in\\\/ace-guarulhos-b9a97093\",\"https:\\\/\\\/www.youtube.com\\\/user\\\/aceguarulhos\"]},{\"@type\":\"Person\",\"@id\":\"https:\\\/\\\/www.aceguarulhos.com.br\\\/blog\\\/#\\\/schema\\\/person\\\/6983b51bad37489989e4f09698c26237\",\"name\":\"Assessoria de Imprensa ACE-Guarulhos\",\"image\":{\"@type\":\"ImageObject\",\"inLanguage\":\"pt-BR\",\"@id\":\"https:\\\/\\\/secure.gravatar.com\\\/avatar\\\/707f3fadd6918afeb64173ab22d8a8cb0676953098a4f31ff36dc2b4c699ef6a?s=96&d=mm&r=g\",\"url\":\"https:\\\/\\\/secure.gravatar.com\\\/avatar\\\/707f3fadd6918afeb64173ab22d8a8cb0676953098a4f31ff36dc2b4c699ef6a?s=96&d=mm&r=g\",\"contentUrl\":\"https:\\\/\\\/secure.gravatar.com\\\/avatar\\\/707f3fadd6918afeb64173ab22d8a8cb0676953098a4f31ff36dc2b4c699ef6a?s=96&d=mm&r=g\",\"caption\":\"Assessoria de Imprensa ACE-Guarulhos\"},\"url\":\"https:\\\/\\\/www.aceguarulhos.com.br\\\/blog\\\/author\\\/assessoria-de-imprensa-ace-guarulhos\\\/\"}]}<\/script>\n<!-- \/ Yoast SEO plugin. -->","yoast_head_json":{"title":"Elei\u00e7\u00e3o: Centen\u00e1rios X Jovens - ACE-Guarulhos","robots":{"index":"index","follow":"follow","max-snippet":"max-snippet:-1","max-image-preview":"max-image-preview:large","max-video-preview":"max-video-preview:-1"},"canonical":"https:\/\/www.aceguarulhos.com.br\/blog\/elei\u00e7\u00e3o-centen\u00e1rios-x-jovens\/","og_locale":"pt_BR","og_type":"article","og_title":"Elei\u00e7\u00e3o: Centen\u00e1rios X Jovens - ACE-Guarulhos","og_description":"O candidato mais velho nas pr\u00f3ximas elei\u00e7\u00f5es de outubro ter\u00e1 102 anos em dezembro. Jos\u00e9 de Souza Pinto, vi\u00favo, militar reformado, quer ser","og_url":"https:\/\/www.aceguarulhos.com.br\/blog\/elei\u00e7\u00e3o-centen\u00e1rios-x-jovens\/","og_site_name":"ACE-Guarulhos","article_publisher":"https:\/\/www.facebook.com\/aceguarulhos\/","article_published_time":"2006-08-04T20:18:31+00:00","author":"Assessoria de Imprensa ACE-Guarulhos","twitter_card":"summary_large_image","twitter_misc":{"Escrito por":"Assessoria de Imprensa ACE-Guarulhos","Est. tempo de leitura":"2 minutos"},"schema":{"@context":"https:\/\/schema.org","@graph":[{"@type":"Article","@id":"https:\/\/www.aceguarulhos.com.br\/blog\/elei%c3%a7%c3%a3o-centen%c3%a1rios-x-jovens\/#article","isPartOf":{"@id":"https:\/\/www.aceguarulhos.com.br\/blog\/elei%c3%a7%c3%a3o-centen%c3%a1rios-x-jovens\/"},"author":{"name":"Assessoria de Imprensa ACE-Guarulhos","@id":"https:\/\/www.aceguarulhos.com.br\/blog\/#\/schema\/person\/6983b51bad37489989e4f09698c26237"},"headline":"Elei\u00e7\u00e3o: Centen\u00e1rios X Jovens","datePublished":"2006-08-04T20:18:31+00:00","mainEntityOfPage":{"@id":"https:\/\/www.aceguarulhos.com.br\/blog\/elei%c3%a7%c3%a3o-centen%c3%a1rios-x-jovens\/"},"wordCount":410,"commentCount":0,"publisher":{"@id":"https:\/\/www.aceguarulhos.com.br\/blog\/#organization"},"articleSection":["Not\u00edcias"],"inLanguage":"pt-BR"},{"@type":"WebPage","@id":"https:\/\/www.aceguarulhos.com.br\/blog\/elei%c3%a7%c3%a3o-centen%c3%a1rios-x-jovens\/","url":"https:\/\/www.aceguarulhos.com.br\/blog\/elei%c3%a7%c3%a3o-centen%c3%a1rios-x-jovens\/","name":"Elei\u00e7\u00e3o: Centen\u00e1rios X Jovens - ACE-Guarulhos","isPartOf":{"@id":"https:\/\/www.aceguarulhos.com.br\/blog\/#website"},"datePublished":"2006-08-04T20:18:31+00:00","breadcrumb":{"@id":"https:\/\/www.aceguarulhos.com.br\/blog\/elei%c3%a7%c3%a3o-centen%c3%a1rios-x-jovens\/#breadcrumb"},"inLanguage":"pt-BR","potentialAction":[{"@type":"ReadAction","target":["https:\/\/www.aceguarulhos.com.br\/blog\/elei%c3%a7%c3%a3o-centen%c3%a1rios-x-jovens\/"]}]},{"@type":"BreadcrumbList","@id":"https:\/\/www.aceguarulhos.com.br\/blog\/elei%c3%a7%c3%a3o-centen%c3%a1rios-x-jovens\/#breadcrumb","itemListElement":[{"@type":"ListItem","position":1,"name":"In\u00edcio","item":"https:\/\/www.aceguarulhos.com.br\/blog\/"},{"@type":"ListItem","position":2,"name":"Elei\u00e7\u00e3o: Centen\u00e1rios X Jovens"}]},{"@type":"WebSite","@id":"https:\/\/www.aceguarulhos.com.br\/blog\/#website","url":"https:\/\/www.aceguarulhos.com.br\/blog\/","name":"ACE-Guarulhos","description":"A ACE-Guarulhos \u00e9 uma associa\u00e7\u00e3o que ap\u00f3ia os empres\u00e1rios guarulhenses atrav\u00e9s da representa\u00e7\u00e3o, da gera\u00e7\u00e3o de neg\u00f3cios e presta\u00e7\u00e3o de servi\u00e7os.","publisher":{"@id":"https:\/\/www.aceguarulhos.com.br\/blog\/#organization"},"potentialAction":[{"@type":"SearchAction","target":{"@type":"EntryPoint","urlTemplate":"https:\/\/www.aceguarulhos.com.br\/blog\/?s={search_term_string}"},"query-input":{"@type":"PropertyValueSpecification","valueRequired":true,"valueName":"search_term_string"}}],"inLanguage":"pt-BR"},{"@type":"Organization","@id":"https:\/\/www.aceguarulhos.com.br\/blog\/#organization","name":"ACE-Guarulhos","url":"https:\/\/www.aceguarulhos.com.br\/blog\/","logo":{"@type":"ImageObject","inLanguage":"pt-BR","@id":"https:\/\/www.aceguarulhos.com.br\/blog\/#\/schema\/logo\/image\/","url":"https:\/\/www.aceguarulhos.com.br\/blog\/wp-content\/uploads\/2017\/12\/logo-aceguarulhos-2018.png","contentUrl":"https:\/\/www.aceguarulhos.com.br\/blog\/wp-content\/uploads\/2017\/12\/logo-aceguarulhos-2018.png","width":419,"height":76,"caption":"ACE-Guarulhos"},"image":{"@id":"https:\/\/www.aceguarulhos.com.br\/blog\/#\/schema\/logo\/image\/"},"sameAs":["https:\/\/www.facebook.com\/aceguarulhos\/","https:\/\/br.linkedin.com\/in\/ace-guarulhos-b9a97093","https:\/\/www.youtube.com\/user\/aceguarulhos"]},{"@type":"Person","@id":"https:\/\/www.aceguarulhos.com.br\/blog\/#\/schema\/person\/6983b51bad37489989e4f09698c26237","name":"Assessoria de Imprensa ACE-Guarulhos","image":{"@type":"ImageObject","inLanguage":"pt-BR","@id":"https:\/\/secure.gravatar.com\/avatar\/707f3fadd6918afeb64173ab22d8a8cb0676953098a4f31ff36dc2b4c699ef6a?s=96&d=mm&r=g","url":"https:\/\/secure.gravatar.com\/avatar\/707f3fadd6918afeb64173ab22d8a8cb0676953098a4f31ff36dc2b4c699ef6a?s=96&d=mm&r=g","contentUrl":"https:\/\/secure.gravatar.com\/avatar\/707f3fadd6918afeb64173ab22d8a8cb0676953098a4f31ff36dc2b4c699ef6a?s=96&d=mm&r=g","caption":"Assessoria de Imprensa ACE-Guarulhos"},"url":"https:\/\/www.aceguarulhos.com.br\/blog\/author\/assessoria-de-imprensa-ace-guarulhos\/"}]}},"wps_subtitle":"","amp_enabled":true,"_links":{"self":[{"href":"https:\/\/www.aceguarulhos.com.br\/blog\/wp-json\/wp\/v2\/posts\/30399","targetHints":{"allow":["GET"]}}],"collection":[{"href":"https:\/\/www.aceguarulhos.com.br\/blog\/wp-json\/wp\/v2\/posts"}],"about":[{"href":"https:\/\/www.aceguarulhos.com.br\/blog\/wp-json\/wp\/v2\/types\/post"}],"author":[{"embeddable":true,"href":"https:\/\/www.aceguarulhos.com.br\/blog\/wp-json\/wp\/v2\/users\/8"}],"replies":[{"embeddable":true,"href":"https:\/\/www.aceguarulhos.com.br\/blog\/wp-json\/wp\/v2\/comments?post=30399"}],"version-history":[{"count":0,"href":"https:\/\/www.aceguarulhos.com.br\/blog\/wp-json\/wp\/v2\/posts\/30399\/revisions"}],"wp:attachment":[{"href":"https:\/\/www.aceguarulhos.com.br\/blog\/wp-json\/wp\/v2\/media?parent=30399"}],"wp:term":[{"taxonomy":"category","embeddable":true,"href":"https:\/\/www.aceguarulhos.com.br\/blog\/wp-json\/wp\/v2\/categories?post=30399"},{"taxonomy":"post_tag","embeddable":true,"href":"https:\/\/www.aceguarulhos.com.br\/blog\/wp-json\/wp\/v2\/tags?post=30399"}],"curies":[{"name":"wp","href":"https:\/\/api.w.org\/{rel}","templated":true}]}}