{"id":30390,"date":"2006-08-03T23:32:21","date_gmt":"2006-08-03T23:32:21","guid":{"rendered":"http:\/\/www.aceguarulhos.com.br\/blog\/?p=30390"},"modified":"-0001-11-30T00:00:00","modified_gmt":"-0001-11-30T03:00:00","slug":"pra%c3%a7a-vira-resid%c3%aancia-de-moradores-de-rua","status":"publish","type":"post","link":"https:\/\/www.aceguarulhos.com.br\/blog\/pra%c3%a7a-vira-resid%c3%aancia-de-moradores-de-rua\/","title":{"rendered":"Pra\u00e7a vira resid\u00eancia de moradores de rua"},"content":{"rendered":"<p><P><STRONG><EM>A pra\u00e7a, que fica no in\u00edcio da avenida Paulo Faccini, esquina com a Monteiro Lobato, virou dep\u00f3sito de lixo<\/EM><\/STRONG><BR>\u00a0<BR><IMG alt=ACE src=\"\/blog\/wp-content\/uploads\/image.php?x=i&#038;i1=100&#038;i2=20020125195846\" align=left border=0><\/P><P><EM>Decio Pomp\u00eao Junior conversa com comerciantes do local<\/EM><\/P><P>Uma pra\u00e7a que fica no in\u00edcio da avenida Paulo Faccini, na regi\u00e3o central, e que se tornou dormit\u00f3rio para moradores de rua, vem preocupando alguns comerciantes. O presidente da Associa\u00e7\u00e3o Comercial e Empresarial de Guarulhos (ACE), Decio Pomp\u00eao Junior, conversou na manh\u00e3 de quarta-feira (02\/08) com empres\u00e1rios locais e busca alternativas para o problema.<BR>\u00a0<BR>Segundo Claudete de Souza Guedes Caruso &#8211; da Pet Shop Faro Fino, a pra\u00e7a se tornou um grande dep\u00f3sito de lixo e o n\u00famero de ratos no local aumentou, como tamb\u00e9m virou resid\u00eancia para os moradores de rua. Os comerciantes disseram ainda que \u00e0 noite, as portas dos estabelecimentos tornam-se banheiros.<BR>\u00a0<BR>&#8220;Eles fazem suas necessidades fisiol\u00f3gicas todos os dias na frente das lojas. Se fosse na porta de alguma autoridade, queria ver se eles n\u00e3o iam tomar alguma provid\u00eancia&#8221;, disse Claudete.<\/P><P><IMG alt=ACE src=\"\/blog\/wp-content\/uploads\/image.php?x=i&#038;i1=100&#038;i2=20020128120325\" align=left border=0><\/P><P><EM>Morador de rua dorme na pra\u00e7a<\/EM><\/P><P>Na noite de ter\u00e7a-feira (01\/08) o Pet Shop de Claudete de Souza sofreu uma tentativa de assalto. Nada foi roubado, mas um Fur\u00e3o, animal vendido no mercado por aproximadamente R$ 1.500, morreu ap\u00f3s a a\u00e7\u00e3o dos assaltantes. A comerciante disse n\u00e3o ter provas que tenham sido os moradores de rua os respons\u00e1veis pelo assalto.<BR>\u00a0<BR>J\u00e1 M\u00e1rio Orlando Madeira, que possui no local um com\u00e9rcio de autope\u00e7as, falou que j\u00e1 foi feito um abaixo-assinado como protesto e que j\u00e1 receberam a visita de autoridades, mas at\u00e9 agora o problema n\u00e3o foi resolvido.<BR>\u00a0<BR>&#8220;N\u00e3o sou contra os moradores de rua. Eles n\u00e3o t\u00eam culpa. A prefeitura \u00e9 quem tem que ajud\u00e1-los. J\u00e1 chamamos a televis\u00e3o, a pol\u00edcia e at\u00e9 mesmo os bombeiros, mas nada aconteceu&#8221;, afirmou.<BR>\u00a0<BR>O presidente da ACE-Guarulhos, Decio Pomp\u00eao Junior, ressaltou o compromisso da entidade com os empres\u00e1rios e com a cidade. Pomp\u00eao disse se solidarizar com a situa\u00e7\u00e3o dos moradores, mas cobra uma atitude das autoridades.<BR>\u00a0<BR><IMG alt=ACE src=\"\/blog\/wp-content\/uploads\/image.php?x=i&#038;i1=100&#038;i2=20020128115630\" align=left border=0><\/P><P><EM>Moradores colocam fogo em lixo que se acumula na pra\u00e7a<\/EM><\/P><P>&#8220;Os empres\u00e1rios de Guarulhos, como eu, pagam muitos impostos e querem ter a contra-partida. No m\u00ednimo sermos atendidos pelos poderes constitu\u00eddos. Todos n\u00f3s sabemos dos problemas sociais que nosso pa\u00eds enfrenta, mas em casos como estes em que os comerciantes s\u00e3o prejudicados, e os pr\u00f3prios moradores de rua tamb\u00e9m, por ficarem \u00e0 margem de nossa sociedade, \u00e9 preciso pedir uma a\u00e7\u00e3o mais en\u00e9rgica por parte de nossas autoridades&#8221;, declarou.<BR>\u00a0<BR><STRONG>Resposta &#8211;<\/STRONG> Segundo a Assessoria de Imprensa da Prefeitura, o municio possui um Albergue Municipal onde \u00e9 desenvolvido um trabalho de atendimento social \u00e0 popula\u00e7\u00e3o moradora de rua. O local oferece banho, alimenta\u00e7\u00e3o e pernoite. Por\u00e9m, muitos deles se negam a ir at\u00e9 o Albergue Municipal e o poder p\u00fablico n\u00e3o tem como obrig\u00e1-los a sair das ruas. Quaisquer den\u00fancias de m\u00e1-conduta por parte dessa parcela da popula\u00e7\u00e3o podem ser encaminhadas ao Albergue Municipal pelo telefone, 6475-3184.<BR><\/P><\/p>\n","protected":false},"excerpt":{"rendered":"A pra\u00e7a, que fica no in\u00edcio da avenida Paulo Faccini, esquina com a Monteiro Lobato, virou dep\u00f3sito de lixo\u00a0Decio Pomp\u00eao Junior conversa com \n<a class=\"moretag\" href=\"https:\/\/www.aceguarulhos.com.br\/blog\/pra%c3%a7a-vira-resid%c3%aancia-de-moradores-de-rua\/\"> [...]<\/a>","protected":false},"author":8,"featured_media":0,"comment_status":"open","ping_status":"open","sticky":false,"template":"","format":"standard","meta":{"footnotes":""},"categories":[2],"tags":[],"class_list":["post-30390","post","type-post","status-publish","format-standard","hentry","category-noticias"],"yoast_head":"<!-- This site is optimized with the Yoast SEO plugin v28.1 - https:\/\/yoast.com\/product\/yoast-seo-wordpress\/ -->\n<title>Pra\u00e7a vira resid\u00eancia de moradores de rua - ACE-Guarulhos<\/title>\n<meta name=\"robots\" content=\"index, follow, max-snippet:-1, max-image-preview:large, max-video-preview:-1\" \/>\n<link rel=\"canonical\" href=\"https:\/\/www.aceguarulhos.com.br\/blog\/pra\u00e7a-vira-resid\u00eancia-de-moradores-de-rua\/\" \/>\n<meta property=\"og:locale\" content=\"pt_BR\" \/>\n<meta property=\"og:type\" content=\"article\" \/>\n<meta property=\"og:title\" content=\"Pra\u00e7a vira resid\u00eancia de moradores de rua - ACE-Guarulhos\" \/>\n<meta property=\"og:description\" content=\"A pra\u00e7a, que fica no in\u00edcio da avenida Paulo Faccini, esquina com a Monteiro Lobato, virou dep\u00f3sito de lixo\u00a0Decio Pomp\u00eao Junior conversa com\" \/>\n<meta property=\"og:url\" content=\"https:\/\/www.aceguarulhos.com.br\/blog\/pra\u00e7a-vira-resid\u00eancia-de-moradores-de-rua\/\" \/>\n<meta property=\"og:site_name\" content=\"ACE-Guarulhos\" \/>\n<meta property=\"article:publisher\" content=\"https:\/\/www.facebook.com\/aceguarulhos\/\" \/>\n<meta property=\"article:published_time\" content=\"2006-08-03T23:32:21+00:00\" \/>\n<meta name=\"author\" content=\"Assessoria de Imprensa ACE-Guarulhos\" \/>\n<meta name=\"twitter:card\" content=\"summary_large_image\" \/>\n<meta name=\"twitter:label1\" content=\"Escrito por\" \/>\n\t<meta name=\"twitter:data1\" content=\"Assessoria de Imprensa ACE-Guarulhos\" \/>\n\t<meta name=\"twitter:label2\" content=\"Est. tempo de leitura\" \/>\n\t<meta name=\"twitter:data2\" content=\"3 minutos\" \/>\n<script type=\"application\/ld+json\" class=\"yoast-schema-graph\">{\"@context\":\"https:\\\/\\\/schema.org\",\"@graph\":[{\"@type\":\"Article\",\"@id\":\"https:\\\/\\\/www.aceguarulhos.com.br\\\/blog\\\/pra%c3%a7a-vira-resid%c3%aancia-de-moradores-de-rua\\\/#article\",\"isPartOf\":{\"@id\":\"https:\\\/\\\/www.aceguarulhos.com.br\\\/blog\\\/pra%c3%a7a-vira-resid%c3%aancia-de-moradores-de-rua\\\/\"},\"author\":{\"name\":\"Assessoria de Imprensa ACE-Guarulhos\",\"@id\":\"https:\\\/\\\/www.aceguarulhos.com.br\\\/blog\\\/#\\\/schema\\\/person\\\/6983b51bad37489989e4f09698c26237\"},\"headline\":\"Pra\u00e7a vira resid\u00eancia de moradores de rua\",\"datePublished\":\"2006-08-03T23:32:21+00:00\",\"mainEntityOfPage\":{\"@id\":\"https:\\\/\\\/www.aceguarulhos.com.br\\\/blog\\\/pra%c3%a7a-vira-resid%c3%aancia-de-moradores-de-rua\\\/\"},\"wordCount\":542,\"commentCount\":0,\"publisher\":{\"@id\":\"https:\\\/\\\/www.aceguarulhos.com.br\\\/blog\\\/#organization\"},\"articleSection\":[\"Not\u00edcias\"],\"inLanguage\":\"pt-BR\"},{\"@type\":\"WebPage\",\"@id\":\"https:\\\/\\\/www.aceguarulhos.com.br\\\/blog\\\/pra%c3%a7a-vira-resid%c3%aancia-de-moradores-de-rua\\\/\",\"url\":\"https:\\\/\\\/www.aceguarulhos.com.br\\\/blog\\\/pra%c3%a7a-vira-resid%c3%aancia-de-moradores-de-rua\\\/\",\"name\":\"Pra\u00e7a vira resid\u00eancia de moradores de rua - ACE-Guarulhos\",\"isPartOf\":{\"@id\":\"https:\\\/\\\/www.aceguarulhos.com.br\\\/blog\\\/#website\"},\"datePublished\":\"2006-08-03T23:32:21+00:00\",\"breadcrumb\":{\"@id\":\"https:\\\/\\\/www.aceguarulhos.com.br\\\/blog\\\/pra%c3%a7a-vira-resid%c3%aancia-de-moradores-de-rua\\\/#breadcrumb\"},\"inLanguage\":\"pt-BR\",\"potentialAction\":[{\"@type\":\"ReadAction\",\"target\":[\"https:\\\/\\\/www.aceguarulhos.com.br\\\/blog\\\/pra%c3%a7a-vira-resid%c3%aancia-de-moradores-de-rua\\\/\"]}]},{\"@type\":\"BreadcrumbList\",\"@id\":\"https:\\\/\\\/www.aceguarulhos.com.br\\\/blog\\\/pra%c3%a7a-vira-resid%c3%aancia-de-moradores-de-rua\\\/#breadcrumb\",\"itemListElement\":[{\"@type\":\"ListItem\",\"position\":1,\"name\":\"In\u00edcio\",\"item\":\"https:\\\/\\\/www.aceguarulhos.com.br\\\/blog\\\/\"},{\"@type\":\"ListItem\",\"position\":2,\"name\":\"Pra\u00e7a vira resid\u00eancia de moradores de rua\"}]},{\"@type\":\"WebSite\",\"@id\":\"https:\\\/\\\/www.aceguarulhos.com.br\\\/blog\\\/#website\",\"url\":\"https:\\\/\\\/www.aceguarulhos.com.br\\\/blog\\\/\",\"name\":\"ACE-Guarulhos\",\"description\":\"A ACE-Guarulhos \u00e9 uma associa\u00e7\u00e3o que ap\u00f3ia os empres\u00e1rios guarulhenses atrav\u00e9s da representa\u00e7\u00e3o, da gera\u00e7\u00e3o de neg\u00f3cios e presta\u00e7\u00e3o de servi\u00e7os.\",\"publisher\":{\"@id\":\"https:\\\/\\\/www.aceguarulhos.com.br\\\/blog\\\/#organization\"},\"potentialAction\":[{\"@type\":\"SearchAction\",\"target\":{\"@type\":\"EntryPoint\",\"urlTemplate\":\"https:\\\/\\\/www.aceguarulhos.com.br\\\/blog\\\/?s={search_term_string}\"},\"query-input\":{\"@type\":\"PropertyValueSpecification\",\"valueRequired\":true,\"valueName\":\"search_term_string\"}}],\"inLanguage\":\"pt-BR\"},{\"@type\":\"Organization\",\"@id\":\"https:\\\/\\\/www.aceguarulhos.com.br\\\/blog\\\/#organization\",\"name\":\"ACE-Guarulhos\",\"url\":\"https:\\\/\\\/www.aceguarulhos.com.br\\\/blog\\\/\",\"logo\":{\"@type\":\"ImageObject\",\"inLanguage\":\"pt-BR\",\"@id\":\"https:\\\/\\\/www.aceguarulhos.com.br\\\/blog\\\/#\\\/schema\\\/logo\\\/image\\\/\",\"url\":\"https:\\\/\\\/www.aceguarulhos.com.br\\\/blog\\\/wp-content\\\/uploads\\\/2017\\\/12\\\/logo-aceguarulhos-2018.png\",\"contentUrl\":\"https:\\\/\\\/www.aceguarulhos.com.br\\\/blog\\\/wp-content\\\/uploads\\\/2017\\\/12\\\/logo-aceguarulhos-2018.png\",\"width\":419,\"height\":76,\"caption\":\"ACE-Guarulhos\"},\"image\":{\"@id\":\"https:\\\/\\\/www.aceguarulhos.com.br\\\/blog\\\/#\\\/schema\\\/logo\\\/image\\\/\"},\"sameAs\":[\"https:\\\/\\\/www.facebook.com\\\/aceguarulhos\\\/\",\"https:\\\/\\\/br.linkedin.com\\\/in\\\/ace-guarulhos-b9a97093\",\"https:\\\/\\\/www.youtube.com\\\/user\\\/aceguarulhos\"]},{\"@type\":\"Person\",\"@id\":\"https:\\\/\\\/www.aceguarulhos.com.br\\\/blog\\\/#\\\/schema\\\/person\\\/6983b51bad37489989e4f09698c26237\",\"name\":\"Assessoria de Imprensa ACE-Guarulhos\",\"image\":{\"@type\":\"ImageObject\",\"inLanguage\":\"pt-BR\",\"@id\":\"https:\\\/\\\/secure.gravatar.com\\\/avatar\\\/707f3fadd6918afeb64173ab22d8a8cb0676953098a4f31ff36dc2b4c699ef6a?s=96&d=mm&r=g\",\"url\":\"https:\\\/\\\/secure.gravatar.com\\\/avatar\\\/707f3fadd6918afeb64173ab22d8a8cb0676953098a4f31ff36dc2b4c699ef6a?s=96&d=mm&r=g\",\"contentUrl\":\"https:\\\/\\\/secure.gravatar.com\\\/avatar\\\/707f3fadd6918afeb64173ab22d8a8cb0676953098a4f31ff36dc2b4c699ef6a?s=96&d=mm&r=g\",\"caption\":\"Assessoria de Imprensa ACE-Guarulhos\"},\"url\":\"https:\\\/\\\/www.aceguarulhos.com.br\\\/blog\\\/author\\\/assessoria-de-imprensa-ace-guarulhos\\\/\"}]}<\/script>\n<!-- \/ Yoast SEO plugin. -->","yoast_head_json":{"title":"Pra\u00e7a vira resid\u00eancia de moradores de rua - ACE-Guarulhos","robots":{"index":"index","follow":"follow","max-snippet":"max-snippet:-1","max-image-preview":"max-image-preview:large","max-video-preview":"max-video-preview:-1"},"canonical":"https:\/\/www.aceguarulhos.com.br\/blog\/pra\u00e7a-vira-resid\u00eancia-de-moradores-de-rua\/","og_locale":"pt_BR","og_type":"article","og_title":"Pra\u00e7a vira resid\u00eancia de moradores de rua - ACE-Guarulhos","og_description":"A pra\u00e7a, que fica no in\u00edcio da avenida Paulo Faccini, esquina com a Monteiro Lobato, virou dep\u00f3sito de lixo\u00a0Decio Pomp\u00eao Junior conversa com","og_url":"https:\/\/www.aceguarulhos.com.br\/blog\/pra\u00e7a-vira-resid\u00eancia-de-moradores-de-rua\/","og_site_name":"ACE-Guarulhos","article_publisher":"https:\/\/www.facebook.com\/aceguarulhos\/","article_published_time":"2006-08-03T23:32:21+00:00","author":"Assessoria de Imprensa ACE-Guarulhos","twitter_card":"summary_large_image","twitter_misc":{"Escrito por":"Assessoria de Imprensa ACE-Guarulhos","Est. tempo de leitura":"3 minutos"},"schema":{"@context":"https:\/\/schema.org","@graph":[{"@type":"Article","@id":"https:\/\/www.aceguarulhos.com.br\/blog\/pra%c3%a7a-vira-resid%c3%aancia-de-moradores-de-rua\/#article","isPartOf":{"@id":"https:\/\/www.aceguarulhos.com.br\/blog\/pra%c3%a7a-vira-resid%c3%aancia-de-moradores-de-rua\/"},"author":{"name":"Assessoria de Imprensa ACE-Guarulhos","@id":"https:\/\/www.aceguarulhos.com.br\/blog\/#\/schema\/person\/6983b51bad37489989e4f09698c26237"},"headline":"Pra\u00e7a vira resid\u00eancia de moradores de rua","datePublished":"2006-08-03T23:32:21+00:00","mainEntityOfPage":{"@id":"https:\/\/www.aceguarulhos.com.br\/blog\/pra%c3%a7a-vira-resid%c3%aancia-de-moradores-de-rua\/"},"wordCount":542,"commentCount":0,"publisher":{"@id":"https:\/\/www.aceguarulhos.com.br\/blog\/#organization"},"articleSection":["Not\u00edcias"],"inLanguage":"pt-BR"},{"@type":"WebPage","@id":"https:\/\/www.aceguarulhos.com.br\/blog\/pra%c3%a7a-vira-resid%c3%aancia-de-moradores-de-rua\/","url":"https:\/\/www.aceguarulhos.com.br\/blog\/pra%c3%a7a-vira-resid%c3%aancia-de-moradores-de-rua\/","name":"Pra\u00e7a vira resid\u00eancia de moradores de rua - ACE-Guarulhos","isPartOf":{"@id":"https:\/\/www.aceguarulhos.com.br\/blog\/#website"},"datePublished":"2006-08-03T23:32:21+00:00","breadcrumb":{"@id":"https:\/\/www.aceguarulhos.com.br\/blog\/pra%c3%a7a-vira-resid%c3%aancia-de-moradores-de-rua\/#breadcrumb"},"inLanguage":"pt-BR","potentialAction":[{"@type":"ReadAction","target":["https:\/\/www.aceguarulhos.com.br\/blog\/pra%c3%a7a-vira-resid%c3%aancia-de-moradores-de-rua\/"]}]},{"@type":"BreadcrumbList","@id":"https:\/\/www.aceguarulhos.com.br\/blog\/pra%c3%a7a-vira-resid%c3%aancia-de-moradores-de-rua\/#breadcrumb","itemListElement":[{"@type":"ListItem","position":1,"name":"In\u00edcio","item":"https:\/\/www.aceguarulhos.com.br\/blog\/"},{"@type":"ListItem","position":2,"name":"Pra\u00e7a vira resid\u00eancia de moradores de rua"}]},{"@type":"WebSite","@id":"https:\/\/www.aceguarulhos.com.br\/blog\/#website","url":"https:\/\/www.aceguarulhos.com.br\/blog\/","name":"ACE-Guarulhos","description":"A ACE-Guarulhos \u00e9 uma associa\u00e7\u00e3o que ap\u00f3ia os empres\u00e1rios guarulhenses atrav\u00e9s da representa\u00e7\u00e3o, da gera\u00e7\u00e3o de neg\u00f3cios e presta\u00e7\u00e3o de servi\u00e7os.","publisher":{"@id":"https:\/\/www.aceguarulhos.com.br\/blog\/#organization"},"potentialAction":[{"@type":"SearchAction","target":{"@type":"EntryPoint","urlTemplate":"https:\/\/www.aceguarulhos.com.br\/blog\/?s={search_term_string}"},"query-input":{"@type":"PropertyValueSpecification","valueRequired":true,"valueName":"search_term_string"}}],"inLanguage":"pt-BR"},{"@type":"Organization","@id":"https:\/\/www.aceguarulhos.com.br\/blog\/#organization","name":"ACE-Guarulhos","url":"https:\/\/www.aceguarulhos.com.br\/blog\/","logo":{"@type":"ImageObject","inLanguage":"pt-BR","@id":"https:\/\/www.aceguarulhos.com.br\/blog\/#\/schema\/logo\/image\/","url":"https:\/\/www.aceguarulhos.com.br\/blog\/wp-content\/uploads\/2017\/12\/logo-aceguarulhos-2018.png","contentUrl":"https:\/\/www.aceguarulhos.com.br\/blog\/wp-content\/uploads\/2017\/12\/logo-aceguarulhos-2018.png","width":419,"height":76,"caption":"ACE-Guarulhos"},"image":{"@id":"https:\/\/www.aceguarulhos.com.br\/blog\/#\/schema\/logo\/image\/"},"sameAs":["https:\/\/www.facebook.com\/aceguarulhos\/","https:\/\/br.linkedin.com\/in\/ace-guarulhos-b9a97093","https:\/\/www.youtube.com\/user\/aceguarulhos"]},{"@type":"Person","@id":"https:\/\/www.aceguarulhos.com.br\/blog\/#\/schema\/person\/6983b51bad37489989e4f09698c26237","name":"Assessoria de Imprensa ACE-Guarulhos","image":{"@type":"ImageObject","inLanguage":"pt-BR","@id":"https:\/\/secure.gravatar.com\/avatar\/707f3fadd6918afeb64173ab22d8a8cb0676953098a4f31ff36dc2b4c699ef6a?s=96&d=mm&r=g","url":"https:\/\/secure.gravatar.com\/avatar\/707f3fadd6918afeb64173ab22d8a8cb0676953098a4f31ff36dc2b4c699ef6a?s=96&d=mm&r=g","contentUrl":"https:\/\/secure.gravatar.com\/avatar\/707f3fadd6918afeb64173ab22d8a8cb0676953098a4f31ff36dc2b4c699ef6a?s=96&d=mm&r=g","caption":"Assessoria de Imprensa ACE-Guarulhos"},"url":"https:\/\/www.aceguarulhos.com.br\/blog\/author\/assessoria-de-imprensa-ace-guarulhos\/"}]}},"wps_subtitle":"","amp_enabled":true,"_links":{"self":[{"href":"https:\/\/www.aceguarulhos.com.br\/blog\/wp-json\/wp\/v2\/posts\/30390","targetHints":{"allow":["GET"]}}],"collection":[{"href":"https:\/\/www.aceguarulhos.com.br\/blog\/wp-json\/wp\/v2\/posts"}],"about":[{"href":"https:\/\/www.aceguarulhos.com.br\/blog\/wp-json\/wp\/v2\/types\/post"}],"author":[{"embeddable":true,"href":"https:\/\/www.aceguarulhos.com.br\/blog\/wp-json\/wp\/v2\/users\/8"}],"replies":[{"embeddable":true,"href":"https:\/\/www.aceguarulhos.com.br\/blog\/wp-json\/wp\/v2\/comments?post=30390"}],"version-history":[{"count":0,"href":"https:\/\/www.aceguarulhos.com.br\/blog\/wp-json\/wp\/v2\/posts\/30390\/revisions"}],"wp:attachment":[{"href":"https:\/\/www.aceguarulhos.com.br\/blog\/wp-json\/wp\/v2\/media?parent=30390"}],"wp:term":[{"taxonomy":"category","embeddable":true,"href":"https:\/\/www.aceguarulhos.com.br\/blog\/wp-json\/wp\/v2\/categories?post=30390"},{"taxonomy":"post_tag","embeddable":true,"href":"https:\/\/www.aceguarulhos.com.br\/blog\/wp-json\/wp\/v2\/tags?post=30390"}],"curies":[{"name":"wp","href":"https:\/\/api.w.org\/{rel}","templated":true}]}}