{"id":30352,"date":"2006-07-20T11:07:23","date_gmt":"2006-07-20T11:07:23","guid":{"rendered":"http:\/\/www.aceguarulhos.com.br\/blog\/?p=30352"},"modified":"-0001-11-30T00:00:00","modified_gmt":"-0001-11-30T03:00:00","slug":"guarulhos-sedia-evento-de-com%c3%a9rcio-exterior","status":"publish","type":"post","link":"https:\/\/www.aceguarulhos.com.br\/blog\/guarulhos-sedia-evento-de-com%c3%a9rcio-exterior\/","title":{"rendered":"Guarulhos sedia evento de com\u00e9rcio exterior"},"content":{"rendered":"<p><P><STRONG><EM>Sob a coordena\u00e7\u00e3o do departamento de Com\u00e9rcio Exterior da ACE-Guarulhos, a cidade receber\u00e1 evento que debater\u00e1 o segmento na regi\u00e3o do Alto do Tiet\u00ea<\/EM><\/STRONG><BR>\u00a0<BR>A cidade de Guarulhos ser\u00e1 sede de mais um grande evento de Com\u00e9rcio Exterior. Sob a realiza\u00e7\u00e3o da Federa\u00e7\u00e3o das Associa\u00e7\u00f5es Comerciais do Estado de S\u00e3o Paulo (Facesp), coordena\u00e7\u00e3o da Associa\u00e7\u00e3o Comercial e Empresarial de Guarulhos (ACE) e o apoio das Associa\u00e7\u00f5es Comerciais das cidades de Aruj\u00e1, Mogi das Cruzes, Guararema, Ferraz de Vasconcelos, Mairipor\u00e3, Santa Isabel, Po\u00e1, Suzano e Itaquaquecetuba, acontecer\u00e1 o evento &#8220;Exportar para crescer&#8221;, no dia 15 de agosto, a partir das 8h, no Open Hall Convention Center. O evento \u00e9 um marco no processo de mobiliza\u00e7\u00e3o de produtores da Regi\u00e3o de Guarulhos e do Alto Tiet\u00ea para sua maior inser\u00e7\u00e3o no com\u00e9rcio internacional, por meio do incremento nas exporta\u00e7\u00f5es.<BR>\u00a0<BR>O semin\u00e1rio vai divulgar as a\u00e7\u00f5es da Secretaria Estadual da Ci\u00eancia, Tecnologia e Desenvolvimento Econ\u00f4mico para o fomento do Com\u00e9rcio Exterior do Estado e apresentar\u00e1 os trabalhos do Projeto EXPORTA S\u00c3O PAULO, al\u00e9m de discutir as op\u00e7\u00f5es de racionaliza\u00e7\u00e3o da log\u00edstica e das opera\u00e7\u00f5es financeiras de exportadores de pequeno porte, que geralmente lidam com lotes de valores inferiores a US$ 10 mil por embarque.<BR>\u00a0<BR>Durante todo o dia do evento ir\u00e3o acontecer semin\u00e1rios abordando temas como: Panorama geral do com\u00e9rcio exterior brasileiro e paulista; Projetos Exporta S\u00e3o Paulo &#8211; objetivos e linhas de a\u00e7\u00e3o; Log\u00edsticas de exporta\u00e7\u00f5es e importa\u00e7\u00f5es e as opera\u00e7\u00f5es simplificadas; Mecanismos de financiamento de exporta\u00e7\u00f5es e Discuss\u00e3o de experi\u00eancias e neg\u00f3cios de exporta\u00e7\u00e3o.<\/P><P>O produtor paulista ter\u00e1 ainda a oportunidade de agendar encontros de neg\u00f3cios com prestadores de servi\u00e7os de com\u00e9rcio internacional. Para facilitar os encontros \u00e9 preciso preencher o &#8220;Perfil do Produtor Paulista&#8221;, cujo formul\u00e1rio se encontra dispon\u00edvel na Associa\u00e7\u00e3o Comercial de todas as cidades.<BR>\u00a0<BR>O evento contar\u00e1 tamb\u00e9m com despachos executivos, que tem como meta aproximar exportadores e produtores com potencial de vendas ao exterior com entidades, como o Instituto de Pesquisas Tecnol\u00f3gicas &#8211; IPT, gestor do Programa de Apoio Tecnol\u00f3gico \u00e0 Exporta\u00e7\u00e3o \u00e0 Empresa Exportadora &#8211; PROGEX; os Correios, que operam o Programa EXPORTA F\u00c1CIL; e a Seguradora Brasileira de Cr\u00e9dito \u00e0 Exporta\u00e7\u00e3o &#8211; SBCE.<BR>\u00a0<BR>Essa \u00e9 a grande oportunidade para todos os empreendedores, pequenos ou m\u00e9dios, de acessarem uma ferramenta r\u00e1pida e eficaz na internacionaliza\u00e7\u00e3o dos seus produtos, sem maiores inconvenientes causados pela falta de orienta\u00e7\u00e3o e capacita\u00e7\u00e3o dos mercados externos. Contudo \u00e9 preciso se apressar para realizar sua inscri\u00e7\u00e3o, atrav\u00e9s do site, <A href=\"http:\/\/www.exportarparacrescer.com.br\">www.exportarparacrescer.com.br<\/A> . Para associados da ACE-Guarulhos ser\u00e1 cobrado R$ 50,00 e para n\u00e3o associados R$ 70,00, com direito a dois Coffee Breaks, um brunch, material de apoio e certificado de participa\u00e7\u00e3o. <\/P><P>Mais informa\u00e7\u00f5es poder\u00e3o ser obtidas atrav\u00e9s do telefone (11) 2137-9324, no Departamento de Com\u00e9rcio Exterior da ACE-Guarulhos, com Daniela, ou pelo e-mail: <A href=\"mailto:comercioexterior@aceguarulhos.com.br\">comercioexterior@aceguarulhos.com.br<\/A> .<\/P><P><STRONG>Servi\u00e7o:<\/STRONG><\/P><P><STRONG><EM>&#8220;Exportar para crescer &#8211; Novos Caminhos para o mercado externo&#8221;<\/EM><\/STRONG><\/P><P><STRONG>Dia:<\/STRONG> 15 de agosto<BR><STRONG>Hor\u00e1rio:<\/STRONG> a partir das 8h<BR><STRONG>Local:<\/STRONG> Open Hall Convention Center<BR>Avenida Antonio de Souza, 715, Centro.<BR><\/P><\/p>\n","protected":false},"excerpt":{"rendered":"Sob a coordena\u00e7\u00e3o do departamento de Com\u00e9rcio Exterior da ACE-Guarulhos, a cidade receber\u00e1 evento que debater\u00e1 o segmento na regi\u00e3o do Alto do \n<a class=\"moretag\" href=\"https:\/\/www.aceguarulhos.com.br\/blog\/guarulhos-sedia-evento-de-com%c3%a9rcio-exterior\/\"> [...]<\/a>","protected":false},"author":8,"featured_media":0,"comment_status":"open","ping_status":"open","sticky":false,"template":"","format":"standard","meta":{"footnotes":""},"categories":[2],"tags":[],"class_list":["post-30352","post","type-post","status-publish","format-standard","hentry","category-noticias"],"yoast_head":"<!-- This site is optimized with the Yoast SEO plugin v28.1 - https:\/\/yoast.com\/product\/yoast-seo-wordpress\/ -->\n<title>Guarulhos sedia evento de com\u00e9rcio exterior - ACE-Guarulhos<\/title>\n<meta name=\"robots\" content=\"index, follow, max-snippet:-1, max-image-preview:large, max-video-preview:-1\" \/>\n<link rel=\"canonical\" href=\"https:\/\/www.aceguarulhos.com.br\/blog\/guarulhos-sedia-evento-de-com\u00e9rcio-exterior\/\" \/>\n<meta property=\"og:locale\" content=\"pt_BR\" \/>\n<meta property=\"og:type\" content=\"article\" \/>\n<meta property=\"og:title\" content=\"Guarulhos sedia evento de com\u00e9rcio exterior - ACE-Guarulhos\" \/>\n<meta property=\"og:description\" content=\"Sob a coordena\u00e7\u00e3o do departamento de Com\u00e9rcio Exterior da ACE-Guarulhos, a cidade receber\u00e1 evento que debater\u00e1 o segmento na regi\u00e3o do Alto do\" \/>\n<meta property=\"og:url\" content=\"https:\/\/www.aceguarulhos.com.br\/blog\/guarulhos-sedia-evento-de-com\u00e9rcio-exterior\/\" \/>\n<meta property=\"og:site_name\" content=\"ACE-Guarulhos\" \/>\n<meta property=\"article:publisher\" content=\"https:\/\/www.facebook.com\/aceguarulhos\/\" \/>\n<meta property=\"article:published_time\" content=\"2006-07-20T11:07:23+00:00\" \/>\n<meta name=\"author\" content=\"Assessoria de Imprensa ACE-Guarulhos\" \/>\n<meta name=\"twitter:card\" content=\"summary_large_image\" \/>\n<meta name=\"twitter:label1\" content=\"Escrito por\" \/>\n\t<meta name=\"twitter:data1\" content=\"Assessoria de Imprensa ACE-Guarulhos\" \/>\n\t<meta name=\"twitter:label2\" content=\"Est. tempo de leitura\" \/>\n\t<meta name=\"twitter:data2\" content=\"3 minutos\" \/>\n<script type=\"application\/ld+json\" class=\"yoast-schema-graph\">{\"@context\":\"https:\\\/\\\/schema.org\",\"@graph\":[{\"@type\":\"Article\",\"@id\":\"https:\\\/\\\/www.aceguarulhos.com.br\\\/blog\\\/guarulhos-sedia-evento-de-com%c3%a9rcio-exterior\\\/#article\",\"isPartOf\":{\"@id\":\"https:\\\/\\\/www.aceguarulhos.com.br\\\/blog\\\/guarulhos-sedia-evento-de-com%c3%a9rcio-exterior\\\/\"},\"author\":{\"name\":\"Assessoria de Imprensa ACE-Guarulhos\",\"@id\":\"https:\\\/\\\/www.aceguarulhos.com.br\\\/blog\\\/#\\\/schema\\\/person\\\/6983b51bad37489989e4f09698c26237\"},\"headline\":\"Guarulhos sedia evento de com\u00e9rcio exterior\",\"datePublished\":\"2006-07-20T11:07:23+00:00\",\"mainEntityOfPage\":{\"@id\":\"https:\\\/\\\/www.aceguarulhos.com.br\\\/blog\\\/guarulhos-sedia-evento-de-com%c3%a9rcio-exterior\\\/\"},\"wordCount\":558,\"commentCount\":0,\"publisher\":{\"@id\":\"https:\\\/\\\/www.aceguarulhos.com.br\\\/blog\\\/#organization\"},\"articleSection\":[\"Not\u00edcias\"],\"inLanguage\":\"pt-BR\"},{\"@type\":\"WebPage\",\"@id\":\"https:\\\/\\\/www.aceguarulhos.com.br\\\/blog\\\/guarulhos-sedia-evento-de-com%c3%a9rcio-exterior\\\/\",\"url\":\"https:\\\/\\\/www.aceguarulhos.com.br\\\/blog\\\/guarulhos-sedia-evento-de-com%c3%a9rcio-exterior\\\/\",\"name\":\"Guarulhos sedia evento de com\u00e9rcio exterior - ACE-Guarulhos\",\"isPartOf\":{\"@id\":\"https:\\\/\\\/www.aceguarulhos.com.br\\\/blog\\\/#website\"},\"datePublished\":\"2006-07-20T11:07:23+00:00\",\"breadcrumb\":{\"@id\":\"https:\\\/\\\/www.aceguarulhos.com.br\\\/blog\\\/guarulhos-sedia-evento-de-com%c3%a9rcio-exterior\\\/#breadcrumb\"},\"inLanguage\":\"pt-BR\",\"potentialAction\":[{\"@type\":\"ReadAction\",\"target\":[\"https:\\\/\\\/www.aceguarulhos.com.br\\\/blog\\\/guarulhos-sedia-evento-de-com%c3%a9rcio-exterior\\\/\"]}]},{\"@type\":\"BreadcrumbList\",\"@id\":\"https:\\\/\\\/www.aceguarulhos.com.br\\\/blog\\\/guarulhos-sedia-evento-de-com%c3%a9rcio-exterior\\\/#breadcrumb\",\"itemListElement\":[{\"@type\":\"ListItem\",\"position\":1,\"name\":\"In\u00edcio\",\"item\":\"https:\\\/\\\/www.aceguarulhos.com.br\\\/blog\\\/\"},{\"@type\":\"ListItem\",\"position\":2,\"name\":\"Guarulhos sedia evento de com\u00e9rcio exterior\"}]},{\"@type\":\"WebSite\",\"@id\":\"https:\\\/\\\/www.aceguarulhos.com.br\\\/blog\\\/#website\",\"url\":\"https:\\\/\\\/www.aceguarulhos.com.br\\\/blog\\\/\",\"name\":\"ACE-Guarulhos\",\"description\":\"A ACE-Guarulhos \u00e9 uma associa\u00e7\u00e3o que ap\u00f3ia os empres\u00e1rios guarulhenses atrav\u00e9s da representa\u00e7\u00e3o, da gera\u00e7\u00e3o de neg\u00f3cios e presta\u00e7\u00e3o de servi\u00e7os.\",\"publisher\":{\"@id\":\"https:\\\/\\\/www.aceguarulhos.com.br\\\/blog\\\/#organization\"},\"potentialAction\":[{\"@type\":\"SearchAction\",\"target\":{\"@type\":\"EntryPoint\",\"urlTemplate\":\"https:\\\/\\\/www.aceguarulhos.com.br\\\/blog\\\/?s={search_term_string}\"},\"query-input\":{\"@type\":\"PropertyValueSpecification\",\"valueRequired\":true,\"valueName\":\"search_term_string\"}}],\"inLanguage\":\"pt-BR\"},{\"@type\":\"Organization\",\"@id\":\"https:\\\/\\\/www.aceguarulhos.com.br\\\/blog\\\/#organization\",\"name\":\"ACE-Guarulhos\",\"url\":\"https:\\\/\\\/www.aceguarulhos.com.br\\\/blog\\\/\",\"logo\":{\"@type\":\"ImageObject\",\"inLanguage\":\"pt-BR\",\"@id\":\"https:\\\/\\\/www.aceguarulhos.com.br\\\/blog\\\/#\\\/schema\\\/logo\\\/image\\\/\",\"url\":\"https:\\\/\\\/www.aceguarulhos.com.br\\\/blog\\\/wp-content\\\/uploads\\\/2017\\\/12\\\/logo-aceguarulhos-2018.png\",\"contentUrl\":\"https:\\\/\\\/www.aceguarulhos.com.br\\\/blog\\\/wp-content\\\/uploads\\\/2017\\\/12\\\/logo-aceguarulhos-2018.png\",\"width\":419,\"height\":76,\"caption\":\"ACE-Guarulhos\"},\"image\":{\"@id\":\"https:\\\/\\\/www.aceguarulhos.com.br\\\/blog\\\/#\\\/schema\\\/logo\\\/image\\\/\"},\"sameAs\":[\"https:\\\/\\\/www.facebook.com\\\/aceguarulhos\\\/\",\"https:\\\/\\\/br.linkedin.com\\\/in\\\/ace-guarulhos-b9a97093\",\"https:\\\/\\\/www.youtube.com\\\/user\\\/aceguarulhos\"]},{\"@type\":\"Person\",\"@id\":\"https:\\\/\\\/www.aceguarulhos.com.br\\\/blog\\\/#\\\/schema\\\/person\\\/6983b51bad37489989e4f09698c26237\",\"name\":\"Assessoria de Imprensa ACE-Guarulhos\",\"image\":{\"@type\":\"ImageObject\",\"inLanguage\":\"pt-BR\",\"@id\":\"https:\\\/\\\/secure.gravatar.com\\\/avatar\\\/707f3fadd6918afeb64173ab22d8a8cb0676953098a4f31ff36dc2b4c699ef6a?s=96&d=mm&r=g\",\"url\":\"https:\\\/\\\/secure.gravatar.com\\\/avatar\\\/707f3fadd6918afeb64173ab22d8a8cb0676953098a4f31ff36dc2b4c699ef6a?s=96&d=mm&r=g\",\"contentUrl\":\"https:\\\/\\\/secure.gravatar.com\\\/avatar\\\/707f3fadd6918afeb64173ab22d8a8cb0676953098a4f31ff36dc2b4c699ef6a?s=96&d=mm&r=g\",\"caption\":\"Assessoria de Imprensa ACE-Guarulhos\"},\"url\":\"https:\\\/\\\/www.aceguarulhos.com.br\\\/blog\\\/author\\\/assessoria-de-imprensa-ace-guarulhos\\\/\"}]}<\/script>\n<!-- \/ Yoast SEO plugin. -->","yoast_head_json":{"title":"Guarulhos sedia evento de com\u00e9rcio exterior - ACE-Guarulhos","robots":{"index":"index","follow":"follow","max-snippet":"max-snippet:-1","max-image-preview":"max-image-preview:large","max-video-preview":"max-video-preview:-1"},"canonical":"https:\/\/www.aceguarulhos.com.br\/blog\/guarulhos-sedia-evento-de-com\u00e9rcio-exterior\/","og_locale":"pt_BR","og_type":"article","og_title":"Guarulhos sedia evento de com\u00e9rcio exterior - ACE-Guarulhos","og_description":"Sob a coordena\u00e7\u00e3o do departamento de Com\u00e9rcio Exterior da ACE-Guarulhos, a cidade receber\u00e1 evento que debater\u00e1 o segmento na regi\u00e3o do Alto do","og_url":"https:\/\/www.aceguarulhos.com.br\/blog\/guarulhos-sedia-evento-de-com\u00e9rcio-exterior\/","og_site_name":"ACE-Guarulhos","article_publisher":"https:\/\/www.facebook.com\/aceguarulhos\/","article_published_time":"2006-07-20T11:07:23+00:00","author":"Assessoria de Imprensa ACE-Guarulhos","twitter_card":"summary_large_image","twitter_misc":{"Escrito por":"Assessoria de Imprensa ACE-Guarulhos","Est. tempo de leitura":"3 minutos"},"schema":{"@context":"https:\/\/schema.org","@graph":[{"@type":"Article","@id":"https:\/\/www.aceguarulhos.com.br\/blog\/guarulhos-sedia-evento-de-com%c3%a9rcio-exterior\/#article","isPartOf":{"@id":"https:\/\/www.aceguarulhos.com.br\/blog\/guarulhos-sedia-evento-de-com%c3%a9rcio-exterior\/"},"author":{"name":"Assessoria de Imprensa ACE-Guarulhos","@id":"https:\/\/www.aceguarulhos.com.br\/blog\/#\/schema\/person\/6983b51bad37489989e4f09698c26237"},"headline":"Guarulhos sedia evento de com\u00e9rcio exterior","datePublished":"2006-07-20T11:07:23+00:00","mainEntityOfPage":{"@id":"https:\/\/www.aceguarulhos.com.br\/blog\/guarulhos-sedia-evento-de-com%c3%a9rcio-exterior\/"},"wordCount":558,"commentCount":0,"publisher":{"@id":"https:\/\/www.aceguarulhos.com.br\/blog\/#organization"},"articleSection":["Not\u00edcias"],"inLanguage":"pt-BR"},{"@type":"WebPage","@id":"https:\/\/www.aceguarulhos.com.br\/blog\/guarulhos-sedia-evento-de-com%c3%a9rcio-exterior\/","url":"https:\/\/www.aceguarulhos.com.br\/blog\/guarulhos-sedia-evento-de-com%c3%a9rcio-exterior\/","name":"Guarulhos sedia evento de com\u00e9rcio exterior - ACE-Guarulhos","isPartOf":{"@id":"https:\/\/www.aceguarulhos.com.br\/blog\/#website"},"datePublished":"2006-07-20T11:07:23+00:00","breadcrumb":{"@id":"https:\/\/www.aceguarulhos.com.br\/blog\/guarulhos-sedia-evento-de-com%c3%a9rcio-exterior\/#breadcrumb"},"inLanguage":"pt-BR","potentialAction":[{"@type":"ReadAction","target":["https:\/\/www.aceguarulhos.com.br\/blog\/guarulhos-sedia-evento-de-com%c3%a9rcio-exterior\/"]}]},{"@type":"BreadcrumbList","@id":"https:\/\/www.aceguarulhos.com.br\/blog\/guarulhos-sedia-evento-de-com%c3%a9rcio-exterior\/#breadcrumb","itemListElement":[{"@type":"ListItem","position":1,"name":"In\u00edcio","item":"https:\/\/www.aceguarulhos.com.br\/blog\/"},{"@type":"ListItem","position":2,"name":"Guarulhos sedia evento de com\u00e9rcio exterior"}]},{"@type":"WebSite","@id":"https:\/\/www.aceguarulhos.com.br\/blog\/#website","url":"https:\/\/www.aceguarulhos.com.br\/blog\/","name":"ACE-Guarulhos","description":"A ACE-Guarulhos \u00e9 uma associa\u00e7\u00e3o que ap\u00f3ia os empres\u00e1rios guarulhenses atrav\u00e9s da representa\u00e7\u00e3o, da gera\u00e7\u00e3o de neg\u00f3cios e presta\u00e7\u00e3o de servi\u00e7os.","publisher":{"@id":"https:\/\/www.aceguarulhos.com.br\/blog\/#organization"},"potentialAction":[{"@type":"SearchAction","target":{"@type":"EntryPoint","urlTemplate":"https:\/\/www.aceguarulhos.com.br\/blog\/?s={search_term_string}"},"query-input":{"@type":"PropertyValueSpecification","valueRequired":true,"valueName":"search_term_string"}}],"inLanguage":"pt-BR"},{"@type":"Organization","@id":"https:\/\/www.aceguarulhos.com.br\/blog\/#organization","name":"ACE-Guarulhos","url":"https:\/\/www.aceguarulhos.com.br\/blog\/","logo":{"@type":"ImageObject","inLanguage":"pt-BR","@id":"https:\/\/www.aceguarulhos.com.br\/blog\/#\/schema\/logo\/image\/","url":"https:\/\/www.aceguarulhos.com.br\/blog\/wp-content\/uploads\/2017\/12\/logo-aceguarulhos-2018.png","contentUrl":"https:\/\/www.aceguarulhos.com.br\/blog\/wp-content\/uploads\/2017\/12\/logo-aceguarulhos-2018.png","width":419,"height":76,"caption":"ACE-Guarulhos"},"image":{"@id":"https:\/\/www.aceguarulhos.com.br\/blog\/#\/schema\/logo\/image\/"},"sameAs":["https:\/\/www.facebook.com\/aceguarulhos\/","https:\/\/br.linkedin.com\/in\/ace-guarulhos-b9a97093","https:\/\/www.youtube.com\/user\/aceguarulhos"]},{"@type":"Person","@id":"https:\/\/www.aceguarulhos.com.br\/blog\/#\/schema\/person\/6983b51bad37489989e4f09698c26237","name":"Assessoria de Imprensa ACE-Guarulhos","image":{"@type":"ImageObject","inLanguage":"pt-BR","@id":"https:\/\/secure.gravatar.com\/avatar\/707f3fadd6918afeb64173ab22d8a8cb0676953098a4f31ff36dc2b4c699ef6a?s=96&d=mm&r=g","url":"https:\/\/secure.gravatar.com\/avatar\/707f3fadd6918afeb64173ab22d8a8cb0676953098a4f31ff36dc2b4c699ef6a?s=96&d=mm&r=g","contentUrl":"https:\/\/secure.gravatar.com\/avatar\/707f3fadd6918afeb64173ab22d8a8cb0676953098a4f31ff36dc2b4c699ef6a?s=96&d=mm&r=g","caption":"Assessoria de Imprensa ACE-Guarulhos"},"url":"https:\/\/www.aceguarulhos.com.br\/blog\/author\/assessoria-de-imprensa-ace-guarulhos\/"}]}},"wps_subtitle":"","amp_enabled":true,"_links":{"self":[{"href":"https:\/\/www.aceguarulhos.com.br\/blog\/wp-json\/wp\/v2\/posts\/30352","targetHints":{"allow":["GET"]}}],"collection":[{"href":"https:\/\/www.aceguarulhos.com.br\/blog\/wp-json\/wp\/v2\/posts"}],"about":[{"href":"https:\/\/www.aceguarulhos.com.br\/blog\/wp-json\/wp\/v2\/types\/post"}],"author":[{"embeddable":true,"href":"https:\/\/www.aceguarulhos.com.br\/blog\/wp-json\/wp\/v2\/users\/8"}],"replies":[{"embeddable":true,"href":"https:\/\/www.aceguarulhos.com.br\/blog\/wp-json\/wp\/v2\/comments?post=30352"}],"version-history":[{"count":0,"href":"https:\/\/www.aceguarulhos.com.br\/blog\/wp-json\/wp\/v2\/posts\/30352\/revisions"}],"wp:attachment":[{"href":"https:\/\/www.aceguarulhos.com.br\/blog\/wp-json\/wp\/v2\/media?parent=30352"}],"wp:term":[{"taxonomy":"category","embeddable":true,"href":"https:\/\/www.aceguarulhos.com.br\/blog\/wp-json\/wp\/v2\/categories?post=30352"},{"taxonomy":"post_tag","embeddable":true,"href":"https:\/\/www.aceguarulhos.com.br\/blog\/wp-json\/wp\/v2\/tags?post=30352"}],"curies":[{"name":"wp","href":"https:\/\/api.w.org\/{rel}","templated":true}]}}